{"id":2048,"date":"2012-08-05T10:00:34","date_gmt":"2012-08-05T10:00:34","guid":{"rendered":"http:\/\/desireemartinphoto.com\/blog\/?p=2048"},"modified":"2012-08-05T10:00:34","modified_gmt":"2012-08-05T10:00:34","slug":"una-larga-noche-en-las-cumbres-de-mazo","status":"publish","type":"post","link":"http:\/\/desireemartinphoto.com\/blog\/una-larga-noche-en-las-cumbres-de-mazo\/","title":{"rendered":"Una larga noche en las cumbres de Mazo"},"content":{"rendered":"<p>&nbsp;<\/p>\n<p>Envi\u00e9 las primeras im\u00e1genes y me decid\u00ed a subir a la cumbre por caminos secundarios y rodaderas. Los accesos principales estaban cortados..<\/p>\n<p>&nbsp;<\/p>\n<p><img data-attachment-id=\"2049\" data-permalink=\"http:\/\/desireemartinphoto.com\/blog\/una-larga-noche-en-las-cumbres-de-mazo\/incendio-la-palma-0508-2012-01\/\" data-orig-file=\"http:\/\/desireemartinphoto.com\/blog\/wp-content\/uploads\/2012\/08\/Incendio-La-Palma-0508-2012-01.jpg\" data-orig-size=\"550,351\" data-comments-opened=\"1\" data-image-meta=\"{&quot;aperture&quot;:&quot;2.8&quot;,&quot;credit&quot;:&quot;&quot;,&quot;camera&quot;:&quot;Canon EOS 5D Mark II&quot;,&quot;caption&quot;:&quot;&quot;,&quot;created_timestamp&quot;:&quot;1344112486&quot;,&quot;copyright&quot;:&quot;&quot;,&quot;focal_length&quot;:&quot;35&quot;,&quot;iso&quot;:&quot;2500&quot;,&quot;shutter_speed&quot;:&quot;0.125&quot;,&quot;title&quot;:&quot;&quot;}\" data-image-title=\"I\" data-image-description=\"\" data-medium-file=\"http:\/\/desireemartinphoto.com\/blog\/wp-content\/uploads\/2012\/08\/Incendio-La-Palma-0508-2012-01-300x191.jpg\" data-large-file=\"http:\/\/desireemartinphoto.com\/blog\/wp-content\/uploads\/2012\/08\/Incendio-La-Palma-0508-2012-01.jpg\" loading=\"lazy\" class=\"alignnone size-full wp-image-2049\" title=\"I\" src=\"http:\/\/desireemartinphoto.com\/blog\/wp-content\/uploads\/2012\/08\/Incendio-La-Palma-0508-2012-01.jpg\" alt=\"\" width=\"550\" height=\"351\" srcset=\"http:\/\/desireemartinphoto.com\/blog\/wp-content\/uploads\/2012\/08\/Incendio-La-Palma-0508-2012-01.jpg 550w, http:\/\/desireemartinphoto.com\/blog\/wp-content\/uploads\/2012\/08\/Incendio-La-Palma-0508-2012-01-300x191.jpg 300w\" sizes=\"(max-width: 550px) 100vw, 550px\" \/><\/p>\n<p>&nbsp;<\/p>\n<p>Tras un ascenso que creo no fue de largo recorrido pero que se me hizo eterno, me encontr\u00e9 envuelta en un crepitar de llamas ..todo tras un cambio de menos de 20 minutos..<\/p>\n<p>&nbsp;<\/p>\n<p><img data-attachment-id=\"2050\" data-permalink=\"http:\/\/desireemartinphoto.com\/blog\/una-larga-noche-en-las-cumbres-de-mazo\/incendio-la-palma-0508-2012-02\/\" data-orig-file=\"http:\/\/desireemartinphoto.com\/blog\/wp-content\/uploads\/2012\/08\/Incendio-La-Palma-0508-2012-02.jpg\" data-orig-size=\"550,341\" data-comments-opened=\"1\" data-image-meta=\"{&quot;aperture&quot;:&quot;2.8&quot;,&quot;credit&quot;:&quot;&quot;,&quot;camera&quot;:&quot;Canon EOS 5D Mark II&quot;,&quot;caption&quot;:&quot;&quot;,&quot;created_timestamp&quot;:&quot;1344115876&quot;,&quot;copyright&quot;:&quot;&quot;,&quot;focal_length&quot;:&quot;25&quot;,&quot;iso&quot;:&quot;2500&quot;,&quot;shutter_speed&quot;:&quot;0.6&quot;,&quot;title&quot;:&quot;&quot;}\" data-image-title=\"Incendio-La-Palma-0508-2012-02\" data-image-description=\"\" data-medium-file=\"http:\/\/desireemartinphoto.com\/blog\/wp-content\/uploads\/2012\/08\/Incendio-La-Palma-0508-2012-02-300x186.jpg\" data-large-file=\"http:\/\/desireemartinphoto.com\/blog\/wp-content\/uploads\/2012\/08\/Incendio-La-Palma-0508-2012-02.jpg\" loading=\"lazy\" class=\"alignnone size-full wp-image-2050\" src=\"http:\/\/desireemartinphoto.com\/blog\/wp-content\/uploads\/2012\/08\/Incendio-La-Palma-0508-2012-02.jpg\" alt=\"\" width=\"550\" height=\"341\" srcset=\"http:\/\/desireemartinphoto.com\/blog\/wp-content\/uploads\/2012\/08\/Incendio-La-Palma-0508-2012-02.jpg 550w, http:\/\/desireemartinphoto.com\/blog\/wp-content\/uploads\/2012\/08\/Incendio-La-Palma-0508-2012-02-300x186.jpg 300w\" sizes=\"(max-width: 550px) 100vw, 550px\" \/><\/p>\n<p>&nbsp;<\/p>\n<p>Unos vecinos soltaban las mangueras con las que refrescaban sus casas y se rend\u00edan a ser trasladados a la zona habilitada para los evacuados..<\/p>\n<p>&nbsp;<\/p>\n<p><img data-attachment-id=\"2051\" data-permalink=\"http:\/\/desireemartinphoto.com\/blog\/una-larga-noche-en-las-cumbres-de-mazo\/incendio-la-palma-0508-2012-03\/\" data-orig-file=\"http:\/\/desireemartinphoto.com\/blog\/wp-content\/uploads\/2012\/08\/Incendio-La-Palma-0508-2012-03.jpg\" data-orig-size=\"550,359\" data-comments-opened=\"1\" data-image-meta=\"{&quot;aperture&quot;:&quot;4&quot;,&quot;credit&quot;:&quot;&quot;,&quot;camera&quot;:&quot;Canon EOS 5D Mark II&quot;,&quot;caption&quot;:&quot;&quot;,&quot;created_timestamp&quot;:&quot;1344123392&quot;,&quot;copyright&quot;:&quot;&quot;,&quot;focal_length&quot;:&quot;16&quot;,&quot;iso&quot;:&quot;2500&quot;,&quot;shutter_speed&quot;:&quot;0.033333333333333&quot;,&quot;title&quot;:&quot;&quot;}\" data-image-title=\"Incendio-La-Palma-0508-2012-03\" data-image-description=\"\" data-medium-file=\"http:\/\/desireemartinphoto.com\/blog\/wp-content\/uploads\/2012\/08\/Incendio-La-Palma-0508-2012-03-300x195.jpg\" data-large-file=\"http:\/\/desireemartinphoto.com\/blog\/wp-content\/uploads\/2012\/08\/Incendio-La-Palma-0508-2012-03.jpg\" loading=\"lazy\" class=\"alignnone size-full wp-image-2051\" src=\"http:\/\/desireemartinphoto.com\/blog\/wp-content\/uploads\/2012\/08\/Incendio-La-Palma-0508-2012-03.jpg\" alt=\"\" width=\"550\" height=\"359\" srcset=\"http:\/\/desireemartinphoto.com\/blog\/wp-content\/uploads\/2012\/08\/Incendio-La-Palma-0508-2012-03.jpg 550w, http:\/\/desireemartinphoto.com\/blog\/wp-content\/uploads\/2012\/08\/Incendio-La-Palma-0508-2012-03-300x195.jpg 300w\" sizes=\"(max-width: 550px) 100vw, 550px\" \/><\/p>\n<p>&nbsp;<\/p>\n<p><img data-attachment-id=\"2055\" data-permalink=\"http:\/\/desireemartinphoto.com\/blog\/una-larga-noche-en-las-cumbres-de-mazo\/incendio-la-palma-0508-2012-05\/\" data-orig-file=\"http:\/\/desireemartinphoto.com\/blog\/wp-content\/uploads\/2012\/08\/Incendio-La-Palma-0508-2012-05.jpg\" data-orig-size=\"550,367\" data-comments-opened=\"1\" data-image-meta=\"{&quot;aperture&quot;:&quot;5&quot;,&quot;credit&quot;:&quot;&quot;,&quot;camera&quot;:&quot;Canon EOS 5D Mark II&quot;,&quot;caption&quot;:&quot;&quot;,&quot;created_timestamp&quot;:&quot;1344116163&quot;,&quot;copyright&quot;:&quot;&quot;,&quot;focal_length&quot;:&quot;35&quot;,&quot;iso&quot;:&quot;2500&quot;,&quot;shutter_speed&quot;:&quot;0.3&quot;,&quot;title&quot;:&quot;&quot;}\" data-image-title=\"Incendio-La-Palma-0508-2012-05\" data-image-description=\"\" data-medium-file=\"http:\/\/desireemartinphoto.com\/blog\/wp-content\/uploads\/2012\/08\/Incendio-La-Palma-0508-2012-05-300x200.jpg\" data-large-file=\"http:\/\/desireemartinphoto.com\/blog\/wp-content\/uploads\/2012\/08\/Incendio-La-Palma-0508-2012-05.jpg\" loading=\"lazy\" class=\"alignnone size-full wp-image-2055\" src=\"http:\/\/desireemartinphoto.com\/blog\/wp-content\/uploads\/2012\/08\/Incendio-La-Palma-0508-2012-05.jpg\" alt=\"\" width=\"550\" height=\"367\" srcset=\"http:\/\/desireemartinphoto.com\/blog\/wp-content\/uploads\/2012\/08\/Incendio-La-Palma-0508-2012-05.jpg 550w, http:\/\/desireemartinphoto.com\/blog\/wp-content\/uploads\/2012\/08\/Incendio-La-Palma-0508-2012-05-300x200.jpg 300w\" sizes=\"(max-width: 550px) 100vw, 550px\" \/><\/p>\n<p>&nbsp;<\/p>\n<p><img data-attachment-id=\"2052\" data-permalink=\"http:\/\/desireemartinphoto.com\/blog\/una-larga-noche-en-las-cumbres-de-mazo\/incendio-la-palma-0508-2012-04\/\" data-orig-file=\"http:\/\/desireemartinphoto.com\/blog\/wp-content\/uploads\/2012\/08\/Incendio-La-Palma-0508-2012-04.jpg\" data-orig-size=\"550,357\" data-comments-opened=\"1\" data-image-meta=\"{&quot;aperture&quot;:&quot;2.8&quot;,&quot;credit&quot;:&quot;&quot;,&quot;camera&quot;:&quot;Canon EOS 5D Mark II&quot;,&quot;caption&quot;:&quot;&quot;,&quot;created_timestamp&quot;:&quot;1344114857&quot;,&quot;copyright&quot;:&quot;&quot;,&quot;focal_length&quot;:&quot;16&quot;,&quot;iso&quot;:&quot;2500&quot;,&quot;shutter_speed&quot;:&quot;0.2&quot;,&quot;title&quot;:&quot;&quot;}\" data-image-title=\"Incendio-La-Palma-0508-2012-04\" data-image-description=\"\" data-medium-file=\"http:\/\/desireemartinphoto.com\/blog\/wp-content\/uploads\/2012\/08\/Incendio-La-Palma-0508-2012-04-300x194.jpg\" data-large-file=\"http:\/\/desireemartinphoto.com\/blog\/wp-content\/uploads\/2012\/08\/Incendio-La-Palma-0508-2012-04.jpg\" loading=\"lazy\" class=\"alignnone size-full wp-image-2052\" src=\"http:\/\/desireemartinphoto.com\/blog\/wp-content\/uploads\/2012\/08\/Incendio-La-Palma-0508-2012-04.jpg\" alt=\"\" width=\"550\" height=\"357\" srcset=\"http:\/\/desireemartinphoto.com\/blog\/wp-content\/uploads\/2012\/08\/Incendio-La-Palma-0508-2012-04.jpg 550w, http:\/\/desireemartinphoto.com\/blog\/wp-content\/uploads\/2012\/08\/Incendio-La-Palma-0508-2012-04-300x194.jpg 300w\" sizes=\"(max-width: 550px) 100vw, 550px\" \/><\/p>\n<p>&nbsp;<\/p>\n<p><img data-attachment-id=\"2053\" data-permalink=\"http:\/\/desireemartinphoto.com\/blog\/una-larga-noche-en-las-cumbres-de-mazo\/incendio-la-palma-0508-2012-06\/\" data-orig-file=\"http:\/\/desireemartinphoto.com\/blog\/wp-content\/uploads\/2012\/08\/Incendio-La-Palma-0508-2012-06.jpg\" data-orig-size=\"550,367\" data-comments-opened=\"1\" data-image-meta=\"{&quot;aperture&quot;:&quot;2.8&quot;,&quot;credit&quot;:&quot;&quot;,&quot;camera&quot;:&quot;Canon EOS 5D Mark II&quot;,&quot;caption&quot;:&quot;&quot;,&quot;created_timestamp&quot;:&quot;1344115750&quot;,&quot;copyright&quot;:&quot;&quot;,&quot;focal_length&quot;:&quot;35&quot;,&quot;iso&quot;:&quot;2500&quot;,&quot;shutter_speed&quot;:&quot;0.033333333333333&quot;,&quot;title&quot;:&quot;&quot;}\" data-image-title=\"Incendio-La-Palma-0508-2012-06\" data-image-description=\"\" data-medium-file=\"http:\/\/desireemartinphoto.com\/blog\/wp-content\/uploads\/2012\/08\/Incendio-La-Palma-0508-2012-06-300x200.jpg\" data-large-file=\"http:\/\/desireemartinphoto.com\/blog\/wp-content\/uploads\/2012\/08\/Incendio-La-Palma-0508-2012-06.jpg\" loading=\"lazy\" class=\"alignnone size-full wp-image-2053\" src=\"http:\/\/desireemartinphoto.com\/blog\/wp-content\/uploads\/2012\/08\/Incendio-La-Palma-0508-2012-06.jpg\" alt=\"\" width=\"550\" height=\"367\" srcset=\"http:\/\/desireemartinphoto.com\/blog\/wp-content\/uploads\/2012\/08\/Incendio-La-Palma-0508-2012-06.jpg 550w, http:\/\/desireemartinphoto.com\/blog\/wp-content\/uploads\/2012\/08\/Incendio-La-Palma-0508-2012-06-300x200.jpg 300w\" sizes=\"(max-width: 550px) 100vw, 550px\" \/><\/p>\n<p>&nbsp;<\/p>\n<p>Otros, m\u00e1s j\u00f3venes, se aferraban a sus tierras&#8230;<\/p>\n<p>&nbsp;<\/p>\n<p><img data-attachment-id=\"2054\" data-permalink=\"http:\/\/desireemartinphoto.com\/blog\/una-larga-noche-en-las-cumbres-de-mazo\/incendio-la-palma-0508-2012-07\/\" data-orig-file=\"http:\/\/desireemartinphoto.com\/blog\/wp-content\/uploads\/2012\/08\/Incendio-La-Palma-0508-2012-07.jpg\" data-orig-size=\"550,351\" data-comments-opened=\"1\" data-image-meta=\"{&quot;aperture&quot;:&quot;2.8&quot;,&quot;credit&quot;:&quot;&quot;,&quot;camera&quot;:&quot;Canon EOS 5D Mark II&quot;,&quot;caption&quot;:&quot;&quot;,&quot;created_timestamp&quot;:&quot;1344116105&quot;,&quot;copyright&quot;:&quot;&quot;,&quot;focal_length&quot;:&quot;16&quot;,&quot;iso&quot;:&quot;2500&quot;,&quot;shutter_speed&quot;:&quot;0.2&quot;,&quot;title&quot;:&quot;&quot;}\" data-image-title=\"Incendio-La-Palma-0508-2012-07\" data-image-description=\"\" data-medium-file=\"http:\/\/desireemartinphoto.com\/blog\/wp-content\/uploads\/2012\/08\/Incendio-La-Palma-0508-2012-07-300x191.jpg\" data-large-file=\"http:\/\/desireemartinphoto.com\/blog\/wp-content\/uploads\/2012\/08\/Incendio-La-Palma-0508-2012-07.jpg\" loading=\"lazy\" class=\"alignnone size-full wp-image-2054\" src=\"http:\/\/desireemartinphoto.com\/blog\/wp-content\/uploads\/2012\/08\/Incendio-La-Palma-0508-2012-07.jpg\" alt=\"\" width=\"550\" height=\"351\" srcset=\"http:\/\/desireemartinphoto.com\/blog\/wp-content\/uploads\/2012\/08\/Incendio-La-Palma-0508-2012-07.jpg 550w, http:\/\/desireemartinphoto.com\/blog\/wp-content\/uploads\/2012\/08\/Incendio-La-Palma-0508-2012-07-300x191.jpg 300w\" sizes=\"(max-width: 550px) 100vw, 550px\" \/><\/p>\n<p>&nbsp;<\/p>\n<p><img data-attachment-id=\"2056\" data-permalink=\"http:\/\/desireemartinphoto.com\/blog\/una-larga-noche-en-las-cumbres-de-mazo\/incendio-la-palma-0508-2012-08\/\" data-orig-file=\"http:\/\/desireemartinphoto.com\/blog\/wp-content\/uploads\/2012\/08\/Incendio-La-Palma-0508-2012-08.jpg\" data-orig-size=\"550,311\" data-comments-opened=\"1\" data-image-meta=\"{&quot;aperture&quot;:&quot;2.8&quot;,&quot;credit&quot;:&quot;&quot;,&quot;camera&quot;:&quot;Canon EOS 5D Mark II&quot;,&quot;caption&quot;:&quot;&quot;,&quot;created_timestamp&quot;:&quot;1344113588&quot;,&quot;copyright&quot;:&quot;&quot;,&quot;focal_length&quot;:&quot;16&quot;,&quot;iso&quot;:&quot;2500&quot;,&quot;shutter_speed&quot;:&quot;0.3&quot;,&quot;title&quot;:&quot;&quot;}\" data-image-title=\"Incendio-La-Palma-0508-2012-08\" data-image-description=\"\" data-medium-file=\"http:\/\/desireemartinphoto.com\/blog\/wp-content\/uploads\/2012\/08\/Incendio-La-Palma-0508-2012-08-300x169.jpg\" data-large-file=\"http:\/\/desireemartinphoto.com\/blog\/wp-content\/uploads\/2012\/08\/Incendio-La-Palma-0508-2012-08.jpg\" loading=\"lazy\" class=\"alignnone size-full wp-image-2056\" src=\"http:\/\/desireemartinphoto.com\/blog\/wp-content\/uploads\/2012\/08\/Incendio-La-Palma-0508-2012-08.jpg\" alt=\"\" width=\"550\" height=\"311\" srcset=\"http:\/\/desireemartinphoto.com\/blog\/wp-content\/uploads\/2012\/08\/Incendio-La-Palma-0508-2012-08.jpg 550w, http:\/\/desireemartinphoto.com\/blog\/wp-content\/uploads\/2012\/08\/Incendio-La-Palma-0508-2012-08-300x169.jpg 300w\" sizes=\"(max-width: 550px) 100vw, 550px\" \/><\/p>\n<p>&nbsp;<\/p>\n<p><img data-attachment-id=\"2057\" data-permalink=\"http:\/\/desireemartinphoto.com\/blog\/una-larga-noche-en-las-cumbres-de-mazo\/incendio-la-palma-0508-2012-11\/\" data-orig-file=\"http:\/\/desireemartinphoto.com\/blog\/wp-content\/uploads\/2012\/08\/Incendio-La-Palma-0508-2012-11.jpg\" data-orig-size=\"550,320\" data-comments-opened=\"1\" data-image-meta=\"{&quot;aperture&quot;:&quot;5&quot;,&quot;credit&quot;:&quot;&quot;,&quot;camera&quot;:&quot;Canon EOS 5D Mark II&quot;,&quot;caption&quot;:&quot;&quot;,&quot;created_timestamp&quot;:&quot;1344116221&quot;,&quot;copyright&quot;:&quot;&quot;,&quot;focal_length&quot;:&quot;16&quot;,&quot;iso&quot;:&quot;2500&quot;,&quot;shutter_speed&quot;:&quot;0.3&quot;,&quot;title&quot;:&quot;&quot;}\" data-image-title=\"Incendio-La-Palma-0508-2012-11\" data-image-description=\"\" data-medium-file=\"http:\/\/desireemartinphoto.com\/blog\/wp-content\/uploads\/2012\/08\/Incendio-La-Palma-0508-2012-11-300x174.jpg\" data-large-file=\"http:\/\/desireemartinphoto.com\/blog\/wp-content\/uploads\/2012\/08\/Incendio-La-Palma-0508-2012-11.jpg\" loading=\"lazy\" class=\"alignnone size-full wp-image-2057\" src=\"http:\/\/desireemartinphoto.com\/blog\/wp-content\/uploads\/2012\/08\/Incendio-La-Palma-0508-2012-11.jpg\" alt=\"\" width=\"550\" height=\"320\" srcset=\"http:\/\/desireemartinphoto.com\/blog\/wp-content\/uploads\/2012\/08\/Incendio-La-Palma-0508-2012-11.jpg 550w, http:\/\/desireemartinphoto.com\/blog\/wp-content\/uploads\/2012\/08\/Incendio-La-Palma-0508-2012-11-300x174.jpg 300w\" sizes=\"(max-width: 550px) 100vw, 550px\" \/><\/p>\n<p>&nbsp;<\/p>\n<p>Desolador.. una vez m\u00e1s.<\/p>\n<p>La isla vecina de La Gomera sufre otros dos incendios en estos momentos.<\/p>\n<div class=\"sharedaddy sd-sharing-enabled\"><div class=\"robots-nocontent sd-block sd-social sd-social-icon-text sd-sharing\"><h3 class=\"sd-title\">COMPARTE ESTO:<\/h3><div class=\"sd-content\"><ul><li class=\"share-facebook\"><a rel=\"nofollow noopener noreferrer\" data-shared=\"sharing-facebook-2048\" class=\"share-facebook sd-button share-icon\" href=\"http:\/\/desireemartinphoto.com\/blog\/una-larga-noche-en-las-cumbres-de-mazo\/?share=facebook\" target=\"_blank\" title=\"Haz clic para compartir en Facebook\"><span>Facebook<\/span><\/a><\/li><li class=\"share-twitter\"><a rel=\"nofollow noopener noreferrer\" data-shared=\"sharing-twitter-2048\" class=\"share-twitter sd-button share-icon\" href=\"http:\/\/desireemartinphoto.com\/blog\/una-larga-noche-en-las-cumbres-de-mazo\/?share=twitter\" target=\"_blank\" title=\"Haz clic para compartir en Twitter\"><span>Twitter<\/span><\/a><\/li><li class=\"share-email\"><a rel=\"nofollow noopener noreferrer\" data-shared=\"\" class=\"share-email sd-button share-icon\" href=\"http:\/\/desireemartinphoto.com\/blog\/una-larga-noche-en-las-cumbres-de-mazo\/?share=email\" target=\"_blank\" title=\"Haz clic para enviar por correo electr\u00f3nico a un amigo\"><span>Correo electr\u00f3nico<\/span><\/a><\/li><li class=\"share-linkedin\"><a rel=\"nofollow noopener noreferrer\" data-shared=\"sharing-linkedin-2048\" class=\"share-linkedin sd-button share-icon\" href=\"http:\/\/desireemartinphoto.com\/blog\/una-larga-noche-en-las-cumbres-de-mazo\/?share=linkedin\" target=\"_blank\" title=\"Haz clic para compartir en LinkedIn\"><span>LinkedIn<\/span><\/a><\/li><li class=\"share-tumblr\"><a rel=\"nofollow noopener noreferrer\" data-shared=\"\" class=\"share-tumblr sd-button share-icon\" href=\"http:\/\/desireemartinphoto.com\/blog\/una-larga-noche-en-las-cumbres-de-mazo\/?share=tumblr\" target=\"_blank\" title=\"Haz clic para compartir en Tumblr\"><span>Tumblr<\/span><\/a><\/li><li class=\"share-end\"><\/li><\/ul><\/div><\/div><\/div>","protected":false},"excerpt":{"rendered":"<p>&nbsp; Envi\u00e9 las primeras im\u00e1genes y me decid\u00ed a subir a la cumbre por caminos secundarios y rodaderas. Los accesos principales estaban cortados.. &nbsp; &nbsp; Tras un ascenso que creo no fue de largo recorrido pero que se me hizo eterno, me encontr\u00e9 envuelta en un crepitar de llamas ..todo tras un cambio de menos [&#038;hellip<\/p>\n<div class=\"sharedaddy sd-sharing-enabled\"><div class=\"robots-nocontent sd-block sd-social sd-social-icon-text sd-sharing\"><h3 class=\"sd-title\">COMPARTE ESTO:<\/h3><div class=\"sd-content\"><ul><li class=\"share-facebook\"><a rel=\"nofollow noopener noreferrer\" data-shared=\"sharing-facebook-2048\" class=\"share-facebook sd-button share-icon\" href=\"http:\/\/desireemartinphoto.com\/blog\/una-larga-noche-en-las-cumbres-de-mazo\/?share=facebook\" target=\"_blank\" title=\"Haz clic para compartir en Facebook\"><span>Facebook<\/span><\/a><\/li><li class=\"share-twitter\"><a rel=\"nofollow noopener noreferrer\" data-shared=\"sharing-twitter-2048\" class=\"share-twitter sd-button share-icon\" href=\"http:\/\/desireemartinphoto.com\/blog\/una-larga-noche-en-las-cumbres-de-mazo\/?share=twitter\" target=\"_blank\" title=\"Haz clic para compartir en Twitter\"><span>Twitter<\/span><\/a><\/li><li class=\"share-email\"><a rel=\"nofollow noopener noreferrer\" data-shared=\"\" class=\"share-email sd-button share-icon\" href=\"http:\/\/desireemartinphoto.com\/blog\/una-larga-noche-en-las-cumbres-de-mazo\/?share=email\" target=\"_blank\" title=\"Haz clic para enviar por correo electr\u00f3nico a un amigo\"><span>Correo electr\u00f3nico<\/span><\/a><\/li><li class=\"share-linkedin\"><a rel=\"nofollow noopener noreferrer\" data-shared=\"sharing-linkedin-2048\" class=\"share-linkedin sd-button share-icon\" href=\"http:\/\/desireemartinphoto.com\/blog\/una-larga-noche-en-las-cumbres-de-mazo\/?share=linkedin\" target=\"_blank\" title=\"Haz clic para compartir en LinkedIn\"><span>LinkedIn<\/span><\/a><\/li><li class=\"share-tumblr\"><a rel=\"nofollow noopener noreferrer\" data-shared=\"\" class=\"share-tumblr sd-button share-icon\" href=\"http:\/\/desireemartinphoto.com\/blog\/una-larga-noche-en-las-cumbres-de-mazo\/?share=tumblr\" target=\"_blank\" title=\"Haz clic para compartir en Tumblr\"><span>Tumblr<\/span><\/a><\/li><li class=\"share-end\"><\/li><\/ul><\/div><\/div><\/div>","protected":false},"author":1,"featured_media":0,"comment_status":"open","ping_status":"open","sticky":false,"template":"","format":"standard","meta":{"spay_email":""},"categories":[1],"tags":[],"jetpack_featured_media_url":"","jetpack_sharing_enabled":true,"_links":{"self":[{"href":"http:\/\/desireemartinphoto.com\/blog\/wp-json\/wp\/v2\/posts\/2048"}],"collection":[{"href":"http:\/\/desireemartinphoto.com\/blog\/wp-json\/wp\/v2\/posts"}],"about":[{"href":"http:\/\/desireemartinphoto.com\/blog\/wp-json\/wp\/v2\/types\/post"}],"author":[{"embeddable":true,"href":"http:\/\/desireemartinphoto.com\/blog\/wp-json\/wp\/v2\/users\/1"}],"replies":[{"embeddable":true,"href":"http:\/\/desireemartinphoto.com\/blog\/wp-json\/wp\/v2\/comments?post=2048"}],"version-history":[{"count":1,"href":"http:\/\/desireemartinphoto.com\/blog\/wp-json\/wp\/v2\/posts\/2048\/revisions"}],"predecessor-version":[{"id":2058,"href":"http:\/\/desireemartinphoto.com\/blog\/wp-json\/wp\/v2\/posts\/2048\/revisions\/2058"}],"wp:attachment":[{"href":"http:\/\/desireemartinphoto.com\/blog\/wp-json\/wp\/v2\/media?parent=2048"}],"wp:term":[{"taxonomy":"category","embeddable":true,"href":"http:\/\/desireemartinphoto.com\/blog\/wp-json\/wp\/v2\/categories?post=2048"},{"taxonomy":"post_tag","embeddable":true,"href":"http:\/\/desireemartinphoto.com\/blog\/wp-json\/wp\/v2\/tags?post=2048"}],"curies":[{"name":"wp","href":"https:\/\/api.w.org\/{rel}","templated":true}]}}