{"id":2040,"date":"2012-08-05T08:52:11","date_gmt":"2012-08-05T08:52:11","guid":{"rendered":"http:\/\/desireemartinphoto.com\/blog\/?p=2040"},"modified":"2012-08-05T08:52:11","modified_gmt":"2012-08-05T08:52:11","slug":"la-palma-arde-de-nuevo-4-agosto-2012","status":"publish","type":"post","link":"http:\/\/desireemartinphoto.com\/blog\/la-palma-arde-de-nuevo-4-agosto-2012\/","title":{"rendered":"La Palma arde de nuevo, 4 agosto 2012"},"content":{"rendered":"<p>&nbsp;<\/p>\n<p>Una llamada de un compa\u00f1ero de la agencia me advierte del comienzo de un incendio forestal en la isla de la Palma.<\/p>\n<p>En unas 3 horas estaba sobrevolando la isla.<\/p>\n<p>&nbsp;<\/p>\n<p><img data-attachment-id=\"2041\" data-permalink=\"http:\/\/desireemartinphoto.com\/blog\/la-palma-arde-de-nuevo-4-agosto-2012\/horizontal-99\/\" data-orig-file=\"http:\/\/desireemartinphoto.com\/blog\/wp-content\/uploads\/2012\/08\/Incendio-La-Palma-04-08-2012-BLOG-01.jpg\" data-orig-size=\"550,326\" data-comments-opened=\"1\" data-image-meta=\"{&quot;aperture&quot;:&quot;6.3&quot;,&quot;credit&quot;:&quot;DESIREE MARTIN&quot;,&quot;camera&quot;:&quot;Canon EOS 5D Mark II&quot;,&quot;caption&quot;:&quot;SPAIN, La Palma : View from the air of dark clouds of smoke billow from a wildfire over the town of Mazo ,04 August 2012, on the spanish canary island of La Palma. \\n\\nDesiree Martin \\\/AFP PHOTO&quot;,&quot;created_timestamp&quot;:&quot;1344100732&quot;,&quot;copyright&quot;:&quot;ImageForum&quot;,&quot;focal_length&quot;:&quot;16&quot;,&quot;iso&quot;:&quot;200&quot;,&quot;shutter_speed&quot;:&quot;0.00125&quot;,&quot;title&quot;:&quot;HORIZONTAL&quot;}\" data-image-title=\"Incendio-La-Palma-04-08-2012-BLOG-01\" data-image-description=\"\" data-medium-file=\"http:\/\/desireemartinphoto.com\/blog\/wp-content\/uploads\/2012\/08\/Incendio-La-Palma-04-08-2012-BLOG-01-300x177.jpg\" data-large-file=\"http:\/\/desireemartinphoto.com\/blog\/wp-content\/uploads\/2012\/08\/Incendio-La-Palma-04-08-2012-BLOG-01.jpg\" loading=\"lazy\" class=\"alignnone size-full wp-image-2041\" src=\"http:\/\/desireemartinphoto.com\/blog\/wp-content\/uploads\/2012\/08\/Incendio-La-Palma-04-08-2012-BLOG-01.jpg\" alt=\"\" width=\"550\" height=\"326\" srcset=\"http:\/\/desireemartinphoto.com\/blog\/wp-content\/uploads\/2012\/08\/Incendio-La-Palma-04-08-2012-BLOG-01.jpg 550w, http:\/\/desireemartinphoto.com\/blog\/wp-content\/uploads\/2012\/08\/Incendio-La-Palma-04-08-2012-BLOG-01-300x177.jpg 300w\" sizes=\"(max-width: 550px) 100vw, 550px\" \/><\/p>\n<p>&nbsp;<\/p>\n<p>La visi\u00f3n fue dolorosamente conocida, exactamente igual a la de hac\u00eda 3 a\u00f1os.<\/p>\n<p>&nbsp;<\/p>\n<p><img data-attachment-id=\"2042\" data-permalink=\"http:\/\/desireemartinphoto.com\/blog\/la-palma-arde-de-nuevo-4-agosto-2012\/horizontal-100\/\" data-orig-file=\"http:\/\/desireemartinphoto.com\/blog\/wp-content\/uploads\/2012\/08\/Incendio-La-Palma-04-08-2012-BLOG-03.jpg\" data-orig-size=\"550,352\" data-comments-opened=\"1\" data-image-meta=\"{&quot;aperture&quot;:&quot;6.3&quot;,&quot;credit&quot;:&quot;DESIREE MARTIN&quot;,&quot;camera&quot;:&quot;Canon EOS 5D Mark II&quot;,&quot;caption&quot;:&quot;SPAIN, La Palma : View from the air of dark clouds of smoke billow from a wildfire over the town of Mazo ,04 August 2012, on the spanish canary island of La Palma. \\n\\nDesiree Martin \\\/AFP PHOTO&quot;,&quot;created_timestamp&quot;:&quot;1344100832&quot;,&quot;copyright&quot;:&quot;ImageForum&quot;,&quot;focal_length&quot;:&quot;29&quot;,&quot;iso&quot;:&quot;200&quot;,&quot;shutter_speed&quot;:&quot;0.0008&quot;,&quot;title&quot;:&quot;HORIZONTAL&quot;}\" data-image-title=\"Incendio-La-Palma-04-08-2012-BLOG-03\" data-image-description=\"\" data-medium-file=\"http:\/\/desireemartinphoto.com\/blog\/wp-content\/uploads\/2012\/08\/Incendio-La-Palma-04-08-2012-BLOG-03-300x192.jpg\" data-large-file=\"http:\/\/desireemartinphoto.com\/blog\/wp-content\/uploads\/2012\/08\/Incendio-La-Palma-04-08-2012-BLOG-03.jpg\" loading=\"lazy\" class=\"alignnone size-full wp-image-2042\" src=\"http:\/\/desireemartinphoto.com\/blog\/wp-content\/uploads\/2012\/08\/Incendio-La-Palma-04-08-2012-BLOG-03.jpg\" alt=\"\" width=\"550\" height=\"352\" srcset=\"http:\/\/desireemartinphoto.com\/blog\/wp-content\/uploads\/2012\/08\/Incendio-La-Palma-04-08-2012-BLOG-03.jpg 550w, http:\/\/desireemartinphoto.com\/blog\/wp-content\/uploads\/2012\/08\/Incendio-La-Palma-04-08-2012-BLOG-03-300x192.jpg 300w\" sizes=\"(max-width: 550px) 100vw, 550px\" \/><\/p>\n<p>&nbsp;<\/p>\n<p>Municipio de Mazo, corte de carretera a las puertas de Tigalate, los vecinos no pod\u00edan hacer m\u00e1s que ver\u00a0 como las llamas avanzaban sobre sus tierras, sus casas y animales, una vez m\u00e1s.<\/p>\n<p>&nbsp;<\/p>\n<p><img data-attachment-id=\"2043\" data-permalink=\"http:\/\/desireemartinphoto.com\/blog\/la-palma-arde-de-nuevo-4-agosto-2012\/horizontal-101\/\" data-orig-file=\"http:\/\/desireemartinphoto.com\/blog\/wp-content\/uploads\/2012\/08\/Incendio-La-Palma-04-08-2012-BLOG-02.jpg\" data-orig-size=\"367,550\" data-comments-opened=\"1\" data-image-meta=\"{&quot;aperture&quot;:&quot;5.6&quot;,&quot;credit&quot;:&quot;DESIREE MARTIN&quot;,&quot;camera&quot;:&quot;Canon EOS 5D Mark II&quot;,&quot;caption&quot;:&quot;SPAIN, La Palma : Dark clouds of smoke billow from a wildfire over the town of Mazo , 04 August 2012, on the spanish canary island of La Palma.\\n\\nDesiree Martin \\\/AFP PHOTO&quot;,&quot;created_timestamp&quot;:&quot;1344107083&quot;,&quot;copyright&quot;:&quot;ImageForum&quot;,&quot;focal_length&quot;:&quot;110&quot;,&quot;iso&quot;:&quot;400&quot;,&quot;shutter_speed&quot;:&quot;0.0015625&quot;,&quot;title&quot;:&quot;HORIZONTAL&quot;}\" data-image-title=\"Incendio-La-Palma-04-08-2012-BLOG-02\" data-image-description=\"\" data-medium-file=\"http:\/\/desireemartinphoto.com\/blog\/wp-content\/uploads\/2012\/08\/Incendio-La-Palma-04-08-2012-BLOG-02-200x300.jpg\" data-large-file=\"http:\/\/desireemartinphoto.com\/blog\/wp-content\/uploads\/2012\/08\/Incendio-La-Palma-04-08-2012-BLOG-02.jpg\" loading=\"lazy\" class=\"alignnone size-full wp-image-2043\" src=\"http:\/\/desireemartinphoto.com\/blog\/wp-content\/uploads\/2012\/08\/Incendio-La-Palma-04-08-2012-BLOG-02.jpg\" alt=\"\" width=\"367\" height=\"550\" srcset=\"http:\/\/desireemartinphoto.com\/blog\/wp-content\/uploads\/2012\/08\/Incendio-La-Palma-04-08-2012-BLOG-02.jpg 367w, http:\/\/desireemartinphoto.com\/blog\/wp-content\/uploads\/2012\/08\/Incendio-La-Palma-04-08-2012-BLOG-02-200x300.jpg 200w\" sizes=\"(max-width: 367px) 100vw, 367px\" \/><\/p>\n<p>&nbsp;<\/p>\n<p><img data-attachment-id=\"2044\" data-permalink=\"http:\/\/desireemartinphoto.com\/blog\/la-palma-arde-de-nuevo-4-agosto-2012\/horizontal-102\/\" data-orig-file=\"http:\/\/desireemartinphoto.com\/blog\/wp-content\/uploads\/2012\/08\/Incendio-La-Palma-04-08-2012-BLOG-04.jpg\" data-orig-size=\"550,367\" data-comments-opened=\"1\" data-image-meta=\"{&quot;aperture&quot;:&quot;4.5&quot;,&quot;credit&quot;:&quot;DESIREE MARTIN&quot;,&quot;camera&quot;:&quot;Canon EOS 5D Mark II&quot;,&quot;caption&quot;:&quot;SPAIN, La Palma : Dark clouds of smoke billow from a wildfire over the town of Mazo , 04 August 2012, on the spanish canary island of La Palma.\\n\\nDesiree Martin \\\/AFP PHOTO&quot;,&quot;created_timestamp&quot;:&quot;1344108905&quot;,&quot;copyright&quot;:&quot;ImageForum&quot;,&quot;focal_length&quot;:&quot;17&quot;,&quot;iso&quot;:&quot;400&quot;,&quot;shutter_speed&quot;:&quot;0.003125&quot;,&quot;title&quot;:&quot;HORIZONTAL&quot;}\" data-image-title=\"Incendio-La-Palma-04-08-2012-BLOG-04\" data-image-description=\"\" data-medium-file=\"http:\/\/desireemartinphoto.com\/blog\/wp-content\/uploads\/2012\/08\/Incendio-La-Palma-04-08-2012-BLOG-04-300x200.jpg\" data-large-file=\"http:\/\/desireemartinphoto.com\/blog\/wp-content\/uploads\/2012\/08\/Incendio-La-Palma-04-08-2012-BLOG-04.jpg\" loading=\"lazy\" class=\"alignnone size-full wp-image-2044\" src=\"http:\/\/desireemartinphoto.com\/blog\/wp-content\/uploads\/2012\/08\/Incendio-La-Palma-04-08-2012-BLOG-04.jpg\" alt=\"\" width=\"550\" height=\"367\" srcset=\"http:\/\/desireemartinphoto.com\/blog\/wp-content\/uploads\/2012\/08\/Incendio-La-Palma-04-08-2012-BLOG-04.jpg 550w, http:\/\/desireemartinphoto.com\/blog\/wp-content\/uploads\/2012\/08\/Incendio-La-Palma-04-08-2012-BLOG-04-300x200.jpg 300w\" sizes=\"(max-width: 550px) 100vw, 550px\" \/><\/p>\n<p>&nbsp;<\/p>\n<p>La noche call\u00f3 y el sol volv\u00edo a tornarse naranja en las Islas Canarias.<\/p>\n<p>&nbsp;<\/p>\n<p><img data-attachment-id=\"2045\" data-permalink=\"http:\/\/desireemartinphoto.com\/blog\/la-palma-arde-de-nuevo-4-agosto-2012\/incendio-la-palma-04-08-2012-blog-05\/\" data-orig-file=\"http:\/\/desireemartinphoto.com\/blog\/wp-content\/uploads\/2012\/08\/Incendio-La-Palma-04-08-2012-BLOG-05.jpg\" data-orig-size=\"550,275\" data-comments-opened=\"1\" data-image-meta=\"{&quot;aperture&quot;:&quot;5.6&quot;,&quot;credit&quot;:&quot;&quot;,&quot;camera&quot;:&quot;Canon EOS 5D Mark II&quot;,&quot;caption&quot;:&quot;&quot;,&quot;created_timestamp&quot;:&quot;1344105977&quot;,&quot;copyright&quot;:&quot;&quot;,&quot;focal_length&quot;:&quot;200&quot;,&quot;iso&quot;:&quot;400&quot;,&quot;shutter_speed&quot;:&quot;0.000125&quot;,&quot;title&quot;:&quot;&quot;}\" data-image-title=\"Incendio-La-Palma-04-08-2012-BLOG-05\" data-image-description=\"\" data-medium-file=\"http:\/\/desireemartinphoto.com\/blog\/wp-content\/uploads\/2012\/08\/Incendio-La-Palma-04-08-2012-BLOG-05-300x150.jpg\" data-large-file=\"http:\/\/desireemartinphoto.com\/blog\/wp-content\/uploads\/2012\/08\/Incendio-La-Palma-04-08-2012-BLOG-05.jpg\" loading=\"lazy\" class=\"alignnone size-full wp-image-2045\" src=\"http:\/\/desireemartinphoto.com\/blog\/wp-content\/uploads\/2012\/08\/Incendio-La-Palma-04-08-2012-BLOG-05.jpg\" alt=\"\" width=\"550\" height=\"275\" srcset=\"http:\/\/desireemartinphoto.com\/blog\/wp-content\/uploads\/2012\/08\/Incendio-La-Palma-04-08-2012-BLOG-05.jpg 550w, http:\/\/desireemartinphoto.com\/blog\/wp-content\/uploads\/2012\/08\/Incendio-La-Palma-04-08-2012-BLOG-05-300x150.jpg 300w\" sizes=\"(max-width: 550px) 100vw, 550px\" \/><\/p>\n<p>&nbsp;<\/p>\n<p>Fue muuuuy larga. Lo contar\u00e9 con m\u00e1s calma.<\/p>\n<div class=\"sharedaddy sd-sharing-enabled\"><div class=\"robots-nocontent sd-block sd-social sd-social-icon-text sd-sharing\"><h3 class=\"sd-title\">COMPARTE ESTO:<\/h3><div class=\"sd-content\"><ul><li class=\"share-facebook\"><a rel=\"nofollow noopener noreferrer\" data-shared=\"sharing-facebook-2040\" class=\"share-facebook sd-button share-icon\" href=\"http:\/\/desireemartinphoto.com\/blog\/la-palma-arde-de-nuevo-4-agosto-2012\/?share=facebook\" target=\"_blank\" title=\"Haz clic para compartir en Facebook\"><span>Facebook<\/span><\/a><\/li><li class=\"share-twitter\"><a rel=\"nofollow noopener noreferrer\" data-shared=\"sharing-twitter-2040\" class=\"share-twitter sd-button share-icon\" href=\"http:\/\/desireemartinphoto.com\/blog\/la-palma-arde-de-nuevo-4-agosto-2012\/?share=twitter\" target=\"_blank\" title=\"Haz clic para compartir en Twitter\"><span>Twitter<\/span><\/a><\/li><li class=\"share-email\"><a rel=\"nofollow noopener noreferrer\" data-shared=\"\" class=\"share-email sd-button share-icon\" href=\"http:\/\/desireemartinphoto.com\/blog\/la-palma-arde-de-nuevo-4-agosto-2012\/?share=email\" target=\"_blank\" title=\"Haz clic para enviar por correo electr\u00f3nico a un amigo\"><span>Correo electr\u00f3nico<\/span><\/a><\/li><li class=\"share-linkedin\"><a rel=\"nofollow noopener noreferrer\" data-shared=\"sharing-linkedin-2040\" class=\"share-linkedin sd-button share-icon\" href=\"http:\/\/desireemartinphoto.com\/blog\/la-palma-arde-de-nuevo-4-agosto-2012\/?share=linkedin\" target=\"_blank\" title=\"Haz clic para compartir en LinkedIn\"><span>LinkedIn<\/span><\/a><\/li><li class=\"share-tumblr\"><a rel=\"nofollow noopener noreferrer\" data-shared=\"\" class=\"share-tumblr sd-button share-icon\" href=\"http:\/\/desireemartinphoto.com\/blog\/la-palma-arde-de-nuevo-4-agosto-2012\/?share=tumblr\" target=\"_blank\" title=\"Haz clic para compartir en Tumblr\"><span>Tumblr<\/span><\/a><\/li><li class=\"share-end\"><\/li><\/ul><\/div><\/div><\/div>","protected":false},"excerpt":{"rendered":"<p>&nbsp; Una llamada de un compa\u00f1ero de la agencia me advierte del comienzo de un incendio forestal en la isla de la Palma. En unas 3 horas estaba sobrevolando la isla. &nbsp; &nbsp; La visi\u00f3n fue dolorosamente conocida, exactamente igual a la de hac\u00eda 3 a\u00f1os. &nbsp; &nbsp; Municipio de Mazo, corte de carretera a [&#038;hellip<\/p>\n<div class=\"sharedaddy sd-sharing-enabled\"><div class=\"robots-nocontent sd-block sd-social sd-social-icon-text sd-sharing\"><h3 class=\"sd-title\">COMPARTE ESTO:<\/h3><div class=\"sd-content\"><ul><li class=\"share-facebook\"><a rel=\"nofollow noopener noreferrer\" data-shared=\"sharing-facebook-2040\" class=\"share-facebook sd-button share-icon\" href=\"http:\/\/desireemartinphoto.com\/blog\/la-palma-arde-de-nuevo-4-agosto-2012\/?share=facebook\" target=\"_blank\" title=\"Haz clic para compartir en Facebook\"><span>Facebook<\/span><\/a><\/li><li class=\"share-twitter\"><a rel=\"nofollow noopener noreferrer\" data-shared=\"sharing-twitter-2040\" class=\"share-twitter sd-button share-icon\" href=\"http:\/\/desireemartinphoto.com\/blog\/la-palma-arde-de-nuevo-4-agosto-2012\/?share=twitter\" target=\"_blank\" title=\"Haz clic para compartir en Twitter\"><span>Twitter<\/span><\/a><\/li><li class=\"share-email\"><a rel=\"nofollow noopener noreferrer\" data-shared=\"\" class=\"share-email sd-button share-icon\" href=\"http:\/\/desireemartinphoto.com\/blog\/la-palma-arde-de-nuevo-4-agosto-2012\/?share=email\" target=\"_blank\" title=\"Haz clic para enviar por correo electr\u00f3nico a un amigo\"><span>Correo electr\u00f3nico<\/span><\/a><\/li><li class=\"share-linkedin\"><a rel=\"nofollow noopener noreferrer\" data-shared=\"sharing-linkedin-2040\" class=\"share-linkedin sd-button share-icon\" href=\"http:\/\/desireemartinphoto.com\/blog\/la-palma-arde-de-nuevo-4-agosto-2012\/?share=linkedin\" target=\"_blank\" title=\"Haz clic para compartir en LinkedIn\"><span>LinkedIn<\/span><\/a><\/li><li class=\"share-tumblr\"><a rel=\"nofollow noopener noreferrer\" data-shared=\"\" class=\"share-tumblr sd-button share-icon\" href=\"http:\/\/desireemartinphoto.com\/blog\/la-palma-arde-de-nuevo-4-agosto-2012\/?share=tumblr\" target=\"_blank\" title=\"Haz clic para compartir en Tumblr\"><span>Tumblr<\/span><\/a><\/li><li class=\"share-end\"><\/li><\/ul><\/div><\/div><\/div>","protected":false},"author":1,"featured_media":0,"comment_status":"open","ping_status":"open","sticky":false,"template":"","format":"standard","meta":{"spay_email":""},"categories":[1],"tags":[414,413,412,435,436,437],"jetpack_featured_media_url":"","jetpack_sharing_enabled":true,"_links":{"self":[{"href":"http:\/\/desireemartinphoto.com\/blog\/wp-json\/wp\/v2\/posts\/2040"}],"collection":[{"href":"http:\/\/desireemartinphoto.com\/blog\/wp-json\/wp\/v2\/posts"}],"about":[{"href":"http:\/\/desireemartinphoto.com\/blog\/wp-json\/wp\/v2\/types\/post"}],"author":[{"embeddable":true,"href":"http:\/\/desireemartinphoto.com\/blog\/wp-json\/wp\/v2\/users\/1"}],"replies":[{"embeddable":true,"href":"http:\/\/desireemartinphoto.com\/blog\/wp-json\/wp\/v2\/comments?post=2040"}],"version-history":[{"count":2,"href":"http:\/\/desireemartinphoto.com\/blog\/wp-json\/wp\/v2\/posts\/2040\/revisions"}],"predecessor-version":[{"id":2047,"href":"http:\/\/desireemartinphoto.com\/blog\/wp-json\/wp\/v2\/posts\/2040\/revisions\/2047"}],"wp:attachment":[{"href":"http:\/\/desireemartinphoto.com\/blog\/wp-json\/wp\/v2\/media?parent=2040"}],"wp:term":[{"taxonomy":"category","embeddable":true,"href":"http:\/\/desireemartinphoto.com\/blog\/wp-json\/wp\/v2\/categories?post=2040"},{"taxonomy":"post_tag","embeddable":true,"href":"http:\/\/desireemartinphoto.com\/blog\/wp-json\/wp\/v2\/tags?post=2040"}],"curies":[{"name":"wp","href":"https:\/\/api.w.org\/{rel}","templated":true}]}}