{"id":2012,"date":"2012-07-24T10:27:14","date_gmt":"2012-07-24T10:27:14","guid":{"rendered":"http:\/\/desireemartinphoto.com\/blog\/?p=2012"},"modified":"2012-07-24T11:00:35","modified_gmt":"2012-07-24T11:00:35","slug":"senora-del-mar-cuestion-de-machos","status":"publish","type":"post","link":"http:\/\/desireemartinphoto.com\/blog\/senora-del-mar-cuestion-de-machos\/","title":{"rendered":"Se\u00f1ora del mar, cuesti\u00f3n de machos."},"content":{"rendered":"<p>&nbsp;<\/p>\n<p>Como cada seg\u00fando martes de julio, el pasado d\u00eda 10, se celebr\u00f3 en el Puerto de la Cruz la Embarcaci\u00f3n de la Virgen del Carmen.<\/p>\n<p>El barrio de la Ranilla, barrio de los pescadores de la zona, se engalan\u00f3 para la ocasi\u00f3n.<\/p>\n<p>&nbsp;<\/p>\n<p><img data-attachment-id=\"2013\" data-permalink=\"http:\/\/desireemartinphoto.com\/blog\/senora-del-mar-cuestion-de-machos\/dm-embarcacion-virgen-pto-2012-001\/\" data-orig-file=\"http:\/\/desireemartinphoto.com\/blog\/wp-content\/uploads\/2012\/07\/Dm-Embarcacion-Virgen-Pto-2012-001.jpg\" data-orig-size=\"550,367\" data-comments-opened=\"1\" data-image-meta=\"{&quot;aperture&quot;:&quot;6.3&quot;,&quot;credit&quot;:&quot;&quot;,&quot;camera&quot;:&quot;Canon EOS 5D Mark II&quot;,&quot;caption&quot;:&quot;&quot;,&quot;created_timestamp&quot;:&quot;1341918606&quot;,&quot;copyright&quot;:&quot;&quot;,&quot;focal_length&quot;:&quot;16&quot;,&quot;iso&quot;:&quot;100&quot;,&quot;shutter_speed&quot;:&quot;0.005&quot;,&quot;title&quot;:&quot;&quot;}\" data-image-title=\"Dm-Embarcacion-Virgen-Pto-2012-001\" data-image-description=\"\" data-medium-file=\"http:\/\/desireemartinphoto.com\/blog\/wp-content\/uploads\/2012\/07\/Dm-Embarcacion-Virgen-Pto-2012-001-300x200.jpg\" data-large-file=\"http:\/\/desireemartinphoto.com\/blog\/wp-content\/uploads\/2012\/07\/Dm-Embarcacion-Virgen-Pto-2012-001.jpg\" loading=\"lazy\" class=\"alignnone size-full wp-image-2013\" src=\"http:\/\/desireemartinphoto.com\/blog\/wp-content\/uploads\/2012\/07\/Dm-Embarcacion-Virgen-Pto-2012-001.jpg\" alt=\"\" width=\"550\" height=\"367\" srcset=\"http:\/\/desireemartinphoto.com\/blog\/wp-content\/uploads\/2012\/07\/Dm-Embarcacion-Virgen-Pto-2012-001.jpg 550w, http:\/\/desireemartinphoto.com\/blog\/wp-content\/uploads\/2012\/07\/Dm-Embarcacion-Virgen-Pto-2012-001-300x200.jpg 300w\" sizes=\"(max-width: 550px) 100vw, 550px\" \/><\/p>\n<p>&nbsp;<\/p>\n<p><a href=\"http:\/\/desireemartinphoto.com\/blog\/wp-content\/uploads\/2012\/07\/Dm-Embarcacion-Virgen-Pto-2012-002.jpg\"><img data-attachment-id=\"2014\" data-permalink=\"http:\/\/desireemartinphoto.com\/blog\/senora-del-mar-cuestion-de-machos\/dm-embarcacion-virgen-pto-2012-002\/\" data-orig-file=\"http:\/\/desireemartinphoto.com\/blog\/wp-content\/uploads\/2012\/07\/Dm-Embarcacion-Virgen-Pto-2012-002.jpg\" data-orig-size=\"550,461\" data-comments-opened=\"1\" data-image-meta=\"{&quot;aperture&quot;:&quot;5.6&quot;,&quot;credit&quot;:&quot;&quot;,&quot;camera&quot;:&quot;Canon EOS 5D Mark II&quot;,&quot;caption&quot;:&quot;&quot;,&quot;created_timestamp&quot;:&quot;1341928101&quot;,&quot;copyright&quot;:&quot;&quot;,&quot;focal_length&quot;:&quot;16&quot;,&quot;iso&quot;:&quot;320&quot;,&quot;shutter_speed&quot;:&quot;0.001&quot;,&quot;title&quot;:&quot;&quot;}\" data-image-title=\"Dm Embarcacion Virgen Pto 2012 002\" data-image-description=\"\" data-medium-file=\"http:\/\/desireemartinphoto.com\/blog\/wp-content\/uploads\/2012\/07\/Dm-Embarcacion-Virgen-Pto-2012-002-300x251.jpg\" data-large-file=\"http:\/\/desireemartinphoto.com\/blog\/wp-content\/uploads\/2012\/07\/Dm-Embarcacion-Virgen-Pto-2012-002.jpg\" loading=\"lazy\" class=\"alignnone size-full wp-image-2014\" title=\"Dm Embarcacion Virgen Pto 2012 002\" src=\"http:\/\/desireemartinphoto.com\/blog\/wp-content\/uploads\/2012\/07\/Dm-Embarcacion-Virgen-Pto-2012-002.jpg\" alt=\"\" width=\"550\" height=\"461\" srcset=\"http:\/\/desireemartinphoto.com\/blog\/wp-content\/uploads\/2012\/07\/Dm-Embarcacion-Virgen-Pto-2012-002.jpg 550w, http:\/\/desireemartinphoto.com\/blog\/wp-content\/uploads\/2012\/07\/Dm-Embarcacion-Virgen-Pto-2012-002-300x251.jpg 300w\" sizes=\"(max-width: 550px) 100vw, 550px\" \/><\/a><\/p>\n<p>&#8230; al tiempo que los hombres se hac\u00edan los protagonistas principales de una fiesta que cont\u00f3 con unas 25.000 personas&#8230;<\/p>\n<p>&nbsp;<\/p>\n<p><img data-attachment-id=\"2015\" data-permalink=\"http:\/\/desireemartinphoto.com\/blog\/senora-del-mar-cuestion-de-machos\/dm-embarcacion-virgen-pto-2012-003\/\" data-orig-file=\"http:\/\/desireemartinphoto.com\/blog\/wp-content\/uploads\/2012\/07\/Dm-Embarcacion-Virgen-Pto-2012-003.jpg\" data-orig-size=\"550,338\" data-comments-opened=\"1\" data-image-meta=\"{&quot;aperture&quot;:&quot;5.6&quot;,&quot;credit&quot;:&quot;&quot;,&quot;camera&quot;:&quot;Canon EOS 5D Mark II&quot;,&quot;caption&quot;:&quot;&quot;,&quot;created_timestamp&quot;:&quot;1341927955&quot;,&quot;copyright&quot;:&quot;&quot;,&quot;focal_length&quot;:&quot;16&quot;,&quot;iso&quot;:&quot;320&quot;,&quot;shutter_speed&quot;:&quot;0.0015625&quot;,&quot;title&quot;:&quot;&quot;}\" data-image-title=\"Dm-Embarcacion-Virgen-Pto-2012-003\" data-image-description=\"\" data-medium-file=\"http:\/\/desireemartinphoto.com\/blog\/wp-content\/uploads\/2012\/07\/Dm-Embarcacion-Virgen-Pto-2012-003-300x184.jpg\" data-large-file=\"http:\/\/desireemartinphoto.com\/blog\/wp-content\/uploads\/2012\/07\/Dm-Embarcacion-Virgen-Pto-2012-003.jpg\" loading=\"lazy\" class=\"alignnone size-full wp-image-2015\" src=\"http:\/\/desireemartinphoto.com\/blog\/wp-content\/uploads\/2012\/07\/Dm-Embarcacion-Virgen-Pto-2012-003.jpg\" alt=\"\" width=\"550\" height=\"338\" srcset=\"http:\/\/desireemartinphoto.com\/blog\/wp-content\/uploads\/2012\/07\/Dm-Embarcacion-Virgen-Pto-2012-003.jpg 550w, http:\/\/desireemartinphoto.com\/blog\/wp-content\/uploads\/2012\/07\/Dm-Embarcacion-Virgen-Pto-2012-003-300x184.jpg 300w\" sizes=\"(max-width: 550px) 100vw, 550px\" \/><\/p>\n<p>&nbsp;<\/p>\n<p><img data-attachment-id=\"2016\" data-permalink=\"http:\/\/desireemartinphoto.com\/blog\/senora-del-mar-cuestion-de-machos\/dm-embarcacion-virgen-pto-2012-004\/\" data-orig-file=\"http:\/\/desireemartinphoto.com\/blog\/wp-content\/uploads\/2012\/07\/Dm-Embarcacion-Virgen-Pto-2012-004.jpg\" data-orig-size=\"550,367\" data-comments-opened=\"1\" data-image-meta=\"{&quot;aperture&quot;:&quot;5.6&quot;,&quot;credit&quot;:&quot;&quot;,&quot;camera&quot;:&quot;Canon EOS 5D Mark II&quot;,&quot;caption&quot;:&quot;&quot;,&quot;created_timestamp&quot;:&quot;1341931342&quot;,&quot;copyright&quot;:&quot;&quot;,&quot;focal_length&quot;:&quot;16&quot;,&quot;iso&quot;:&quot;320&quot;,&quot;shutter_speed&quot;:&quot;0.000625&quot;,&quot;title&quot;:&quot;&quot;}\" data-image-title=\"Dm-Embarcacion-Virgen-Pto-2012-004\" data-image-description=\"\" data-medium-file=\"http:\/\/desireemartinphoto.com\/blog\/wp-content\/uploads\/2012\/07\/Dm-Embarcacion-Virgen-Pto-2012-004-300x200.jpg\" data-large-file=\"http:\/\/desireemartinphoto.com\/blog\/wp-content\/uploads\/2012\/07\/Dm-Embarcacion-Virgen-Pto-2012-004.jpg\" loading=\"lazy\" class=\"alignnone size-full wp-image-2016\" src=\"http:\/\/desireemartinphoto.com\/blog\/wp-content\/uploads\/2012\/07\/Dm-Embarcacion-Virgen-Pto-2012-004.jpg\" alt=\"\" width=\"550\" height=\"367\" srcset=\"http:\/\/desireemartinphoto.com\/blog\/wp-content\/uploads\/2012\/07\/Dm-Embarcacion-Virgen-Pto-2012-004.jpg 550w, http:\/\/desireemartinphoto.com\/blog\/wp-content\/uploads\/2012\/07\/Dm-Embarcacion-Virgen-Pto-2012-004-300x200.jpg 300w\" sizes=\"(max-width: 550px) 100vw, 550px\" \/><\/p>\n<p>&nbsp;<\/p>\n<p><a href=\"http:\/\/desireemartinphoto.com\/blog\/wp-content\/uploads\/2012\/07\/Dm-Embarcacion-Virgen-Pto-2012-005.jpg\"><img data-attachment-id=\"2017\" data-permalink=\"http:\/\/desireemartinphoto.com\/blog\/senora-del-mar-cuestion-de-machos\/dm-embarcacion-virgen-pto-2012-005\/\" data-orig-file=\"http:\/\/desireemartinphoto.com\/blog\/wp-content\/uploads\/2012\/07\/Dm-Embarcacion-Virgen-Pto-2012-005.jpg\" data-orig-size=\"550,367\" data-comments-opened=\"1\" data-image-meta=\"{&quot;aperture&quot;:&quot;5.6&quot;,&quot;credit&quot;:&quot;&quot;,&quot;camera&quot;:&quot;Canon EOS 5D Mark II&quot;,&quot;caption&quot;:&quot;&quot;,&quot;created_timestamp&quot;:&quot;1341940476&quot;,&quot;copyright&quot;:&quot;&quot;,&quot;focal_length&quot;:&quot;200&quot;,&quot;iso&quot;:&quot;640&quot;,&quot;shutter_speed&quot;:&quot;0.000625&quot;,&quot;title&quot;:&quot;&quot;}\" data-image-title=\"Dm Embarcacion Virgen Pto 2012 005\" data-image-description=\"\" data-medium-file=\"http:\/\/desireemartinphoto.com\/blog\/wp-content\/uploads\/2012\/07\/Dm-Embarcacion-Virgen-Pto-2012-005-300x200.jpg\" data-large-file=\"http:\/\/desireemartinphoto.com\/blog\/wp-content\/uploads\/2012\/07\/Dm-Embarcacion-Virgen-Pto-2012-005.jpg\" loading=\"lazy\" class=\"alignnone size-full wp-image-2017\" title=\"Dm Embarcacion Virgen Pto 2012 005\" src=\"http:\/\/desireemartinphoto.com\/blog\/wp-content\/uploads\/2012\/07\/Dm-Embarcacion-Virgen-Pto-2012-005.jpg\" alt=\"\" width=\"550\" height=\"367\" srcset=\"http:\/\/desireemartinphoto.com\/blog\/wp-content\/uploads\/2012\/07\/Dm-Embarcacion-Virgen-Pto-2012-005.jpg 550w, http:\/\/desireemartinphoto.com\/blog\/wp-content\/uploads\/2012\/07\/Dm-Embarcacion-Virgen-Pto-2012-005-300x200.jpg 300w\" sizes=\"(max-width: 550px) 100vw, 550px\" \/><\/a><\/p>\n<p>&nbsp;<\/p>\n<p><img data-attachment-id=\"2018\" data-permalink=\"http:\/\/desireemartinphoto.com\/blog\/senora-del-mar-cuestion-de-machos\/dm-embarcacion-virgen-pto-2012-006\/\" data-orig-file=\"http:\/\/desireemartinphoto.com\/blog\/wp-content\/uploads\/2012\/07\/Dm-Embarcacion-Virgen-Pto-2012-006.jpg\" data-orig-size=\"550,367\" data-comments-opened=\"1\" data-image-meta=\"{&quot;aperture&quot;:&quot;5.6&quot;,&quot;credit&quot;:&quot;&quot;,&quot;camera&quot;:&quot;Canon EOS 5D Mark II&quot;,&quot;caption&quot;:&quot;&quot;,&quot;created_timestamp&quot;:&quot;1341930820&quot;,&quot;copyright&quot;:&quot;&quot;,&quot;focal_length&quot;:&quot;16&quot;,&quot;iso&quot;:&quot;320&quot;,&quot;shutter_speed&quot;:&quot;0.000625&quot;,&quot;title&quot;:&quot;&quot;}\" data-image-title=\"Dm-Embarcacion-Virgen-Pto-2012-006\" data-image-description=\"\" data-medium-file=\"http:\/\/desireemartinphoto.com\/blog\/wp-content\/uploads\/2012\/07\/Dm-Embarcacion-Virgen-Pto-2012-006-300x200.jpg\" data-large-file=\"http:\/\/desireemartinphoto.com\/blog\/wp-content\/uploads\/2012\/07\/Dm-Embarcacion-Virgen-Pto-2012-006.jpg\" loading=\"lazy\" class=\"alignnone size-full wp-image-2018\" src=\"http:\/\/desireemartinphoto.com\/blog\/wp-content\/uploads\/2012\/07\/Dm-Embarcacion-Virgen-Pto-2012-006.jpg\" alt=\"\" width=\"550\" height=\"367\" srcset=\"http:\/\/desireemartinphoto.com\/blog\/wp-content\/uploads\/2012\/07\/Dm-Embarcacion-Virgen-Pto-2012-006.jpg 550w, http:\/\/desireemartinphoto.com\/blog\/wp-content\/uploads\/2012\/07\/Dm-Embarcacion-Virgen-Pto-2012-006-300x200.jpg 300w\" sizes=\"(max-width: 550px) 100vw, 550px\" \/><\/p>\n<p>La Cuca\u00f1a fue una oportunidad m\u00e1s para exhibirse y disfrutar de su d\u00eda. Un juego que consiste en correr por un tronco impregnado de grasa pesada que se descuelga por el borde del muelle e intentar coger una de las tres banderas que estan al final del mismo.<\/p>\n<p>Cada bandera, una de cada color de los de la bandera canaria, lleva un premio.<\/p>\n<p>&nbsp;<\/p>\n<p><a href=\"http:\/\/desireemartinphoto.com\/blog\/wp-content\/uploads\/2012\/07\/Dm-Embarcacion-Virgen-Pto-2012-007.jpg\"><img data-attachment-id=\"2019\" data-permalink=\"http:\/\/desireemartinphoto.com\/blog\/senora-del-mar-cuestion-de-machos\/dm-embarcacion-virgen-pto-2012-007\/\" data-orig-file=\"http:\/\/desireemartinphoto.com\/blog\/wp-content\/uploads\/2012\/07\/Dm-Embarcacion-Virgen-Pto-2012-007.jpg\" data-orig-size=\"550,367\" data-comments-opened=\"1\" data-image-meta=\"{&quot;aperture&quot;:&quot;5.6&quot;,&quot;credit&quot;:&quot;&quot;,&quot;camera&quot;:&quot;Canon EOS 5D Mark II&quot;,&quot;caption&quot;:&quot;&quot;,&quot;created_timestamp&quot;:&quot;1341929131&quot;,&quot;copyright&quot;:&quot;&quot;,&quot;focal_length&quot;:&quot;16&quot;,&quot;iso&quot;:&quot;320&quot;,&quot;shutter_speed&quot;:&quot;0.001&quot;,&quot;title&quot;:&quot;&quot;}\" data-image-title=\"Dm Embarcacion Virgen Pto 2012 007\" data-image-description=\"\" data-medium-file=\"http:\/\/desireemartinphoto.com\/blog\/wp-content\/uploads\/2012\/07\/Dm-Embarcacion-Virgen-Pto-2012-007-300x200.jpg\" data-large-file=\"http:\/\/desireemartinphoto.com\/blog\/wp-content\/uploads\/2012\/07\/Dm-Embarcacion-Virgen-Pto-2012-007.jpg\" loading=\"lazy\" class=\"alignnone size-full wp-image-2019\" title=\"Dm Embarcacion Virgen Pto 2012 007\" src=\"http:\/\/desireemartinphoto.com\/blog\/wp-content\/uploads\/2012\/07\/Dm-Embarcacion-Virgen-Pto-2012-007.jpg\" alt=\"\" width=\"550\" height=\"367\" srcset=\"http:\/\/desireemartinphoto.com\/blog\/wp-content\/uploads\/2012\/07\/Dm-Embarcacion-Virgen-Pto-2012-007.jpg 550w, http:\/\/desireemartinphoto.com\/blog\/wp-content\/uploads\/2012\/07\/Dm-Embarcacion-Virgen-Pto-2012-007-300x200.jpg 300w\" sizes=\"(max-width: 550px) 100vw, 550px\" \/><\/a><\/p>\n<p>&nbsp;<\/p>\n<p><a href=\"http:\/\/desireemartinphoto.com\/blog\/wp-content\/uploads\/2012\/07\/Dm-Embarcacion-Virgen-Pto-2012-008.jpg\"><img data-attachment-id=\"2020\" data-permalink=\"http:\/\/desireemartinphoto.com\/blog\/senora-del-mar-cuestion-de-machos\/dm-embarcacion-virgen-pto-2012-008\/\" data-orig-file=\"http:\/\/desireemartinphoto.com\/blog\/wp-content\/uploads\/2012\/07\/Dm-Embarcacion-Virgen-Pto-2012-008.jpg\" data-orig-size=\"550,445\" data-comments-opened=\"1\" data-image-meta=\"{&quot;aperture&quot;:&quot;5.6&quot;,&quot;credit&quot;:&quot;&quot;,&quot;camera&quot;:&quot;Canon EOS 5D Mark II&quot;,&quot;caption&quot;:&quot;&quot;,&quot;created_timestamp&quot;:&quot;1341929185&quot;,&quot;copyright&quot;:&quot;&quot;,&quot;focal_length&quot;:&quot;16&quot;,&quot;iso&quot;:&quot;320&quot;,&quot;shutter_speed&quot;:&quot;0.000625&quot;,&quot;title&quot;:&quot;&quot;}\" data-image-title=\"Dm Embarcacion Virgen Pto 2012 008\" data-image-description=\"\" data-medium-file=\"http:\/\/desireemartinphoto.com\/blog\/wp-content\/uploads\/2012\/07\/Dm-Embarcacion-Virgen-Pto-2012-008-300x242.jpg\" data-large-file=\"http:\/\/desireemartinphoto.com\/blog\/wp-content\/uploads\/2012\/07\/Dm-Embarcacion-Virgen-Pto-2012-008.jpg\" loading=\"lazy\" class=\"alignnone size-full wp-image-2020\" title=\"Dm Embarcacion Virgen Pto 2012 008\" src=\"http:\/\/desireemartinphoto.com\/blog\/wp-content\/uploads\/2012\/07\/Dm-Embarcacion-Virgen-Pto-2012-008.jpg\" alt=\"\" width=\"550\" height=\"445\" srcset=\"http:\/\/desireemartinphoto.com\/blog\/wp-content\/uploads\/2012\/07\/Dm-Embarcacion-Virgen-Pto-2012-008.jpg 550w, http:\/\/desireemartinphoto.com\/blog\/wp-content\/uploads\/2012\/07\/Dm-Embarcacion-Virgen-Pto-2012-008-300x242.jpg 300w\" sizes=\"(max-width: 550px) 100vw, 550px\" \/><\/a><\/p>\n<p>&nbsp;<\/p>\n<p><a href=\"http:\/\/desireemartinphoto.com\/blog\/wp-content\/uploads\/2012\/07\/Dm-Embarcacion-Virgen-Pto-2012-009.jpg\"><img data-attachment-id=\"2021\" data-permalink=\"http:\/\/desireemartinphoto.com\/blog\/senora-del-mar-cuestion-de-machos\/dm-embarcacion-virgen-pto-2012-009\/\" data-orig-file=\"http:\/\/desireemartinphoto.com\/blog\/wp-content\/uploads\/2012\/07\/Dm-Embarcacion-Virgen-Pto-2012-009.jpg\" data-orig-size=\"550,331\" data-comments-opened=\"1\" data-image-meta=\"{&quot;aperture&quot;:&quot;5.6&quot;,&quot;credit&quot;:&quot;&quot;,&quot;camera&quot;:&quot;Canon EOS 5D Mark II&quot;,&quot;caption&quot;:&quot;&quot;,&quot;created_timestamp&quot;:&quot;1341929835&quot;,&quot;copyright&quot;:&quot;&quot;,&quot;focal_length&quot;:&quot;16&quot;,&quot;iso&quot;:&quot;320&quot;,&quot;shutter_speed&quot;:&quot;0.000625&quot;,&quot;title&quot;:&quot;&quot;}\" data-image-title=\"Dm Embarcacion Virgen Pto 2012 009\" data-image-description=\"\" data-medium-file=\"http:\/\/desireemartinphoto.com\/blog\/wp-content\/uploads\/2012\/07\/Dm-Embarcacion-Virgen-Pto-2012-009-300x180.jpg\" data-large-file=\"http:\/\/desireemartinphoto.com\/blog\/wp-content\/uploads\/2012\/07\/Dm-Embarcacion-Virgen-Pto-2012-009.jpg\" loading=\"lazy\" class=\"alignnone size-full wp-image-2021\" title=\"Dm Embarcacion Virgen Pto 2012 009\" src=\"http:\/\/desireemartinphoto.com\/blog\/wp-content\/uploads\/2012\/07\/Dm-Embarcacion-Virgen-Pto-2012-009.jpg\" alt=\"\" width=\"550\" height=\"331\" srcset=\"http:\/\/desireemartinphoto.com\/blog\/wp-content\/uploads\/2012\/07\/Dm-Embarcacion-Virgen-Pto-2012-009.jpg 550w, http:\/\/desireemartinphoto.com\/blog\/wp-content\/uploads\/2012\/07\/Dm-Embarcacion-Virgen-Pto-2012-009-300x180.jpg 300w\" sizes=\"(max-width: 550px) 100vw, 550px\" \/><\/a><\/p>\n<p>&nbsp;<\/p>\n<p><a href=\"http:\/\/desireemartinphoto.com\/blog\/wp-content\/uploads\/2012\/07\/Dm-Embarcacion-Virgen-Pto-2012-010.jpg\"><img data-attachment-id=\"2022\" data-permalink=\"http:\/\/desireemartinphoto.com\/blog\/senora-del-mar-cuestion-de-machos\/dm-embarcacion-virgen-pto-2012-010\/\" data-orig-file=\"http:\/\/desireemartinphoto.com\/blog\/wp-content\/uploads\/2012\/07\/Dm-Embarcacion-Virgen-Pto-2012-010.jpg\" data-orig-size=\"550,564\" data-comments-opened=\"1\" data-image-meta=\"{&quot;aperture&quot;:&quot;5.6&quot;,&quot;credit&quot;:&quot;&quot;,&quot;camera&quot;:&quot;Canon EOS 5D Mark II&quot;,&quot;caption&quot;:&quot;&quot;,&quot;created_timestamp&quot;:&quot;1341930238&quot;,&quot;copyright&quot;:&quot;&quot;,&quot;focal_length&quot;:&quot;22&quot;,&quot;iso&quot;:&quot;320&quot;,&quot;shutter_speed&quot;:&quot;0.0015625&quot;,&quot;title&quot;:&quot;&quot;}\" data-image-title=\"Dm Embarcacion Virgen Pto 2012 010\" data-image-description=\"\" data-medium-file=\"http:\/\/desireemartinphoto.com\/blog\/wp-content\/uploads\/2012\/07\/Dm-Embarcacion-Virgen-Pto-2012-010-292x300.jpg\" data-large-file=\"http:\/\/desireemartinphoto.com\/blog\/wp-content\/uploads\/2012\/07\/Dm-Embarcacion-Virgen-Pto-2012-010.jpg\" loading=\"lazy\" class=\"alignnone size-full wp-image-2022\" title=\"Dm Embarcacion Virgen Pto 2012 010\" src=\"http:\/\/desireemartinphoto.com\/blog\/wp-content\/uploads\/2012\/07\/Dm-Embarcacion-Virgen-Pto-2012-010.jpg\" alt=\"\" width=\"550\" height=\"564\" srcset=\"http:\/\/desireemartinphoto.com\/blog\/wp-content\/uploads\/2012\/07\/Dm-Embarcacion-Virgen-Pto-2012-010.jpg 550w, http:\/\/desireemartinphoto.com\/blog\/wp-content\/uploads\/2012\/07\/Dm-Embarcacion-Virgen-Pto-2012-010-292x300.jpg 292w\" sizes=\"(max-width: 550px) 100vw, 550px\" \/><\/a><\/p>\n<p>&nbsp;<\/p>\n<p><a href=\"http:\/\/desireemartinphoto.com\/blog\/wp-content\/uploads\/2012\/07\/Dm-Embarcacion-Virgen-Pto-2012-011.jpg\"><img data-attachment-id=\"2023\" data-permalink=\"http:\/\/desireemartinphoto.com\/blog\/senora-del-mar-cuestion-de-machos\/dm-embarcacion-virgen-pto-2012-011\/\" data-orig-file=\"http:\/\/desireemartinphoto.com\/blog\/wp-content\/uploads\/2012\/07\/Dm-Embarcacion-Virgen-Pto-2012-011.jpg\" data-orig-size=\"550,259\" data-comments-opened=\"1\" data-image-meta=\"{&quot;aperture&quot;:&quot;5.6&quot;,&quot;credit&quot;:&quot;&quot;,&quot;camera&quot;:&quot;Canon EOS 5D Mark II&quot;,&quot;caption&quot;:&quot;&quot;,&quot;created_timestamp&quot;:&quot;1341930349&quot;,&quot;copyright&quot;:&quot;&quot;,&quot;focal_length&quot;:&quot;22&quot;,&quot;iso&quot;:&quot;320&quot;,&quot;shutter_speed&quot;:&quot;0.00125&quot;,&quot;title&quot;:&quot;&quot;}\" data-image-title=\"Dm Embarcacion Virgen Pto 2012 011\" data-image-description=\"\" data-medium-file=\"http:\/\/desireemartinphoto.com\/blog\/wp-content\/uploads\/2012\/07\/Dm-Embarcacion-Virgen-Pto-2012-011-300x141.jpg\" data-large-file=\"http:\/\/desireemartinphoto.com\/blog\/wp-content\/uploads\/2012\/07\/Dm-Embarcacion-Virgen-Pto-2012-011.jpg\" loading=\"lazy\" class=\"alignnone size-full wp-image-2023\" title=\"Dm Embarcacion Virgen Pto 2012 011\" src=\"http:\/\/desireemartinphoto.com\/blog\/wp-content\/uploads\/2012\/07\/Dm-Embarcacion-Virgen-Pto-2012-011.jpg\" alt=\"\" width=\"550\" height=\"259\" srcset=\"http:\/\/desireemartinphoto.com\/blog\/wp-content\/uploads\/2012\/07\/Dm-Embarcacion-Virgen-Pto-2012-011.jpg 550w, http:\/\/desireemartinphoto.com\/blog\/wp-content\/uploads\/2012\/07\/Dm-Embarcacion-Virgen-Pto-2012-011-300x141.jpg 300w\" sizes=\"(max-width: 550px) 100vw, 550px\" \/><\/a><\/p>\n<p>&nbsp;<\/p>\n<p><a href=\"http:\/\/desireemartinphoto.com\/blog\/wp-content\/uploads\/2012\/07\/Dm-Embarcacion-Virgen-Pto-2012-012.jpg\"><img data-attachment-id=\"2024\" data-permalink=\"http:\/\/desireemartinphoto.com\/blog\/senora-del-mar-cuestion-de-machos\/dm-embarcacion-virgen-pto-2012-012\/\" data-orig-file=\"http:\/\/desireemartinphoto.com\/blog\/wp-content\/uploads\/2012\/07\/Dm-Embarcacion-Virgen-Pto-2012-012.jpg\" data-orig-size=\"550,367\" data-comments-opened=\"1\" data-image-meta=\"{&quot;aperture&quot;:&quot;5.6&quot;,&quot;credit&quot;:&quot;&quot;,&quot;camera&quot;:&quot;Canon EOS 5D Mark II&quot;,&quot;caption&quot;:&quot;&quot;,&quot;created_timestamp&quot;:&quot;1341930352&quot;,&quot;copyright&quot;:&quot;&quot;,&quot;focal_length&quot;:&quot;29&quot;,&quot;iso&quot;:&quot;320&quot;,&quot;shutter_speed&quot;:&quot;0.00125&quot;,&quot;title&quot;:&quot;&quot;}\" data-image-title=\"Dm Embarcacion Virgen Pto 2012 012\" data-image-description=\"\" data-medium-file=\"http:\/\/desireemartinphoto.com\/blog\/wp-content\/uploads\/2012\/07\/Dm-Embarcacion-Virgen-Pto-2012-012-300x200.jpg\" data-large-file=\"http:\/\/desireemartinphoto.com\/blog\/wp-content\/uploads\/2012\/07\/Dm-Embarcacion-Virgen-Pto-2012-012.jpg\" loading=\"lazy\" class=\"alignnone size-full wp-image-2024\" title=\"Dm Embarcacion Virgen Pto 2012 012\" src=\"http:\/\/desireemartinphoto.com\/blog\/wp-content\/uploads\/2012\/07\/Dm-Embarcacion-Virgen-Pto-2012-012.jpg\" alt=\"\" width=\"550\" height=\"367\" srcset=\"http:\/\/desireemartinphoto.com\/blog\/wp-content\/uploads\/2012\/07\/Dm-Embarcacion-Virgen-Pto-2012-012.jpg 550w, http:\/\/desireemartinphoto.com\/blog\/wp-content\/uploads\/2012\/07\/Dm-Embarcacion-Virgen-Pto-2012-012-300x200.jpg 300w\" sizes=\"(max-width: 550px) 100vw, 550px\" \/><\/a><\/p>\n<p>&nbsp;<\/p>\n<p><a href=\"http:\/\/desireemartinphoto.com\/blog\/wp-content\/uploads\/2012\/07\/Dm-Embarcacion-Virgen-Pto-2012-013.jpg\"><img data-attachment-id=\"2025\" data-permalink=\"http:\/\/desireemartinphoto.com\/blog\/senora-del-mar-cuestion-de-machos\/dm-embarcacion-virgen-pto-2012-013\/\" data-orig-file=\"http:\/\/desireemartinphoto.com\/blog\/wp-content\/uploads\/2012\/07\/Dm-Embarcacion-Virgen-Pto-2012-013.jpg\" data-orig-size=\"550,367\" data-comments-opened=\"1\" data-image-meta=\"{&quot;aperture&quot;:&quot;5.6&quot;,&quot;credit&quot;:&quot;&quot;,&quot;camera&quot;:&quot;Canon EOS 5D Mark II&quot;,&quot;caption&quot;:&quot;&quot;,&quot;created_timestamp&quot;:&quot;1341930494&quot;,&quot;copyright&quot;:&quot;&quot;,&quot;focal_length&quot;:&quot;16&quot;,&quot;iso&quot;:&quot;320&quot;,&quot;shutter_speed&quot;:&quot;0.0025&quot;,&quot;title&quot;:&quot;&quot;}\" data-image-title=\"Dm Embarcacion Virgen Pto 2012 013\" data-image-description=\"\" data-medium-file=\"http:\/\/desireemartinphoto.com\/blog\/wp-content\/uploads\/2012\/07\/Dm-Embarcacion-Virgen-Pto-2012-013-300x200.jpg\" data-large-file=\"http:\/\/desireemartinphoto.com\/blog\/wp-content\/uploads\/2012\/07\/Dm-Embarcacion-Virgen-Pto-2012-013.jpg\" loading=\"lazy\" class=\"alignnone size-full wp-image-2025\" title=\"Dm Embarcacion Virgen Pto 2012 013\" src=\"http:\/\/desireemartinphoto.com\/blog\/wp-content\/uploads\/2012\/07\/Dm-Embarcacion-Virgen-Pto-2012-013.jpg\" alt=\"\" width=\"550\" height=\"367\" srcset=\"http:\/\/desireemartinphoto.com\/blog\/wp-content\/uploads\/2012\/07\/Dm-Embarcacion-Virgen-Pto-2012-013.jpg 550w, http:\/\/desireemartinphoto.com\/blog\/wp-content\/uploads\/2012\/07\/Dm-Embarcacion-Virgen-Pto-2012-013-300x200.jpg 300w\" sizes=\"(max-width: 550px) 100vw, 550px\" \/><\/a><\/p>\n<p>&nbsp;<\/p>\n<p><a href=\"http:\/\/desireemartinphoto.com\/blog\/wp-content\/uploads\/2012\/07\/Dm-Embarcacion-Virgen-Pto-2012-014.jpg\"><img data-attachment-id=\"2026\" data-permalink=\"http:\/\/desireemartinphoto.com\/blog\/senora-del-mar-cuestion-de-machos\/dm-embarcacion-virgen-pto-2012-014\/\" data-orig-file=\"http:\/\/desireemartinphoto.com\/blog\/wp-content\/uploads\/2012\/07\/Dm-Embarcacion-Virgen-Pto-2012-014.jpg\" data-orig-size=\"550,367\" data-comments-opened=\"1\" data-image-meta=\"{&quot;aperture&quot;:&quot;5.6&quot;,&quot;credit&quot;:&quot;&quot;,&quot;camera&quot;:&quot;Canon EOS 5D Mark II&quot;,&quot;caption&quot;:&quot;&quot;,&quot;created_timestamp&quot;:&quot;1341947108&quot;,&quot;copyright&quot;:&quot;&quot;,&quot;focal_length&quot;:&quot;200&quot;,&quot;iso&quot;:&quot;400&quot;,&quot;shutter_speed&quot;:&quot;0.004&quot;,&quot;title&quot;:&quot;&quot;}\" data-image-title=\"Dm Embarcacion Virgen Pto 2012 014\" data-image-description=\"\" data-medium-file=\"http:\/\/desireemartinphoto.com\/blog\/wp-content\/uploads\/2012\/07\/Dm-Embarcacion-Virgen-Pto-2012-014-300x200.jpg\" data-large-file=\"http:\/\/desireemartinphoto.com\/blog\/wp-content\/uploads\/2012\/07\/Dm-Embarcacion-Virgen-Pto-2012-014.jpg\" loading=\"lazy\" class=\"alignnone size-full wp-image-2026\" title=\"Dm Embarcacion Virgen Pto 2012 014\" src=\"http:\/\/desireemartinphoto.com\/blog\/wp-content\/uploads\/2012\/07\/Dm-Embarcacion-Virgen-Pto-2012-014.jpg\" alt=\"\" width=\"550\" height=\"367\" srcset=\"http:\/\/desireemartinphoto.com\/blog\/wp-content\/uploads\/2012\/07\/Dm-Embarcacion-Virgen-Pto-2012-014.jpg 550w, http:\/\/desireemartinphoto.com\/blog\/wp-content\/uploads\/2012\/07\/Dm-Embarcacion-Virgen-Pto-2012-014-300x200.jpg 300w\" sizes=\"(max-width: 550px) 100vw, 550px\" \/><\/a><\/p>\n<p>Todo, antesala del gran instante, la Embarcaci\u00f3n de la Virgen del Carmen del Puerto de la Cruz 2012.<\/p>\n<p>&nbsp;<\/p>\n<p><a href=\"http:\/\/desireemartinphoto.com\/blog\/wp-content\/uploads\/2012\/07\/Dm-Embarcacion-Virgen-Pto-2012-014.jpg\"><\/a><a href=\"http:\/\/desireemartinphoto.com\/blog\/wp-content\/uploads\/2012\/07\/Dm-Embarcacion-Virgen-Pto-2012-015.jpg\"><img data-attachment-id=\"2027\" data-permalink=\"http:\/\/desireemartinphoto.com\/blog\/senora-del-mar-cuestion-de-machos\/dm-embarcacion-virgen-pto-2012-015\/\" data-orig-file=\"http:\/\/desireemartinphoto.com\/blog\/wp-content\/uploads\/2012\/07\/Dm-Embarcacion-Virgen-Pto-2012-015.jpg\" data-orig-size=\"383,550\" data-comments-opened=\"1\" data-image-meta=\"{&quot;aperture&quot;:&quot;0&quot;,&quot;credit&quot;:&quot;&quot;,&quot;camera&quot;:&quot;&quot;,&quot;caption&quot;:&quot;&quot;,&quot;created_timestamp&quot;:&quot;1343053138&quot;,&quot;copyright&quot;:&quot;&quot;,&quot;focal_length&quot;:&quot;0&quot;,&quot;iso&quot;:&quot;0&quot;,&quot;shutter_speed&quot;:&quot;0&quot;,&quot;title&quot;:&quot;&quot;}\" data-image-title=\"Dm Embarcacion Virgen Pto 2012 015\" data-image-description=\"\" data-medium-file=\"http:\/\/desireemartinphoto.com\/blog\/wp-content\/uploads\/2012\/07\/Dm-Embarcacion-Virgen-Pto-2012-015-208x300.jpg\" data-large-file=\"http:\/\/desireemartinphoto.com\/blog\/wp-content\/uploads\/2012\/07\/Dm-Embarcacion-Virgen-Pto-2012-015.jpg\" loading=\"lazy\" class=\"alignnone size-full wp-image-2027\" title=\"Dm Embarcacion Virgen Pto 2012 015\" src=\"http:\/\/desireemartinphoto.com\/blog\/wp-content\/uploads\/2012\/07\/Dm-Embarcacion-Virgen-Pto-2012-015.jpg\" alt=\"\" width=\"383\" height=\"550\" srcset=\"http:\/\/desireemartinphoto.com\/blog\/wp-content\/uploads\/2012\/07\/Dm-Embarcacion-Virgen-Pto-2012-015.jpg 383w, http:\/\/desireemartinphoto.com\/blog\/wp-content\/uploads\/2012\/07\/Dm-Embarcacion-Virgen-Pto-2012-015-208x300.jpg 208w\" sizes=\"(max-width: 383px) 100vw, 383px\" \/><\/a><\/p>\n<p>&nbsp;<\/p>\n<p><a href=\"http:\/\/desireemartinphoto.com\/blog\/wp-content\/uploads\/2012\/07\/Dm-Embarcacion-Virgen-Pto-2012-016.jpg\"><img data-attachment-id=\"2028\" data-permalink=\"http:\/\/desireemartinphoto.com\/blog\/senora-del-mar-cuestion-de-machos\/attachment\/2028\/\" data-orig-file=\"http:\/\/desireemartinphoto.com\/blog\/wp-content\/uploads\/2012\/07\/Dm-Embarcacion-Virgen-Pto-2012-016.jpg\" data-orig-size=\"550,367\" data-comments-opened=\"1\" data-image-meta=\"{&quot;aperture&quot;:&quot;5.6&quot;,&quot;credit&quot;:&quot;DESIREE MARTIN&quot;,&quot;camera&quot;:&quot;Canon EOS 5D Mark II&quot;,&quot;caption&quot;:&quot;SPAIN: Tenerife : About 25,000 people attend on July 10, 2012, the boat procession of the Virgin of Carmen ( Virgen del Carmen), the protector of fisherman, at Puerto de la Cruz on Spain&#039;s Canary island of Tenerife. AFP PHOTO \\\/ Desiree Martin&quot;,&quot;created_timestamp&quot;:&quot;1341947985&quot;,&quot;copyright&quot;:&quot;AFP ImageForum&quot;,&quot;focal_length&quot;:&quot;16&quot;,&quot;iso&quot;:&quot;400&quot;,&quot;shutter_speed&quot;:&quot;0.004&quot;,&quot;title&quot;:&quot;-&quot;}\" data-image-title=\"&#8211;\" data-image-description=\"\" data-medium-file=\"http:\/\/desireemartinphoto.com\/blog\/wp-content\/uploads\/2012\/07\/Dm-Embarcacion-Virgen-Pto-2012-016-300x200.jpg\" data-large-file=\"http:\/\/desireemartinphoto.com\/blog\/wp-content\/uploads\/2012\/07\/Dm-Embarcacion-Virgen-Pto-2012-016.jpg\" loading=\"lazy\" class=\"alignnone size-full wp-image-2028\" title=\"-\" src=\"http:\/\/desireemartinphoto.com\/blog\/wp-content\/uploads\/2012\/07\/Dm-Embarcacion-Virgen-Pto-2012-016.jpg\" alt=\"\" width=\"550\" height=\"367\" srcset=\"http:\/\/desireemartinphoto.com\/blog\/wp-content\/uploads\/2012\/07\/Dm-Embarcacion-Virgen-Pto-2012-016.jpg 550w, http:\/\/desireemartinphoto.com\/blog\/wp-content\/uploads\/2012\/07\/Dm-Embarcacion-Virgen-Pto-2012-016-300x200.jpg 300w\" sizes=\"(max-width: 550px) 100vw, 550px\" \/><\/a><\/p>\n<p>&#8230;se oye:\u00a0 &#8220;La Virgen del Carmen tiene, \u00a1tiene!, unos zapatitos blancos, \u00a1blancos!, que se los hizo San Telmo, \u00a1Telmo!, con las telas de su mantoooooOOO &#8230;ay,ay,ay&#8230;ay,ay,ay &#8230;. &#8221;<\/p>\n<p><a href=\"http:\/\/desireemartinphoto.com\/blog\/wp-content\/uploads\/2012\/07\/Dm-Embarcacion-Virgen-Pto-2012-017.jpg\"><img data-attachment-id=\"2029\" data-permalink=\"http:\/\/desireemartinphoto.com\/blog\/senora-del-mar-cuestion-de-machos\/attachment\/2029\/\" data-orig-file=\"http:\/\/desireemartinphoto.com\/blog\/wp-content\/uploads\/2012\/07\/Dm-Embarcacion-Virgen-Pto-2012-017.jpg\" data-orig-size=\"550,367\" data-comments-opened=\"1\" data-image-meta=\"{&quot;aperture&quot;:&quot;4.5&quot;,&quot;credit&quot;:&quot;DESIREE MARTIN&quot;,&quot;camera&quot;:&quot;Canon EOS 5D Mark II&quot;,&quot;caption&quot;:&quot;SPAIN: Tenerife : About 25,000 people attend on July 10, 2012, the boat procession of the Virgin of Carmen ( Virgen del Carmen), the protector of fisherman, at Puerto de la Cruz on Spain&#039;s Canary island of Tenerife. AFP PHOTO \\\/ Desiree Martin&quot;,&quot;created_timestamp&quot;:&quot;1341948170&quot;,&quot;copyright&quot;:&quot;AFP ImageForum&quot;,&quot;focal_length&quot;:&quot;73&quot;,&quot;iso&quot;:&quot;400&quot;,&quot;shutter_speed&quot;:&quot;0.003125&quot;,&quot;title&quot;:&quot;-&quot;}\" data-image-title=\"&#8211;\" data-image-description=\"\" data-medium-file=\"http:\/\/desireemartinphoto.com\/blog\/wp-content\/uploads\/2012\/07\/Dm-Embarcacion-Virgen-Pto-2012-017-300x200.jpg\" data-large-file=\"http:\/\/desireemartinphoto.com\/blog\/wp-content\/uploads\/2012\/07\/Dm-Embarcacion-Virgen-Pto-2012-017.jpg\" loading=\"lazy\" class=\"alignnone size-full wp-image-2029\" title=\"-\" src=\"http:\/\/desireemartinphoto.com\/blog\/wp-content\/uploads\/2012\/07\/Dm-Embarcacion-Virgen-Pto-2012-017.jpg\" alt=\"\" width=\"550\" height=\"367\" srcset=\"http:\/\/desireemartinphoto.com\/blog\/wp-content\/uploads\/2012\/07\/Dm-Embarcacion-Virgen-Pto-2012-017.jpg 550w, http:\/\/desireemartinphoto.com\/blog\/wp-content\/uploads\/2012\/07\/Dm-Embarcacion-Virgen-Pto-2012-017-300x200.jpg 300w\" sizes=\"(max-width: 550px) 100vw, 550px\" \/><\/a><\/p>\n<p>&nbsp;<\/p>\n<p><img data-attachment-id=\"2030\" data-permalink=\"http:\/\/desireemartinphoto.com\/blog\/senora-del-mar-cuestion-de-machos\/attachment\/2030\/\" data-orig-file=\"http:\/\/desireemartinphoto.com\/blog\/wp-content\/uploads\/2012\/07\/Dm-Embarcacion-Virgen-Pto-2012-018.jpg\" data-orig-size=\"550,367\" data-comments-opened=\"1\" data-image-meta=\"{&quot;aperture&quot;:&quot;6.3&quot;,&quot;credit&quot;:&quot;DESIREE MARTIN&quot;,&quot;camera&quot;:&quot;Canon EOS 5D Mark II&quot;,&quot;caption&quot;:&quot;SPAIN: Tenerife : About 25,000 people attend on July 10, 2012, the boat procession of the Virgin of Carmen ( Virgen del Carmen), the protector of fisherman, at Puerto de la Cruz on Spain&#039;s Canary island of Tenerife. AFP PHOTO \\\/ Desiree Martin&quot;,&quot;created_timestamp&quot;:&quot;1341948304&quot;,&quot;copyright&quot;:&quot;AFP ImageForum&quot;,&quot;focal_length&quot;:&quot;23&quot;,&quot;iso&quot;:&quot;640&quot;,&quot;shutter_speed&quot;:&quot;0.0025&quot;,&quot;title&quot;:&quot;-&quot;}\" data-image-title=\"&#8211;\" data-image-description=\"\" data-medium-file=\"http:\/\/desireemartinphoto.com\/blog\/wp-content\/uploads\/2012\/07\/Dm-Embarcacion-Virgen-Pto-2012-018-300x200.jpg\" data-large-file=\"http:\/\/desireemartinphoto.com\/blog\/wp-content\/uploads\/2012\/07\/Dm-Embarcacion-Virgen-Pto-2012-018.jpg\" loading=\"lazy\" class=\"alignnone size-full wp-image-2030\" title=\"-\" src=\"http:\/\/desireemartinphoto.com\/blog\/wp-content\/uploads\/2012\/07\/Dm-Embarcacion-Virgen-Pto-2012-018.jpg\" alt=\"\" width=\"550\" height=\"367\" srcset=\"http:\/\/desireemartinphoto.com\/blog\/wp-content\/uploads\/2012\/07\/Dm-Embarcacion-Virgen-Pto-2012-018.jpg 550w, http:\/\/desireemartinphoto.com\/blog\/wp-content\/uploads\/2012\/07\/Dm-Embarcacion-Virgen-Pto-2012-018-300x200.jpg 300w\" sizes=\"(max-width: 550px) 100vw, 550px\" \/><\/p>\n<p>Dicen que una vez que la virgen toca el agua de la playa \u00e9sta queda bendecida, por eso chapotean en ella&#8230; aunque no estoy segura que todos lo hagan por \u00e9sto.<\/p>\n<p>&nbsp;<\/p>\n<p><a href=\"http:\/\/desireemartinphoto.com\/blog\/wp-content\/uploads\/2012\/07\/Dm-Embarcacion-Virgen-Pto-2012-019.jpg\"><img data-attachment-id=\"2031\" data-permalink=\"http:\/\/desireemartinphoto.com\/blog\/senora-del-mar-cuestion-de-machos\/attachment\/2031\/\" data-orig-file=\"http:\/\/desireemartinphoto.com\/blog\/wp-content\/uploads\/2012\/07\/Dm-Embarcacion-Virgen-Pto-2012-019.jpg\" data-orig-size=\"550,367\" data-comments-opened=\"1\" data-image-meta=\"{&quot;aperture&quot;:&quot;6.3&quot;,&quot;credit&quot;:&quot;DESIREE MARTIN&quot;,&quot;camera&quot;:&quot;Canon EOS 5D Mark II&quot;,&quot;caption&quot;:&quot;SPAIN: Tenerife : About 25,000 people attend on July 10, 2012, the boat procession of the Virgin of Carmen ( Virgen del Carmen), the protector of fisherman, at Puerto de la Cruz on Spain&#039;s Canary island of Tenerife. AFP PHOTO \\\/ Desiree Martin&quot;,&quot;created_timestamp&quot;:&quot;1341948325&quot;,&quot;copyright&quot;:&quot;AFP ImageForum&quot;,&quot;focal_length&quot;:&quot;16&quot;,&quot;iso&quot;:&quot;640&quot;,&quot;shutter_speed&quot;:&quot;0.005&quot;,&quot;title&quot;:&quot;-&quot;}\" data-image-title=\"&#8211;\" data-image-description=\"\" data-medium-file=\"http:\/\/desireemartinphoto.com\/blog\/wp-content\/uploads\/2012\/07\/Dm-Embarcacion-Virgen-Pto-2012-019-300x200.jpg\" data-large-file=\"http:\/\/desireemartinphoto.com\/blog\/wp-content\/uploads\/2012\/07\/Dm-Embarcacion-Virgen-Pto-2012-019.jpg\" loading=\"lazy\" class=\"alignnone size-full wp-image-2031\" title=\"-\" src=\"http:\/\/desireemartinphoto.com\/blog\/wp-content\/uploads\/2012\/07\/Dm-Embarcacion-Virgen-Pto-2012-019.jpg\" alt=\"\" width=\"550\" height=\"367\" srcset=\"http:\/\/desireemartinphoto.com\/blog\/wp-content\/uploads\/2012\/07\/Dm-Embarcacion-Virgen-Pto-2012-019.jpg 550w, http:\/\/desireemartinphoto.com\/blog\/wp-content\/uploads\/2012\/07\/Dm-Embarcacion-Virgen-Pto-2012-019-300x200.jpg 300w\" sizes=\"(max-width: 550px) 100vw, 550px\" \/><\/a><\/p>\n<p>&nbsp;<\/p>\n<p><a href=\"http:\/\/desireemartinphoto.com\/blog\/wp-content\/uploads\/2012\/07\/Dm-Embarcacion-Virgen-Pto-2012-020.jpg\"><img data-attachment-id=\"2032\" data-permalink=\"http:\/\/desireemartinphoto.com\/blog\/senora-del-mar-cuestion-de-machos\/attachment\/2032\/\" data-orig-file=\"http:\/\/desireemartinphoto.com\/blog\/wp-content\/uploads\/2012\/07\/Dm-Embarcacion-Virgen-Pto-2012-020.jpg\" data-orig-size=\"550,384\" data-comments-opened=\"1\" data-image-meta=\"{&quot;aperture&quot;:&quot;6.3&quot;,&quot;credit&quot;:&quot;DESIREE MARTIN&quot;,&quot;camera&quot;:&quot;Canon EOS 5D Mark II&quot;,&quot;caption&quot;:&quot;SPAIN: Tenerife : About 25,000 people attend on July 10, 2012, the boat procession of the Virgin of Carmen ( Virgen del Carmen), the protector of fisherman, at Puerto de la Cruz on Spain&#039;s Canary island of Tenerife. AFP PHOTO \\\/ Desiree Martin&quot;,&quot;created_timestamp&quot;:&quot;1341948314&quot;,&quot;copyright&quot;:&quot;AFP ImageForum&quot;,&quot;focal_length&quot;:&quot;26&quot;,&quot;iso&quot;:&quot;640&quot;,&quot;shutter_speed&quot;:&quot;0.0025&quot;,&quot;title&quot;:&quot;-&quot;}\" data-image-title=\"&#8211;\" data-image-description=\"\" data-medium-file=\"http:\/\/desireemartinphoto.com\/blog\/wp-content\/uploads\/2012\/07\/Dm-Embarcacion-Virgen-Pto-2012-020-300x209.jpg\" data-large-file=\"http:\/\/desireemartinphoto.com\/blog\/wp-content\/uploads\/2012\/07\/Dm-Embarcacion-Virgen-Pto-2012-020.jpg\" loading=\"lazy\" class=\"alignnone size-full wp-image-2032\" title=\"-\" src=\"http:\/\/desireemartinphoto.com\/blog\/wp-content\/uploads\/2012\/07\/Dm-Embarcacion-Virgen-Pto-2012-020.jpg\" alt=\"\" width=\"550\" height=\"384\" srcset=\"http:\/\/desireemartinphoto.com\/blog\/wp-content\/uploads\/2012\/07\/Dm-Embarcacion-Virgen-Pto-2012-020.jpg 550w, http:\/\/desireemartinphoto.com\/blog\/wp-content\/uploads\/2012\/07\/Dm-Embarcacion-Virgen-Pto-2012-020-300x209.jpg 300w\" sizes=\"(max-width: 550px) 100vw, 550px\" \/><\/a><\/p>\n<p>Los pescadores,ellos son los responsables de la Virgen .. ..ellos son los costaleros.<\/p>\n<p>&nbsp;<\/p>\n<p><a href=\"http:\/\/desireemartinphoto.com\/blog\/wp-content\/uploads\/2012\/07\/Dm-Embarcacion-Virgen-Pto-2012-021.jpg\"><img data-attachment-id=\"2033\" data-permalink=\"http:\/\/desireemartinphoto.com\/blog\/senora-del-mar-cuestion-de-machos\/attachment\/2033\/\" data-orig-file=\"http:\/\/desireemartinphoto.com\/blog\/wp-content\/uploads\/2012\/07\/Dm-Embarcacion-Virgen-Pto-2012-021.jpg\" data-orig-size=\"550,367\" data-comments-opened=\"1\" data-image-meta=\"{&quot;aperture&quot;:&quot;10&quot;,&quot;credit&quot;:&quot;DESIREE MARTIN&quot;,&quot;camera&quot;:&quot;Canon EOS 5D Mark II&quot;,&quot;caption&quot;:&quot;SPAIN: Tenerife : About 25,000 people attend on July 10, 2012, the boat procession of the Virgin of Carmen ( Virgen del Carmen), the protector of fisherman, at Puerto de la Cruz on Spain&#039;s Canary island of Tenerife. AFP PHOTO \\\/ Desiree Martin&quot;,&quot;created_timestamp&quot;:&quot;1341948380&quot;,&quot;copyright&quot;:&quot;AFP ImageForum&quot;,&quot;focal_length&quot;:&quot;16&quot;,&quot;iso&quot;:&quot;640&quot;,&quot;shutter_speed&quot;:&quot;0.008&quot;,&quot;title&quot;:&quot;-&quot;}\" data-image-title=\"&#8211;\" data-image-description=\"\" data-medium-file=\"http:\/\/desireemartinphoto.com\/blog\/wp-content\/uploads\/2012\/07\/Dm-Embarcacion-Virgen-Pto-2012-021-300x200.jpg\" data-large-file=\"http:\/\/desireemartinphoto.com\/blog\/wp-content\/uploads\/2012\/07\/Dm-Embarcacion-Virgen-Pto-2012-021.jpg\" loading=\"lazy\" class=\"alignnone size-full wp-image-2033\" title=\"-\" src=\"http:\/\/desireemartinphoto.com\/blog\/wp-content\/uploads\/2012\/07\/Dm-Embarcacion-Virgen-Pto-2012-021.jpg\" alt=\"\" width=\"550\" height=\"367\" srcset=\"http:\/\/desireemartinphoto.com\/blog\/wp-content\/uploads\/2012\/07\/Dm-Embarcacion-Virgen-Pto-2012-021.jpg 550w, http:\/\/desireemartinphoto.com\/blog\/wp-content\/uploads\/2012\/07\/Dm-Embarcacion-Virgen-Pto-2012-021-300x200.jpg 300w\" sizes=\"(max-width: 550px) 100vw, 550px\" \/><\/a><\/p>\n<p>&nbsp;<\/p>\n<p>La Se\u00f1ora del mar &#8230;cuesti\u00f3n de machos.<\/p>\n<p><img data-attachment-id=\"2034\" data-permalink=\"http:\/\/desireemartinphoto.com\/blog\/senora-del-mar-cuestion-de-machos\/attachment\/2034\/\" data-orig-file=\"http:\/\/desireemartinphoto.com\/blog\/wp-content\/uploads\/2012\/07\/Dm-Embarcacion-Virgen-Pto-2012-022.jpg\" data-orig-size=\"550,271\" data-comments-opened=\"1\" data-image-meta=\"{&quot;aperture&quot;:&quot;10&quot;,&quot;credit&quot;:&quot;DESIREE MARTIN&quot;,&quot;camera&quot;:&quot;Canon EOS 5D Mark II&quot;,&quot;caption&quot;:&quot;SPAIN: Tenerife : About 25,000 people attend on July 10, 2012, the boat procession of the Virgin of Carmen ( Virgen del Carmen), the protector of fisherman, at Puerto de la Cruz on Spain&#039;s Canary island of Tenerife. AFP PHOTO \\\/ Desiree Martin&quot;,&quot;created_timestamp&quot;:&quot;1341948342&quot;,&quot;copyright&quot;:&quot;AFP ImageForum&quot;,&quot;focal_length&quot;:&quot;16&quot;,&quot;iso&quot;:&quot;640&quot;,&quot;shutter_speed&quot;:&quot;0.005&quot;,&quot;title&quot;:&quot;-&quot;}\" data-image-title=\"&#8211;\" data-image-description=\"\" data-medium-file=\"http:\/\/desireemartinphoto.com\/blog\/wp-content\/uploads\/2012\/07\/Dm-Embarcacion-Virgen-Pto-2012-022-300x147.jpg\" data-large-file=\"http:\/\/desireemartinphoto.com\/blog\/wp-content\/uploads\/2012\/07\/Dm-Embarcacion-Virgen-Pto-2012-022.jpg\" loading=\"lazy\" class=\"alignnone size-full wp-image-2034\" title=\"-\" src=\"http:\/\/desireemartinphoto.com\/blog\/wp-content\/uploads\/2012\/07\/Dm-Embarcacion-Virgen-Pto-2012-022.jpg\" alt=\"\" width=\"550\" height=\"271\" srcset=\"http:\/\/desireemartinphoto.com\/blog\/wp-content\/uploads\/2012\/07\/Dm-Embarcacion-Virgen-Pto-2012-022.jpg 550w, http:\/\/desireemartinphoto.com\/blog\/wp-content\/uploads\/2012\/07\/Dm-Embarcacion-Virgen-Pto-2012-022-300x147.jpg 300w\" sizes=\"(max-width: 550px) 100vw, 550px\" \/><\/p>\n<p>&nbsp;<\/p>\n<p>&nbsp;<\/p>\n<div class=\"sharedaddy sd-sharing-enabled\"><div class=\"robots-nocontent sd-block sd-social sd-social-icon-text sd-sharing\"><h3 class=\"sd-title\">COMPARTE ESTO:<\/h3><div class=\"sd-content\"><ul><li class=\"share-facebook\"><a rel=\"nofollow noopener noreferrer\" data-shared=\"sharing-facebook-2012\" class=\"share-facebook sd-button share-icon\" href=\"http:\/\/desireemartinphoto.com\/blog\/senora-del-mar-cuestion-de-machos\/?share=facebook\" target=\"_blank\" title=\"Haz clic para compartir en Facebook\"><span>Facebook<\/span><\/a><\/li><li class=\"share-twitter\"><a rel=\"nofollow noopener noreferrer\" data-shared=\"sharing-twitter-2012\" class=\"share-twitter sd-button share-icon\" href=\"http:\/\/desireemartinphoto.com\/blog\/senora-del-mar-cuestion-de-machos\/?share=twitter\" target=\"_blank\" title=\"Haz clic para compartir en Twitter\"><span>Twitter<\/span><\/a><\/li><li class=\"share-email\"><a rel=\"nofollow noopener noreferrer\" data-shared=\"\" class=\"share-email sd-button share-icon\" href=\"http:\/\/desireemartinphoto.com\/blog\/senora-del-mar-cuestion-de-machos\/?share=email\" target=\"_blank\" title=\"Haz clic para enviar por correo electr\u00f3nico a un amigo\"><span>Correo electr\u00f3nico<\/span><\/a><\/li><li class=\"share-linkedin\"><a rel=\"nofollow noopener noreferrer\" data-shared=\"sharing-linkedin-2012\" class=\"share-linkedin sd-button share-icon\" href=\"http:\/\/desireemartinphoto.com\/blog\/senora-del-mar-cuestion-de-machos\/?share=linkedin\" target=\"_blank\" title=\"Haz clic para compartir en LinkedIn\"><span>LinkedIn<\/span><\/a><\/li><li class=\"share-tumblr\"><a rel=\"nofollow noopener noreferrer\" data-shared=\"\" class=\"share-tumblr sd-button share-icon\" href=\"http:\/\/desireemartinphoto.com\/blog\/senora-del-mar-cuestion-de-machos\/?share=tumblr\" target=\"_blank\" title=\"Haz clic para compartir en Tumblr\"><span>Tumblr<\/span><\/a><\/li><li class=\"share-end\"><\/li><\/ul><\/div><\/div><\/div>","protected":false},"excerpt":{"rendered":"<p>&nbsp; Como cada seg\u00fando martes de julio, el pasado d\u00eda 10, se celebr\u00f3 en el Puerto de la Cruz la Embarcaci\u00f3n de la Virgen del Carmen. El barrio de la Ranilla, barrio de los pescadores de la zona, se engalan\u00f3 para la ocasi\u00f3n. &nbsp; &nbsp; &#8230; al tiempo que los hombres se hac\u00edan los protagonistas [&#038;hellip<\/p>\n<div class=\"sharedaddy sd-sharing-enabled\"><div class=\"robots-nocontent sd-block sd-social sd-social-icon-text sd-sharing\"><h3 class=\"sd-title\">COMPARTE ESTO:<\/h3><div class=\"sd-content\"><ul><li class=\"share-facebook\"><a rel=\"nofollow noopener noreferrer\" data-shared=\"sharing-facebook-2012\" class=\"share-facebook sd-button share-icon\" href=\"http:\/\/desireemartinphoto.com\/blog\/senora-del-mar-cuestion-de-machos\/?share=facebook\" target=\"_blank\" title=\"Haz clic para compartir en Facebook\"><span>Facebook<\/span><\/a><\/li><li class=\"share-twitter\"><a rel=\"nofollow noopener noreferrer\" data-shared=\"sharing-twitter-2012\" class=\"share-twitter sd-button share-icon\" href=\"http:\/\/desireemartinphoto.com\/blog\/senora-del-mar-cuestion-de-machos\/?share=twitter\" target=\"_blank\" title=\"Haz clic para compartir en Twitter\"><span>Twitter<\/span><\/a><\/li><li class=\"share-email\"><a rel=\"nofollow noopener noreferrer\" data-shared=\"\" class=\"share-email sd-button share-icon\" href=\"http:\/\/desireemartinphoto.com\/blog\/senora-del-mar-cuestion-de-machos\/?share=email\" target=\"_blank\" title=\"Haz clic para enviar por correo electr\u00f3nico a un amigo\"><span>Correo electr\u00f3nico<\/span><\/a><\/li><li class=\"share-linkedin\"><a rel=\"nofollow noopener noreferrer\" data-shared=\"sharing-linkedin-2012\" class=\"share-linkedin sd-button share-icon\" href=\"http:\/\/desireemartinphoto.com\/blog\/senora-del-mar-cuestion-de-machos\/?share=linkedin\" target=\"_blank\" title=\"Haz clic para compartir en LinkedIn\"><span>LinkedIn<\/span><\/a><\/li><li class=\"share-tumblr\"><a rel=\"nofollow noopener noreferrer\" data-shared=\"\" class=\"share-tumblr sd-button share-icon\" href=\"http:\/\/desireemartinphoto.com\/blog\/senora-del-mar-cuestion-de-machos\/?share=tumblr\" target=\"_blank\" title=\"Haz clic para compartir en Tumblr\"><span>Tumblr<\/span><\/a><\/li><li class=\"share-end\"><\/li><\/ul><\/div><\/div><\/div>","protected":false},"author":1,"featured_media":0,"comment_status":"open","ping_status":"open","sticky":false,"template":"","format":"standard","meta":{"spay_email":""},"categories":[1],"tags":[433,59,181,434,6,82,56,61,121],"jetpack_featured_media_url":"","jetpack_sharing_enabled":true,"_links":{"self":[{"href":"http:\/\/desireemartinphoto.com\/blog\/wp-json\/wp\/v2\/posts\/2012"}],"collection":[{"href":"http:\/\/desireemartinphoto.com\/blog\/wp-json\/wp\/v2\/posts"}],"about":[{"href":"http:\/\/desireemartinphoto.com\/blog\/wp-json\/wp\/v2\/types\/post"}],"author":[{"embeddable":true,"href":"http:\/\/desireemartinphoto.com\/blog\/wp-json\/wp\/v2\/users\/1"}],"replies":[{"embeddable":true,"href":"http:\/\/desireemartinphoto.com\/blog\/wp-json\/wp\/v2\/comments?post=2012"}],"version-history":[{"count":4,"href":"http:\/\/desireemartinphoto.com\/blog\/wp-json\/wp\/v2\/posts\/2012\/revisions"}],"predecessor-version":[{"id":2038,"href":"http:\/\/desireemartinphoto.com\/blog\/wp-json\/wp\/v2\/posts\/2012\/revisions\/2038"}],"wp:attachment":[{"href":"http:\/\/desireemartinphoto.com\/blog\/wp-json\/wp\/v2\/media?parent=2012"}],"wp:term":[{"taxonomy":"category","embeddable":true,"href":"http:\/\/desireemartinphoto.com\/blog\/wp-json\/wp\/v2\/categories?post=2012"},{"taxonomy":"post_tag","embeddable":true,"href":"http:\/\/desireemartinphoto.com\/blog\/wp-json\/wp\/v2\/tags?post=2012"}],"curies":[{"name":"wp","href":"https:\/\/api.w.org\/{rel}","templated":true}]}}