{"id":1991,"date":"2012-07-18T12:01:58","date_gmt":"2012-07-18T12:01:58","guid":{"rendered":"http:\/\/desireemartinphoto.com\/blog\/?p=1991"},"modified":"2012-07-18T12:01:58","modified_gmt":"2012-07-18T12:01:58","slug":"perdida-en-el-4%c2%ba-dia-pero-%c2%a1%c2%a1que-caminos","status":"publish","type":"post","link":"http:\/\/desireemartinphoto.com\/blog\/perdida-en-el-4%c2%ba-dia-pero-%c2%a1%c2%a1que-caminos\/","title":{"rendered":"Perdida en el 4\u00ba d\u00eda..  pero \u00a1\u00a1qu\u00e9 caminos!!"},"content":{"rendered":"<p>&nbsp;<\/p>\n<p>&nbsp;<\/p>\n<p>Busc\u00e1ndo la manera de acceder a la zona del incendio, a una visi\u00f3n diferente &#8230;me encontr\u00e9 esto a un lado del camino:<\/p>\n<p>&nbsp;<\/p>\n<p><img data-attachment-id=\"1992\" data-permalink=\"http:\/\/desireemartinphoto.com\/blog\/perdida-en-el-4%c2%ba-dia-pero-%c2%a1%c2%a1que-caminos\/horizontal-91\/\" data-orig-file=\"http:\/\/desireemartinphoto.com\/blog\/wp-content\/uploads\/2012\/07\/DM-Incendio-Sur-180712-BLOG-2\u00ba-02.jpg\" data-orig-size=\"550,332\" data-comments-opened=\"1\" data-image-meta=\"{&quot;aperture&quot;:&quot;6.3&quot;,&quot;credit&quot;:&quot;DESIREE MARTIN&quot;,&quot;camera&quot;:&quot;Canon EOS 5D Mark II&quot;,&quot;caption&quot;:&quot;SPAIN, Tenerife :  The smoke of the wild fire that began three days ago in the south of Tenerife ,in 18 July 2012, on the spanish canary island of Tenerife. About 1800 neighbors of the town of Vilaflor have been evacuated to Granadilla de Abona.\\nDesiree Martin \\\/AFP PHOTO&quot;,&quot;created_timestamp&quot;:&quot;1342605318&quot;,&quot;copyright&quot;:&quot;ImageForum&quot;,&quot;focal_length&quot;:&quot;26&quot;,&quot;iso&quot;:&quot;100&quot;,&quot;shutter_speed&quot;:&quot;0.001&quot;,&quot;title&quot;:&quot;HORIZONTAL&quot;}\" data-image-title=\"DM-Incendio-Sur-180712-BLOG-2\u00ba-02\" data-image-description=\"\" data-medium-file=\"http:\/\/desireemartinphoto.com\/blog\/wp-content\/uploads\/2012\/07\/DM-Incendio-Sur-180712-BLOG-2\u00ba-02-300x181.jpg\" data-large-file=\"http:\/\/desireemartinphoto.com\/blog\/wp-content\/uploads\/2012\/07\/DM-Incendio-Sur-180712-BLOG-2\u00ba-02.jpg\" loading=\"lazy\" class=\"alignnone size-full wp-image-1992\" src=\"http:\/\/desireemartinphoto.com\/blog\/wp-content\/uploads\/2012\/07\/DM-Incendio-Sur-180712-BLOG-2\u00ba-02.jpg\" alt=\"\" width=\"550\" height=\"332\" srcset=\"http:\/\/desireemartinphoto.com\/blog\/wp-content\/uploads\/2012\/07\/DM-Incendio-Sur-180712-BLOG-2\u00ba-02.jpg 550w, http:\/\/desireemartinphoto.com\/blog\/wp-content\/uploads\/2012\/07\/DM-Incendio-Sur-180712-BLOG-2\u00ba-02-300x181.jpg 300w\" sizes=\"(max-width: 550px) 100vw, 550px\" \/><\/p>\n<p>&nbsp;<\/p>\n<p><img data-attachment-id=\"1993\" data-permalink=\"http:\/\/desireemartinphoto.com\/blog\/perdida-en-el-4%c2%ba-dia-pero-%c2%a1%c2%a1que-caminos\/horizontal-92\/\" data-orig-file=\"http:\/\/desireemartinphoto.com\/blog\/wp-content\/uploads\/2012\/07\/DM-Incendio-Sur-180712-BLOG-2\u00ba-01.jpg\" data-orig-size=\"550,321\" data-comments-opened=\"1\" data-image-meta=\"{&quot;aperture&quot;:&quot;6.3&quot;,&quot;credit&quot;:&quot;DESIREE MARTIN&quot;,&quot;camera&quot;:&quot;Canon EOS 5D Mark II&quot;,&quot;caption&quot;:&quot;SPAIN, Tenerife :  The smoke of the wild fire that began three days ago in the south of Tenerife ,in 18 July 2012, on the spanish canary island of Tenerife. About 1800 neighbors of the town of Vilaflor have been evacuated to Granadilla de Abona.\\nDesiree Martin \\\/AFP PHOTO&quot;,&quot;created_timestamp&quot;:&quot;1342605857&quot;,&quot;copyright&quot;:&quot;ImageForum&quot;,&quot;focal_length&quot;:&quot;145&quot;,&quot;iso&quot;:&quot;100&quot;,&quot;shutter_speed&quot;:&quot;0.0015625&quot;,&quot;title&quot;:&quot;HORIZONTAL&quot;}\" data-image-title=\"DM-Incendio-Sur-180712-BLOG-2\u00ba-01\" data-image-description=\"\" data-medium-file=\"http:\/\/desireemartinphoto.com\/blog\/wp-content\/uploads\/2012\/07\/DM-Incendio-Sur-180712-BLOG-2\u00ba-01-300x175.jpg\" data-large-file=\"http:\/\/desireemartinphoto.com\/blog\/wp-content\/uploads\/2012\/07\/DM-Incendio-Sur-180712-BLOG-2\u00ba-01.jpg\" loading=\"lazy\" class=\"alignnone size-full wp-image-1993\" src=\"http:\/\/desireemartinphoto.com\/blog\/wp-content\/uploads\/2012\/07\/DM-Incendio-Sur-180712-BLOG-2\u00ba-01.jpg\" alt=\"\" width=\"550\" height=\"321\" srcset=\"http:\/\/desireemartinphoto.com\/blog\/wp-content\/uploads\/2012\/07\/DM-Incendio-Sur-180712-BLOG-2\u00ba-01.jpg 550w, http:\/\/desireemartinphoto.com\/blog\/wp-content\/uploads\/2012\/07\/DM-Incendio-Sur-180712-BLOG-2\u00ba-01-300x175.jpg 300w\" sizes=\"(max-width: 550px) 100vw, 550px\" \/><\/p>\n<p>&nbsp;<\/p>\n<p><img data-attachment-id=\"1994\" data-permalink=\"http:\/\/desireemartinphoto.com\/blog\/perdida-en-el-4%c2%ba-dia-pero-%c2%a1%c2%a1que-caminos\/horizontal-93\/\" data-orig-file=\"http:\/\/desireemartinphoto.com\/blog\/wp-content\/uploads\/2012\/07\/DM-Incendio-Sur-180712-BLOG-2\u00ba-03.jpg\" data-orig-size=\"550,301\" data-comments-opened=\"1\" data-image-meta=\"{&quot;aperture&quot;:&quot;6.3&quot;,&quot;credit&quot;:&quot;DESIREE MARTIN&quot;,&quot;camera&quot;:&quot;Canon EOS 5D Mark II&quot;,&quot;caption&quot;:&quot;SPAIN, Tenerife :  The smoke of the wild fire that began three days ago in the south of Tenerife ,in 18 July 2012, on the spanish canary island of Tenerife. About 1800 neighbors of the town of Vilaflor have been evacuated to Granadilla de Abona.\\nDesiree Martin \\\/AFP PHOTO&quot;,&quot;created_timestamp&quot;:&quot;1342606033&quot;,&quot;copyright&quot;:&quot;ImageForum&quot;,&quot;focal_length&quot;:&quot;110&quot;,&quot;iso&quot;:&quot;100&quot;,&quot;shutter_speed&quot;:&quot;0.0008&quot;,&quot;title&quot;:&quot;HORIZONTAL&quot;}\" data-image-title=\"DM-Incendio-Sur-180712-BLOG-2\u00ba-03\" data-image-description=\"\" data-medium-file=\"http:\/\/desireemartinphoto.com\/blog\/wp-content\/uploads\/2012\/07\/DM-Incendio-Sur-180712-BLOG-2\u00ba-03-300x164.jpg\" data-large-file=\"http:\/\/desireemartinphoto.com\/blog\/wp-content\/uploads\/2012\/07\/DM-Incendio-Sur-180712-BLOG-2\u00ba-03.jpg\" loading=\"lazy\" class=\"alignnone size-full wp-image-1994\" src=\"http:\/\/desireemartinphoto.com\/blog\/wp-content\/uploads\/2012\/07\/DM-Incendio-Sur-180712-BLOG-2\u00ba-03.jpg\" alt=\"\" width=\"550\" height=\"301\" srcset=\"http:\/\/desireemartinphoto.com\/blog\/wp-content\/uploads\/2012\/07\/DM-Incendio-Sur-180712-BLOG-2\u00ba-03.jpg 550w, http:\/\/desireemartinphoto.com\/blog\/wp-content\/uploads\/2012\/07\/DM-Incendio-Sur-180712-BLOG-2\u00ba-03-300x164.jpg 300w\" sizes=\"(max-width: 550px) 100vw, 550px\" \/><\/p>\n<p>&nbsp;<\/p>\n<p>&#8230; del otro &#8230;<\/p>\n<p>&nbsp;<\/p>\n<p><img data-attachment-id=\"1995\" data-permalink=\"http:\/\/desireemartinphoto.com\/blog\/perdida-en-el-4%c2%ba-dia-pero-%c2%a1%c2%a1que-caminos\/dm-incendio-sur-180712-blog-2%c2%ba-00\/\" data-orig-file=\"http:\/\/desireemartinphoto.com\/blog\/wp-content\/uploads\/2012\/07\/DM-Incendio-Sur-180712-BLOG-2\u00ba-00.jpg\" data-orig-size=\"550,367\" data-comments-opened=\"1\" data-image-meta=\"{&quot;aperture&quot;:&quot;6.3&quot;,&quot;credit&quot;:&quot;&quot;,&quot;camera&quot;:&quot;Canon EOS 5D Mark II&quot;,&quot;caption&quot;:&quot;&quot;,&quot;created_timestamp&quot;:&quot;1342605762&quot;,&quot;copyright&quot;:&quot;&quot;,&quot;focal_length&quot;:&quot;70&quot;,&quot;iso&quot;:&quot;100&quot;,&quot;shutter_speed&quot;:&quot;0.00125&quot;,&quot;title&quot;:&quot;&quot;}\" data-image-title=\"DM-Incendio-Sur-180712-BLOG-2\u00ba-00\" data-image-description=\"\" data-medium-file=\"http:\/\/desireemartinphoto.com\/blog\/wp-content\/uploads\/2012\/07\/DM-Incendio-Sur-180712-BLOG-2\u00ba-00-300x200.jpg\" data-large-file=\"http:\/\/desireemartinphoto.com\/blog\/wp-content\/uploads\/2012\/07\/DM-Incendio-Sur-180712-BLOG-2\u00ba-00.jpg\" loading=\"lazy\" class=\"alignnone size-full wp-image-1995\" src=\"http:\/\/desireemartinphoto.com\/blog\/wp-content\/uploads\/2012\/07\/DM-Incendio-Sur-180712-BLOG-2\u00ba-00.jpg\" alt=\"\" width=\"550\" height=\"367\" srcset=\"http:\/\/desireemartinphoto.com\/blog\/wp-content\/uploads\/2012\/07\/DM-Incendio-Sur-180712-BLOG-2\u00ba-00.jpg 550w, http:\/\/desireemartinphoto.com\/blog\/wp-content\/uploads\/2012\/07\/DM-Incendio-Sur-180712-BLOG-2\u00ba-00-300x200.jpg 300w\" sizes=\"(max-width: 550px) 100vw, 550px\" \/><\/p>\n<div class=\"sharedaddy sd-sharing-enabled\"><div class=\"robots-nocontent sd-block sd-social sd-social-icon-text sd-sharing\"><h3 class=\"sd-title\">COMPARTE ESTO:<\/h3><div class=\"sd-content\"><ul><li class=\"share-facebook\"><a rel=\"nofollow noopener noreferrer\" data-shared=\"sharing-facebook-1991\" class=\"share-facebook sd-button share-icon\" href=\"http:\/\/desireemartinphoto.com\/blog\/perdida-en-el-4%c2%ba-dia-pero-%c2%a1%c2%a1que-caminos\/?share=facebook\" target=\"_blank\" title=\"Haz clic para compartir en Facebook\"><span>Facebook<\/span><\/a><\/li><li class=\"share-twitter\"><a rel=\"nofollow noopener noreferrer\" data-shared=\"sharing-twitter-1991\" class=\"share-twitter sd-button share-icon\" href=\"http:\/\/desireemartinphoto.com\/blog\/perdida-en-el-4%c2%ba-dia-pero-%c2%a1%c2%a1que-caminos\/?share=twitter\" target=\"_blank\" title=\"Haz clic para compartir en Twitter\"><span>Twitter<\/span><\/a><\/li><li class=\"share-email\"><a rel=\"nofollow noopener noreferrer\" data-shared=\"\" class=\"share-email sd-button share-icon\" href=\"http:\/\/desireemartinphoto.com\/blog\/perdida-en-el-4%c2%ba-dia-pero-%c2%a1%c2%a1que-caminos\/?share=email\" target=\"_blank\" title=\"Haz clic para enviar por correo electr\u00f3nico a un amigo\"><span>Correo electr\u00f3nico<\/span><\/a><\/li><li class=\"share-linkedin\"><a rel=\"nofollow noopener noreferrer\" data-shared=\"sharing-linkedin-1991\" class=\"share-linkedin sd-button share-icon\" href=\"http:\/\/desireemartinphoto.com\/blog\/perdida-en-el-4%c2%ba-dia-pero-%c2%a1%c2%a1que-caminos\/?share=linkedin\" target=\"_blank\" title=\"Haz clic para compartir en LinkedIn\"><span>LinkedIn<\/span><\/a><\/li><li class=\"share-tumblr\"><a rel=\"nofollow noopener noreferrer\" data-shared=\"\" class=\"share-tumblr sd-button share-icon\" href=\"http:\/\/desireemartinphoto.com\/blog\/perdida-en-el-4%c2%ba-dia-pero-%c2%a1%c2%a1que-caminos\/?share=tumblr\" target=\"_blank\" title=\"Haz clic para compartir en Tumblr\"><span>Tumblr<\/span><\/a><\/li><li class=\"share-end\"><\/li><\/ul><\/div><\/div><\/div>","protected":false},"excerpt":{"rendered":"<p>&nbsp; &nbsp; Busc\u00e1ndo la manera de acceder a la zona del incendio, a una visi\u00f3n diferente &#8230;me encontr\u00e9 esto a un lado del camino: &nbsp; &nbsp; &nbsp; &nbsp; &#8230; del otro &#8230; &#038;nbsp<\/p>\n<div class=\"sharedaddy sd-sharing-enabled\"><div class=\"robots-nocontent sd-block sd-social sd-social-icon-text sd-sharing\"><h3 class=\"sd-title\">COMPARTE ESTO:<\/h3><div class=\"sd-content\"><ul><li class=\"share-facebook\"><a rel=\"nofollow noopener noreferrer\" data-shared=\"sharing-facebook-1991\" class=\"share-facebook sd-button share-icon\" href=\"http:\/\/desireemartinphoto.com\/blog\/perdida-en-el-4%c2%ba-dia-pero-%c2%a1%c2%a1que-caminos\/?share=facebook\" target=\"_blank\" title=\"Haz clic para compartir en Facebook\"><span>Facebook<\/span><\/a><\/li><li class=\"share-twitter\"><a rel=\"nofollow noopener noreferrer\" data-shared=\"sharing-twitter-1991\" class=\"share-twitter sd-button share-icon\" href=\"http:\/\/desireemartinphoto.com\/blog\/perdida-en-el-4%c2%ba-dia-pero-%c2%a1%c2%a1que-caminos\/?share=twitter\" target=\"_blank\" title=\"Haz clic para compartir en Twitter\"><span>Twitter<\/span><\/a><\/li><li class=\"share-email\"><a rel=\"nofollow noopener noreferrer\" data-shared=\"\" class=\"share-email sd-button share-icon\" href=\"http:\/\/desireemartinphoto.com\/blog\/perdida-en-el-4%c2%ba-dia-pero-%c2%a1%c2%a1que-caminos\/?share=email\" target=\"_blank\" title=\"Haz clic para enviar por correo electr\u00f3nico a un amigo\"><span>Correo electr\u00f3nico<\/span><\/a><\/li><li class=\"share-linkedin\"><a rel=\"nofollow noopener noreferrer\" data-shared=\"sharing-linkedin-1991\" class=\"share-linkedin sd-button share-icon\" href=\"http:\/\/desireemartinphoto.com\/blog\/perdida-en-el-4%c2%ba-dia-pero-%c2%a1%c2%a1que-caminos\/?share=linkedin\" target=\"_blank\" title=\"Haz clic para compartir en LinkedIn\"><span>LinkedIn<\/span><\/a><\/li><li class=\"share-tumblr\"><a rel=\"nofollow noopener noreferrer\" data-shared=\"\" class=\"share-tumblr sd-button share-icon\" href=\"http:\/\/desireemartinphoto.com\/blog\/perdida-en-el-4%c2%ba-dia-pero-%c2%a1%c2%a1que-caminos\/?share=tumblr\" target=\"_blank\" title=\"Haz clic para compartir en Tumblr\"><span>Tumblr<\/span><\/a><\/li><li class=\"share-end\"><\/li><\/ul><\/div><\/div><\/div>","protected":false},"author":1,"featured_media":0,"comment_status":"open","ping_status":"open","sticky":false,"template":"","format":"standard","meta":{"spay_email":""},"categories":[1],"tags":[],"jetpack_featured_media_url":"","jetpack_sharing_enabled":true,"_links":{"self":[{"href":"http:\/\/desireemartinphoto.com\/blog\/wp-json\/wp\/v2\/posts\/1991"}],"collection":[{"href":"http:\/\/desireemartinphoto.com\/blog\/wp-json\/wp\/v2\/posts"}],"about":[{"href":"http:\/\/desireemartinphoto.com\/blog\/wp-json\/wp\/v2\/types\/post"}],"author":[{"embeddable":true,"href":"http:\/\/desireemartinphoto.com\/blog\/wp-json\/wp\/v2\/users\/1"}],"replies":[{"embeddable":true,"href":"http:\/\/desireemartinphoto.com\/blog\/wp-json\/wp\/v2\/comments?post=1991"}],"version-history":[{"count":2,"href":"http:\/\/desireemartinphoto.com\/blog\/wp-json\/wp\/v2\/posts\/1991\/revisions"}],"predecessor-version":[{"id":1997,"href":"http:\/\/desireemartinphoto.com\/blog\/wp-json\/wp\/v2\/posts\/1991\/revisions\/1997"}],"wp:attachment":[{"href":"http:\/\/desireemartinphoto.com\/blog\/wp-json\/wp\/v2\/media?parent=1991"}],"wp:term":[{"taxonomy":"category","embeddable":true,"href":"http:\/\/desireemartinphoto.com\/blog\/wp-json\/wp\/v2\/categories?post=1991"},{"taxonomy":"post_tag","embeddable":true,"href":"http:\/\/desireemartinphoto.com\/blog\/wp-json\/wp\/v2\/tags?post=1991"}],"curies":[{"name":"wp","href":"https:\/\/api.w.org\/{rel}","templated":true}]}}