{"id":1949,"date":"2012-07-16T11:57:57","date_gmt":"2012-07-16T11:57:57","guid":{"rendered":"http:\/\/desireemartinphoto.com\/blog\/?p=1949"},"modified":"2012-07-16T11:57:57","modified_gmt":"2012-07-16T11:57:57","slug":"segundo-dia-de-fuego","status":"publish","type":"post","link":"http:\/\/desireemartinphoto.com\/blog\/segundo-dia-de-fuego\/","title":{"rendered":"Segundo d\u00eda de fuego&#8230;"},"content":{"rendered":"<p>&nbsp;<\/p>\n<p>&#8230; y ya ha traspasado al Corona Forestal del Parque Nacional de El Teide ( Patrimonio de la Humanidad ) y parece que nada lo parar\u00e1 &#8230; con lo que entrar\u00e1 en el Parque.<\/p>\n<p>Seg\u00fan escuch\u00e9 a los retenes contra incendios.. no hay nada que hacer desde tierra, y no hay suficientes dispositivos desde el aire ..as\u00ed que no hay nada que hacer por ahora &#8230; FRUSTRANTE!!<\/p>\n<p>&nbsp;<\/p>\n<p><img data-attachment-id=\"1950\" data-permalink=\"http:\/\/desireemartinphoto.com\/blog\/segundo-dia-de-fuego\/horizontal-63\/\" data-orig-file=\"http:\/\/desireemartinphoto.com\/blog\/wp-content\/uploads\/2012\/07\/DM-Incendio-forestal-2\u00ba-160712-BLOG-01.jpg\" data-orig-size=\"550,338\" data-comments-opened=\"1\" data-image-meta=\"{&quot;aperture&quot;:&quot;6.3&quot;,&quot;credit&quot;:&quot;DESIREE MARTIN&quot;,&quot;camera&quot;:&quot;Canon EOS 5D Mark II&quot;,&quot;caption&quot;:&quot;SPAIN, Tenerife : Dark clouds of smoke billow from a wildfire over the town of &gt;Tijoco Alto ( Adeje ) ,16 July 2012, on the spanish canary island of Tenerife.\\n\\nDesiree Martin \\\/AFP PHOTO&quot;,&quot;created_timestamp&quot;:&quot;1342420344&quot;,&quot;copyright&quot;:&quot;ImageForum&quot;,&quot;focal_length&quot;:&quot;16&quot;,&quot;iso&quot;:&quot;1600&quot;,&quot;shutter_speed&quot;:&quot;0.001&quot;,&quot;title&quot;:&quot;HORIZONTAL&quot;}\" data-image-title=\"DM-Incendio-forestal-2\u00ba-160712-BLOG-01\" data-image-description=\"\" data-medium-file=\"http:\/\/desireemartinphoto.com\/blog\/wp-content\/uploads\/2012\/07\/DM-Incendio-forestal-2\u00ba-160712-BLOG-01-300x184.jpg\" data-large-file=\"http:\/\/desireemartinphoto.com\/blog\/wp-content\/uploads\/2012\/07\/DM-Incendio-forestal-2\u00ba-160712-BLOG-01.jpg\" loading=\"lazy\" class=\"alignnone size-full wp-image-1950\" src=\"http:\/\/desireemartinphoto.com\/blog\/wp-content\/uploads\/2012\/07\/DM-Incendio-forestal-2\u00ba-160712-BLOG-01.jpg\" alt=\"\" width=\"550\" height=\"338\" srcset=\"http:\/\/desireemartinphoto.com\/blog\/wp-content\/uploads\/2012\/07\/DM-Incendio-forestal-2\u00ba-160712-BLOG-01.jpg 550w, http:\/\/desireemartinphoto.com\/blog\/wp-content\/uploads\/2012\/07\/DM-Incendio-forestal-2\u00ba-160712-BLOG-01-300x184.jpg 300w\" sizes=\"(max-width: 550px) 100vw, 550px\" \/><\/p>\n<p>&nbsp;<\/p>\n<p><img data-attachment-id=\"1951\" data-permalink=\"http:\/\/desireemartinphoto.com\/blog\/segundo-dia-de-fuego\/horizontal-64\/\" data-orig-file=\"http:\/\/desireemartinphoto.com\/blog\/wp-content\/uploads\/2012\/07\/DM-Incendio-forestal-2\u00ba-160712-BLOG-02.jpg\" data-orig-size=\"550,367\" data-comments-opened=\"1\" data-image-meta=\"{&quot;aperture&quot;:&quot;5.6&quot;,&quot;credit&quot;:&quot;DESIREE MARTIN&quot;,&quot;camera&quot;:&quot;Canon EOS 5D Mark II&quot;,&quot;caption&quot;:&quot;SPAIN, Tenerife : Dark clouds of smoke billow from a wildfire over the town of Adeje and members of the Forest Brigade of the National Park of the El Teine ( World Heritage ) try to control the fire,16 July 2012, on the spanish canary island of Tenerife.\\n\\nDesiree Martin \\\/AFP PHOTO&quot;,&quot;created_timestamp&quot;:&quot;1342425035&quot;,&quot;copyright&quot;:&quot;ImageForum&quot;,&quot;focal_length&quot;:&quot;27&quot;,&quot;iso&quot;:&quot;400&quot;,&quot;shutter_speed&quot;:&quot;0.0004&quot;,&quot;title&quot;:&quot;HORIZONTAL&quot;}\" data-image-title=\"DM-Incendio-forestal-2\u00ba-160712-BLOG-02\" data-image-description=\"\" data-medium-file=\"http:\/\/desireemartinphoto.com\/blog\/wp-content\/uploads\/2012\/07\/DM-Incendio-forestal-2\u00ba-160712-BLOG-02-300x200.jpg\" data-large-file=\"http:\/\/desireemartinphoto.com\/blog\/wp-content\/uploads\/2012\/07\/DM-Incendio-forestal-2\u00ba-160712-BLOG-02.jpg\" loading=\"lazy\" class=\"alignnone size-full wp-image-1951\" src=\"http:\/\/desireemartinphoto.com\/blog\/wp-content\/uploads\/2012\/07\/DM-Incendio-forestal-2\u00ba-160712-BLOG-02.jpg\" alt=\"\" width=\"550\" height=\"367\" srcset=\"http:\/\/desireemartinphoto.com\/blog\/wp-content\/uploads\/2012\/07\/DM-Incendio-forestal-2\u00ba-160712-BLOG-02.jpg 550w, http:\/\/desireemartinphoto.com\/blog\/wp-content\/uploads\/2012\/07\/DM-Incendio-forestal-2\u00ba-160712-BLOG-02-300x200.jpg 300w\" sizes=\"(max-width: 550px) 100vw, 550px\" \/><\/p>\n<p>&nbsp;<\/p>\n<p><img data-attachment-id=\"1952\" data-permalink=\"http:\/\/desireemartinphoto.com\/blog\/segundo-dia-de-fuego\/horizontal-65\/\" data-orig-file=\"http:\/\/desireemartinphoto.com\/blog\/wp-content\/uploads\/2012\/07\/DM-Incendio-forestal-2\u00ba-160712-BLOG-03.jpg\" data-orig-size=\"550,367\" data-comments-opened=\"1\" data-image-meta=\"{&quot;aperture&quot;:&quot;5&quot;,&quot;credit&quot;:&quot;DESIREE MARTIN&quot;,&quot;camera&quot;:&quot;Canon EOS 5D Mark II&quot;,&quot;caption&quot;:&quot;SPAIN, Tenerife : Dark clouds of smoke billow from a wildfire over the town of Adeje and members of the Forest Brigade of the National Park of the El Teine ( World Heritage ) try to control the fire,16 July 2012, on the spanish canary island of Tenerife.\\n\\nDesiree Martin \\\/AFP PHOTO&quot;,&quot;created_timestamp&quot;:&quot;1342427900&quot;,&quot;copyright&quot;:&quot;ImageForum&quot;,&quot;focal_length&quot;:&quot;16&quot;,&quot;iso&quot;:&quot;100&quot;,&quot;shutter_speed&quot;:&quot;0.0008&quot;,&quot;title&quot;:&quot;HORIZONTAL&quot;}\" data-image-title=\"DM-Incendio-forestal-2\u00ba-160712-BLOG-03\" data-image-description=\"\" data-medium-file=\"http:\/\/desireemartinphoto.com\/blog\/wp-content\/uploads\/2012\/07\/DM-Incendio-forestal-2\u00ba-160712-BLOG-03-300x200.jpg\" data-large-file=\"http:\/\/desireemartinphoto.com\/blog\/wp-content\/uploads\/2012\/07\/DM-Incendio-forestal-2\u00ba-160712-BLOG-03.jpg\" loading=\"lazy\" class=\"alignnone size-full wp-image-1952\" src=\"http:\/\/desireemartinphoto.com\/blog\/wp-content\/uploads\/2012\/07\/DM-Incendio-forestal-2\u00ba-160712-BLOG-03.jpg\" alt=\"\" width=\"550\" height=\"367\" srcset=\"http:\/\/desireemartinphoto.com\/blog\/wp-content\/uploads\/2012\/07\/DM-Incendio-forestal-2\u00ba-160712-BLOG-03.jpg 550w, http:\/\/desireemartinphoto.com\/blog\/wp-content\/uploads\/2012\/07\/DM-Incendio-forestal-2\u00ba-160712-BLOG-03-300x200.jpg 300w\" sizes=\"(max-width: 550px) 100vw, 550px\" \/><\/p>\n<p>&nbsp;<\/p>\n<p><img data-attachment-id=\"1953\" data-permalink=\"http:\/\/desireemartinphoto.com\/blog\/segundo-dia-de-fuego\/horizontal-66\/\" data-orig-file=\"http:\/\/desireemartinphoto.com\/blog\/wp-content\/uploads\/2012\/07\/DM-Incendio-forestal-2\u00ba-160712-BLOG-03-2.jpg\" data-orig-size=\"550,367\" data-comments-opened=\"1\" data-image-meta=\"{&quot;aperture&quot;:&quot;5&quot;,&quot;credit&quot;:&quot;DESIREE MARTIN&quot;,&quot;camera&quot;:&quot;Canon EOS 5D Mark II&quot;,&quot;caption&quot;:&quot;SPAIN, Tenerife : Dark clouds of smoke billow from a wildfire over the town of Adeje and members of the Forest Brigade of the National Park of the El Teine ( World Heritage ) try to control the fire,16 July 2012, on the spanish canary island of Tenerife.\\n\\nDesiree Martin \\\/AFP PHOTO&quot;,&quot;created_timestamp&quot;:&quot;1342425558&quot;,&quot;copyright&quot;:&quot;ImageForum&quot;,&quot;focal_length&quot;:&quot;16&quot;,&quot;iso&quot;:&quot;400&quot;,&quot;shutter_speed&quot;:&quot;0.0002&quot;,&quot;title&quot;:&quot;HORIZONTAL&quot;}\" data-image-title=\"DM-Incendio-forestal-2\u00ba-160712-BLOG-03-2\" data-image-description=\"\" data-medium-file=\"http:\/\/desireemartinphoto.com\/blog\/wp-content\/uploads\/2012\/07\/DM-Incendio-forestal-2\u00ba-160712-BLOG-03-2-300x200.jpg\" data-large-file=\"http:\/\/desireemartinphoto.com\/blog\/wp-content\/uploads\/2012\/07\/DM-Incendio-forestal-2\u00ba-160712-BLOG-03-2.jpg\" loading=\"lazy\" class=\"alignnone size-full wp-image-1953\" src=\"http:\/\/desireemartinphoto.com\/blog\/wp-content\/uploads\/2012\/07\/DM-Incendio-forestal-2\u00ba-160712-BLOG-03-2.jpg\" alt=\"\" width=\"550\" height=\"367\" srcset=\"http:\/\/desireemartinphoto.com\/blog\/wp-content\/uploads\/2012\/07\/DM-Incendio-forestal-2\u00ba-160712-BLOG-03-2.jpg 550w, http:\/\/desireemartinphoto.com\/blog\/wp-content\/uploads\/2012\/07\/DM-Incendio-forestal-2\u00ba-160712-BLOG-03-2-300x200.jpg 300w\" sizes=\"(max-width: 550px) 100vw, 550px\" \/><\/p>\n<p>&nbsp;<\/p>\n<p><img data-attachment-id=\"1954\" data-permalink=\"http:\/\/desireemartinphoto.com\/blog\/segundo-dia-de-fuego\/horizontal-67\/\" data-orig-file=\"http:\/\/desireemartinphoto.com\/blog\/wp-content\/uploads\/2012\/07\/DM-Incendio-forestal-2\u00ba-160712-BLOG-04.jpg\" data-orig-size=\"550,367\" data-comments-opened=\"1\" data-image-meta=\"{&quot;aperture&quot;:&quot;5.6&quot;,&quot;credit&quot;:&quot;DESIREE MARTIN&quot;,&quot;camera&quot;:&quot;Canon EOS 5D Mark II&quot;,&quot;caption&quot;:&quot;SPAIN, Tenerife : Dark clouds of smoke billow from a wildfire over the town of Adeje and members of the Forest Brigade of the National Park of the El Teine ( World Heritage ) try to control the fire,16 July 2012, on the spanish canary island of Tenerife.\\n\\nDesiree Martin \\\/AFP PHOTO&quot;,&quot;created_timestamp&quot;:&quot;1342427483&quot;,&quot;copyright&quot;:&quot;ImageForum&quot;,&quot;focal_length&quot;:&quot;16&quot;,&quot;iso&quot;:&quot;100&quot;,&quot;shutter_speed&quot;:&quot;0.0008&quot;,&quot;title&quot;:&quot;HORIZONTAL&quot;}\" data-image-title=\"DM-Incendio-forestal-2\u00ba-160712-BLOG-04\" data-image-description=\"\" data-medium-file=\"http:\/\/desireemartinphoto.com\/blog\/wp-content\/uploads\/2012\/07\/DM-Incendio-forestal-2\u00ba-160712-BLOG-04-300x200.jpg\" data-large-file=\"http:\/\/desireemartinphoto.com\/blog\/wp-content\/uploads\/2012\/07\/DM-Incendio-forestal-2\u00ba-160712-BLOG-04.jpg\" loading=\"lazy\" class=\"alignnone size-full wp-image-1954\" src=\"http:\/\/desireemartinphoto.com\/blog\/wp-content\/uploads\/2012\/07\/DM-Incendio-forestal-2\u00ba-160712-BLOG-04.jpg\" alt=\"\" width=\"550\" height=\"367\" srcset=\"http:\/\/desireemartinphoto.com\/blog\/wp-content\/uploads\/2012\/07\/DM-Incendio-forestal-2\u00ba-160712-BLOG-04.jpg 550w, http:\/\/desireemartinphoto.com\/blog\/wp-content\/uploads\/2012\/07\/DM-Incendio-forestal-2\u00ba-160712-BLOG-04-300x200.jpg 300w\" sizes=\"(max-width: 550px) 100vw, 550px\" \/><\/p>\n<p>&nbsp;<\/p>\n<p><img data-attachment-id=\"1955\" data-permalink=\"http:\/\/desireemartinphoto.com\/blog\/segundo-dia-de-fuego\/horizontal-68\/\" data-orig-file=\"http:\/\/desireemartinphoto.com\/blog\/wp-content\/uploads\/2012\/07\/DM-Incendio-forestal-2\u00ba-160712-BLOG-05.jpg\" data-orig-size=\"550,353\" data-comments-opened=\"1\" data-image-meta=\"{&quot;aperture&quot;:&quot;5&quot;,&quot;credit&quot;:&quot;DESIREE MARTIN&quot;,&quot;camera&quot;:&quot;Canon EOS 5D Mark II&quot;,&quot;caption&quot;:&quot;SPAIN, Tenerife : Dark clouds of smoke billow from a wildfire over the town of Adeje and members of the Forest Brigade of the National Park of the El Teine ( World Heritage ) try to control the fire,16 July 2012, on the spanish canary island of Tenerife.\\n\\nDesiree Martin \\\/AFP PHOTO&quot;,&quot;created_timestamp&quot;:&quot;1342427987&quot;,&quot;copyright&quot;:&quot;ImageForum&quot;,&quot;focal_length&quot;:&quot;16&quot;,&quot;iso&quot;:&quot;100&quot;,&quot;shutter_speed&quot;:&quot;0.001&quot;,&quot;title&quot;:&quot;HORIZONTAL&quot;}\" data-image-title=\"DM-Incendio-forestal-2\u00ba-160712-BLOG-05\" data-image-description=\"\" data-medium-file=\"http:\/\/desireemartinphoto.com\/blog\/wp-content\/uploads\/2012\/07\/DM-Incendio-forestal-2\u00ba-160712-BLOG-05-300x192.jpg\" data-large-file=\"http:\/\/desireemartinphoto.com\/blog\/wp-content\/uploads\/2012\/07\/DM-Incendio-forestal-2\u00ba-160712-BLOG-05.jpg\" loading=\"lazy\" class=\"alignnone size-full wp-image-1955\" src=\"http:\/\/desireemartinphoto.com\/blog\/wp-content\/uploads\/2012\/07\/DM-Incendio-forestal-2\u00ba-160712-BLOG-05.jpg\" alt=\"\" width=\"550\" height=\"353\" srcset=\"http:\/\/desireemartinphoto.com\/blog\/wp-content\/uploads\/2012\/07\/DM-Incendio-forestal-2\u00ba-160712-BLOG-05.jpg 550w, http:\/\/desireemartinphoto.com\/blog\/wp-content\/uploads\/2012\/07\/DM-Incendio-forestal-2\u00ba-160712-BLOG-05-300x192.jpg 300w\" sizes=\"(max-width: 550px) 100vw, 550px\" \/><\/p>\n<p>&nbsp;<\/p>\n<p><img data-attachment-id=\"1956\" data-permalink=\"http:\/\/desireemartinphoto.com\/blog\/segundo-dia-de-fuego\/horizontal-69\/\" data-orig-file=\"http:\/\/desireemartinphoto.com\/blog\/wp-content\/uploads\/2012\/07\/DM-Incendio-forestal-2\u00ba-160712-BLOG-06.jpg\" data-orig-size=\"550,367\" data-comments-opened=\"1\" data-image-meta=\"{&quot;aperture&quot;:&quot;5.6&quot;,&quot;credit&quot;:&quot;DESIREE MARTIN&quot;,&quot;camera&quot;:&quot;Canon EOS 5D Mark II&quot;,&quot;caption&quot;:&quot;SPAIN, Tenerife : Dark clouds of smoke billow from a wildfire over the town of Adeje and members of the Forest Brigade of the National Park of the El Teine ( World Heritage ) try to control the fire,16 July 2012, on the spanish canary island of Tenerife.\\n\\nDesiree Martin \\\/AFP PHOTO&quot;,&quot;created_timestamp&quot;:&quot;1342431519&quot;,&quot;copyright&quot;:&quot;ImageForum&quot;,&quot;focal_length&quot;:&quot;16&quot;,&quot;iso&quot;:&quot;100&quot;,&quot;shutter_speed&quot;:&quot;0.001&quot;,&quot;title&quot;:&quot;HORIZONTAL&quot;}\" data-image-title=\"DM-Incendio-forestal-2\u00ba-160712-BLOG-06\" data-image-description=\"\" data-medium-file=\"http:\/\/desireemartinphoto.com\/blog\/wp-content\/uploads\/2012\/07\/DM-Incendio-forestal-2\u00ba-160712-BLOG-06-300x200.jpg\" data-large-file=\"http:\/\/desireemartinphoto.com\/blog\/wp-content\/uploads\/2012\/07\/DM-Incendio-forestal-2\u00ba-160712-BLOG-06.jpg\" loading=\"lazy\" class=\"alignnone size-full wp-image-1956\" src=\"http:\/\/desireemartinphoto.com\/blog\/wp-content\/uploads\/2012\/07\/DM-Incendio-forestal-2\u00ba-160712-BLOG-06.jpg\" alt=\"\" width=\"550\" height=\"367\" srcset=\"http:\/\/desireemartinphoto.com\/blog\/wp-content\/uploads\/2012\/07\/DM-Incendio-forestal-2\u00ba-160712-BLOG-06.jpg 550w, http:\/\/desireemartinphoto.com\/blog\/wp-content\/uploads\/2012\/07\/DM-Incendio-forestal-2\u00ba-160712-BLOG-06-300x200.jpg 300w\" sizes=\"(max-width: 550px) 100vw, 550px\" \/><\/p>\n<div class=\"sharedaddy sd-sharing-enabled\"><div class=\"robots-nocontent sd-block sd-social sd-social-icon-text sd-sharing\"><h3 class=\"sd-title\">COMPARTE ESTO:<\/h3><div class=\"sd-content\"><ul><li class=\"share-facebook\"><a rel=\"nofollow noopener noreferrer\" data-shared=\"sharing-facebook-1949\" class=\"share-facebook sd-button share-icon\" href=\"http:\/\/desireemartinphoto.com\/blog\/segundo-dia-de-fuego\/?share=facebook\" target=\"_blank\" title=\"Haz clic para compartir en Facebook\"><span>Facebook<\/span><\/a><\/li><li class=\"share-twitter\"><a rel=\"nofollow noopener noreferrer\" data-shared=\"sharing-twitter-1949\" class=\"share-twitter sd-button share-icon\" href=\"http:\/\/desireemartinphoto.com\/blog\/segundo-dia-de-fuego\/?share=twitter\" target=\"_blank\" title=\"Haz clic para compartir en Twitter\"><span>Twitter<\/span><\/a><\/li><li class=\"share-email\"><a rel=\"nofollow noopener noreferrer\" data-shared=\"\" class=\"share-email sd-button share-icon\" href=\"http:\/\/desireemartinphoto.com\/blog\/segundo-dia-de-fuego\/?share=email\" target=\"_blank\" title=\"Haz clic para enviar por correo electr\u00f3nico a un amigo\"><span>Correo electr\u00f3nico<\/span><\/a><\/li><li class=\"share-linkedin\"><a rel=\"nofollow noopener noreferrer\" data-shared=\"sharing-linkedin-1949\" class=\"share-linkedin sd-button share-icon\" href=\"http:\/\/desireemartinphoto.com\/blog\/segundo-dia-de-fuego\/?share=linkedin\" target=\"_blank\" title=\"Haz clic para compartir en LinkedIn\"><span>LinkedIn<\/span><\/a><\/li><li class=\"share-tumblr\"><a rel=\"nofollow noopener noreferrer\" data-shared=\"\" class=\"share-tumblr sd-button share-icon\" href=\"http:\/\/desireemartinphoto.com\/blog\/segundo-dia-de-fuego\/?share=tumblr\" target=\"_blank\" title=\"Haz clic para compartir en Tumblr\"><span>Tumblr<\/span><\/a><\/li><li class=\"share-end\"><\/li><\/ul><\/div><\/div><\/div>","protected":false},"excerpt":{"rendered":"<p>&nbsp; &#8230; y ya ha traspasado al Corona Forestal del Parque Nacional de El Teide ( Patrimonio de la Humanidad ) y parece que nada lo parar\u00e1 &#8230; con lo que entrar\u00e1 en el Parque. Seg\u00fan escuch\u00e9 a los retenes contra incendios.. no hay nada que hacer desde tierra, y no hay suficientes dispositivos desde [&#038;hellip<\/p>\n<div class=\"sharedaddy sd-sharing-enabled\"><div class=\"robots-nocontent sd-block sd-social sd-social-icon-text sd-sharing\"><h3 class=\"sd-title\">COMPARTE ESTO:<\/h3><div class=\"sd-content\"><ul><li class=\"share-facebook\"><a rel=\"nofollow noopener noreferrer\" data-shared=\"sharing-facebook-1949\" class=\"share-facebook sd-button share-icon\" href=\"http:\/\/desireemartinphoto.com\/blog\/segundo-dia-de-fuego\/?share=facebook\" target=\"_blank\" title=\"Haz clic para compartir en Facebook\"><span>Facebook<\/span><\/a><\/li><li class=\"share-twitter\"><a rel=\"nofollow noopener noreferrer\" data-shared=\"sharing-twitter-1949\" class=\"share-twitter sd-button share-icon\" href=\"http:\/\/desireemartinphoto.com\/blog\/segundo-dia-de-fuego\/?share=twitter\" target=\"_blank\" title=\"Haz clic para compartir en Twitter\"><span>Twitter<\/span><\/a><\/li><li class=\"share-email\"><a rel=\"nofollow noopener noreferrer\" data-shared=\"\" class=\"share-email sd-button share-icon\" href=\"http:\/\/desireemartinphoto.com\/blog\/segundo-dia-de-fuego\/?share=email\" target=\"_blank\" title=\"Haz clic para enviar por correo electr\u00f3nico a un amigo\"><span>Correo electr\u00f3nico<\/span><\/a><\/li><li class=\"share-linkedin\"><a rel=\"nofollow noopener noreferrer\" data-shared=\"sharing-linkedin-1949\" class=\"share-linkedin sd-button share-icon\" href=\"http:\/\/desireemartinphoto.com\/blog\/segundo-dia-de-fuego\/?share=linkedin\" target=\"_blank\" title=\"Haz clic para compartir en LinkedIn\"><span>LinkedIn<\/span><\/a><\/li><li class=\"share-tumblr\"><a rel=\"nofollow noopener noreferrer\" data-shared=\"\" class=\"share-tumblr sd-button share-icon\" href=\"http:\/\/desireemartinphoto.com\/blog\/segundo-dia-de-fuego\/?share=tumblr\" target=\"_blank\" title=\"Haz clic para compartir en Tumblr\"><span>Tumblr<\/span><\/a><\/li><li class=\"share-end\"><\/li><\/ul><\/div><\/div><\/div>","protected":false},"author":1,"featured_media":0,"comment_status":"open","ping_status":"open","sticky":false,"template":"","format":"standard","meta":{"spay_email":""},"categories":[1],"tags":[425,424,423,412,361,360,422,71],"jetpack_featured_media_url":"","jetpack_sharing_enabled":true,"_links":{"self":[{"href":"http:\/\/desireemartinphoto.com\/blog\/wp-json\/wp\/v2\/posts\/1949"}],"collection":[{"href":"http:\/\/desireemartinphoto.com\/blog\/wp-json\/wp\/v2\/posts"}],"about":[{"href":"http:\/\/desireemartinphoto.com\/blog\/wp-json\/wp\/v2\/types\/post"}],"author":[{"embeddable":true,"href":"http:\/\/desireemartinphoto.com\/blog\/wp-json\/wp\/v2\/users\/1"}],"replies":[{"embeddable":true,"href":"http:\/\/desireemartinphoto.com\/blog\/wp-json\/wp\/v2\/comments?post=1949"}],"version-history":[{"count":2,"href":"http:\/\/desireemartinphoto.com\/blog\/wp-json\/wp\/v2\/posts\/1949\/revisions"}],"predecessor-version":[{"id":1958,"href":"http:\/\/desireemartinphoto.com\/blog\/wp-json\/wp\/v2\/posts\/1949\/revisions\/1958"}],"wp:attachment":[{"href":"http:\/\/desireemartinphoto.com\/blog\/wp-json\/wp\/v2\/media?parent=1949"}],"wp:term":[{"taxonomy":"category","embeddable":true,"href":"http:\/\/desireemartinphoto.com\/blog\/wp-json\/wp\/v2\/categories?post=1949"},{"taxonomy":"post_tag","embeddable":true,"href":"http:\/\/desireemartinphoto.com\/blog\/wp-json\/wp\/v2\/tags?post=1949"}],"curies":[{"name":"wp","href":"https:\/\/api.w.org\/{rel}","templated":true}]}}