{"id":187,"date":"2010-04-25T19:16:30","date_gmt":"2010-04-25T19:16:30","guid":{"rendered":"http:\/\/desireemartinphoto.com\/blog\/?p=187"},"modified":"2010-04-25T19:57:14","modified_gmt":"2010-04-25T19:57:14","slug":"sshh-procesion-del-silencio-en-la-laguna","status":"publish","type":"post","link":"http:\/\/desireemartinphoto.com\/blog\/sshh-procesion-del-silencio-en-la-laguna\/","title":{"rendered":"&#8230;Sshh..!!!!! Procesi\u00f3n del Silencio en La Laguna"},"content":{"rendered":"<p>Procesi\u00f3n del Silencio en La Laguna, ciudad Patrimonio de la Humanidad.<\/p>\n<p>La procesi\u00f3n comienza sobre 21h &#8230;aunque estaba all\u00ed desde las 19 horas aproximadamente. &#8230;Supongo que es igual en cada rincon de Espa\u00f1a &#8230;un recorrido por las calles de la ciudad , una cuidad que se apaga ante la salida del paso del Cristo en el lecho de muerte desde la Iglesia de la Concepci\u00f3n, y que recobra su luz cuando \u00e9ste llega a la de Santo Domingo.<\/p>\n<p>En \u00e9sta \u00faltima hay un &#8220;besapies&#8221; del Cristo , tras quitarle las telas de la mortaja&#8230; uiiii&#8230;\u00a0 &#8230; ..<\/p>\n<p>&#8230;OTRA COSA&#8230; hablando con algunos compa\u00f1eros , me comentaban lo complicado de ver algo fresco en un tema como la Semana Santa, fiestas tradicionales, .. y todas aquellas historias que , para los que vivimos el periodismo del d\u00eda a d\u00eda &#8230;para comer , por pasi\u00f3n ..o por lo que sea,&#8230;al margen de cualquier otra actividad que nos da m\u00e1s vida,&#8230; son una rutina que se repite cada a\u00f1o&#8230; m\u00e1s o menos&#8230; y que hacen que unas veces sintamos un desagradable d\u00e8j\u00e1 vu, que solventamos a dur\u00edsimas penas&#8230; y otras tantas nos sorprende con ganas de decir : \u00a1 qu\u00e9 co\u00f1o !!, voy a intentar hacer , al menos , una diferente \u00e9ste a\u00f1o&#8230;voy a darle la vuelta a \u00e9ste tema , aunque sea con una foto ( en realidada nada m\u00e1s y nada menos )&#8230; &#8230;no se si me comprenden&#8230;??\u00bf?\u00bf&#8230;.<\/p>\n<p>&#8230;estando la situaci\u00f3n laboral como est\u00e1 &#8230;cada d\u00eda me siento afortunada por poder seguir en la profesi\u00f3n y poder seguir contando historias&#8230; y de vez en cuando darle la vuelta a un tema &#8230; con alguna foto &#8230;nada m\u00e1s&#8230; estas series que comparto no tienen muchas veces m\u00e1s aspiraci\u00f3n que la de compartir\u00a0 unos instantes.<\/p>\n<p>Saludos desde el Atl\u00e1ntico<\/p>\n<p><img data-attachment-id=\"186\" data-permalink=\"http:\/\/desireemartinphoto.com\/blog\/sshh-procesion-del-silencio-en-la-laguna\/dm-procesion-silencio-2010-blog-01\/\" data-orig-file=\"http:\/\/desireemartinphoto.com\/blog\/wp-content\/uploads\/2010\/04\/DM-Procesion-Silencio-2010-blog-01.jpg\" data-orig-size=\"367,550\" data-comments-opened=\"1\" data-image-meta=\"{&quot;aperture&quot;:&quot;2.8&quot;,&quot;credit&quot;:&quot;&quot;,&quot;camera&quot;:&quot;Canon EOS 5D Mark II&quot;,&quot;caption&quot;:&quot;&quot;,&quot;created_timestamp&quot;:&quot;1270238562&quot;,&quot;copyright&quot;:&quot;&quot;,&quot;focal_length&quot;:&quot;16&quot;,&quot;iso&quot;:&quot;2500&quot;,&quot;shutter_speed&quot;:&quot;0.125&quot;,&quot;title&quot;:&quot;&quot;}\" data-image-title=\"DM-Procesion-Silencio-2010-blog-01\" data-image-description=\"\" data-medium-file=\"http:\/\/desireemartinphoto.com\/blog\/wp-content\/uploads\/2010\/04\/DM-Procesion-Silencio-2010-blog-01-200x300.jpg\" data-large-file=\"http:\/\/desireemartinphoto.com\/blog\/wp-content\/uploads\/2010\/04\/DM-Procesion-Silencio-2010-blog-01.jpg\" loading=\"lazy\" class=\"alignnone size-full wp-image-186\" src=\"http:\/\/desireemartinphoto.com\/blog\/wp-content\/uploads\/2010\/04\/DM-Procesion-Silencio-2010-blog-01.jpg\" alt=\"\" width=\"367\" height=\"550\" srcset=\"http:\/\/desireemartinphoto.com\/blog\/wp-content\/uploads\/2010\/04\/DM-Procesion-Silencio-2010-blog-01.jpg 367w, http:\/\/desireemartinphoto.com\/blog\/wp-content\/uploads\/2010\/04\/DM-Procesion-Silencio-2010-blog-01-200x300.jpg 200w\" sizes=\"(max-width: 367px) 100vw, 367px\" \/><\/p>\n<p><img data-attachment-id=\"188\" data-permalink=\"http:\/\/desireemartinphoto.com\/blog\/sshh-procesion-del-silencio-en-la-laguna\/dm-procesion-silencio-2010-blog-02\/\" data-orig-file=\"http:\/\/desireemartinphoto.com\/blog\/wp-content\/uploads\/2010\/04\/DM-Procesion-Silencio-2010-blog-02.jpg\" data-orig-size=\"550,367\" data-comments-opened=\"1\" data-image-meta=\"{&quot;aperture&quot;:&quot;2.8&quot;,&quot;credit&quot;:&quot;&quot;,&quot;camera&quot;:&quot;Canon EOS 5D Mark II&quot;,&quot;caption&quot;:&quot;&quot;,&quot;created_timestamp&quot;:&quot;1270240692&quot;,&quot;copyright&quot;:&quot;&quot;,&quot;focal_length&quot;:&quot;16&quot;,&quot;iso&quot;:&quot;2500&quot;,&quot;shutter_speed&quot;:&quot;0.008&quot;,&quot;title&quot;:&quot;&quot;}\" data-image-title=\"DM-Procesion-Silencio-2010-blog-02\" data-image-description=\"\" data-medium-file=\"http:\/\/desireemartinphoto.com\/blog\/wp-content\/uploads\/2010\/04\/DM-Procesion-Silencio-2010-blog-02-300x200.jpg\" data-large-file=\"http:\/\/desireemartinphoto.com\/blog\/wp-content\/uploads\/2010\/04\/DM-Procesion-Silencio-2010-blog-02.jpg\" loading=\"lazy\" class=\"alignnone size-full wp-image-188\" src=\"http:\/\/desireemartinphoto.com\/blog\/wp-content\/uploads\/2010\/04\/DM-Procesion-Silencio-2010-blog-02.jpg\" alt=\"\" width=\"550\" height=\"367\" srcset=\"http:\/\/desireemartinphoto.com\/blog\/wp-content\/uploads\/2010\/04\/DM-Procesion-Silencio-2010-blog-02.jpg 550w, http:\/\/desireemartinphoto.com\/blog\/wp-content\/uploads\/2010\/04\/DM-Procesion-Silencio-2010-blog-02-300x200.jpg 300w\" sizes=\"(max-width: 550px) 100vw, 550px\" \/><\/p>\n<p><img data-attachment-id=\"189\" data-permalink=\"http:\/\/desireemartinphoto.com\/blog\/sshh-procesion-del-silencio-en-la-laguna\/dm-procesion-silencio-2010-blog-03\/\" data-orig-file=\"http:\/\/desireemartinphoto.com\/blog\/wp-content\/uploads\/2010\/04\/DM-Procesion-Silencio-2010-blog-03.jpg\" data-orig-size=\"550,367\" data-comments-opened=\"1\" data-image-meta=\"{&quot;aperture&quot;:&quot;2.5&quot;,&quot;credit&quot;:&quot;&quot;,&quot;camera&quot;:&quot;Canon EOS 5D Mark II&quot;,&quot;caption&quot;:&quot;&quot;,&quot;created_timestamp&quot;:&quot;1270239818&quot;,&quot;copyright&quot;:&quot;&quot;,&quot;focal_length&quot;:&quot;50&quot;,&quot;iso&quot;:&quot;2500&quot;,&quot;shutter_speed&quot;:&quot;0.0125&quot;,&quot;title&quot;:&quot;&quot;}\" data-image-title=\"DM-Procesion-Silencio-2010-blog-03\" data-image-description=\"\" data-medium-file=\"http:\/\/desireemartinphoto.com\/blog\/wp-content\/uploads\/2010\/04\/DM-Procesion-Silencio-2010-blog-03-300x200.jpg\" data-large-file=\"http:\/\/desireemartinphoto.com\/blog\/wp-content\/uploads\/2010\/04\/DM-Procesion-Silencio-2010-blog-03.jpg\" loading=\"lazy\" class=\"alignnone size-full wp-image-189\" src=\"http:\/\/desireemartinphoto.com\/blog\/wp-content\/uploads\/2010\/04\/DM-Procesion-Silencio-2010-blog-03.jpg\" alt=\"\" width=\"550\" height=\"367\" srcset=\"http:\/\/desireemartinphoto.com\/blog\/wp-content\/uploads\/2010\/04\/DM-Procesion-Silencio-2010-blog-03.jpg 550w, http:\/\/desireemartinphoto.com\/blog\/wp-content\/uploads\/2010\/04\/DM-Procesion-Silencio-2010-blog-03-300x200.jpg 300w\" sizes=\"(max-width: 550px) 100vw, 550px\" \/><\/p>\n<p><img data-attachment-id=\"190\" data-permalink=\"http:\/\/desireemartinphoto.com\/blog\/sshh-procesion-del-silencio-en-la-laguna\/dm-procesion-silencio-2010-blog-04\/\" data-orig-file=\"http:\/\/desireemartinphoto.com\/blog\/wp-content\/uploads\/2010\/04\/DM-Procesion-Silencio-2010-blog-04.jpg\" data-orig-size=\"550,367\" data-comments-opened=\"1\" data-image-meta=\"{&quot;aperture&quot;:&quot;2.8&quot;,&quot;credit&quot;:&quot;&quot;,&quot;camera&quot;:&quot;Canon EOS 5D Mark II&quot;,&quot;caption&quot;:&quot;&quot;,&quot;created_timestamp&quot;:&quot;1270240979&quot;,&quot;copyright&quot;:&quot;&quot;,&quot;focal_length&quot;:&quot;16&quot;,&quot;iso&quot;:&quot;2500&quot;,&quot;shutter_speed&quot;:&quot;0.04&quot;,&quot;title&quot;:&quot;&quot;}\" data-image-title=\"DM-Procesion-Silencio-2010-blog-04\" data-image-description=\"\" data-medium-file=\"http:\/\/desireemartinphoto.com\/blog\/wp-content\/uploads\/2010\/04\/DM-Procesion-Silencio-2010-blog-04-300x200.jpg\" data-large-file=\"http:\/\/desireemartinphoto.com\/blog\/wp-content\/uploads\/2010\/04\/DM-Procesion-Silencio-2010-blog-04.jpg\" loading=\"lazy\" class=\"alignnone size-full wp-image-190\" src=\"http:\/\/desireemartinphoto.com\/blog\/wp-content\/uploads\/2010\/04\/DM-Procesion-Silencio-2010-blog-04.jpg\" alt=\"\" width=\"550\" height=\"367\" srcset=\"http:\/\/desireemartinphoto.com\/blog\/wp-content\/uploads\/2010\/04\/DM-Procesion-Silencio-2010-blog-04.jpg 550w, http:\/\/desireemartinphoto.com\/blog\/wp-content\/uploads\/2010\/04\/DM-Procesion-Silencio-2010-blog-04-300x200.jpg 300w\" sizes=\"(max-width: 550px) 100vw, 550px\" \/><\/p>\n<p><img data-attachment-id=\"191\" data-permalink=\"http:\/\/desireemartinphoto.com\/blog\/sshh-procesion-del-silencio-en-la-laguna\/dm-procesion-silencio-2010-blog-05\/\" data-orig-file=\"http:\/\/desireemartinphoto.com\/blog\/wp-content\/uploads\/2010\/04\/DM-Procesion-Silencio-2010-blog-05.jpg\" data-orig-size=\"550,367\" data-comments-opened=\"1\" data-image-meta=\"{&quot;aperture&quot;:&quot;2.5&quot;,&quot;credit&quot;:&quot;&quot;,&quot;camera&quot;:&quot;Canon EOS 5D Mark II&quot;,&quot;caption&quot;:&quot;&quot;,&quot;created_timestamp&quot;:&quot;1270240638&quot;,&quot;copyright&quot;:&quot;&quot;,&quot;focal_length&quot;:&quot;50&quot;,&quot;iso&quot;:&quot;2500&quot;,&quot;shutter_speed&quot;:&quot;0.002&quot;,&quot;title&quot;:&quot;&quot;}\" data-image-title=\"DM-Procesion-Silencio-2010-blog-05\" data-image-description=\"\" data-medium-file=\"http:\/\/desireemartinphoto.com\/blog\/wp-content\/uploads\/2010\/04\/DM-Procesion-Silencio-2010-blog-05-300x200.jpg\" data-large-file=\"http:\/\/desireemartinphoto.com\/blog\/wp-content\/uploads\/2010\/04\/DM-Procesion-Silencio-2010-blog-05.jpg\" loading=\"lazy\" class=\"alignnone size-full wp-image-191\" src=\"http:\/\/desireemartinphoto.com\/blog\/wp-content\/uploads\/2010\/04\/DM-Procesion-Silencio-2010-blog-05.jpg\" alt=\"\" width=\"550\" height=\"367\" srcset=\"http:\/\/desireemartinphoto.com\/blog\/wp-content\/uploads\/2010\/04\/DM-Procesion-Silencio-2010-blog-05.jpg 550w, http:\/\/desireemartinphoto.com\/blog\/wp-content\/uploads\/2010\/04\/DM-Procesion-Silencio-2010-blog-05-300x200.jpg 300w\" sizes=\"(max-width: 550px) 100vw, 550px\" \/><\/p>\n<p><img data-attachment-id=\"192\" data-permalink=\"http:\/\/desireemartinphoto.com\/blog\/sshh-procesion-del-silencio-en-la-laguna\/dm-procesion-silencio-2010-blog-06\/\" data-orig-file=\"http:\/\/desireemartinphoto.com\/blog\/wp-content\/uploads\/2010\/04\/DM-Procesion-Silencio-2010-blog-06.jpg\" data-orig-size=\"550,367\" data-comments-opened=\"1\" data-image-meta=\"{&quot;aperture&quot;:&quot;3.2&quot;,&quot;credit&quot;:&quot;&quot;,&quot;camera&quot;:&quot;Canon EOS 5D Mark II&quot;,&quot;caption&quot;:&quot;&quot;,&quot;created_timestamp&quot;:&quot;1270241556&quot;,&quot;copyright&quot;:&quot;&quot;,&quot;focal_length&quot;:&quot;16&quot;,&quot;iso&quot;:&quot;2500&quot;,&quot;shutter_speed&quot;:&quot;0.2&quot;,&quot;title&quot;:&quot;&quot;}\" data-image-title=\"DM-Procesion-Silencio-2010-blog-06\" data-image-description=\"\" data-medium-file=\"http:\/\/desireemartinphoto.com\/blog\/wp-content\/uploads\/2010\/04\/DM-Procesion-Silencio-2010-blog-06-300x200.jpg\" data-large-file=\"http:\/\/desireemartinphoto.com\/blog\/wp-content\/uploads\/2010\/04\/DM-Procesion-Silencio-2010-blog-06.jpg\" loading=\"lazy\" class=\"alignnone size-full wp-image-192\" src=\"http:\/\/desireemartinphoto.com\/blog\/wp-content\/uploads\/2010\/04\/DM-Procesion-Silencio-2010-blog-06.jpg\" alt=\"\" width=\"550\" height=\"367\" srcset=\"http:\/\/desireemartinphoto.com\/blog\/wp-content\/uploads\/2010\/04\/DM-Procesion-Silencio-2010-blog-06.jpg 550w, http:\/\/desireemartinphoto.com\/blog\/wp-content\/uploads\/2010\/04\/DM-Procesion-Silencio-2010-blog-06-300x200.jpg 300w\" sizes=\"(max-width: 550px) 100vw, 550px\" \/><\/p>\n<p><img data-attachment-id=\"193\" data-permalink=\"http:\/\/desireemartinphoto.com\/blog\/sshh-procesion-del-silencio-en-la-laguna\/dm-procesion-silencio-2010-blog-07\/\" data-orig-file=\"http:\/\/desireemartinphoto.com\/blog\/wp-content\/uploads\/2010\/04\/DM-Procesion-Silencio-2010-blog-07.jpg\" data-orig-size=\"550,367\" data-comments-opened=\"1\" data-image-meta=\"{&quot;aperture&quot;:&quot;2.8&quot;,&quot;credit&quot;:&quot;&quot;,&quot;camera&quot;:&quot;Canon EOS 5D Mark II&quot;,&quot;caption&quot;:&quot;&quot;,&quot;created_timestamp&quot;:&quot;1270241896&quot;,&quot;copyright&quot;:&quot;&quot;,&quot;focal_length&quot;:&quot;31&quot;,&quot;iso&quot;:&quot;2500&quot;,&quot;shutter_speed&quot;:&quot;0.1&quot;,&quot;title&quot;:&quot;&quot;}\" data-image-title=\"DM-Procesion-Silencio-2010-blog-07\" data-image-description=\"\" data-medium-file=\"http:\/\/desireemartinphoto.com\/blog\/wp-content\/uploads\/2010\/04\/DM-Procesion-Silencio-2010-blog-07-300x200.jpg\" data-large-file=\"http:\/\/desireemartinphoto.com\/blog\/wp-content\/uploads\/2010\/04\/DM-Procesion-Silencio-2010-blog-07.jpg\" loading=\"lazy\" class=\"alignnone size-full wp-image-193\" src=\"http:\/\/desireemartinphoto.com\/blog\/wp-content\/uploads\/2010\/04\/DM-Procesion-Silencio-2010-blog-07.jpg\" alt=\"\" width=\"550\" height=\"367\" srcset=\"http:\/\/desireemartinphoto.com\/blog\/wp-content\/uploads\/2010\/04\/DM-Procesion-Silencio-2010-blog-07.jpg 550w, http:\/\/desireemartinphoto.com\/blog\/wp-content\/uploads\/2010\/04\/DM-Procesion-Silencio-2010-blog-07-300x200.jpg 300w\" sizes=\"(max-width: 550px) 100vw, 550px\" \/><\/p>\n<p><img data-attachment-id=\"194\" data-permalink=\"http:\/\/desireemartinphoto.com\/blog\/sshh-procesion-del-silencio-en-la-laguna\/dm-procesion-silencio-2010-blog-08\/\" data-orig-file=\"http:\/\/desireemartinphoto.com\/blog\/wp-content\/uploads\/2010\/04\/DM-Procesion-Silencio-2010-blog-08.jpg\" data-orig-size=\"550,367\" data-comments-opened=\"1\" data-image-meta=\"{&quot;aperture&quot;:&quot;2.8&quot;,&quot;credit&quot;:&quot;&quot;,&quot;camera&quot;:&quot;Canon EOS 5D Mark II&quot;,&quot;caption&quot;:&quot;&quot;,&quot;created_timestamp&quot;:&quot;1270242883&quot;,&quot;copyright&quot;:&quot;&quot;,&quot;focal_length&quot;:&quot;16&quot;,&quot;iso&quot;:&quot;2500&quot;,&quot;shutter_speed&quot;:&quot;0.1&quot;,&quot;title&quot;:&quot;&quot;}\" data-image-title=\"DM-Procesion-Silencio-2010-blog-08\" data-image-description=\"\" data-medium-file=\"http:\/\/desireemartinphoto.com\/blog\/wp-content\/uploads\/2010\/04\/DM-Procesion-Silencio-2010-blog-08-300x200.jpg\" data-large-file=\"http:\/\/desireemartinphoto.com\/blog\/wp-content\/uploads\/2010\/04\/DM-Procesion-Silencio-2010-blog-08.jpg\" loading=\"lazy\" class=\"alignnone size-full wp-image-194\" src=\"http:\/\/desireemartinphoto.com\/blog\/wp-content\/uploads\/2010\/04\/DM-Procesion-Silencio-2010-blog-08.jpg\" alt=\"\" width=\"550\" height=\"367\" srcset=\"http:\/\/desireemartinphoto.com\/blog\/wp-content\/uploads\/2010\/04\/DM-Procesion-Silencio-2010-blog-08.jpg 550w, http:\/\/desireemartinphoto.com\/blog\/wp-content\/uploads\/2010\/04\/DM-Procesion-Silencio-2010-blog-08-300x200.jpg 300w\" sizes=\"(max-width: 550px) 100vw, 550px\" \/><\/p>\n<p><img data-attachment-id=\"195\" data-permalink=\"http:\/\/desireemartinphoto.com\/blog\/sshh-procesion-del-silencio-en-la-laguna\/dm-procesion-silencio-2010-blog-09\/\" data-orig-file=\"http:\/\/desireemartinphoto.com\/blog\/wp-content\/uploads\/2010\/04\/DM-Procesion-Silencio-2010-blog-09.jpg\" data-orig-size=\"550,367\" data-comments-opened=\"1\" data-image-meta=\"{&quot;aperture&quot;:&quot;2.8&quot;,&quot;credit&quot;:&quot;&quot;,&quot;camera&quot;:&quot;Canon EOS 5D Mark II&quot;,&quot;caption&quot;:&quot;&quot;,&quot;created_timestamp&quot;:&quot;1270243440&quot;,&quot;copyright&quot;:&quot;&quot;,&quot;focal_length&quot;:&quot;16&quot;,&quot;iso&quot;:&quot;2500&quot;,&quot;shutter_speed&quot;:&quot;0.16666666666667&quot;,&quot;title&quot;:&quot;&quot;}\" data-image-title=\"DM-Procesion-Silencio-2010-blog-09\" data-image-description=\"\" data-medium-file=\"http:\/\/desireemartinphoto.com\/blog\/wp-content\/uploads\/2010\/04\/DM-Procesion-Silencio-2010-blog-09-300x200.jpg\" data-large-file=\"http:\/\/desireemartinphoto.com\/blog\/wp-content\/uploads\/2010\/04\/DM-Procesion-Silencio-2010-blog-09.jpg\" loading=\"lazy\" class=\"alignnone size-full wp-image-195\" src=\"http:\/\/desireemartinphoto.com\/blog\/wp-content\/uploads\/2010\/04\/DM-Procesion-Silencio-2010-blog-09.jpg\" alt=\"\" width=\"550\" height=\"367\" srcset=\"http:\/\/desireemartinphoto.com\/blog\/wp-content\/uploads\/2010\/04\/DM-Procesion-Silencio-2010-blog-09.jpg 550w, http:\/\/desireemartinphoto.com\/blog\/wp-content\/uploads\/2010\/04\/DM-Procesion-Silencio-2010-blog-09-300x200.jpg 300w\" sizes=\"(max-width: 550px) 100vw, 550px\" \/><\/p>\n<p><img data-attachment-id=\"196\" data-permalink=\"http:\/\/desireemartinphoto.com\/blog\/sshh-procesion-del-silencio-en-la-laguna\/dm-procesion-silencio-2010-blog-10\/\" data-orig-file=\"http:\/\/desireemartinphoto.com\/blog\/wp-content\/uploads\/2010\/04\/DM-Procesion-Silencio-2010-blog-10.jpg\" data-orig-size=\"550,367\" data-comments-opened=\"1\" data-image-meta=\"{&quot;aperture&quot;:&quot;2.8&quot;,&quot;credit&quot;:&quot;&quot;,&quot;camera&quot;:&quot;Canon EOS 5D Mark II&quot;,&quot;caption&quot;:&quot;&quot;,&quot;created_timestamp&quot;:&quot;1270243696&quot;,&quot;copyright&quot;:&quot;&quot;,&quot;focal_length&quot;:&quot;25&quot;,&quot;iso&quot;:&quot;2500&quot;,&quot;shutter_speed&quot;:&quot;0.05&quot;,&quot;title&quot;:&quot;&quot;}\" data-image-title=\"DM-Procesion-Silencio-2010-blog-10\" data-image-description=\"\" data-medium-file=\"http:\/\/desireemartinphoto.com\/blog\/wp-content\/uploads\/2010\/04\/DM-Procesion-Silencio-2010-blog-10-300x200.jpg\" data-large-file=\"http:\/\/desireemartinphoto.com\/blog\/wp-content\/uploads\/2010\/04\/DM-Procesion-Silencio-2010-blog-10.jpg\" loading=\"lazy\" class=\"alignnone size-full wp-image-196\" src=\"http:\/\/desireemartinphoto.com\/blog\/wp-content\/uploads\/2010\/04\/DM-Procesion-Silencio-2010-blog-10.jpg\" alt=\"\" width=\"550\" height=\"367\" srcset=\"http:\/\/desireemartinphoto.com\/blog\/wp-content\/uploads\/2010\/04\/DM-Procesion-Silencio-2010-blog-10.jpg 550w, http:\/\/desireemartinphoto.com\/blog\/wp-content\/uploads\/2010\/04\/DM-Procesion-Silencio-2010-blog-10-300x200.jpg 300w\" sizes=\"(max-width: 550px) 100vw, 550px\" \/><\/p>\n<p><img data-attachment-id=\"197\" data-permalink=\"http:\/\/desireemartinphoto.com\/blog\/sshh-procesion-del-silencio-en-la-laguna\/dm-procesion-silencio-2010-blog-11\/\" data-orig-file=\"http:\/\/desireemartinphoto.com\/blog\/wp-content\/uploads\/2010\/04\/DM-Procesion-Silencio-2010-blog-11.jpg\" data-orig-size=\"550,367\" data-comments-opened=\"1\" data-image-meta=\"{&quot;aperture&quot;:&quot;2.8&quot;,&quot;credit&quot;:&quot;&quot;,&quot;camera&quot;:&quot;Canon EOS 5D Mark II&quot;,&quot;caption&quot;:&quot;&quot;,&quot;created_timestamp&quot;:&quot;1270244970&quot;,&quot;copyright&quot;:&quot;&quot;,&quot;focal_length&quot;:&quot;16&quot;,&quot;iso&quot;:&quot;2500&quot;,&quot;shutter_speed&quot;:&quot;0.076923076923077&quot;,&quot;title&quot;:&quot;&quot;}\" data-image-title=\"DM-Procesion-Silencio-2010-blog-11\" data-image-description=\"\" data-medium-file=\"http:\/\/desireemartinphoto.com\/blog\/wp-content\/uploads\/2010\/04\/DM-Procesion-Silencio-2010-blog-11-300x200.jpg\" data-large-file=\"http:\/\/desireemartinphoto.com\/blog\/wp-content\/uploads\/2010\/04\/DM-Procesion-Silencio-2010-blog-11.jpg\" loading=\"lazy\" class=\"alignnone size-full wp-image-197\" src=\"http:\/\/desireemartinphoto.com\/blog\/wp-content\/uploads\/2010\/04\/DM-Procesion-Silencio-2010-blog-11.jpg\" alt=\"\" width=\"550\" height=\"367\" srcset=\"http:\/\/desireemartinphoto.com\/blog\/wp-content\/uploads\/2010\/04\/DM-Procesion-Silencio-2010-blog-11.jpg 550w, http:\/\/desireemartinphoto.com\/blog\/wp-content\/uploads\/2010\/04\/DM-Procesion-Silencio-2010-blog-11-300x200.jpg 300w\" sizes=\"(max-width: 550px) 100vw, 550px\" \/><\/p>\n<p><img data-attachment-id=\"198\" data-permalink=\"http:\/\/desireemartinphoto.com\/blog\/sshh-procesion-del-silencio-en-la-laguna\/dm-procesion-silencio-2010-blog-12\/\" data-orig-file=\"http:\/\/desireemartinphoto.com\/blog\/wp-content\/uploads\/2010\/04\/DM-Procesion-Silencio-2010-blog-12.jpg\" data-orig-size=\"367,550\" data-comments-opened=\"1\" data-image-meta=\"{&quot;aperture&quot;:&quot;2.8&quot;,&quot;credit&quot;:&quot;&quot;,&quot;camera&quot;:&quot;Canon EOS 5D Mark II&quot;,&quot;caption&quot;:&quot;&quot;,&quot;created_timestamp&quot;:&quot;1270245816&quot;,&quot;copyright&quot;:&quot;&quot;,&quot;focal_length&quot;:&quot;16&quot;,&quot;iso&quot;:&quot;2500&quot;,&quot;shutter_speed&quot;:&quot;0.125&quot;,&quot;title&quot;:&quot;&quot;}\" data-image-title=\"DM-Procesion-Silencio-2010-blog-12\" data-image-description=\"\" data-medium-file=\"http:\/\/desireemartinphoto.com\/blog\/wp-content\/uploads\/2010\/04\/DM-Procesion-Silencio-2010-blog-12-200x300.jpg\" data-large-file=\"http:\/\/desireemartinphoto.com\/blog\/wp-content\/uploads\/2010\/04\/DM-Procesion-Silencio-2010-blog-12.jpg\" loading=\"lazy\" class=\"alignnone size-full wp-image-198\" src=\"http:\/\/desireemartinphoto.com\/blog\/wp-content\/uploads\/2010\/04\/DM-Procesion-Silencio-2010-blog-12.jpg\" alt=\"\" width=\"367\" height=\"550\" srcset=\"http:\/\/desireemartinphoto.com\/blog\/wp-content\/uploads\/2010\/04\/DM-Procesion-Silencio-2010-blog-12.jpg 367w, http:\/\/desireemartinphoto.com\/blog\/wp-content\/uploads\/2010\/04\/DM-Procesion-Silencio-2010-blog-12-200x300.jpg 200w\" sizes=\"(max-width: 367px) 100vw, 367px\" \/><\/p>\n<p><img data-attachment-id=\"199\" data-permalink=\"http:\/\/desireemartinphoto.com\/blog\/sshh-procesion-del-silencio-en-la-laguna\/dm-procesion-silencio-2010-blog-13\/\" data-orig-file=\"http:\/\/desireemartinphoto.com\/blog\/wp-content\/uploads\/2010\/04\/DM-Procesion-Silencio-2010-blog-13.jpg\" data-orig-size=\"550,384\" data-comments-opened=\"1\" data-image-meta=\"{&quot;aperture&quot;:&quot;2.8&quot;,&quot;credit&quot;:&quot;&quot;,&quot;camera&quot;:&quot;Canon EOS 5D Mark II&quot;,&quot;caption&quot;:&quot;&quot;,&quot;created_timestamp&quot;:&quot;1270246096&quot;,&quot;copyright&quot;:&quot;&quot;,&quot;focal_length&quot;:&quot;24&quot;,&quot;iso&quot;:&quot;2500&quot;,&quot;shutter_speed&quot;:&quot;0.0125&quot;,&quot;title&quot;:&quot;&quot;}\" data-image-title=\"DM-Procesion-Silencio-2010-blog-13\" data-image-description=\"\" data-medium-file=\"http:\/\/desireemartinphoto.com\/blog\/wp-content\/uploads\/2010\/04\/DM-Procesion-Silencio-2010-blog-13-300x209.jpg\" data-large-file=\"http:\/\/desireemartinphoto.com\/blog\/wp-content\/uploads\/2010\/04\/DM-Procesion-Silencio-2010-blog-13.jpg\" loading=\"lazy\" class=\"alignnone size-full wp-image-199\" src=\"http:\/\/desireemartinphoto.com\/blog\/wp-content\/uploads\/2010\/04\/DM-Procesion-Silencio-2010-blog-13.jpg\" alt=\"\" width=\"550\" height=\"384\" srcset=\"http:\/\/desireemartinphoto.com\/blog\/wp-content\/uploads\/2010\/04\/DM-Procesion-Silencio-2010-blog-13.jpg 550w, http:\/\/desireemartinphoto.com\/blog\/wp-content\/uploads\/2010\/04\/DM-Procesion-Silencio-2010-blog-13-300x209.jpg 300w\" sizes=\"(max-width: 550px) 100vw, 550px\" \/><\/p>\n<p><img data-attachment-id=\"200\" data-permalink=\"http:\/\/desireemartinphoto.com\/blog\/sshh-procesion-del-silencio-en-la-laguna\/dm-procesion-silencio-2010-blog-14\/\" data-orig-file=\"http:\/\/desireemartinphoto.com\/blog\/wp-content\/uploads\/2010\/04\/DM-Procesion-Silencio-2010-blog-14.jpg\" data-orig-size=\"550,367\" data-comments-opened=\"1\" data-image-meta=\"{&quot;aperture&quot;:&quot;2.8&quot;,&quot;credit&quot;:&quot;&quot;,&quot;camera&quot;:&quot;Canon EOS 5D Mark II&quot;,&quot;caption&quot;:&quot;&quot;,&quot;created_timestamp&quot;:&quot;1270246306&quot;,&quot;copyright&quot;:&quot;&quot;,&quot;focal_length&quot;:&quot;16&quot;,&quot;iso&quot;:&quot;2500&quot;,&quot;shutter_speed&quot;:&quot;0.076923076923077&quot;,&quot;title&quot;:&quot;&quot;}\" data-image-title=\"DM-Procesion-Silencio-2010-blog-14\" data-image-description=\"\" data-medium-file=\"http:\/\/desireemartinphoto.com\/blog\/wp-content\/uploads\/2010\/04\/DM-Procesion-Silencio-2010-blog-14-300x200.jpg\" data-large-file=\"http:\/\/desireemartinphoto.com\/blog\/wp-content\/uploads\/2010\/04\/DM-Procesion-Silencio-2010-blog-14.jpg\" loading=\"lazy\" class=\"alignnone size-full wp-image-200\" src=\"http:\/\/desireemartinphoto.com\/blog\/wp-content\/uploads\/2010\/04\/DM-Procesion-Silencio-2010-blog-14.jpg\" alt=\"\" width=\"550\" height=\"367\" srcset=\"http:\/\/desireemartinphoto.com\/blog\/wp-content\/uploads\/2010\/04\/DM-Procesion-Silencio-2010-blog-14.jpg 550w, http:\/\/desireemartinphoto.com\/blog\/wp-content\/uploads\/2010\/04\/DM-Procesion-Silencio-2010-blog-14-300x200.jpg 300w\" sizes=\"(max-width: 550px) 100vw, 550px\" \/><\/p>\n<p><img data-attachment-id=\"201\" data-permalink=\"http:\/\/desireemartinphoto.com\/blog\/sshh-procesion-del-silencio-en-la-laguna\/dm-procesion-silencio-2010-blog-15\/\" data-orig-file=\"http:\/\/desireemartinphoto.com\/blog\/wp-content\/uploads\/2010\/04\/DM-Procesion-Silencio-2010-blog-15.jpg\" data-orig-size=\"550,362\" data-comments-opened=\"1\" data-image-meta=\"{&quot;aperture&quot;:&quot;2.8&quot;,&quot;credit&quot;:&quot;&quot;,&quot;camera&quot;:&quot;Canon EOS 5D Mark II&quot;,&quot;caption&quot;:&quot;&quot;,&quot;created_timestamp&quot;:&quot;1270246169&quot;,&quot;copyright&quot;:&quot;&quot;,&quot;focal_length&quot;:&quot;16&quot;,&quot;iso&quot;:&quot;2500&quot;,&quot;shutter_speed&quot;:&quot;0.025&quot;,&quot;title&quot;:&quot;&quot;}\" data-image-title=\"DM-Procesion-Silencio-2010-blog-15\" data-image-description=\"\" data-medium-file=\"http:\/\/desireemartinphoto.com\/blog\/wp-content\/uploads\/2010\/04\/DM-Procesion-Silencio-2010-blog-15-300x197.jpg\" data-large-file=\"http:\/\/desireemartinphoto.com\/blog\/wp-content\/uploads\/2010\/04\/DM-Procesion-Silencio-2010-blog-15.jpg\" loading=\"lazy\" class=\"alignnone size-full wp-image-201\" src=\"http:\/\/desireemartinphoto.com\/blog\/wp-content\/uploads\/2010\/04\/DM-Procesion-Silencio-2010-blog-15.jpg\" alt=\"\" width=\"550\" height=\"362\" srcset=\"http:\/\/desireemartinphoto.com\/blog\/wp-content\/uploads\/2010\/04\/DM-Procesion-Silencio-2010-blog-15.jpg 550w, http:\/\/desireemartinphoto.com\/blog\/wp-content\/uploads\/2010\/04\/DM-Procesion-Silencio-2010-blog-15-300x197.jpg 300w\" sizes=\"(max-width: 550px) 100vw, 550px\" \/><\/p>\n<p><img data-attachment-id=\"202\" data-permalink=\"http:\/\/desireemartinphoto.com\/blog\/sshh-procesion-del-silencio-en-la-laguna\/dm-procesion-silencio-2010-blog-16\/\" data-orig-file=\"http:\/\/desireemartinphoto.com\/blog\/wp-content\/uploads\/2010\/04\/DM-Procesion-Silencio-2010-blog-16.jpg\" data-orig-size=\"550,367\" data-comments-opened=\"1\" data-image-meta=\"{&quot;aperture&quot;:&quot;2.8&quot;,&quot;credit&quot;:&quot;&quot;,&quot;camera&quot;:&quot;Canon EOS 5D Mark II&quot;,&quot;caption&quot;:&quot;&quot;,&quot;created_timestamp&quot;:&quot;1270246668&quot;,&quot;copyright&quot;:&quot;&quot;,&quot;focal_length&quot;:&quot;16&quot;,&quot;iso&quot;:&quot;2500&quot;,&quot;shutter_speed&quot;:&quot;0.016666666666667&quot;,&quot;title&quot;:&quot;&quot;}\" data-image-title=\"DM-Procesion-Silencio-2010-blog-16\" data-image-description=\"\" data-medium-file=\"http:\/\/desireemartinphoto.com\/blog\/wp-content\/uploads\/2010\/04\/DM-Procesion-Silencio-2010-blog-16-300x200.jpg\" data-large-file=\"http:\/\/desireemartinphoto.com\/blog\/wp-content\/uploads\/2010\/04\/DM-Procesion-Silencio-2010-blog-16.jpg\" loading=\"lazy\" class=\"alignnone size-full wp-image-202\" src=\"http:\/\/desireemartinphoto.com\/blog\/wp-content\/uploads\/2010\/04\/DM-Procesion-Silencio-2010-blog-16.jpg\" alt=\"\" width=\"550\" height=\"367\" srcset=\"http:\/\/desireemartinphoto.com\/blog\/wp-content\/uploads\/2010\/04\/DM-Procesion-Silencio-2010-blog-16.jpg 550w, http:\/\/desireemartinphoto.com\/blog\/wp-content\/uploads\/2010\/04\/DM-Procesion-Silencio-2010-blog-16-300x200.jpg 300w\" sizes=\"(max-width: 550px) 100vw, 550px\" \/><\/p>\n<div class=\"sharedaddy sd-sharing-enabled\"><div class=\"robots-nocontent sd-block sd-social sd-social-icon-text sd-sharing\"><h3 class=\"sd-title\">COMPARTE ESTO:<\/h3><div class=\"sd-content\"><ul><li class=\"share-facebook\"><a rel=\"nofollow noopener noreferrer\" data-shared=\"sharing-facebook-187\" class=\"share-facebook sd-button share-icon\" href=\"http:\/\/desireemartinphoto.com\/blog\/sshh-procesion-del-silencio-en-la-laguna\/?share=facebook\" target=\"_blank\" title=\"Haz clic para compartir en Facebook\"><span>Facebook<\/span><\/a><\/li><li class=\"share-twitter\"><a rel=\"nofollow noopener noreferrer\" data-shared=\"sharing-twitter-187\" class=\"share-twitter sd-button share-icon\" href=\"http:\/\/desireemartinphoto.com\/blog\/sshh-procesion-del-silencio-en-la-laguna\/?share=twitter\" target=\"_blank\" title=\"Haz clic para compartir en Twitter\"><span>Twitter<\/span><\/a><\/li><li class=\"share-email\"><a rel=\"nofollow noopener noreferrer\" data-shared=\"\" class=\"share-email sd-button share-icon\" href=\"http:\/\/desireemartinphoto.com\/blog\/sshh-procesion-del-silencio-en-la-laguna\/?share=email\" target=\"_blank\" title=\"Haz clic para enviar por correo electr\u00f3nico a un amigo\"><span>Correo electr\u00f3nico<\/span><\/a><\/li><li class=\"share-linkedin\"><a rel=\"nofollow noopener noreferrer\" data-shared=\"sharing-linkedin-187\" class=\"share-linkedin sd-button share-icon\" href=\"http:\/\/desireemartinphoto.com\/blog\/sshh-procesion-del-silencio-en-la-laguna\/?share=linkedin\" target=\"_blank\" title=\"Haz clic para compartir en LinkedIn\"><span>LinkedIn<\/span><\/a><\/li><li class=\"share-tumblr\"><a rel=\"nofollow noopener noreferrer\" data-shared=\"\" class=\"share-tumblr sd-button share-icon\" href=\"http:\/\/desireemartinphoto.com\/blog\/sshh-procesion-del-silencio-en-la-laguna\/?share=tumblr\" target=\"_blank\" title=\"Haz clic para compartir en Tumblr\"><span>Tumblr<\/span><\/a><\/li><li class=\"share-end\"><\/li><\/ul><\/div><\/div><\/div>","protected":false},"excerpt":{"rendered":"<p>Procesi\u00f3n del Silencio en La Laguna, ciudad Patrimonio de la Humanidad. La procesi\u00f3n comienza sobre 21h &#8230;aunque estaba all\u00ed desde las 19 horas aproximadamente. &#8230;Supongo que es igual en cada rincon de Espa\u00f1a &#8230;un recorrido por las calles de la ciudad , una cuidad que se apaga ante la salida del paso del Cristo en [&#038;hellip<\/p>\n<div class=\"sharedaddy sd-sharing-enabled\"><div class=\"robots-nocontent sd-block sd-social sd-social-icon-text sd-sharing\"><h3 class=\"sd-title\">COMPARTE ESTO:<\/h3><div class=\"sd-content\"><ul><li class=\"share-facebook\"><a rel=\"nofollow noopener noreferrer\" data-shared=\"sharing-facebook-187\" class=\"share-facebook sd-button share-icon\" href=\"http:\/\/desireemartinphoto.com\/blog\/sshh-procesion-del-silencio-en-la-laguna\/?share=facebook\" target=\"_blank\" title=\"Haz clic para compartir en Facebook\"><span>Facebook<\/span><\/a><\/li><li class=\"share-twitter\"><a rel=\"nofollow noopener noreferrer\" data-shared=\"sharing-twitter-187\" class=\"share-twitter sd-button share-icon\" href=\"http:\/\/desireemartinphoto.com\/blog\/sshh-procesion-del-silencio-en-la-laguna\/?share=twitter\" target=\"_blank\" title=\"Haz clic para compartir en Twitter\"><span>Twitter<\/span><\/a><\/li><li class=\"share-email\"><a rel=\"nofollow noopener noreferrer\" data-shared=\"\" class=\"share-email sd-button share-icon\" href=\"http:\/\/desireemartinphoto.com\/blog\/sshh-procesion-del-silencio-en-la-laguna\/?share=email\" target=\"_blank\" title=\"Haz clic para enviar por correo electr\u00f3nico a un amigo\"><span>Correo electr\u00f3nico<\/span><\/a><\/li><li class=\"share-linkedin\"><a rel=\"nofollow noopener noreferrer\" data-shared=\"sharing-linkedin-187\" class=\"share-linkedin sd-button share-icon\" href=\"http:\/\/desireemartinphoto.com\/blog\/sshh-procesion-del-silencio-en-la-laguna\/?share=linkedin\" target=\"_blank\" title=\"Haz clic para compartir en LinkedIn\"><span>LinkedIn<\/span><\/a><\/li><li class=\"share-tumblr\"><a rel=\"nofollow noopener noreferrer\" data-shared=\"\" class=\"share-tumblr sd-button share-icon\" href=\"http:\/\/desireemartinphoto.com\/blog\/sshh-procesion-del-silencio-en-la-laguna\/?share=tumblr\" target=\"_blank\" title=\"Haz clic para compartir en Tumblr\"><span>Tumblr<\/span><\/a><\/li><li class=\"share-end\"><\/li><\/ul><\/div><\/div><\/div>","protected":false},"author":1,"featured_media":0,"comment_status":"open","ping_status":"open","sticky":false,"template":"","format":"standard","meta":{"spay_email":""},"categories":[1],"tags":[21],"jetpack_featured_media_url":"","jetpack_sharing_enabled":true,"_links":{"self":[{"href":"http:\/\/desireemartinphoto.com\/blog\/wp-json\/wp\/v2\/posts\/187"}],"collection":[{"href":"http:\/\/desireemartinphoto.com\/blog\/wp-json\/wp\/v2\/posts"}],"about":[{"href":"http:\/\/desireemartinphoto.com\/blog\/wp-json\/wp\/v2\/types\/post"}],"author":[{"embeddable":true,"href":"http:\/\/desireemartinphoto.com\/blog\/wp-json\/wp\/v2\/users\/1"}],"replies":[{"embeddable":true,"href":"http:\/\/desireemartinphoto.com\/blog\/wp-json\/wp\/v2\/comments?post=187"}],"version-history":[{"count":7,"href":"http:\/\/desireemartinphoto.com\/blog\/wp-json\/wp\/v2\/posts\/187\/revisions"}],"predecessor-version":[{"id":207,"href":"http:\/\/desireemartinphoto.com\/blog\/wp-json\/wp\/v2\/posts\/187\/revisions\/207"}],"wp:attachment":[{"href":"http:\/\/desireemartinphoto.com\/blog\/wp-json\/wp\/v2\/media?parent=187"}],"wp:term":[{"taxonomy":"category","embeddable":true,"href":"http:\/\/desireemartinphoto.com\/blog\/wp-json\/wp\/v2\/categories?post=187"},{"taxonomy":"post_tag","embeddable":true,"href":"http:\/\/desireemartinphoto.com\/blog\/wp-json\/wp\/v2\/tags?post=187"}],"curies":[{"name":"wp","href":"https:\/\/api.w.org\/{rel}","templated":true}]}}