{"id":1814,"date":"2012-05-28T20:34:44","date_gmt":"2012-05-28T20:34:44","guid":{"rendered":"http:\/\/desireemartinphoto.com\/blog\/?p=1814"},"modified":"2012-05-28T20:34:44","modified_gmt":"2012-05-28T20:34:44","slug":"climbing","status":"publish","type":"post","link":"http:\/\/desireemartinphoto.com\/blog\/climbing\/","title":{"rendered":"Climbing !!"},"content":{"rendered":"<p>&nbsp;<\/p>\n<p>Me hab\u00edan encargado un reportaje sobre alg\u00fan deporte que se estuviera realizando de manera amateur, y tras varios contactos decid\u00ed hacerlo sobre la escalada.<\/p>\n<p>Hac\u00eda dos vidas que no me pon\u00eda unos pies de gato y agarraba una cuerda, y en suma &#8230;me val\u00eda mi me\u00f1ique para contar mi experiencia. Issshhh &#8230;<\/p>\n<p>Tuve una suerte enorme, Miguel ( El Muro : www.rocodromoelmuro.com ), un escalador con una laaaaaaaaaaaarga trayectoria, me acogi\u00f3 en su fin de semana en las alturas&#8230; No entend\u00eda nada de lo que hablaban, jerga de escaladores, pero fue espectacular!<\/p>\n<p>Escenarios: Costa de Santa Ursula y Barranco de El R\u00edo, en Arico.<\/p>\n<p>&nbsp;<\/p>\n<p><img data-attachment-id=\"1815\" data-permalink=\"http:\/\/desireemartinphoto.com\/blog\/climbing\/horizontal-34\/\" data-orig-file=\"http:\/\/desireemartinphoto.com\/blog\/wp-content\/uploads\/2012\/05\/DM-Escalada-27051202.jpg\" data-orig-size=\"550,367\" data-comments-opened=\"1\" data-image-meta=\"{&quot;aperture&quot;:&quot;6.3&quot;,&quot;credit&quot;:&quot;DESIREE MARTIN&quot;,&quot;camera&quot;:&quot;Canon EOS 5D Mark II&quot;,&quot;caption&quot;:&quot;SPAIN, Tenerife: A group of person practise climbing\\\/scaling, on the Spanish Canary island of Tenerife on May 27, 2012. Desiree Martin \\\/AFP PHOTO&quot;,&quot;created_timestamp&quot;:&quot;1338114168&quot;,&quot;copyright&quot;:&quot;ImageForum&quot;,&quot;focal_length&quot;:&quot;16&quot;,&quot;iso&quot;:&quot;100&quot;,&quot;shutter_speed&quot;:&quot;0.004&quot;,&quot;title&quot;:&quot;HORIZONTAL&quot;}\" data-image-title=\"DM-Escalada-27051202\" data-image-description=\"\" data-medium-file=\"http:\/\/desireemartinphoto.com\/blog\/wp-content\/uploads\/2012\/05\/DM-Escalada-27051202-300x200.jpg\" data-large-file=\"http:\/\/desireemartinphoto.com\/blog\/wp-content\/uploads\/2012\/05\/DM-Escalada-27051202.jpg\" loading=\"lazy\" class=\"alignnone size-full wp-image-1815\" src=\"http:\/\/desireemartinphoto.com\/blog\/wp-content\/uploads\/2012\/05\/DM-Escalada-27051202.jpg\" alt=\"\" width=\"550\" height=\"367\" srcset=\"http:\/\/desireemartinphoto.com\/blog\/wp-content\/uploads\/2012\/05\/DM-Escalada-27051202.jpg 550w, http:\/\/desireemartinphoto.com\/blog\/wp-content\/uploads\/2012\/05\/DM-Escalada-27051202-300x200.jpg 300w\" sizes=\"(max-width: 550px) 100vw, 550px\" \/><\/p>\n<p>&nbsp;<\/p>\n<p><img data-attachment-id=\"1816\" data-permalink=\"http:\/\/desireemartinphoto.com\/blog\/climbing\/dm-escalada-27051203\/\" data-orig-file=\"http:\/\/desireemartinphoto.com\/blog\/wp-content\/uploads\/2012\/05\/DM-Escalada-27051203.jpg\" data-orig-size=\"550,367\" data-comments-opened=\"1\" data-image-meta=\"{&quot;aperture&quot;:&quot;8&quot;,&quot;credit&quot;:&quot;&quot;,&quot;camera&quot;:&quot;Canon EOS 5D Mark II&quot;,&quot;caption&quot;:&quot;&quot;,&quot;created_timestamp&quot;:&quot;1338114780&quot;,&quot;copyright&quot;:&quot;&quot;,&quot;focal_length&quot;:&quot;16&quot;,&quot;iso&quot;:&quot;100&quot;,&quot;shutter_speed&quot;:&quot;0.005&quot;,&quot;title&quot;:&quot;&quot;}\" data-image-title=\"DM-Escalada-27051203\" data-image-description=\"\" data-medium-file=\"http:\/\/desireemartinphoto.com\/blog\/wp-content\/uploads\/2012\/05\/DM-Escalada-27051203-300x200.jpg\" data-large-file=\"http:\/\/desireemartinphoto.com\/blog\/wp-content\/uploads\/2012\/05\/DM-Escalada-27051203.jpg\" loading=\"lazy\" class=\"alignnone size-full wp-image-1816\" src=\"http:\/\/desireemartinphoto.com\/blog\/wp-content\/uploads\/2012\/05\/DM-Escalada-27051203.jpg\" alt=\"\" width=\"550\" height=\"367\" srcset=\"http:\/\/desireemartinphoto.com\/blog\/wp-content\/uploads\/2012\/05\/DM-Escalada-27051203.jpg 550w, http:\/\/desireemartinphoto.com\/blog\/wp-content\/uploads\/2012\/05\/DM-Escalada-27051203-300x200.jpg 300w\" sizes=\"(max-width: 550px) 100vw, 550px\" \/><\/p>\n<p>&nbsp;<\/p>\n<p><img data-attachment-id=\"1817\" data-permalink=\"http:\/\/desireemartinphoto.com\/blog\/climbing\/horizontal-35\/\" data-orig-file=\"http:\/\/desireemartinphoto.com\/blog\/wp-content\/uploads\/2012\/05\/DM-Escalada-27051204.jpg\" data-orig-size=\"367,550\" data-comments-opened=\"1\" data-image-meta=\"{&quot;aperture&quot;:&quot;2.8&quot;,&quot;credit&quot;:&quot;DESIREE MARTIN&quot;,&quot;camera&quot;:&quot;Canon EOS 5D Mark II&quot;,&quot;caption&quot;:&quot;SPAIN, Tenerife: A group of person practice climbing\\\/scaling, on the Spanish Canary island of Tenerife on May 27, 2012. Desiree Martin \\\/AFP PHOTO&quot;,&quot;created_timestamp&quot;:&quot;1338027544&quot;,&quot;copyright&quot;:&quot;ImageForum&quot;,&quot;focal_length&quot;:&quot;16&quot;,&quot;iso&quot;:&quot;200&quot;,&quot;shutter_speed&quot;:&quot;0.00025&quot;,&quot;title&quot;:&quot;HORIZONTAL&quot;}\" data-image-title=\"DM-Escalada-27051204\" data-image-description=\"\" data-medium-file=\"http:\/\/desireemartinphoto.com\/blog\/wp-content\/uploads\/2012\/05\/DM-Escalada-27051204-200x300.jpg\" data-large-file=\"http:\/\/desireemartinphoto.com\/blog\/wp-content\/uploads\/2012\/05\/DM-Escalada-27051204.jpg\" loading=\"lazy\" class=\"alignnone size-full wp-image-1817\" src=\"http:\/\/desireemartinphoto.com\/blog\/wp-content\/uploads\/2012\/05\/DM-Escalada-27051204.jpg\" alt=\"\" width=\"367\" height=\"550\" srcset=\"http:\/\/desireemartinphoto.com\/blog\/wp-content\/uploads\/2012\/05\/DM-Escalada-27051204.jpg 367w, http:\/\/desireemartinphoto.com\/blog\/wp-content\/uploads\/2012\/05\/DM-Escalada-27051204-200x300.jpg 200w\" sizes=\"(max-width: 367px) 100vw, 367px\" \/><\/p>\n<p>&nbsp;<\/p>\n<p><img data-attachment-id=\"1818\" data-permalink=\"http:\/\/desireemartinphoto.com\/blog\/climbing\/dm-escalada-27051205\/\" data-orig-file=\"http:\/\/desireemartinphoto.com\/blog\/wp-content\/uploads\/2012\/05\/DM-Escalada-27051205.jpg\" data-orig-size=\"367,550\" data-comments-opened=\"1\" data-image-meta=\"{&quot;aperture&quot;:&quot;2.8&quot;,&quot;credit&quot;:&quot;&quot;,&quot;camera&quot;:&quot;Canon EOS 5D Mark II&quot;,&quot;caption&quot;:&quot;&quot;,&quot;created_timestamp&quot;:&quot;1338027230&quot;,&quot;copyright&quot;:&quot;&quot;,&quot;focal_length&quot;:&quot;70&quot;,&quot;iso&quot;:&quot;200&quot;,&quot;shutter_speed&quot;:&quot;0.0025&quot;,&quot;title&quot;:&quot;&quot;}\" data-image-title=\"DM-Escalada-27051205\" data-image-description=\"\" data-medium-file=\"http:\/\/desireemartinphoto.com\/blog\/wp-content\/uploads\/2012\/05\/DM-Escalada-27051205-200x300.jpg\" data-large-file=\"http:\/\/desireemartinphoto.com\/blog\/wp-content\/uploads\/2012\/05\/DM-Escalada-27051205.jpg\" loading=\"lazy\" class=\"alignnone size-full wp-image-1818\" src=\"http:\/\/desireemartinphoto.com\/blog\/wp-content\/uploads\/2012\/05\/DM-Escalada-27051205.jpg\" alt=\"\" width=\"367\" height=\"550\" srcset=\"http:\/\/desireemartinphoto.com\/blog\/wp-content\/uploads\/2012\/05\/DM-Escalada-27051205.jpg 367w, http:\/\/desireemartinphoto.com\/blog\/wp-content\/uploads\/2012\/05\/DM-Escalada-27051205-200x300.jpg 200w\" sizes=\"(max-width: 367px) 100vw, 367px\" \/><\/p>\n<p>&nbsp;<\/p>\n<p><img data-attachment-id=\"1819\" data-permalink=\"http:\/\/desireemartinphoto.com\/blog\/climbing\/horizontal-36\/\" data-orig-file=\"http:\/\/desireemartinphoto.com\/blog\/wp-content\/uploads\/2012\/05\/DM-Escalada-27051206.jpg\" data-orig-size=\"550,367\" data-comments-opened=\"1\" data-image-meta=\"{&quot;aperture&quot;:&quot;5.6&quot;,&quot;credit&quot;:&quot;DESIREE MARTIN&quot;,&quot;camera&quot;:&quot;Canon EOS 5D Mark II&quot;,&quot;caption&quot;:&quot;SPAIN, Tenerife: A man practice climbing\\\/scaling, on the Spanish Canary island of Tenerife on May 27, 2012. Desiree Martin \\\/AFP PHOTO&quot;,&quot;created_timestamp&quot;:&quot;1338037825&quot;,&quot;copyright&quot;:&quot;ImageForum&quot;,&quot;focal_length&quot;:&quot;135&quot;,&quot;iso&quot;:&quot;200&quot;,&quot;shutter_speed&quot;:&quot;0.002&quot;,&quot;title&quot;:&quot;HORIZONTAL&quot;}\" data-image-title=\"DM-Escalada-27051206\" data-image-description=\"\" data-medium-file=\"http:\/\/desireemartinphoto.com\/blog\/wp-content\/uploads\/2012\/05\/DM-Escalada-27051206-300x200.jpg\" data-large-file=\"http:\/\/desireemartinphoto.com\/blog\/wp-content\/uploads\/2012\/05\/DM-Escalada-27051206.jpg\" loading=\"lazy\" class=\"alignnone size-full wp-image-1819\" src=\"http:\/\/desireemartinphoto.com\/blog\/wp-content\/uploads\/2012\/05\/DM-Escalada-27051206.jpg\" alt=\"\" width=\"550\" height=\"367\" srcset=\"http:\/\/desireemartinphoto.com\/blog\/wp-content\/uploads\/2012\/05\/DM-Escalada-27051206.jpg 550w, http:\/\/desireemartinphoto.com\/blog\/wp-content\/uploads\/2012\/05\/DM-Escalada-27051206-300x200.jpg 300w\" sizes=\"(max-width: 550px) 100vw, 550px\" \/><\/p>\n<p>&nbsp;<\/p>\n<p><img data-attachment-id=\"1820\" data-permalink=\"http:\/\/desireemartinphoto.com\/blog\/climbing\/horizontal-37\/\" data-orig-file=\"http:\/\/desireemartinphoto.com\/blog\/wp-content\/uploads\/2012\/05\/DM-Escalada-27051207.jpg\" data-orig-size=\"550,374\" data-comments-opened=\"1\" data-image-meta=\"{&quot;aperture&quot;:&quot;5.6&quot;,&quot;credit&quot;:&quot;DESIREE MARTIN&quot;,&quot;camera&quot;:&quot;Canon EOS 5D Mark II&quot;,&quot;caption&quot;:&quot;SPAIN, Tenerife: A man practices climbing\\\/scaling, on the Spanish Canary island of Tenerife on May 27, 2012. Desiree Martin \\\/AFP PHOTO&quot;,&quot;created_timestamp&quot;:&quot;1338035202&quot;,&quot;copyright&quot;:&quot;ImageForum&quot;,&quot;focal_length&quot;:&quot;35&quot;,&quot;iso&quot;:&quot;200&quot;,&quot;shutter_speed&quot;:&quot;0.0025&quot;,&quot;title&quot;:&quot;HORIZONTAL&quot;}\" data-image-title=\"DM-Escalada-27051207\" data-image-description=\"\" data-medium-file=\"http:\/\/desireemartinphoto.com\/blog\/wp-content\/uploads\/2012\/05\/DM-Escalada-27051207-300x203.jpg\" data-large-file=\"http:\/\/desireemartinphoto.com\/blog\/wp-content\/uploads\/2012\/05\/DM-Escalada-27051207.jpg\" loading=\"lazy\" class=\"alignnone size-full wp-image-1820\" src=\"http:\/\/desireemartinphoto.com\/blog\/wp-content\/uploads\/2012\/05\/DM-Escalada-27051207.jpg\" alt=\"\" width=\"550\" height=\"374\" srcset=\"http:\/\/desireemartinphoto.com\/blog\/wp-content\/uploads\/2012\/05\/DM-Escalada-27051207.jpg 550w, http:\/\/desireemartinphoto.com\/blog\/wp-content\/uploads\/2012\/05\/DM-Escalada-27051207-300x203.jpg 300w\" sizes=\"(max-width: 550px) 100vw, 550px\" \/><\/p>\n<p>&nbsp;<\/p>\n<p><img data-attachment-id=\"1821\" data-permalink=\"http:\/\/desireemartinphoto.com\/blog\/climbing\/horizontal-38\/\" data-orig-file=\"http:\/\/desireemartinphoto.com\/blog\/wp-content\/uploads\/2012\/05\/DM-Escalada-27051208.jpg\" data-orig-size=\"550,367\" data-comments-opened=\"1\" data-image-meta=\"{&quot;aperture&quot;:&quot;6.3&quot;,&quot;credit&quot;:&quot;DESIREE MARTIN&quot;,&quot;camera&quot;:&quot;Canon EOS 5D Mark II&quot;,&quot;caption&quot;:&quot;SPAIN, Tenerife: A group of person practise climbing\\\/scaling, on the Spanish Canary island of Tenerife on May 27, 2012. Desiree Martin \\\/AFP PHOTO&quot;,&quot;created_timestamp&quot;:&quot;1338119008&quot;,&quot;copyright&quot;:&quot;ImageForum&quot;,&quot;focal_length&quot;:&quot;16&quot;,&quot;iso&quot;:&quot;100&quot;,&quot;shutter_speed&quot;:&quot;0.004&quot;,&quot;title&quot;:&quot;HORIZONTAL&quot;}\" data-image-title=\"DM-Escalada-27051208\" data-image-description=\"\" data-medium-file=\"http:\/\/desireemartinphoto.com\/blog\/wp-content\/uploads\/2012\/05\/DM-Escalada-27051208-300x200.jpg\" data-large-file=\"http:\/\/desireemartinphoto.com\/blog\/wp-content\/uploads\/2012\/05\/DM-Escalada-27051208.jpg\" loading=\"lazy\" class=\"alignnone size-full wp-image-1821\" src=\"http:\/\/desireemartinphoto.com\/blog\/wp-content\/uploads\/2012\/05\/DM-Escalada-27051208.jpg\" alt=\"\" width=\"550\" height=\"367\" srcset=\"http:\/\/desireemartinphoto.com\/blog\/wp-content\/uploads\/2012\/05\/DM-Escalada-27051208.jpg 550w, http:\/\/desireemartinphoto.com\/blog\/wp-content\/uploads\/2012\/05\/DM-Escalada-27051208-300x200.jpg 300w\" sizes=\"(max-width: 550px) 100vw, 550px\" \/><\/p>\n<p>&nbsp;<\/p>\n<p><img data-attachment-id=\"1822\" data-permalink=\"http:\/\/desireemartinphoto.com\/blog\/climbing\/horizontal-39\/\" data-orig-file=\"http:\/\/desireemartinphoto.com\/blog\/wp-content\/uploads\/2012\/05\/DM-Escalada-27051209.jpg\" data-orig-size=\"367,550\" data-comments-opened=\"1\" data-image-meta=\"{&quot;aperture&quot;:&quot;5&quot;,&quot;credit&quot;:&quot;DESIREE MARTIN&quot;,&quot;camera&quot;:&quot;Canon EOS 5D Mark II&quot;,&quot;caption&quot;:&quot;SPAIN, Tenerife: A man practices climbing\\\/scaling, on the Spanish Canary island of Tenerife on May 27, 2012. Desiree Martin \\\/AFP PHOTO&quot;,&quot;created_timestamp&quot;:&quot;1338135199&quot;,&quot;copyright&quot;:&quot;ImageForum&quot;,&quot;focal_length&quot;:&quot;200&quot;,&quot;iso&quot;:&quot;100&quot;,&quot;shutter_speed&quot;:&quot;0.0015625&quot;,&quot;title&quot;:&quot;HORIZONTAL&quot;}\" data-image-title=\"DM-Escalada-27051209\" data-image-description=\"\" data-medium-file=\"http:\/\/desireemartinphoto.com\/blog\/wp-content\/uploads\/2012\/05\/DM-Escalada-27051209-200x300.jpg\" data-large-file=\"http:\/\/desireemartinphoto.com\/blog\/wp-content\/uploads\/2012\/05\/DM-Escalada-27051209.jpg\" loading=\"lazy\" class=\"alignnone size-full wp-image-1822\" src=\"http:\/\/desireemartinphoto.com\/blog\/wp-content\/uploads\/2012\/05\/DM-Escalada-27051209.jpg\" alt=\"\" width=\"367\" height=\"550\" srcset=\"http:\/\/desireemartinphoto.com\/blog\/wp-content\/uploads\/2012\/05\/DM-Escalada-27051209.jpg 367w, http:\/\/desireemartinphoto.com\/blog\/wp-content\/uploads\/2012\/05\/DM-Escalada-27051209-200x300.jpg 200w\" sizes=\"(max-width: 367px) 100vw, 367px\" \/><\/p>\n<p>&nbsp;<\/p>\n<p><img data-attachment-id=\"1823\" data-permalink=\"http:\/\/desireemartinphoto.com\/blog\/climbing\/dm-escalada-27051210\/\" data-orig-file=\"http:\/\/desireemartinphoto.com\/blog\/wp-content\/uploads\/2012\/05\/DM-Escalada-27051210.jpg\" data-orig-size=\"550,367\" data-comments-opened=\"1\" data-image-meta=\"{&quot;aperture&quot;:&quot;5.6&quot;,&quot;credit&quot;:&quot;&quot;,&quot;camera&quot;:&quot;Canon EOS 5D Mark II&quot;,&quot;caption&quot;:&quot;&quot;,&quot;created_timestamp&quot;:&quot;1338030962&quot;,&quot;copyright&quot;:&quot;&quot;,&quot;focal_length&quot;:&quot;16&quot;,&quot;iso&quot;:&quot;200&quot;,&quot;shutter_speed&quot;:&quot;0.01&quot;,&quot;title&quot;:&quot;&quot;}\" data-image-title=\"DM-Escalada-27051210\" data-image-description=\"\" data-medium-file=\"http:\/\/desireemartinphoto.com\/blog\/wp-content\/uploads\/2012\/05\/DM-Escalada-27051210-300x200.jpg\" data-large-file=\"http:\/\/desireemartinphoto.com\/blog\/wp-content\/uploads\/2012\/05\/DM-Escalada-27051210.jpg\" loading=\"lazy\" class=\"alignnone size-full wp-image-1823\" src=\"http:\/\/desireemartinphoto.com\/blog\/wp-content\/uploads\/2012\/05\/DM-Escalada-27051210.jpg\" alt=\"\" width=\"550\" height=\"367\" srcset=\"http:\/\/desireemartinphoto.com\/blog\/wp-content\/uploads\/2012\/05\/DM-Escalada-27051210.jpg 550w, http:\/\/desireemartinphoto.com\/blog\/wp-content\/uploads\/2012\/05\/DM-Escalada-27051210-300x200.jpg 300w\" sizes=\"(max-width: 550px) 100vw, 550px\" \/><\/p>\n<p>&nbsp;<\/p>\n<p><img data-attachment-id=\"1824\" data-permalink=\"http:\/\/desireemartinphoto.com\/blog\/climbing\/horizontal-40\/\" data-orig-file=\"http:\/\/desireemartinphoto.com\/blog\/wp-content\/uploads\/2012\/05\/DM-Escalada-27051211.jpg\" data-orig-size=\"550,367\" data-comments-opened=\"1\" data-image-meta=\"{&quot;aperture&quot;:&quot;5.6&quot;,&quot;credit&quot;:&quot;DESIREE MARTIN&quot;,&quot;camera&quot;:&quot;Canon EOS 5D Mark II&quot;,&quot;caption&quot;:&quot;SPAIN, Tenerife: A woman practices climbing\\\/scaling, on the Spanish Canary island of Tenerife on May 27, 2012. Desiree Martin \\\/AFP PHOTO&quot;,&quot;created_timestamp&quot;:&quot;1338034888&quot;,&quot;copyright&quot;:&quot;ImageForum&quot;,&quot;focal_length&quot;:&quot;35&quot;,&quot;iso&quot;:&quot;200&quot;,&quot;shutter_speed&quot;:&quot;0.002&quot;,&quot;title&quot;:&quot;HORIZONTAL&quot;}\" data-image-title=\"DM-Escalada-27051211\" data-image-description=\"\" data-medium-file=\"http:\/\/desireemartinphoto.com\/blog\/wp-content\/uploads\/2012\/05\/DM-Escalada-27051211-300x200.jpg\" data-large-file=\"http:\/\/desireemartinphoto.com\/blog\/wp-content\/uploads\/2012\/05\/DM-Escalada-27051211.jpg\" loading=\"lazy\" class=\"alignnone size-full wp-image-1824\" src=\"http:\/\/desireemartinphoto.com\/blog\/wp-content\/uploads\/2012\/05\/DM-Escalada-27051211.jpg\" alt=\"\" width=\"550\" height=\"367\" srcset=\"http:\/\/desireemartinphoto.com\/blog\/wp-content\/uploads\/2012\/05\/DM-Escalada-27051211.jpg 550w, http:\/\/desireemartinphoto.com\/blog\/wp-content\/uploads\/2012\/05\/DM-Escalada-27051211-300x200.jpg 300w\" sizes=\"(max-width: 550px) 100vw, 550px\" \/><\/p>\n<p>&nbsp;<\/p>\n<p><img data-attachment-id=\"1825\" data-permalink=\"http:\/\/desireemartinphoto.com\/blog\/climbing\/horizontal-41\/\" data-orig-file=\"http:\/\/desireemartinphoto.com\/blog\/wp-content\/uploads\/2012\/05\/DM-Escalada-27051212.jpg\" data-orig-size=\"550,367\" data-comments-opened=\"1\" data-image-meta=\"{&quot;aperture&quot;:&quot;6.3&quot;,&quot;credit&quot;:&quot;DESIREE MARTIN&quot;,&quot;camera&quot;:&quot;Canon EOS 5D Mark II&quot;,&quot;caption&quot;:&quot;SPAIN, Tenerife: A group of person practice climbing\\\/scaling, on the Spanish Canary island of Tenerife on May 27, 2012. Desiree Martin \\\/AFP PHOTO&quot;,&quot;created_timestamp&quot;:&quot;1338120857&quot;,&quot;copyright&quot;:&quot;ImageForum&quot;,&quot;focal_length&quot;:&quot;16&quot;,&quot;iso&quot;:&quot;100&quot;,&quot;shutter_speed&quot;:&quot;0.00625&quot;,&quot;title&quot;:&quot;HORIZONTAL&quot;}\" data-image-title=\"DM-Escalada-27051212\" data-image-description=\"\" data-medium-file=\"http:\/\/desireemartinphoto.com\/blog\/wp-content\/uploads\/2012\/05\/DM-Escalada-27051212-300x200.jpg\" data-large-file=\"http:\/\/desireemartinphoto.com\/blog\/wp-content\/uploads\/2012\/05\/DM-Escalada-27051212.jpg\" loading=\"lazy\" class=\"alignnone size-full wp-image-1825\" src=\"http:\/\/desireemartinphoto.com\/blog\/wp-content\/uploads\/2012\/05\/DM-Escalada-27051212.jpg\" alt=\"\" width=\"550\" height=\"367\" srcset=\"http:\/\/desireemartinphoto.com\/blog\/wp-content\/uploads\/2012\/05\/DM-Escalada-27051212.jpg 550w, http:\/\/desireemartinphoto.com\/blog\/wp-content\/uploads\/2012\/05\/DM-Escalada-27051212-300x200.jpg 300w\" sizes=\"(max-width: 550px) 100vw, 550px\" \/><\/p>\n<p>&nbsp;<\/p>\n<p><img data-attachment-id=\"1826\" data-permalink=\"http:\/\/desireemartinphoto.com\/blog\/climbing\/horizontal-42\/\" data-orig-file=\"http:\/\/desireemartinphoto.com\/blog\/wp-content\/uploads\/2012\/05\/DM-Escalada-27051213.jpg\" data-orig-size=\"550,367\" data-comments-opened=\"1\" data-image-meta=\"{&quot;aperture&quot;:&quot;6.3&quot;,&quot;credit&quot;:&quot;DESIREE MARTIN&quot;,&quot;camera&quot;:&quot;Canon EOS 5D Mark II&quot;,&quot;caption&quot;:&quot;SPAIN, Tenerife: A group of person practice climbing\\\/scaling, on the Spanish Canary island of Tenerife on May 27, 2012. Desiree Martin \\\/AFP PHOTO&quot;,&quot;created_timestamp&quot;:&quot;1338119045&quot;,&quot;copyright&quot;:&quot;ImageForum&quot;,&quot;focal_length&quot;:&quot;16&quot;,&quot;iso&quot;:&quot;100&quot;,&quot;shutter_speed&quot;:&quot;0.01&quot;,&quot;title&quot;:&quot;HORIZONTAL&quot;}\" data-image-title=\"DM-Escalada-27051213\" data-image-description=\"\" data-medium-file=\"http:\/\/desireemartinphoto.com\/blog\/wp-content\/uploads\/2012\/05\/DM-Escalada-27051213-300x200.jpg\" data-large-file=\"http:\/\/desireemartinphoto.com\/blog\/wp-content\/uploads\/2012\/05\/DM-Escalada-27051213.jpg\" loading=\"lazy\" class=\"alignnone size-full wp-image-1826\" src=\"http:\/\/desireemartinphoto.com\/blog\/wp-content\/uploads\/2012\/05\/DM-Escalada-27051213.jpg\" alt=\"\" width=\"550\" height=\"367\" srcset=\"http:\/\/desireemartinphoto.com\/blog\/wp-content\/uploads\/2012\/05\/DM-Escalada-27051213.jpg 550w, http:\/\/desireemartinphoto.com\/blog\/wp-content\/uploads\/2012\/05\/DM-Escalada-27051213-300x200.jpg 300w\" sizes=\"(max-width: 550px) 100vw, 550px\" \/><\/p>\n<p>&nbsp;<\/p>\n<p><img data-attachment-id=\"1827\" data-permalink=\"http:\/\/desireemartinphoto.com\/blog\/climbing\/dm-escalada-27051214\/\" data-orig-file=\"http:\/\/desireemartinphoto.com\/blog\/wp-content\/uploads\/2012\/05\/DM-Escalada-27051214.jpg\" data-orig-size=\"367,550\" data-comments-opened=\"1\" data-image-meta=\"{&quot;aperture&quot;:&quot;2.8&quot;,&quot;credit&quot;:&quot;&quot;,&quot;camera&quot;:&quot;Canon EOS 5D Mark II&quot;,&quot;caption&quot;:&quot;&quot;,&quot;created_timestamp&quot;:&quot;1338116310&quot;,&quot;copyright&quot;:&quot;&quot;,&quot;focal_length&quot;:&quot;73&quot;,&quot;iso&quot;:&quot;100&quot;,&quot;shutter_speed&quot;:&quot;0.002&quot;,&quot;title&quot;:&quot;&quot;}\" data-image-title=\"DM-Escalada-27051214\" data-image-description=\"\" data-medium-file=\"http:\/\/desireemartinphoto.com\/blog\/wp-content\/uploads\/2012\/05\/DM-Escalada-27051214-200x300.jpg\" data-large-file=\"http:\/\/desireemartinphoto.com\/blog\/wp-content\/uploads\/2012\/05\/DM-Escalada-27051214.jpg\" loading=\"lazy\" class=\"alignnone size-full wp-image-1827\" src=\"http:\/\/desireemartinphoto.com\/blog\/wp-content\/uploads\/2012\/05\/DM-Escalada-27051214.jpg\" alt=\"\" width=\"367\" height=\"550\" srcset=\"http:\/\/desireemartinphoto.com\/blog\/wp-content\/uploads\/2012\/05\/DM-Escalada-27051214.jpg 367w, http:\/\/desireemartinphoto.com\/blog\/wp-content\/uploads\/2012\/05\/DM-Escalada-27051214-200x300.jpg 200w\" sizes=\"(max-width: 367px) 100vw, 367px\" \/><\/p>\n<p>&nbsp;<\/p>\n<p><img data-attachment-id=\"1828\" data-permalink=\"http:\/\/desireemartinphoto.com\/blog\/climbing\/horizontal-43\/\" data-orig-file=\"http:\/\/desireemartinphoto.com\/blog\/wp-content\/uploads\/2012\/05\/DM-Escalada-27051215.jpg\" data-orig-size=\"367,550\" data-comments-opened=\"1\" data-image-meta=\"{&quot;aperture&quot;:&quot;2.8&quot;,&quot;credit&quot;:&quot;DESIREE MARTIN&quot;,&quot;camera&quot;:&quot;Canon EOS 5D Mark II&quot;,&quot;caption&quot;:&quot;SPAIN, Tenerife: A man practices climbing\\\/scaling, on the Spanish Canary island of Tenerife on May 27, 2012. Desiree Martin \\\/AFP PHOTO&quot;,&quot;created_timestamp&quot;:&quot;1338131410&quot;,&quot;copyright&quot;:&quot;ImageForum&quot;,&quot;focal_length&quot;:&quot;200&quot;,&quot;iso&quot;:&quot;100&quot;,&quot;shutter_speed&quot;:&quot;0.0008&quot;,&quot;title&quot;:&quot;HORIZONTAL&quot;}\" data-image-title=\"DM-Escalada-27051215\" data-image-description=\"\" data-medium-file=\"http:\/\/desireemartinphoto.com\/blog\/wp-content\/uploads\/2012\/05\/DM-Escalada-27051215-200x300.jpg\" data-large-file=\"http:\/\/desireemartinphoto.com\/blog\/wp-content\/uploads\/2012\/05\/DM-Escalada-27051215.jpg\" loading=\"lazy\" class=\"alignnone size-full wp-image-1828\" src=\"http:\/\/desireemartinphoto.com\/blog\/wp-content\/uploads\/2012\/05\/DM-Escalada-27051215.jpg\" alt=\"\" width=\"367\" height=\"550\" srcset=\"http:\/\/desireemartinphoto.com\/blog\/wp-content\/uploads\/2012\/05\/DM-Escalada-27051215.jpg 367w, http:\/\/desireemartinphoto.com\/blog\/wp-content\/uploads\/2012\/05\/DM-Escalada-27051215-200x300.jpg 200w\" sizes=\"(max-width: 367px) 100vw, 367px\" \/><\/p>\n<p>&nbsp;<\/p>\n<p><img data-attachment-id=\"1829\" data-permalink=\"http:\/\/desireemartinphoto.com\/blog\/climbing\/horizontal-44\/\" data-orig-file=\"http:\/\/desireemartinphoto.com\/blog\/wp-content\/uploads\/2012\/05\/DM-Escalada-27051216.jpg\" data-orig-size=\"550,367\" data-comments-opened=\"1\" data-image-meta=\"{&quot;aperture&quot;:&quot;5&quot;,&quot;credit&quot;:&quot;DESIREE MARTIN&quot;,&quot;camera&quot;:&quot;Canon EOS 5D Mark II&quot;,&quot;caption&quot;:&quot;SPAIN, Tenerife: A group of person practice climbing\\\/scaling, on the Spanish Canary island of Tenerife on May 27, 2012. Desiree Martin \\\/AFP PHOTO&quot;,&quot;created_timestamp&quot;:&quot;1338135145&quot;,&quot;copyright&quot;:&quot;ImageForum&quot;,&quot;focal_length&quot;:&quot;100&quot;,&quot;iso&quot;:&quot;100&quot;,&quot;shutter_speed&quot;:&quot;0.00125&quot;,&quot;title&quot;:&quot;HORIZONTAL&quot;}\" data-image-title=\"DM-Escalada-27051216\" data-image-description=\"\" data-medium-file=\"http:\/\/desireemartinphoto.com\/blog\/wp-content\/uploads\/2012\/05\/DM-Escalada-27051216-300x200.jpg\" data-large-file=\"http:\/\/desireemartinphoto.com\/blog\/wp-content\/uploads\/2012\/05\/DM-Escalada-27051216.jpg\" loading=\"lazy\" class=\"alignnone size-full wp-image-1829\" src=\"http:\/\/desireemartinphoto.com\/blog\/wp-content\/uploads\/2012\/05\/DM-Escalada-27051216.jpg\" alt=\"\" width=\"550\" height=\"367\" srcset=\"http:\/\/desireemartinphoto.com\/blog\/wp-content\/uploads\/2012\/05\/DM-Escalada-27051216.jpg 550w, http:\/\/desireemartinphoto.com\/blog\/wp-content\/uploads\/2012\/05\/DM-Escalada-27051216-300x200.jpg 300w\" sizes=\"(max-width: 550px) 100vw, 550px\" \/><\/p>\n<p>&nbsp;<\/p>\n<p><img data-attachment-id=\"1830\" data-permalink=\"http:\/\/desireemartinphoto.com\/blog\/climbing\/horizontal-45\/\" data-orig-file=\"http:\/\/desireemartinphoto.com\/blog\/wp-content\/uploads\/2012\/05\/DM-Escalada-27051217.jpg\" data-orig-size=\"367,550\" data-comments-opened=\"1\" data-image-meta=\"{&quot;aperture&quot;:&quot;5.6&quot;,&quot;credit&quot;:&quot;DESIREE MARTIN&quot;,&quot;camera&quot;:&quot;Canon EOS 5D Mark II&quot;,&quot;caption&quot;:&quot;SPAIN, Tenerife: A man practices climbing\\\/scaling, on the Spanish Canary island of Tenerife on May 27, 2012. Desiree Martin \\\/AFP PHOTO&quot;,&quot;created_timestamp&quot;:&quot;1338038112&quot;,&quot;copyright&quot;:&quot;ImageForum&quot;,&quot;focal_length&quot;:&quot;70&quot;,&quot;iso&quot;:&quot;200&quot;,&quot;shutter_speed&quot;:&quot;0.0005&quot;,&quot;title&quot;:&quot;HORIZONTAL&quot;}\" data-image-title=\"DM-Escalada-27051217\" data-image-description=\"\" data-medium-file=\"http:\/\/desireemartinphoto.com\/blog\/wp-content\/uploads\/2012\/05\/DM-Escalada-27051217-200x300.jpg\" data-large-file=\"http:\/\/desireemartinphoto.com\/blog\/wp-content\/uploads\/2012\/05\/DM-Escalada-27051217.jpg\" loading=\"lazy\" class=\"alignnone size-full wp-image-1830\" src=\"http:\/\/desireemartinphoto.com\/blog\/wp-content\/uploads\/2012\/05\/DM-Escalada-27051217.jpg\" alt=\"\" width=\"367\" height=\"550\" srcset=\"http:\/\/desireemartinphoto.com\/blog\/wp-content\/uploads\/2012\/05\/DM-Escalada-27051217.jpg 367w, http:\/\/desireemartinphoto.com\/blog\/wp-content\/uploads\/2012\/05\/DM-Escalada-27051217-200x300.jpg 200w\" sizes=\"(max-width: 367px) 100vw, 367px\" \/><\/p>\n<p>&nbsp;<\/p>\n<p>Gracias Miguel.<\/p>\n<p>Gracias Carlos, Silvia, Laura, Mimi, Abraham, Charly, Beni, Borja y Marina.<\/p>\n<div class=\"sharedaddy sd-sharing-enabled\"><div class=\"robots-nocontent sd-block sd-social sd-social-icon-text sd-sharing\"><h3 class=\"sd-title\">COMPARTE ESTO:<\/h3><div class=\"sd-content\"><ul><li class=\"share-facebook\"><a rel=\"nofollow noopener noreferrer\" data-shared=\"sharing-facebook-1814\" class=\"share-facebook sd-button share-icon\" href=\"http:\/\/desireemartinphoto.com\/blog\/climbing\/?share=facebook\" target=\"_blank\" title=\"Haz clic para compartir en Facebook\"><span>Facebook<\/span><\/a><\/li><li class=\"share-twitter\"><a rel=\"nofollow noopener noreferrer\" data-shared=\"sharing-twitter-1814\" class=\"share-twitter sd-button share-icon\" href=\"http:\/\/desireemartinphoto.com\/blog\/climbing\/?share=twitter\" target=\"_blank\" title=\"Haz clic para compartir en Twitter\"><span>Twitter<\/span><\/a><\/li><li class=\"share-email\"><a rel=\"nofollow noopener noreferrer\" data-shared=\"\" class=\"share-email sd-button share-icon\" href=\"http:\/\/desireemartinphoto.com\/blog\/climbing\/?share=email\" target=\"_blank\" title=\"Haz clic para enviar por correo electr\u00f3nico a un amigo\"><span>Correo electr\u00f3nico<\/span><\/a><\/li><li class=\"share-linkedin\"><a rel=\"nofollow noopener noreferrer\" data-shared=\"sharing-linkedin-1814\" class=\"share-linkedin sd-button share-icon\" href=\"http:\/\/desireemartinphoto.com\/blog\/climbing\/?share=linkedin\" target=\"_blank\" title=\"Haz clic para compartir en LinkedIn\"><span>LinkedIn<\/span><\/a><\/li><li class=\"share-tumblr\"><a rel=\"nofollow noopener noreferrer\" data-shared=\"\" class=\"share-tumblr sd-button share-icon\" href=\"http:\/\/desireemartinphoto.com\/blog\/climbing\/?share=tumblr\" target=\"_blank\" title=\"Haz clic para compartir en Tumblr\"><span>Tumblr<\/span><\/a><\/li><li class=\"share-end\"><\/li><\/ul><\/div><\/div><\/div>","protected":false},"excerpt":{"rendered":"<p>&nbsp; Me hab\u00edan encargado un reportaje sobre alg\u00fan deporte que se estuviera realizando de manera amateur, y tras varios contactos decid\u00ed hacerlo sobre la escalada. Hac\u00eda dos vidas que no me pon\u00eda unos pies de gato y agarraba una cuerda, y en suma &#8230;me val\u00eda mi me\u00f1ique para contar mi experiencia. Issshhh &#8230; Tuve una [&#038;hellip<\/p>\n<div class=\"sharedaddy sd-sharing-enabled\"><div class=\"robots-nocontent sd-block sd-social sd-social-icon-text sd-sharing\"><h3 class=\"sd-title\">COMPARTE ESTO:<\/h3><div class=\"sd-content\"><ul><li class=\"share-facebook\"><a rel=\"nofollow noopener noreferrer\" data-shared=\"sharing-facebook-1814\" class=\"share-facebook sd-button share-icon\" href=\"http:\/\/desireemartinphoto.com\/blog\/climbing\/?share=facebook\" target=\"_blank\" title=\"Haz clic para compartir en Facebook\"><span>Facebook<\/span><\/a><\/li><li class=\"share-twitter\"><a rel=\"nofollow noopener noreferrer\" data-shared=\"sharing-twitter-1814\" class=\"share-twitter sd-button share-icon\" href=\"http:\/\/desireemartinphoto.com\/blog\/climbing\/?share=twitter\" target=\"_blank\" title=\"Haz clic para compartir en Twitter\"><span>Twitter<\/span><\/a><\/li><li class=\"share-email\"><a rel=\"nofollow noopener noreferrer\" data-shared=\"\" class=\"share-email sd-button share-icon\" href=\"http:\/\/desireemartinphoto.com\/blog\/climbing\/?share=email\" target=\"_blank\" title=\"Haz clic para enviar por correo electr\u00f3nico a un amigo\"><span>Correo electr\u00f3nico<\/span><\/a><\/li><li class=\"share-linkedin\"><a rel=\"nofollow noopener noreferrer\" data-shared=\"sharing-linkedin-1814\" class=\"share-linkedin sd-button share-icon\" href=\"http:\/\/desireemartinphoto.com\/blog\/climbing\/?share=linkedin\" target=\"_blank\" title=\"Haz clic para compartir en LinkedIn\"><span>LinkedIn<\/span><\/a><\/li><li class=\"share-tumblr\"><a rel=\"nofollow noopener noreferrer\" data-shared=\"\" class=\"share-tumblr sd-button share-icon\" href=\"http:\/\/desireemartinphoto.com\/blog\/climbing\/?share=tumblr\" target=\"_blank\" title=\"Haz clic para compartir en Tumblr\"><span>Tumblr<\/span><\/a><\/li><li class=\"share-end\"><\/li><\/ul><\/div><\/div><\/div>","protected":false},"author":1,"featured_media":0,"comment_status":"open","ping_status":"open","sticky":false,"template":"","format":"standard","meta":{"spay_email":""},"categories":[1],"tags":[371,368,370,373,374,367,366,372,345,375,369],"jetpack_featured_media_url":"","jetpack_sharing_enabled":true,"_links":{"self":[{"href":"http:\/\/desireemartinphoto.com\/blog\/wp-json\/wp\/v2\/posts\/1814"}],"collection":[{"href":"http:\/\/desireemartinphoto.com\/blog\/wp-json\/wp\/v2\/posts"}],"about":[{"href":"http:\/\/desireemartinphoto.com\/blog\/wp-json\/wp\/v2\/types\/post"}],"author":[{"embeddable":true,"href":"http:\/\/desireemartinphoto.com\/blog\/wp-json\/wp\/v2\/users\/1"}],"replies":[{"embeddable":true,"href":"http:\/\/desireemartinphoto.com\/blog\/wp-json\/wp\/v2\/comments?post=1814"}],"version-history":[{"count":2,"href":"http:\/\/desireemartinphoto.com\/blog\/wp-json\/wp\/v2\/posts\/1814\/revisions"}],"predecessor-version":[{"id":1832,"href":"http:\/\/desireemartinphoto.com\/blog\/wp-json\/wp\/v2\/posts\/1814\/revisions\/1832"}],"wp:attachment":[{"href":"http:\/\/desireemartinphoto.com\/blog\/wp-json\/wp\/v2\/media?parent=1814"}],"wp:term":[{"taxonomy":"category","embeddable":true,"href":"http:\/\/desireemartinphoto.com\/blog\/wp-json\/wp\/v2\/categories?post=1814"},{"taxonomy":"post_tag","embeddable":true,"href":"http:\/\/desireemartinphoto.com\/blog\/wp-json\/wp\/v2\/tags?post=1814"}],"curies":[{"name":"wp","href":"https:\/\/api.w.org\/{rel}","templated":true}]}}