{"id":18,"date":"2010-03-16T19:55:09","date_gmt":"2010-03-16T19:55:09","guid":{"rendered":"http:\/\/desireemartinphoto.com\/blog\/?p=18"},"modified":"2010-03-16T19:55:09","modified_gmt":"2010-03-16T19:55:09","slug":"ley-de-costas","status":"publish","type":"post","link":"http:\/\/desireemartinphoto.com\/blog\/ley-de-costas\/","title":{"rendered":"Ley de Costas&#8230;"},"content":{"rendered":"<p>Hace un tiempo\u2026. m\u00e1s de dos a\u00f1os, que estoy con un reportaje de esos que comienzan en mi carpeta de CHORRADAS DIARIAS y acaban \u2026en la de env\u00edo urgente a alguno de los medios de comunicaci\u00f3n para los que trabajo. Me explico: esos reportajes que los comienzas como hilo de alguna foto que haces y te enamora\u2026y quieres seguir tirando de ese hilo a ver que pasa\u2026 o simplemente un tema que te engancha por la raz\u00f3n que sea \u2026en mi caso suelen ser temas muy sociales.. en \u00e9ste caso la LEY DE COSTAS.<\/p>\n<p>Cuando llevaba cosa de un a\u00f1o dedicando algunas tardes, y otras tantas ma\u00f1anas a pasearme por nuestras costas , intentando empaparme de esa forma de vivir, de esas costumbres nuestras que parec\u00edan amenazadas por la inminente aplicaci\u00f3n de la nombrada ley, me dan el soplo de que van a derribar el poblado costero de Chovito.<\/p>\n<p>\u2026el resto es historia\u2026 tuvo que caer ese David para que el resto de los habitantes de Canarias, Espa\u00f1a y Europa se percatara de que \u2026quiz\u00e1s .. esa normativa no era del todo justa.<\/p>\n<p>Ahora parece que le toca a La Bombilla , en la isla de La Palma.<\/p>\n<p>Esta serie de fotograf\u00edas , sin mucha pretensi\u00f3n, son parte de esas tardes y ma\u00f1anas con las gentes de algunos lugares costeros que intentan continuar con sus costumbre \u2026.VIVIENDO AL MARGEN DE LA LEY DE COSTAS\u2026( titulo del reportaje que estoy acabando ).<\/p>\n<p>\u00bf qu\u00e9 opinan de la ley de Costas?&#8230; \u2026<\/p>\n<p><img data-attachment-id=\"19\" data-permalink=\"http:\/\/desireemartinphoto.com\/blog\/ley-de-costas\/dm-la-bombilla-blog-01-sep\/\" data-orig-file=\"http:\/\/desireemartinphoto.com\/blog\/wp-content\/uploads\/2010\/03\/DM-La-Bombilla-blog-01-SEP.jpg\" data-orig-size=\"550,328\" data-comments-opened=\"1\" data-image-meta=\"{&quot;aperture&quot;:&quot;5.6&quot;,&quot;credit&quot;:&quot;&quot;,&quot;camera&quot;:&quot;Canon EOS-1D Mark II&quot;,&quot;caption&quot;:&quot;&quot;,&quot;created_timestamp&quot;:&quot;1250623276&quot;,&quot;copyright&quot;:&quot;&quot;,&quot;focal_length&quot;:&quot;22&quot;,&quot;iso&quot;:&quot;200&quot;,&quot;shutter_speed&quot;:&quot;0.00125&quot;,&quot;title&quot;:&quot;&quot;}\" data-image-title=\"DM-La-Bombilla-blog-01-SEP\" data-image-description=\"\" data-medium-file=\"http:\/\/desireemartinphoto.com\/blog\/wp-content\/uploads\/2010\/03\/DM-La-Bombilla-blog-01-SEP-300x178.jpg\" data-large-file=\"http:\/\/desireemartinphoto.com\/blog\/wp-content\/uploads\/2010\/03\/DM-La-Bombilla-blog-01-SEP.jpg\" loading=\"lazy\" class=\"alignnone size-full wp-image-19\" src=\"http:\/\/desireemartinphoto.com\/blog\/wp-content\/uploads\/2010\/03\/DM-La-Bombilla-blog-01-SEP.jpg\" alt=\"\" width=\"550\" height=\"328\" srcset=\"http:\/\/desireemartinphoto.com\/blog\/wp-content\/uploads\/2010\/03\/DM-La-Bombilla-blog-01-SEP.jpg 550w, http:\/\/desireemartinphoto.com\/blog\/wp-content\/uploads\/2010\/03\/DM-La-Bombilla-blog-01-SEP-300x178.jpg 300w\" sizes=\"(max-width: 550px) 100vw, 550px\" \/><\/p>\n<p><img data-attachment-id=\"20\" data-permalink=\"http:\/\/desireemartinphoto.com\/blog\/ley-de-costas\/dm-la-bombilla-blog-02-sep\/\" data-orig-file=\"http:\/\/desireemartinphoto.com\/blog\/wp-content\/uploads\/2010\/03\/DM-La-Bombilla-blog-02-SEP.jpg\" data-orig-size=\"550,367\" data-comments-opened=\"1\" data-image-meta=\"{&quot;aperture&quot;:&quot;5.6&quot;,&quot;credit&quot;:&quot;&quot;,&quot;camera&quot;:&quot;Canon EOS-1D Mark II&quot;,&quot;caption&quot;:&quot;&quot;,&quot;created_timestamp&quot;:&quot;1250624327&quot;,&quot;copyright&quot;:&quot;&quot;,&quot;focal_length&quot;:&quot;120&quot;,&quot;iso&quot;:&quot;200&quot;,&quot;shutter_speed&quot;:&quot;0.0008&quot;,&quot;title&quot;:&quot;&quot;}\" data-image-title=\"DM-La-Bombilla-blog-02-SEP\" data-image-description=\"\" data-medium-file=\"http:\/\/desireemartinphoto.com\/blog\/wp-content\/uploads\/2010\/03\/DM-La-Bombilla-blog-02-SEP-300x200.jpg\" data-large-file=\"http:\/\/desireemartinphoto.com\/blog\/wp-content\/uploads\/2010\/03\/DM-La-Bombilla-blog-02-SEP.jpg\" loading=\"lazy\" class=\"alignnone size-full wp-image-20\" src=\"http:\/\/desireemartinphoto.com\/blog\/wp-content\/uploads\/2010\/03\/DM-La-Bombilla-blog-02-SEP.jpg\" alt=\"\" width=\"550\" height=\"367\" srcset=\"http:\/\/desireemartinphoto.com\/blog\/wp-content\/uploads\/2010\/03\/DM-La-Bombilla-blog-02-SEP.jpg 550w, http:\/\/desireemartinphoto.com\/blog\/wp-content\/uploads\/2010\/03\/DM-La-Bombilla-blog-02-SEP-300x200.jpg 300w\" sizes=\"(max-width: 550px) 100vw, 550px\" \/><\/p>\n<p><img data-attachment-id=\"21\" data-permalink=\"http:\/\/desireemartinphoto.com\/blog\/ley-de-costas\/dm-la-bombilla-blog-03-sep\/\" data-orig-file=\"http:\/\/desireemartinphoto.com\/blog\/wp-content\/uploads\/2010\/03\/DM-La-Bombilla-blog-03-SEP.jpg\" data-orig-size=\"550,367\" data-comments-opened=\"1\" data-image-meta=\"{&quot;aperture&quot;:&quot;5.6&quot;,&quot;credit&quot;:&quot;&quot;,&quot;camera&quot;:&quot;Canon EOS-1D Mark II&quot;,&quot;caption&quot;:&quot;&quot;,&quot;created_timestamp&quot;:&quot;1250623629&quot;,&quot;copyright&quot;:&quot;&quot;,&quot;focal_length&quot;:&quot;28&quot;,&quot;iso&quot;:&quot;200&quot;,&quot;shutter_speed&quot;:&quot;0.0005&quot;,&quot;title&quot;:&quot;&quot;}\" data-image-title=\"DM-La-Bombilla-blog-03-SEP\" data-image-description=\"\" data-medium-file=\"http:\/\/desireemartinphoto.com\/blog\/wp-content\/uploads\/2010\/03\/DM-La-Bombilla-blog-03-SEP-300x200.jpg\" data-large-file=\"http:\/\/desireemartinphoto.com\/blog\/wp-content\/uploads\/2010\/03\/DM-La-Bombilla-blog-03-SEP.jpg\" loading=\"lazy\" class=\"alignnone size-full wp-image-21\" src=\"http:\/\/desireemartinphoto.com\/blog\/wp-content\/uploads\/2010\/03\/DM-La-Bombilla-blog-03-SEP.jpg\" alt=\"\" width=\"550\" height=\"367\" srcset=\"http:\/\/desireemartinphoto.com\/blog\/wp-content\/uploads\/2010\/03\/DM-La-Bombilla-blog-03-SEP.jpg 550w, http:\/\/desireemartinphoto.com\/blog\/wp-content\/uploads\/2010\/03\/DM-La-Bombilla-blog-03-SEP-300x200.jpg 300w\" sizes=\"(max-width: 550px) 100vw, 550px\" \/><\/p>\n<p><img data-attachment-id=\"22\" data-permalink=\"http:\/\/desireemartinphoto.com\/blog\/ley-de-costas\/dm-la-bombilla-blog-04-sep\/\" data-orig-file=\"http:\/\/desireemartinphoto.com\/blog\/wp-content\/uploads\/2010\/03\/DM-La-Bombilla-blog-04-SEP.jpg\" data-orig-size=\"550,825\" data-comments-opened=\"1\" data-image-meta=\"{&quot;aperture&quot;:&quot;5.6&quot;,&quot;credit&quot;:&quot;&quot;,&quot;camera&quot;:&quot;Canon EOS-1D Mark II&quot;,&quot;caption&quot;:&quot;&quot;,&quot;created_timestamp&quot;:&quot;1250623857&quot;,&quot;copyright&quot;:&quot;&quot;,&quot;focal_length&quot;:&quot;30&quot;,&quot;iso&quot;:&quot;200&quot;,&quot;shutter_speed&quot;:&quot;0.003125&quot;,&quot;title&quot;:&quot;&quot;}\" data-image-title=\"DM-La-Bombilla-blog-04-SEP\" data-image-description=\"\" data-medium-file=\"http:\/\/desireemartinphoto.com\/blog\/wp-content\/uploads\/2010\/03\/DM-La-Bombilla-blog-04-SEP-200x300.jpg\" data-large-file=\"http:\/\/desireemartinphoto.com\/blog\/wp-content\/uploads\/2010\/03\/DM-La-Bombilla-blog-04-SEP.jpg\" loading=\"lazy\" class=\"alignnone size-full wp-image-22\" src=\"http:\/\/desireemartinphoto.com\/blog\/wp-content\/uploads\/2010\/03\/DM-La-Bombilla-blog-04-SEP.jpg\" alt=\"\" width=\"550\" height=\"825\" srcset=\"http:\/\/desireemartinphoto.com\/blog\/wp-content\/uploads\/2010\/03\/DM-La-Bombilla-blog-04-SEP.jpg 550w, http:\/\/desireemartinphoto.com\/blog\/wp-content\/uploads\/2010\/03\/DM-La-Bombilla-blog-04-SEP-200x300.jpg 200w\" sizes=\"(max-width: 550px) 100vw, 550px\" \/><\/p>\n<p>Las anteriores a estas lineas son de La Bombillas, las siguientes en Lomada Grande &#8230;parecen estampas a desaparecer&#8230;<\/p>\n<p><img data-attachment-id=\"23\" data-permalink=\"http:\/\/desireemartinphoto.com\/blog\/ley-de-costas\/dm-lomada-grande-blog-01-sep\/\" data-orig-file=\"http:\/\/desireemartinphoto.com\/blog\/wp-content\/uploads\/2010\/03\/DM-Lomada-Grande-blog-01-SEP.jpg\" data-orig-size=\"550,367\" data-comments-opened=\"1\" data-image-meta=\"{&quot;aperture&quot;:&quot;5.6&quot;,&quot;credit&quot;:&quot;&quot;,&quot;camera&quot;:&quot;Canon EOS-1D Mark II&quot;,&quot;caption&quot;:&quot;&quot;,&quot;created_timestamp&quot;:&quot;1250714327&quot;,&quot;copyright&quot;:&quot;&quot;,&quot;focal_length&quot;:&quot;16&quot;,&quot;iso&quot;:&quot;400&quot;,&quot;shutter_speed&quot;:&quot;0.066666666666667&quot;,&quot;title&quot;:&quot;&quot;}\" data-image-title=\"DM-Lomada-Grande-blog-01-SEP\" data-image-description=\"\" data-medium-file=\"http:\/\/desireemartinphoto.com\/blog\/wp-content\/uploads\/2010\/03\/DM-Lomada-Grande-blog-01-SEP-300x200.jpg\" data-large-file=\"http:\/\/desireemartinphoto.com\/blog\/wp-content\/uploads\/2010\/03\/DM-Lomada-Grande-blog-01-SEP.jpg\" loading=\"lazy\" class=\"alignnone size-full wp-image-23\" src=\"http:\/\/desireemartinphoto.com\/blog\/wp-content\/uploads\/2010\/03\/DM-Lomada-Grande-blog-01-SEP.jpg\" alt=\"\" width=\"550\" height=\"367\" srcset=\"http:\/\/desireemartinphoto.com\/blog\/wp-content\/uploads\/2010\/03\/DM-Lomada-Grande-blog-01-SEP.jpg 550w, http:\/\/desireemartinphoto.com\/blog\/wp-content\/uploads\/2010\/03\/DM-Lomada-Grande-blog-01-SEP-300x200.jpg 300w\" sizes=\"(max-width: 550px) 100vw, 550px\" \/><\/p>\n<p><img data-attachment-id=\"24\" data-permalink=\"http:\/\/desireemartinphoto.com\/blog\/ley-de-costas\/dm-lomada-grande-blog-02-sep\/\" data-orig-file=\"http:\/\/desireemartinphoto.com\/blog\/wp-content\/uploads\/2010\/03\/DM-Lomada-Grande-blog-02-SEP.jpg\" data-orig-size=\"550,367\" data-comments-opened=\"1\" data-image-meta=\"{&quot;aperture&quot;:&quot;4&quot;,&quot;credit&quot;:&quot;&quot;,&quot;camera&quot;:&quot;Canon EOS-1D Mark II&quot;,&quot;caption&quot;:&quot;&quot;,&quot;created_timestamp&quot;:&quot;1250706257&quot;,&quot;copyright&quot;:&quot;&quot;,&quot;focal_length&quot;:&quot;16&quot;,&quot;iso&quot;:&quot;100&quot;,&quot;shutter_speed&quot;:&quot;0.003125&quot;,&quot;title&quot;:&quot;&quot;}\" data-image-title=\"DM-Lomada-Grande-blog-02-SEP\" data-image-description=\"\" data-medium-file=\"http:\/\/desireemartinphoto.com\/blog\/wp-content\/uploads\/2010\/03\/DM-Lomada-Grande-blog-02-SEP-300x200.jpg\" data-large-file=\"http:\/\/desireemartinphoto.com\/blog\/wp-content\/uploads\/2010\/03\/DM-Lomada-Grande-blog-02-SEP.jpg\" loading=\"lazy\" class=\"alignnone size-full wp-image-24\" src=\"http:\/\/desireemartinphoto.com\/blog\/wp-content\/uploads\/2010\/03\/DM-Lomada-Grande-blog-02-SEP.jpg\" alt=\"\" width=\"550\" height=\"367\" srcset=\"http:\/\/desireemartinphoto.com\/blog\/wp-content\/uploads\/2010\/03\/DM-Lomada-Grande-blog-02-SEP.jpg 550w, http:\/\/desireemartinphoto.com\/blog\/wp-content\/uploads\/2010\/03\/DM-Lomada-Grande-blog-02-SEP-300x200.jpg 300w\" sizes=\"(max-width: 550px) 100vw, 550px\" \/><\/p>\n<p><img data-attachment-id=\"25\" data-permalink=\"http:\/\/desireemartinphoto.com\/blog\/ley-de-costas\/dm-lomada-grande-blog-04-sep\/\" data-orig-file=\"http:\/\/desireemartinphoto.com\/blog\/wp-content\/uploads\/2010\/03\/DM-Lomada-Grande-blog-04-SEP.jpg\" data-orig-size=\"550,444\" data-comments-opened=\"1\" data-image-meta=\"{&quot;aperture&quot;:&quot;6.3&quot;,&quot;credit&quot;:&quot;&quot;,&quot;camera&quot;:&quot;Canon EOS-1D Mark II&quot;,&quot;caption&quot;:&quot;&quot;,&quot;created_timestamp&quot;:&quot;1250707643&quot;,&quot;copyright&quot;:&quot;&quot;,&quot;focal_length&quot;:&quot;32&quot;,&quot;iso&quot;:&quot;100&quot;,&quot;shutter_speed&quot;:&quot;0.0025&quot;,&quot;title&quot;:&quot;&quot;}\" data-image-title=\"DM-Lomada-Grande-blog-04-SEP\" data-image-description=\"\" data-medium-file=\"http:\/\/desireemartinphoto.com\/blog\/wp-content\/uploads\/2010\/03\/DM-Lomada-Grande-blog-04-SEP-300x242.jpg\" data-large-file=\"http:\/\/desireemartinphoto.com\/blog\/wp-content\/uploads\/2010\/03\/DM-Lomada-Grande-blog-04-SEP.jpg\" loading=\"lazy\" class=\"alignnone size-full wp-image-25\" src=\"http:\/\/desireemartinphoto.com\/blog\/wp-content\/uploads\/2010\/03\/DM-Lomada-Grande-blog-04-SEP.jpg\" alt=\"\" width=\"550\" height=\"444\" srcset=\"http:\/\/desireemartinphoto.com\/blog\/wp-content\/uploads\/2010\/03\/DM-Lomada-Grande-blog-04-SEP.jpg 550w, http:\/\/desireemartinphoto.com\/blog\/wp-content\/uploads\/2010\/03\/DM-Lomada-Grande-blog-04-SEP-300x242.jpg 300w\" sizes=\"(max-width: 550px) 100vw, 550px\" \/><\/p>\n<p><img data-attachment-id=\"26\" data-permalink=\"http:\/\/desireemartinphoto.com\/blog\/ley-de-costas\/dm-lomada-grande-blog-03-sep\/\" data-orig-file=\"http:\/\/desireemartinphoto.com\/blog\/wp-content\/uploads\/2010\/03\/DM-Lomada-Grande-blog-03-SEP.jpg\" data-orig-size=\"550,367\" data-comments-opened=\"1\" data-image-meta=\"{&quot;aperture&quot;:&quot;2.8&quot;,&quot;credit&quot;:&quot;&quot;,&quot;camera&quot;:&quot;Canon EOS-1D Mark II&quot;,&quot;caption&quot;:&quot;&quot;,&quot;created_timestamp&quot;:&quot;1250715183&quot;,&quot;copyright&quot;:&quot;&quot;,&quot;focal_length&quot;:&quot;16&quot;,&quot;iso&quot;:&quot;400&quot;,&quot;shutter_speed&quot;:&quot;0.02&quot;,&quot;title&quot;:&quot;&quot;}\" data-image-title=\"DM-Lomada-Grande-blog-03-SEP\" data-image-description=\"\" data-medium-file=\"http:\/\/desireemartinphoto.com\/blog\/wp-content\/uploads\/2010\/03\/DM-Lomada-Grande-blog-03-SEP-300x200.jpg\" data-large-file=\"http:\/\/desireemartinphoto.com\/blog\/wp-content\/uploads\/2010\/03\/DM-Lomada-Grande-blog-03-SEP.jpg\" loading=\"lazy\" class=\"alignnone size-full wp-image-26\" src=\"http:\/\/desireemartinphoto.com\/blog\/wp-content\/uploads\/2010\/03\/DM-Lomada-Grande-blog-03-SEP.jpg\" alt=\"\" width=\"550\" height=\"367\" srcset=\"http:\/\/desireemartinphoto.com\/blog\/wp-content\/uploads\/2010\/03\/DM-Lomada-Grande-blog-03-SEP.jpg 550w, http:\/\/desireemartinphoto.com\/blog\/wp-content\/uploads\/2010\/03\/DM-Lomada-Grande-blog-03-SEP-300x200.jpg 300w\" sizes=\"(max-width: 550px) 100vw, 550px\" \/><\/p>\n<div class=\"sharedaddy sd-sharing-enabled\"><div class=\"robots-nocontent sd-block sd-social sd-social-icon-text sd-sharing\"><h3 class=\"sd-title\">COMPARTE ESTO:<\/h3><div class=\"sd-content\"><ul><li class=\"share-facebook\"><a rel=\"nofollow noopener noreferrer\" data-shared=\"sharing-facebook-18\" class=\"share-facebook sd-button share-icon\" href=\"http:\/\/desireemartinphoto.com\/blog\/ley-de-costas\/?share=facebook\" target=\"_blank\" title=\"Haz clic para compartir en Facebook\"><span>Facebook<\/span><\/a><\/li><li class=\"share-twitter\"><a rel=\"nofollow noopener noreferrer\" data-shared=\"sharing-twitter-18\" class=\"share-twitter sd-button share-icon\" href=\"http:\/\/desireemartinphoto.com\/blog\/ley-de-costas\/?share=twitter\" target=\"_blank\" title=\"Haz clic para compartir en Twitter\"><span>Twitter<\/span><\/a><\/li><li class=\"share-email\"><a rel=\"nofollow noopener noreferrer\" data-shared=\"\" class=\"share-email sd-button share-icon\" href=\"http:\/\/desireemartinphoto.com\/blog\/ley-de-costas\/?share=email\" target=\"_blank\" title=\"Haz clic para enviar por correo electr\u00f3nico a un amigo\"><span>Correo electr\u00f3nico<\/span><\/a><\/li><li class=\"share-linkedin\"><a rel=\"nofollow noopener noreferrer\" data-shared=\"sharing-linkedin-18\" class=\"share-linkedin sd-button share-icon\" href=\"http:\/\/desireemartinphoto.com\/blog\/ley-de-costas\/?share=linkedin\" target=\"_blank\" title=\"Haz clic para compartir en LinkedIn\"><span>LinkedIn<\/span><\/a><\/li><li class=\"share-tumblr\"><a rel=\"nofollow noopener noreferrer\" data-shared=\"\" class=\"share-tumblr sd-button share-icon\" href=\"http:\/\/desireemartinphoto.com\/blog\/ley-de-costas\/?share=tumblr\" target=\"_blank\" title=\"Haz clic para compartir en Tumblr\"><span>Tumblr<\/span><\/a><\/li><li class=\"share-end\"><\/li><\/ul><\/div><\/div><\/div>","protected":false},"excerpt":{"rendered":"<p>Hace un tiempo\u2026. m\u00e1s de dos a\u00f1os, que estoy con un reportaje de esos que comienzan en mi carpeta de CHORRADAS DIARIAS y acaban \u2026en la de env\u00edo urgente a alguno de los medios de comunicaci\u00f3n para los que trabajo. Me explico: esos reportajes que los comienzas como hilo de alguna foto que haces y [&#038;hellip<\/p>\n<div class=\"sharedaddy sd-sharing-enabled\"><div class=\"robots-nocontent sd-block sd-social sd-social-icon-text sd-sharing\"><h3 class=\"sd-title\">COMPARTE ESTO:<\/h3><div class=\"sd-content\"><ul><li class=\"share-facebook\"><a rel=\"nofollow noopener noreferrer\" data-shared=\"sharing-facebook-18\" class=\"share-facebook sd-button share-icon\" href=\"http:\/\/desireemartinphoto.com\/blog\/ley-de-costas\/?share=facebook\" target=\"_blank\" title=\"Haz clic para compartir en Facebook\"><span>Facebook<\/span><\/a><\/li><li class=\"share-twitter\"><a rel=\"nofollow noopener noreferrer\" data-shared=\"sharing-twitter-18\" class=\"share-twitter sd-button share-icon\" href=\"http:\/\/desireemartinphoto.com\/blog\/ley-de-costas\/?share=twitter\" target=\"_blank\" title=\"Haz clic para compartir en Twitter\"><span>Twitter<\/span><\/a><\/li><li class=\"share-email\"><a rel=\"nofollow noopener noreferrer\" data-shared=\"\" class=\"share-email sd-button share-icon\" href=\"http:\/\/desireemartinphoto.com\/blog\/ley-de-costas\/?share=email\" target=\"_blank\" title=\"Haz clic para enviar por correo electr\u00f3nico a un amigo\"><span>Correo electr\u00f3nico<\/span><\/a><\/li><li class=\"share-linkedin\"><a rel=\"nofollow noopener noreferrer\" data-shared=\"sharing-linkedin-18\" class=\"share-linkedin sd-button share-icon\" href=\"http:\/\/desireemartinphoto.com\/blog\/ley-de-costas\/?share=linkedin\" target=\"_blank\" title=\"Haz clic para compartir en LinkedIn\"><span>LinkedIn<\/span><\/a><\/li><li class=\"share-tumblr\"><a rel=\"nofollow noopener noreferrer\" data-shared=\"\" class=\"share-tumblr sd-button share-icon\" href=\"http:\/\/desireemartinphoto.com\/blog\/ley-de-costas\/?share=tumblr\" target=\"_blank\" title=\"Haz clic para compartir en Tumblr\"><span>Tumblr<\/span><\/a><\/li><li class=\"share-end\"><\/li><\/ul><\/div><\/div><\/div>","protected":false},"author":1,"featured_media":0,"comment_status":"open","ping_status":"open","sticky":false,"template":"","format":"standard","meta":{"spay_email":""},"categories":[1],"tags":[],"jetpack_featured_media_url":"","jetpack_sharing_enabled":true,"_links":{"self":[{"href":"http:\/\/desireemartinphoto.com\/blog\/wp-json\/wp\/v2\/posts\/18"}],"collection":[{"href":"http:\/\/desireemartinphoto.com\/blog\/wp-json\/wp\/v2\/posts"}],"about":[{"href":"http:\/\/desireemartinphoto.com\/blog\/wp-json\/wp\/v2\/types\/post"}],"author":[{"embeddable":true,"href":"http:\/\/desireemartinphoto.com\/blog\/wp-json\/wp\/v2\/users\/1"}],"replies":[{"embeddable":true,"href":"http:\/\/desireemartinphoto.com\/blog\/wp-json\/wp\/v2\/comments?post=18"}],"version-history":[{"count":7,"href":"http:\/\/desireemartinphoto.com\/blog\/wp-json\/wp\/v2\/posts\/18\/revisions"}],"predecessor-version":[{"id":663,"href":"http:\/\/desireemartinphoto.com\/blog\/wp-json\/wp\/v2\/posts\/18\/revisions\/663"}],"wp:attachment":[{"href":"http:\/\/desireemartinphoto.com\/blog\/wp-json\/wp\/v2\/media?parent=18"}],"wp:term":[{"taxonomy":"category","embeddable":true,"href":"http:\/\/desireemartinphoto.com\/blog\/wp-json\/wp\/v2\/categories?post=18"},{"taxonomy":"post_tag","embeddable":true,"href":"http:\/\/desireemartinphoto.com\/blog\/wp-json\/wp\/v2\/tags?post=18"}],"curies":[{"name":"wp","href":"https:\/\/api.w.org\/{rel}","templated":true}]}}