{"id":1761,"date":"2012-04-06T18:15:32","date_gmt":"2012-04-06T18:15:32","guid":{"rendered":"http:\/\/desireemartinphoto.com\/blog\/?p=1761"},"modified":"2012-04-06T18:15:32","modified_gmt":"2012-04-06T18:15:32","slug":"encuentro-de-la-cuesta-una-procesion-de-barrio","status":"publish","type":"post","link":"http:\/\/desireemartinphoto.com\/blog\/encuentro-de-la-cuesta-una-procesion-de-barrio\/","title":{"rendered":"Encuentro de La Cuesta, una procesi\u00f3n de barrio."},"content":{"rendered":"<p>&nbsp;<\/p>\n<p>El a\u00f1o pasado hice un reportaje sobre las costaleras que participaban por primer a\u00f1o en la procesi\u00f3n del Encuentro de La Cuesta llevando la imagen de Mar\u00eda Sant\u00edsima de Los Dolores .<\/p>\n<p>&nbsp;<\/p>\n<p>Este a\u00f1o me fui al otro lado de la procesi\u00f3n para hacerlo de los costaleros que portan al Nuestro Padre Jes\u00fas Cautivo ante Caif\u00e1s y que recorre las calles del Barrio de La Candelaria, en La Cuesta.<\/p>\n<p>Los costaleros, tanto de Santa Cruz de Tenerife como de La Laguna, en muchos casos son los mismos, no son exclusivos de una Hermandad, Cofrad\u00eda o imagen. Seg\u00fan me cuentan porque no son suficientes y se apoyan unos a otros.<\/p>\n<p><img data-attachment-id=\"1779\" data-permalink=\"http:\/\/desireemartinphoto.com\/blog\/encuentro-de-la-cuesta-una-procesion-de-barrio\/dm-encuentro-cuesta-blog-2012-00\/\" data-orig-file=\"http:\/\/desireemartinphoto.com\/blog\/wp-content\/uploads\/2012\/04\/DM-Encuentro-Cuesta-BLOG-2012-00.jpg\" data-orig-size=\"395,550\" data-comments-opened=\"1\" data-image-meta=\"{&quot;aperture&quot;:&quot;5.6&quot;,&quot;credit&quot;:&quot;&quot;,&quot;camera&quot;:&quot;Canon EOS 5D Mark II&quot;,&quot;caption&quot;:&quot;&quot;,&quot;created_timestamp&quot;:&quot;1333478971&quot;,&quot;copyright&quot;:&quot;&quot;,&quot;focal_length&quot;:&quot;16&quot;,&quot;iso&quot;:&quot;2000&quot;,&quot;shutter_speed&quot;:&quot;0.066666666666667&quot;,&quot;title&quot;:&quot;&quot;}\" data-image-title=\"DM-Encuentro-Cuesta-BLOG-2012-00\" data-image-description=\"\" data-medium-file=\"http:\/\/desireemartinphoto.com\/blog\/wp-content\/uploads\/2012\/04\/DM-Encuentro-Cuesta-BLOG-2012-00-215x300.jpg\" data-large-file=\"http:\/\/desireemartinphoto.com\/blog\/wp-content\/uploads\/2012\/04\/DM-Encuentro-Cuesta-BLOG-2012-00.jpg\" loading=\"lazy\" class=\"alignnone size-full wp-image-1779\" src=\"http:\/\/desireemartinphoto.com\/blog\/wp-content\/uploads\/2012\/04\/DM-Encuentro-Cuesta-BLOG-2012-00.jpg\" alt=\"\" width=\"395\" height=\"550\" srcset=\"http:\/\/desireemartinphoto.com\/blog\/wp-content\/uploads\/2012\/04\/DM-Encuentro-Cuesta-BLOG-2012-00.jpg 395w, http:\/\/desireemartinphoto.com\/blog\/wp-content\/uploads\/2012\/04\/DM-Encuentro-Cuesta-BLOG-2012-00-215x300.jpg 215w\" sizes=\"(max-width: 395px) 100vw, 395px\" \/><\/p>\n<p>&nbsp;<\/p>\n<p><img data-attachment-id=\"1762\" data-permalink=\"http:\/\/desireemartinphoto.com\/blog\/encuentro-de-la-cuesta-una-procesion-de-barrio\/dm-encuentro-cuesta-blog-2012-01\/\" data-orig-file=\"http:\/\/desireemartinphoto.com\/blog\/wp-content\/uploads\/2012\/04\/DM-Encuentro-Cuesta-BLOG-2012-01.jpg\" data-orig-size=\"550,349\" data-comments-opened=\"1\" data-image-meta=\"{&quot;aperture&quot;:&quot;5&quot;,&quot;credit&quot;:&quot;&quot;,&quot;camera&quot;:&quot;Canon EOS 5D Mark II&quot;,&quot;caption&quot;:&quot;&quot;,&quot;created_timestamp&quot;:&quot;1333478694&quot;,&quot;copyright&quot;:&quot;&quot;,&quot;focal_length&quot;:&quot;16&quot;,&quot;iso&quot;:&quot;1250&quot;,&quot;shutter_speed&quot;:&quot;0.033333333333333&quot;,&quot;title&quot;:&quot;&quot;}\" data-image-title=\"DM-Encuentro-Cuesta-BLOG-2012-01\" data-image-description=\"\" data-medium-file=\"http:\/\/desireemartinphoto.com\/blog\/wp-content\/uploads\/2012\/04\/DM-Encuentro-Cuesta-BLOG-2012-01-300x190.jpg\" data-large-file=\"http:\/\/desireemartinphoto.com\/blog\/wp-content\/uploads\/2012\/04\/DM-Encuentro-Cuesta-BLOG-2012-01.jpg\" loading=\"lazy\" class=\"alignnone size-full wp-image-1762\" src=\"http:\/\/desireemartinphoto.com\/blog\/wp-content\/uploads\/2012\/04\/DM-Encuentro-Cuesta-BLOG-2012-01.jpg\" alt=\"\" width=\"550\" height=\"349\" srcset=\"http:\/\/desireemartinphoto.com\/blog\/wp-content\/uploads\/2012\/04\/DM-Encuentro-Cuesta-BLOG-2012-01.jpg 550w, http:\/\/desireemartinphoto.com\/blog\/wp-content\/uploads\/2012\/04\/DM-Encuentro-Cuesta-BLOG-2012-01-300x190.jpg 300w\" sizes=\"(max-width: 550px) 100vw, 550px\" \/><\/p>\n<p>&nbsp;<\/p>\n<p><img data-attachment-id=\"1763\" data-permalink=\"http:\/\/desireemartinphoto.com\/blog\/encuentro-de-la-cuesta-una-procesion-de-barrio\/dm-encuentro-cuesta-blog-2012-02\/\" data-orig-file=\"http:\/\/desireemartinphoto.com\/blog\/wp-content\/uploads\/2012\/04\/DM-Encuentro-Cuesta-BLOG-2012-02.jpg\" data-orig-size=\"446,550\" data-comments-opened=\"1\" data-image-meta=\"{&quot;aperture&quot;:&quot;5&quot;,&quot;credit&quot;:&quot;&quot;,&quot;camera&quot;:&quot;Canon EOS 5D Mark II&quot;,&quot;caption&quot;:&quot;&quot;,&quot;created_timestamp&quot;:&quot;1333479548&quot;,&quot;copyright&quot;:&quot;&quot;,&quot;focal_length&quot;:&quot;16&quot;,&quot;iso&quot;:&quot;2000&quot;,&quot;shutter_speed&quot;:&quot;0.0125&quot;,&quot;title&quot;:&quot;&quot;}\" data-image-title=\"DM-Encuentro-Cuesta-BLOG-2012-02\" data-image-description=\"\" data-medium-file=\"http:\/\/desireemartinphoto.com\/blog\/wp-content\/uploads\/2012\/04\/DM-Encuentro-Cuesta-BLOG-2012-02-243x300.jpg\" data-large-file=\"http:\/\/desireemartinphoto.com\/blog\/wp-content\/uploads\/2012\/04\/DM-Encuentro-Cuesta-BLOG-2012-02.jpg\" loading=\"lazy\" class=\"alignnone size-full wp-image-1763\" src=\"http:\/\/desireemartinphoto.com\/blog\/wp-content\/uploads\/2012\/04\/DM-Encuentro-Cuesta-BLOG-2012-02.jpg\" alt=\"\" width=\"446\" height=\"550\" srcset=\"http:\/\/desireemartinphoto.com\/blog\/wp-content\/uploads\/2012\/04\/DM-Encuentro-Cuesta-BLOG-2012-02.jpg 446w, http:\/\/desireemartinphoto.com\/blog\/wp-content\/uploads\/2012\/04\/DM-Encuentro-Cuesta-BLOG-2012-02-243x300.jpg 243w\" sizes=\"(max-width: 446px) 100vw, 446px\" \/><\/p>\n<p>&nbsp;<\/p>\n<p><img data-attachment-id=\"1764\" data-permalink=\"http:\/\/desireemartinphoto.com\/blog\/encuentro-de-la-cuesta-una-procesion-de-barrio\/dm-encuentro-cuesta-blog-2012-03\/\" data-orig-file=\"http:\/\/desireemartinphoto.com\/blog\/wp-content\/uploads\/2012\/04\/DM-Encuentro-Cuesta-BLOG-2012-03.jpg\" data-orig-size=\"367,550\" data-comments-opened=\"1\" data-image-meta=\"{&quot;aperture&quot;:&quot;5&quot;,&quot;credit&quot;:&quot;&quot;,&quot;camera&quot;:&quot;Canon EOS 5D Mark II&quot;,&quot;caption&quot;:&quot;&quot;,&quot;created_timestamp&quot;:&quot;1333479584&quot;,&quot;copyright&quot;:&quot;&quot;,&quot;focal_length&quot;:&quot;16&quot;,&quot;iso&quot;:&quot;2000&quot;,&quot;shutter_speed&quot;:&quot;0.016666666666667&quot;,&quot;title&quot;:&quot;&quot;}\" data-image-title=\"DM-Encuentro-Cuesta-BLOG-2012-03\" data-image-description=\"\" data-medium-file=\"http:\/\/desireemartinphoto.com\/blog\/wp-content\/uploads\/2012\/04\/DM-Encuentro-Cuesta-BLOG-2012-03-200x300.jpg\" data-large-file=\"http:\/\/desireemartinphoto.com\/blog\/wp-content\/uploads\/2012\/04\/DM-Encuentro-Cuesta-BLOG-2012-03.jpg\" loading=\"lazy\" class=\"alignnone size-full wp-image-1764\" src=\"http:\/\/desireemartinphoto.com\/blog\/wp-content\/uploads\/2012\/04\/DM-Encuentro-Cuesta-BLOG-2012-03.jpg\" alt=\"\" width=\"367\" height=\"550\" srcset=\"http:\/\/desireemartinphoto.com\/blog\/wp-content\/uploads\/2012\/04\/DM-Encuentro-Cuesta-BLOG-2012-03.jpg 367w, http:\/\/desireemartinphoto.com\/blog\/wp-content\/uploads\/2012\/04\/DM-Encuentro-Cuesta-BLOG-2012-03-200x300.jpg 200w\" sizes=\"(max-width: 367px) 100vw, 367px\" \/><\/p>\n<p>&nbsp;<\/p>\n<p><img data-attachment-id=\"1765\" data-permalink=\"http:\/\/desireemartinphoto.com\/blog\/encuentro-de-la-cuesta-una-procesion-de-barrio\/dm-encuentro-cuesta-blog-2012-04\/\" data-orig-file=\"http:\/\/desireemartinphoto.com\/blog\/wp-content\/uploads\/2012\/04\/DM-Encuentro-Cuesta-BLOG-2012-04.jpg\" data-orig-size=\"550,480\" data-comments-opened=\"1\" data-image-meta=\"{&quot;aperture&quot;:&quot;5&quot;,&quot;credit&quot;:&quot;&quot;,&quot;camera&quot;:&quot;Canon EOS 5D Mark II&quot;,&quot;caption&quot;:&quot;&quot;,&quot;created_timestamp&quot;:&quot;1333479976&quot;,&quot;copyright&quot;:&quot;&quot;,&quot;focal_length&quot;:&quot;16&quot;,&quot;iso&quot;:&quot;2000&quot;,&quot;shutter_speed&quot;:&quot;0.076923076923077&quot;,&quot;title&quot;:&quot;&quot;}\" data-image-title=\"DM-Encuentro-Cuesta-BLOG-2012-04\" data-image-description=\"\" data-medium-file=\"http:\/\/desireemartinphoto.com\/blog\/wp-content\/uploads\/2012\/04\/DM-Encuentro-Cuesta-BLOG-2012-04-300x261.jpg\" data-large-file=\"http:\/\/desireemartinphoto.com\/blog\/wp-content\/uploads\/2012\/04\/DM-Encuentro-Cuesta-BLOG-2012-04.jpg\" loading=\"lazy\" class=\"alignnone size-full wp-image-1765\" src=\"http:\/\/desireemartinphoto.com\/blog\/wp-content\/uploads\/2012\/04\/DM-Encuentro-Cuesta-BLOG-2012-04.jpg\" alt=\"\" width=\"550\" height=\"480\" srcset=\"http:\/\/desireemartinphoto.com\/blog\/wp-content\/uploads\/2012\/04\/DM-Encuentro-Cuesta-BLOG-2012-04.jpg 550w, http:\/\/desireemartinphoto.com\/blog\/wp-content\/uploads\/2012\/04\/DM-Encuentro-Cuesta-BLOG-2012-04-300x261.jpg 300w\" sizes=\"(max-width: 550px) 100vw, 550px\" \/><\/p>\n<p>&nbsp;<\/p>\n<p><img data-attachment-id=\"1766\" data-permalink=\"http:\/\/desireemartinphoto.com\/blog\/encuentro-de-la-cuesta-una-procesion-de-barrio\/dm-encuentro-cuesta-blog-2012-05\/\" data-orig-file=\"http:\/\/desireemartinphoto.com\/blog\/wp-content\/uploads\/2012\/04\/DM-Encuentro-Cuesta-BLOG-2012-05.jpg\" data-orig-size=\"550,429\" data-comments-opened=\"1\" data-image-meta=\"{&quot;aperture&quot;:&quot;5&quot;,&quot;credit&quot;:&quot;&quot;,&quot;camera&quot;:&quot;Canon EOS 5D Mark II&quot;,&quot;caption&quot;:&quot;&quot;,&quot;created_timestamp&quot;:&quot;1333479954&quot;,&quot;copyright&quot;:&quot;&quot;,&quot;focal_length&quot;:&quot;16&quot;,&quot;iso&quot;:&quot;2000&quot;,&quot;shutter_speed&quot;:&quot;0.076923076923077&quot;,&quot;title&quot;:&quot;&quot;}\" data-image-title=\"DM-Encuentro-Cuesta-BLOG-2012-05\" data-image-description=\"\" data-medium-file=\"http:\/\/desireemartinphoto.com\/blog\/wp-content\/uploads\/2012\/04\/DM-Encuentro-Cuesta-BLOG-2012-05-300x233.jpg\" data-large-file=\"http:\/\/desireemartinphoto.com\/blog\/wp-content\/uploads\/2012\/04\/DM-Encuentro-Cuesta-BLOG-2012-05.jpg\" loading=\"lazy\" class=\"alignnone size-full wp-image-1766\" src=\"http:\/\/desireemartinphoto.com\/blog\/wp-content\/uploads\/2012\/04\/DM-Encuentro-Cuesta-BLOG-2012-05.jpg\" alt=\"\" width=\"550\" height=\"429\" srcset=\"http:\/\/desireemartinphoto.com\/blog\/wp-content\/uploads\/2012\/04\/DM-Encuentro-Cuesta-BLOG-2012-05.jpg 550w, http:\/\/desireemartinphoto.com\/blog\/wp-content\/uploads\/2012\/04\/DM-Encuentro-Cuesta-BLOG-2012-05-300x233.jpg 300w\" sizes=\"(max-width: 550px) 100vw, 550px\" \/><\/p>\n<p>&nbsp;<\/p>\n<p><img data-attachment-id=\"1767\" data-permalink=\"http:\/\/desireemartinphoto.com\/blog\/encuentro-de-la-cuesta-una-procesion-de-barrio\/dm-encuentro-cuesta-blog-2012-06\/\" data-orig-file=\"http:\/\/desireemartinphoto.com\/blog\/wp-content\/uploads\/2012\/04\/DM-Encuentro-Cuesta-BLOG-2012-06.jpg\" data-orig-size=\"550,393\" data-comments-opened=\"1\" data-image-meta=\"{&quot;aperture&quot;:&quot;2.8&quot;,&quot;credit&quot;:&quot;&quot;,&quot;camera&quot;:&quot;Canon EOS 5D Mark II&quot;,&quot;caption&quot;:&quot;&quot;,&quot;created_timestamp&quot;:&quot;1333480023&quot;,&quot;copyright&quot;:&quot;&quot;,&quot;focal_length&quot;:&quot;16&quot;,&quot;iso&quot;:&quot;2000&quot;,&quot;shutter_speed&quot;:&quot;0.04&quot;,&quot;title&quot;:&quot;&quot;}\" data-image-title=\"DM-Encuentro-Cuesta-BLOG-2012-06\" data-image-description=\"\" data-medium-file=\"http:\/\/desireemartinphoto.com\/blog\/wp-content\/uploads\/2012\/04\/DM-Encuentro-Cuesta-BLOG-2012-06-300x214.jpg\" data-large-file=\"http:\/\/desireemartinphoto.com\/blog\/wp-content\/uploads\/2012\/04\/DM-Encuentro-Cuesta-BLOG-2012-06.jpg\" loading=\"lazy\" class=\"alignnone size-full wp-image-1767\" src=\"http:\/\/desireemartinphoto.com\/blog\/wp-content\/uploads\/2012\/04\/DM-Encuentro-Cuesta-BLOG-2012-06.jpg\" alt=\"\" width=\"550\" height=\"393\" srcset=\"http:\/\/desireemartinphoto.com\/blog\/wp-content\/uploads\/2012\/04\/DM-Encuentro-Cuesta-BLOG-2012-06.jpg 550w, http:\/\/desireemartinphoto.com\/blog\/wp-content\/uploads\/2012\/04\/DM-Encuentro-Cuesta-BLOG-2012-06-300x214.jpg 300w\" sizes=\"(max-width: 550px) 100vw, 550px\" \/><\/p>\n<p>&nbsp;<\/p>\n<p><img data-attachment-id=\"1768\" data-permalink=\"http:\/\/desireemartinphoto.com\/blog\/encuentro-de-la-cuesta-una-procesion-de-barrio\/dm-encuentro-cuesta-blog-2012-07\/\" data-orig-file=\"http:\/\/desireemartinphoto.com\/blog\/wp-content\/uploads\/2012\/04\/DM-Encuentro-Cuesta-BLOG-2012-07.jpg\" data-orig-size=\"550,537\" data-comments-opened=\"1\" data-image-meta=\"{&quot;aperture&quot;:&quot;4.5&quot;,&quot;credit&quot;:&quot;&quot;,&quot;camera&quot;:&quot;Canon EOS 5D Mark II&quot;,&quot;caption&quot;:&quot;&quot;,&quot;created_timestamp&quot;:&quot;1333480198&quot;,&quot;copyright&quot;:&quot;&quot;,&quot;focal_length&quot;:&quot;16&quot;,&quot;iso&quot;:&quot;2000&quot;,&quot;shutter_speed&quot;:&quot;0.033333333333333&quot;,&quot;title&quot;:&quot;&quot;}\" data-image-title=\"DM-Encuentro-Cuesta-BLOG-2012-07\" data-image-description=\"\" data-medium-file=\"http:\/\/desireemartinphoto.com\/blog\/wp-content\/uploads\/2012\/04\/DM-Encuentro-Cuesta-BLOG-2012-07-300x292.jpg\" data-large-file=\"http:\/\/desireemartinphoto.com\/blog\/wp-content\/uploads\/2012\/04\/DM-Encuentro-Cuesta-BLOG-2012-07.jpg\" loading=\"lazy\" class=\"alignnone size-full wp-image-1768\" src=\"http:\/\/desireemartinphoto.com\/blog\/wp-content\/uploads\/2012\/04\/DM-Encuentro-Cuesta-BLOG-2012-07.jpg\" alt=\"\" width=\"550\" height=\"537\" srcset=\"http:\/\/desireemartinphoto.com\/blog\/wp-content\/uploads\/2012\/04\/DM-Encuentro-Cuesta-BLOG-2012-07.jpg 550w, http:\/\/desireemartinphoto.com\/blog\/wp-content\/uploads\/2012\/04\/DM-Encuentro-Cuesta-BLOG-2012-07-300x292.jpg 300w\" sizes=\"(max-width: 550px) 100vw, 550px\" \/><\/p>\n<p>&nbsp;<\/p>\n<p><img data-attachment-id=\"1769\" data-permalink=\"http:\/\/desireemartinphoto.com\/blog\/encuentro-de-la-cuesta-una-procesion-de-barrio\/dm-encuentro-cuesta-blog-2012-08\/\" data-orig-file=\"http:\/\/desireemartinphoto.com\/blog\/wp-content\/uploads\/2012\/04\/DM-Encuentro-Cuesta-BLOG-2012-08.jpg\" data-orig-size=\"367,550\" data-comments-opened=\"1\" data-image-meta=\"{&quot;aperture&quot;:&quot;7.1&quot;,&quot;credit&quot;:&quot;&quot;,&quot;camera&quot;:&quot;Canon EOS 5D Mark II&quot;,&quot;caption&quot;:&quot;&quot;,&quot;created_timestamp&quot;:&quot;1333480952&quot;,&quot;copyright&quot;:&quot;&quot;,&quot;focal_length&quot;:&quot;16&quot;,&quot;iso&quot;:&quot;1600&quot;,&quot;shutter_speed&quot;:&quot;0.0125&quot;,&quot;title&quot;:&quot;&quot;}\" data-image-title=\"DM-Encuentro-Cuesta-BLOG-2012-08\" data-image-description=\"\" data-medium-file=\"http:\/\/desireemartinphoto.com\/blog\/wp-content\/uploads\/2012\/04\/DM-Encuentro-Cuesta-BLOG-2012-08-200x300.jpg\" data-large-file=\"http:\/\/desireemartinphoto.com\/blog\/wp-content\/uploads\/2012\/04\/DM-Encuentro-Cuesta-BLOG-2012-08.jpg\" loading=\"lazy\" class=\"alignnone size-full wp-image-1769\" src=\"http:\/\/desireemartinphoto.com\/blog\/wp-content\/uploads\/2012\/04\/DM-Encuentro-Cuesta-BLOG-2012-08.jpg\" alt=\"\" width=\"367\" height=\"550\" srcset=\"http:\/\/desireemartinphoto.com\/blog\/wp-content\/uploads\/2012\/04\/DM-Encuentro-Cuesta-BLOG-2012-08.jpg 367w, http:\/\/desireemartinphoto.com\/blog\/wp-content\/uploads\/2012\/04\/DM-Encuentro-Cuesta-BLOG-2012-08-200x300.jpg 200w\" sizes=\"(max-width: 367px) 100vw, 367px\" \/><\/p>\n<p>&nbsp;<\/p>\n<p><img data-attachment-id=\"1770\" data-permalink=\"http:\/\/desireemartinphoto.com\/blog\/encuentro-de-la-cuesta-una-procesion-de-barrio\/dm-encuentro-cuesta-blog-2012-09\/\" data-orig-file=\"http:\/\/desireemartinphoto.com\/blog\/wp-content\/uploads\/2012\/04\/DM-Encuentro-Cuesta-BLOG-2012-09.jpg\" data-orig-size=\"550,367\" data-comments-opened=\"1\" data-image-meta=\"{&quot;aperture&quot;:&quot;8&quot;,&quot;credit&quot;:&quot;&quot;,&quot;camera&quot;:&quot;Canon EOS 5D Mark II&quot;,&quot;caption&quot;:&quot;&quot;,&quot;created_timestamp&quot;:&quot;1333481092&quot;,&quot;copyright&quot;:&quot;&quot;,&quot;focal_length&quot;:&quot;16&quot;,&quot;iso&quot;:&quot;1600&quot;,&quot;shutter_speed&quot;:&quot;0.00625&quot;,&quot;title&quot;:&quot;&quot;}\" data-image-title=\"DM-Encuentro-Cuesta-BLOG-2012-09\" data-image-description=\"\" data-medium-file=\"http:\/\/desireemartinphoto.com\/blog\/wp-content\/uploads\/2012\/04\/DM-Encuentro-Cuesta-BLOG-2012-09-300x200.jpg\" data-large-file=\"http:\/\/desireemartinphoto.com\/blog\/wp-content\/uploads\/2012\/04\/DM-Encuentro-Cuesta-BLOG-2012-09.jpg\" loading=\"lazy\" class=\"alignnone size-full wp-image-1770\" src=\"http:\/\/desireemartinphoto.com\/blog\/wp-content\/uploads\/2012\/04\/DM-Encuentro-Cuesta-BLOG-2012-09.jpg\" alt=\"\" width=\"550\" height=\"367\" srcset=\"http:\/\/desireemartinphoto.com\/blog\/wp-content\/uploads\/2012\/04\/DM-Encuentro-Cuesta-BLOG-2012-09.jpg 550w, http:\/\/desireemartinphoto.com\/blog\/wp-content\/uploads\/2012\/04\/DM-Encuentro-Cuesta-BLOG-2012-09-300x200.jpg 300w\" sizes=\"(max-width: 550px) 100vw, 550px\" \/><\/p>\n<p>&nbsp;<\/p>\n<p><img data-attachment-id=\"1771\" data-permalink=\"http:\/\/desireemartinphoto.com\/blog\/encuentro-de-la-cuesta-una-procesion-de-barrio\/dm-encuentro-cuesta-blog-2012-10\/\" data-orig-file=\"http:\/\/desireemartinphoto.com\/blog\/wp-content\/uploads\/2012\/04\/DM-Encuentro-Cuesta-BLOG-2012-10.jpg\" data-orig-size=\"550,401\" data-comments-opened=\"1\" data-image-meta=\"{&quot;aperture&quot;:&quot;5.6&quot;,&quot;credit&quot;:&quot;&quot;,&quot;camera&quot;:&quot;Canon EOS 5D Mark II&quot;,&quot;caption&quot;:&quot;&quot;,&quot;created_timestamp&quot;:&quot;1333480887&quot;,&quot;copyright&quot;:&quot;&quot;,&quot;focal_length&quot;:&quot;21&quot;,&quot;iso&quot;:&quot;1600&quot;,&quot;shutter_speed&quot;:&quot;0.033333333333333&quot;,&quot;title&quot;:&quot;&quot;}\" data-image-title=\"DM-Encuentro-Cuesta-BLOG-2012-10\" data-image-description=\"\" data-medium-file=\"http:\/\/desireemartinphoto.com\/blog\/wp-content\/uploads\/2012\/04\/DM-Encuentro-Cuesta-BLOG-2012-10-300x218.jpg\" data-large-file=\"http:\/\/desireemartinphoto.com\/blog\/wp-content\/uploads\/2012\/04\/DM-Encuentro-Cuesta-BLOG-2012-10.jpg\" loading=\"lazy\" class=\"alignnone size-full wp-image-1771\" src=\"http:\/\/desireemartinphoto.com\/blog\/wp-content\/uploads\/2012\/04\/DM-Encuentro-Cuesta-BLOG-2012-10.jpg\" alt=\"\" width=\"550\" height=\"401\" srcset=\"http:\/\/desireemartinphoto.com\/blog\/wp-content\/uploads\/2012\/04\/DM-Encuentro-Cuesta-BLOG-2012-10.jpg 550w, http:\/\/desireemartinphoto.com\/blog\/wp-content\/uploads\/2012\/04\/DM-Encuentro-Cuesta-BLOG-2012-10-300x218.jpg 300w\" sizes=\"(max-width: 550px) 100vw, 550px\" \/><\/p>\n<p>&nbsp;<\/p>\n<p><img data-attachment-id=\"1772\" data-permalink=\"http:\/\/desireemartinphoto.com\/blog\/encuentro-de-la-cuesta-una-procesion-de-barrio\/dm-encuentro-cuesta-blog-2012-11\/\" data-orig-file=\"http:\/\/desireemartinphoto.com\/blog\/wp-content\/uploads\/2012\/04\/DM-Encuentro-Cuesta-BLOG-2012-11.jpg\" data-orig-size=\"550,472\" data-comments-opened=\"1\" data-image-meta=\"{&quot;aperture&quot;:&quot;2.8&quot;,&quot;credit&quot;:&quot;&quot;,&quot;camera&quot;:&quot;Canon EOS 5D Mark II&quot;,&quot;caption&quot;:&quot;&quot;,&quot;created_timestamp&quot;:&quot;1333481735&quot;,&quot;copyright&quot;:&quot;&quot;,&quot;focal_length&quot;:&quot;16&quot;,&quot;iso&quot;:&quot;1600&quot;,&quot;shutter_speed&quot;:&quot;0.05&quot;,&quot;title&quot;:&quot;&quot;}\" data-image-title=\"DM-Encuentro-Cuesta-BLOG-2012-11\" data-image-description=\"\" data-medium-file=\"http:\/\/desireemartinphoto.com\/blog\/wp-content\/uploads\/2012\/04\/DM-Encuentro-Cuesta-BLOG-2012-11-300x257.jpg\" data-large-file=\"http:\/\/desireemartinphoto.com\/blog\/wp-content\/uploads\/2012\/04\/DM-Encuentro-Cuesta-BLOG-2012-11.jpg\" loading=\"lazy\" class=\"alignnone size-full wp-image-1772\" src=\"http:\/\/desireemartinphoto.com\/blog\/wp-content\/uploads\/2012\/04\/DM-Encuentro-Cuesta-BLOG-2012-11.jpg\" alt=\"\" width=\"550\" height=\"472\" srcset=\"http:\/\/desireemartinphoto.com\/blog\/wp-content\/uploads\/2012\/04\/DM-Encuentro-Cuesta-BLOG-2012-11.jpg 550w, http:\/\/desireemartinphoto.com\/blog\/wp-content\/uploads\/2012\/04\/DM-Encuentro-Cuesta-BLOG-2012-11-300x257.jpg 300w\" sizes=\"(max-width: 550px) 100vw, 550px\" \/><\/p>\n<p>&nbsp;<\/p>\n<p><img data-attachment-id=\"1773\" data-permalink=\"http:\/\/desireemartinphoto.com\/blog\/encuentro-de-la-cuesta-una-procesion-de-barrio\/dm-encuentro-cuesta-blog-2012-12\/\" data-orig-file=\"http:\/\/desireemartinphoto.com\/blog\/wp-content\/uploads\/2012\/04\/DM-Encuentro-Cuesta-BLOG-2012-12.jpg\" data-orig-size=\"550,323\" data-comments-opened=\"1\" data-image-meta=\"{&quot;aperture&quot;:&quot;2.8&quot;,&quot;credit&quot;:&quot;&quot;,&quot;camera&quot;:&quot;Canon EOS 5D Mark II&quot;,&quot;caption&quot;:&quot;&quot;,&quot;created_timestamp&quot;:&quot;1333482481&quot;,&quot;copyright&quot;:&quot;&quot;,&quot;focal_length&quot;:&quot;16&quot;,&quot;iso&quot;:&quot;1600&quot;,&quot;shutter_speed&quot;:&quot;0.066666666666667&quot;,&quot;title&quot;:&quot;&quot;}\" data-image-title=\"DM-Encuentro-Cuesta-BLOG-2012-12\" data-image-description=\"\" data-medium-file=\"http:\/\/desireemartinphoto.com\/blog\/wp-content\/uploads\/2012\/04\/DM-Encuentro-Cuesta-BLOG-2012-12-300x176.jpg\" data-large-file=\"http:\/\/desireemartinphoto.com\/blog\/wp-content\/uploads\/2012\/04\/DM-Encuentro-Cuesta-BLOG-2012-12.jpg\" loading=\"lazy\" class=\"alignnone size-full wp-image-1773\" src=\"http:\/\/desireemartinphoto.com\/blog\/wp-content\/uploads\/2012\/04\/DM-Encuentro-Cuesta-BLOG-2012-12.jpg\" alt=\"\" width=\"550\" height=\"323\" srcset=\"http:\/\/desireemartinphoto.com\/blog\/wp-content\/uploads\/2012\/04\/DM-Encuentro-Cuesta-BLOG-2012-12.jpg 550w, http:\/\/desireemartinphoto.com\/blog\/wp-content\/uploads\/2012\/04\/DM-Encuentro-Cuesta-BLOG-2012-12-300x176.jpg 300w\" sizes=\"(max-width: 550px) 100vw, 550px\" \/><\/p>\n<p>&nbsp;<\/p>\n<p><img data-attachment-id=\"1774\" data-permalink=\"http:\/\/desireemartinphoto.com\/blog\/encuentro-de-la-cuesta-una-procesion-de-barrio\/dm-encuentro-cuesta-blog-2012-13\/\" data-orig-file=\"http:\/\/desireemartinphoto.com\/blog\/wp-content\/uploads\/2012\/04\/DM-Encuentro-Cuesta-BLOG-2012-13.jpg\" data-orig-size=\"398,550\" data-comments-opened=\"1\" data-image-meta=\"{&quot;aperture&quot;:&quot;2.8&quot;,&quot;credit&quot;:&quot;&quot;,&quot;camera&quot;:&quot;Canon EOS 5D Mark II&quot;,&quot;caption&quot;:&quot;&quot;,&quot;created_timestamp&quot;:&quot;1333482668&quot;,&quot;copyright&quot;:&quot;&quot;,&quot;focal_length&quot;:&quot;16&quot;,&quot;iso&quot;:&quot;1600&quot;,&quot;shutter_speed&quot;:&quot;0.1&quot;,&quot;title&quot;:&quot;&quot;}\" data-image-title=\"DM-Encuentro-Cuesta-BLOG-2012-13\" data-image-description=\"\" data-medium-file=\"http:\/\/desireemartinphoto.com\/blog\/wp-content\/uploads\/2012\/04\/DM-Encuentro-Cuesta-BLOG-2012-13-217x300.jpg\" data-large-file=\"http:\/\/desireemartinphoto.com\/blog\/wp-content\/uploads\/2012\/04\/DM-Encuentro-Cuesta-BLOG-2012-13.jpg\" loading=\"lazy\" class=\"alignnone size-full wp-image-1774\" src=\"http:\/\/desireemartinphoto.com\/blog\/wp-content\/uploads\/2012\/04\/DM-Encuentro-Cuesta-BLOG-2012-13.jpg\" alt=\"\" width=\"398\" height=\"550\" srcset=\"http:\/\/desireemartinphoto.com\/blog\/wp-content\/uploads\/2012\/04\/DM-Encuentro-Cuesta-BLOG-2012-13.jpg 398w, http:\/\/desireemartinphoto.com\/blog\/wp-content\/uploads\/2012\/04\/DM-Encuentro-Cuesta-BLOG-2012-13-217x300.jpg 217w\" sizes=\"(max-width: 398px) 100vw, 398px\" \/><\/p>\n<p>&nbsp;<\/p>\n<p><img data-attachment-id=\"1775\" data-permalink=\"http:\/\/desireemartinphoto.com\/blog\/encuentro-de-la-cuesta-una-procesion-de-barrio\/dm-encuentro-cuesta-blog-2012-14\/\" data-orig-file=\"http:\/\/desireemartinphoto.com\/blog\/wp-content\/uploads\/2012\/04\/DM-Encuentro-Cuesta-BLOG-2012-14.jpg\" data-orig-size=\"539,550\" data-comments-opened=\"1\" data-image-meta=\"{&quot;aperture&quot;:&quot;2.8&quot;,&quot;credit&quot;:&quot;&quot;,&quot;camera&quot;:&quot;Canon EOS 5D Mark II&quot;,&quot;caption&quot;:&quot;&quot;,&quot;created_timestamp&quot;:&quot;1333485610&quot;,&quot;copyright&quot;:&quot;&quot;,&quot;focal_length&quot;:&quot;16&quot;,&quot;iso&quot;:&quot;2000&quot;,&quot;shutter_speed&quot;:&quot;0.025&quot;,&quot;title&quot;:&quot;&quot;}\" data-image-title=\"DM-Encuentro-Cuesta-BLOG-2012-14\" data-image-description=\"\" data-medium-file=\"http:\/\/desireemartinphoto.com\/blog\/wp-content\/uploads\/2012\/04\/DM-Encuentro-Cuesta-BLOG-2012-14-294x300.jpg\" data-large-file=\"http:\/\/desireemartinphoto.com\/blog\/wp-content\/uploads\/2012\/04\/DM-Encuentro-Cuesta-BLOG-2012-14.jpg\" loading=\"lazy\" class=\"alignnone size-full wp-image-1775\" src=\"http:\/\/desireemartinphoto.com\/blog\/wp-content\/uploads\/2012\/04\/DM-Encuentro-Cuesta-BLOG-2012-14.jpg\" alt=\"\" width=\"539\" height=\"550\" srcset=\"http:\/\/desireemartinphoto.com\/blog\/wp-content\/uploads\/2012\/04\/DM-Encuentro-Cuesta-BLOG-2012-14.jpg 539w, http:\/\/desireemartinphoto.com\/blog\/wp-content\/uploads\/2012\/04\/DM-Encuentro-Cuesta-BLOG-2012-14-294x300.jpg 294w\" sizes=\"(max-width: 539px) 100vw, 539px\" \/><\/p>\n<p>&nbsp;<\/p>\n<p><img data-attachment-id=\"1776\" data-permalink=\"http:\/\/desireemartinphoto.com\/blog\/encuentro-de-la-cuesta-una-procesion-de-barrio\/dm-encuentro-cuesta-blog-2012-15\/\" data-orig-file=\"http:\/\/desireemartinphoto.com\/blog\/wp-content\/uploads\/2012\/04\/DM-Encuentro-Cuesta-BLOG-2012-15.jpg\" data-orig-size=\"550,359\" data-comments-opened=\"1\" data-image-meta=\"{&quot;aperture&quot;:&quot;3.5&quot;,&quot;credit&quot;:&quot;&quot;,&quot;camera&quot;:&quot;Canon EOS 5D Mark II&quot;,&quot;caption&quot;:&quot;&quot;,&quot;created_timestamp&quot;:&quot;1333483641&quot;,&quot;copyright&quot;:&quot;&quot;,&quot;focal_length&quot;:&quot;27&quot;,&quot;iso&quot;:&quot;1600&quot;,&quot;shutter_speed&quot;:&quot;0.04&quot;,&quot;title&quot;:&quot;&quot;}\" data-image-title=\"DM-Encuentro-Cuesta-BLOG-2012-15\" data-image-description=\"\" data-medium-file=\"http:\/\/desireemartinphoto.com\/blog\/wp-content\/uploads\/2012\/04\/DM-Encuentro-Cuesta-BLOG-2012-15-300x195.jpg\" data-large-file=\"http:\/\/desireemartinphoto.com\/blog\/wp-content\/uploads\/2012\/04\/DM-Encuentro-Cuesta-BLOG-2012-15.jpg\" loading=\"lazy\" class=\"alignnone size-full wp-image-1776\" src=\"http:\/\/desireemartinphoto.com\/blog\/wp-content\/uploads\/2012\/04\/DM-Encuentro-Cuesta-BLOG-2012-15.jpg\" alt=\"\" width=\"550\" height=\"359\" srcset=\"http:\/\/desireemartinphoto.com\/blog\/wp-content\/uploads\/2012\/04\/DM-Encuentro-Cuesta-BLOG-2012-15.jpg 550w, http:\/\/desireemartinphoto.com\/blog\/wp-content\/uploads\/2012\/04\/DM-Encuentro-Cuesta-BLOG-2012-15-300x195.jpg 300w\" sizes=\"(max-width: 550px) 100vw, 550px\" \/><\/p>\n<p>&nbsp;<\/p>\n<p><img data-attachment-id=\"1777\" data-permalink=\"http:\/\/desireemartinphoto.com\/blog\/encuentro-de-la-cuesta-una-procesion-de-barrio\/dm-encuentro-cuesta-blog-2012-16\/\" data-orig-file=\"http:\/\/desireemartinphoto.com\/blog\/wp-content\/uploads\/2012\/04\/DM-Encuentro-Cuesta-BLOG-2012-16.jpg\" data-orig-size=\"550,367\" data-comments-opened=\"1\" data-image-meta=\"{&quot;aperture&quot;:&quot;2.8&quot;,&quot;credit&quot;:&quot;&quot;,&quot;camera&quot;:&quot;Canon EOS 5D Mark II&quot;,&quot;caption&quot;:&quot;&quot;,&quot;created_timestamp&quot;:&quot;1333485304&quot;,&quot;copyright&quot;:&quot;&quot;,&quot;focal_length&quot;:&quot;16&quot;,&quot;iso&quot;:&quot;2000&quot;,&quot;shutter_speed&quot;:&quot;0.16666666666667&quot;,&quot;title&quot;:&quot;&quot;}\" data-image-title=\"DM-Encuentro-Cuesta-BLOG-2012-16\" data-image-description=\"\" data-medium-file=\"http:\/\/desireemartinphoto.com\/blog\/wp-content\/uploads\/2012\/04\/DM-Encuentro-Cuesta-BLOG-2012-16-300x200.jpg\" data-large-file=\"http:\/\/desireemartinphoto.com\/blog\/wp-content\/uploads\/2012\/04\/DM-Encuentro-Cuesta-BLOG-2012-16.jpg\" loading=\"lazy\" class=\"alignnone size-full wp-image-1777\" src=\"http:\/\/desireemartinphoto.com\/blog\/wp-content\/uploads\/2012\/04\/DM-Encuentro-Cuesta-BLOG-2012-16.jpg\" alt=\"\" width=\"550\" height=\"367\" srcset=\"http:\/\/desireemartinphoto.com\/blog\/wp-content\/uploads\/2012\/04\/DM-Encuentro-Cuesta-BLOG-2012-16.jpg 550w, http:\/\/desireemartinphoto.com\/blog\/wp-content\/uploads\/2012\/04\/DM-Encuentro-Cuesta-BLOG-2012-16-300x200.jpg 300w\" sizes=\"(max-width: 550px) 100vw, 550px\" \/><\/p>\n<p>&nbsp;<\/p>\n<p><img data-attachment-id=\"1778\" data-permalink=\"http:\/\/desireemartinphoto.com\/blog\/encuentro-de-la-cuesta-una-procesion-de-barrio\/dm-encuentro-cuesta-blog-2012-17\/\" data-orig-file=\"http:\/\/desireemartinphoto.com\/blog\/wp-content\/uploads\/2012\/04\/DM-Encuentro-Cuesta-BLOG-2012-17.jpg\" data-orig-size=\"550,367\" data-comments-opened=\"1\" data-image-meta=\"{&quot;aperture&quot;:&quot;2.8&quot;,&quot;credit&quot;:&quot;&quot;,&quot;camera&quot;:&quot;Canon EOS 5D Mark II&quot;,&quot;caption&quot;:&quot;&quot;,&quot;created_timestamp&quot;:&quot;1333488308&quot;,&quot;copyright&quot;:&quot;&quot;,&quot;focal_length&quot;:&quot;16&quot;,&quot;iso&quot;:&quot;2000&quot;,&quot;shutter_speed&quot;:&quot;0.025&quot;,&quot;title&quot;:&quot;&quot;}\" data-image-title=\"DM-Encuentro-Cuesta-BLOG-2012-17\" data-image-description=\"\" data-medium-file=\"http:\/\/desireemartinphoto.com\/blog\/wp-content\/uploads\/2012\/04\/DM-Encuentro-Cuesta-BLOG-2012-17-300x200.jpg\" data-large-file=\"http:\/\/desireemartinphoto.com\/blog\/wp-content\/uploads\/2012\/04\/DM-Encuentro-Cuesta-BLOG-2012-17.jpg\" loading=\"lazy\" class=\"alignnone size-full wp-image-1778\" src=\"http:\/\/desireemartinphoto.com\/blog\/wp-content\/uploads\/2012\/04\/DM-Encuentro-Cuesta-BLOG-2012-17.jpg\" alt=\"\" width=\"550\" height=\"367\" srcset=\"http:\/\/desireemartinphoto.com\/blog\/wp-content\/uploads\/2012\/04\/DM-Encuentro-Cuesta-BLOG-2012-17.jpg 550w, http:\/\/desireemartinphoto.com\/blog\/wp-content\/uploads\/2012\/04\/DM-Encuentro-Cuesta-BLOG-2012-17-300x200.jpg 300w\" sizes=\"(max-width: 550px) 100vw, 550px\" \/><\/p>\n<div class=\"sharedaddy sd-sharing-enabled\"><div class=\"robots-nocontent sd-block sd-social sd-social-icon-text sd-sharing\"><h3 class=\"sd-title\">COMPARTE ESTO:<\/h3><div class=\"sd-content\"><ul><li class=\"share-facebook\"><a rel=\"nofollow noopener noreferrer\" data-shared=\"sharing-facebook-1761\" class=\"share-facebook sd-button share-icon\" href=\"http:\/\/desireemartinphoto.com\/blog\/encuentro-de-la-cuesta-una-procesion-de-barrio\/?share=facebook\" target=\"_blank\" title=\"Haz clic para compartir en Facebook\"><span>Facebook<\/span><\/a><\/li><li class=\"share-twitter\"><a rel=\"nofollow noopener noreferrer\" data-shared=\"sharing-twitter-1761\" class=\"share-twitter sd-button share-icon\" href=\"http:\/\/desireemartinphoto.com\/blog\/encuentro-de-la-cuesta-una-procesion-de-barrio\/?share=twitter\" target=\"_blank\" title=\"Haz clic para compartir en Twitter\"><span>Twitter<\/span><\/a><\/li><li class=\"share-email\"><a rel=\"nofollow noopener noreferrer\" data-shared=\"\" class=\"share-email sd-button share-icon\" href=\"http:\/\/desireemartinphoto.com\/blog\/encuentro-de-la-cuesta-una-procesion-de-barrio\/?share=email\" target=\"_blank\" title=\"Haz clic para enviar por correo electr\u00f3nico a un amigo\"><span>Correo electr\u00f3nico<\/span><\/a><\/li><li class=\"share-linkedin\"><a rel=\"nofollow noopener noreferrer\" data-shared=\"sharing-linkedin-1761\" class=\"share-linkedin sd-button share-icon\" href=\"http:\/\/desireemartinphoto.com\/blog\/encuentro-de-la-cuesta-una-procesion-de-barrio\/?share=linkedin\" target=\"_blank\" title=\"Haz clic para compartir en LinkedIn\"><span>LinkedIn<\/span><\/a><\/li><li class=\"share-tumblr\"><a rel=\"nofollow noopener noreferrer\" data-shared=\"\" class=\"share-tumblr sd-button share-icon\" href=\"http:\/\/desireemartinphoto.com\/blog\/encuentro-de-la-cuesta-una-procesion-de-barrio\/?share=tumblr\" target=\"_blank\" title=\"Haz clic para compartir en Tumblr\"><span>Tumblr<\/span><\/a><\/li><li class=\"share-end\"><\/li><\/ul><\/div><\/div><\/div>","protected":false},"excerpt":{"rendered":"<p>&nbsp; El a\u00f1o pasado hice un reportaje sobre las costaleras que participaban por primer a\u00f1o en la procesi\u00f3n del Encuentro de La Cuesta llevando la imagen de Mar\u00eda Sant\u00edsima de Los Dolores . &nbsp; Este a\u00f1o me fui al otro lado de la procesi\u00f3n para hacerlo de los costaleros que portan al Nuestro Padre Jes\u00fas [&#038;hellip<\/p>\n<div class=\"sharedaddy sd-sharing-enabled\"><div class=\"robots-nocontent sd-block sd-social sd-social-icon-text sd-sharing\"><h3 class=\"sd-title\">COMPARTE ESTO:<\/h3><div class=\"sd-content\"><ul><li class=\"share-facebook\"><a rel=\"nofollow noopener noreferrer\" data-shared=\"sharing-facebook-1761\" class=\"share-facebook sd-button share-icon\" href=\"http:\/\/desireemartinphoto.com\/blog\/encuentro-de-la-cuesta-una-procesion-de-barrio\/?share=facebook\" target=\"_blank\" title=\"Haz clic para compartir en Facebook\"><span>Facebook<\/span><\/a><\/li><li class=\"share-twitter\"><a rel=\"nofollow noopener noreferrer\" data-shared=\"sharing-twitter-1761\" class=\"share-twitter sd-button share-icon\" href=\"http:\/\/desireemartinphoto.com\/blog\/encuentro-de-la-cuesta-una-procesion-de-barrio\/?share=twitter\" target=\"_blank\" title=\"Haz clic para compartir en Twitter\"><span>Twitter<\/span><\/a><\/li><li class=\"share-email\"><a rel=\"nofollow noopener noreferrer\" data-shared=\"\" class=\"share-email sd-button share-icon\" href=\"http:\/\/desireemartinphoto.com\/blog\/encuentro-de-la-cuesta-una-procesion-de-barrio\/?share=email\" target=\"_blank\" title=\"Haz clic para enviar por correo electr\u00f3nico a un amigo\"><span>Correo electr\u00f3nico<\/span><\/a><\/li><li class=\"share-linkedin\"><a rel=\"nofollow noopener noreferrer\" data-shared=\"sharing-linkedin-1761\" class=\"share-linkedin sd-button share-icon\" href=\"http:\/\/desireemartinphoto.com\/blog\/encuentro-de-la-cuesta-una-procesion-de-barrio\/?share=linkedin\" target=\"_blank\" title=\"Haz clic para compartir en LinkedIn\"><span>LinkedIn<\/span><\/a><\/li><li class=\"share-tumblr\"><a rel=\"nofollow noopener noreferrer\" data-shared=\"\" class=\"share-tumblr sd-button share-icon\" href=\"http:\/\/desireemartinphoto.com\/blog\/encuentro-de-la-cuesta-una-procesion-de-barrio\/?share=tumblr\" target=\"_blank\" title=\"Haz clic para compartir en Tumblr\"><span>Tumblr<\/span><\/a><\/li><li class=\"share-end\"><\/li><\/ul><\/div><\/div><\/div>","protected":false},"author":1,"featured_media":0,"comment_status":"open","ping_status":"open","sticky":false,"template":"","format":"standard","meta":{"spay_email":""},"categories":[1],"tags":[119,320,326,122,5,6,346,123,345,344,56,347],"jetpack_featured_media_url":"","jetpack_sharing_enabled":true,"_links":{"self":[{"href":"http:\/\/desireemartinphoto.com\/blog\/wp-json\/wp\/v2\/posts\/1761"}],"collection":[{"href":"http:\/\/desireemartinphoto.com\/blog\/wp-json\/wp\/v2\/posts"}],"about":[{"href":"http:\/\/desireemartinphoto.com\/blog\/wp-json\/wp\/v2\/types\/post"}],"author":[{"embeddable":true,"href":"http:\/\/desireemartinphoto.com\/blog\/wp-json\/wp\/v2\/users\/1"}],"replies":[{"embeddable":true,"href":"http:\/\/desireemartinphoto.com\/blog\/wp-json\/wp\/v2\/comments?post=1761"}],"version-history":[{"count":2,"href":"http:\/\/desireemartinphoto.com\/blog\/wp-json\/wp\/v2\/posts\/1761\/revisions"}],"predecessor-version":[{"id":3340,"href":"http:\/\/desireemartinphoto.com\/blog\/wp-json\/wp\/v2\/posts\/1761\/revisions\/3340"}],"wp:attachment":[{"href":"http:\/\/desireemartinphoto.com\/blog\/wp-json\/wp\/v2\/media?parent=1761"}],"wp:term":[{"taxonomy":"category","embeddable":true,"href":"http:\/\/desireemartinphoto.com\/blog\/wp-json\/wp\/v2\/categories?post=1761"},{"taxonomy":"post_tag","embeddable":true,"href":"http:\/\/desireemartinphoto.com\/blog\/wp-json\/wp\/v2\/tags?post=1761"}],"curies":[{"name":"wp","href":"https:\/\/api.w.org\/{rel}","templated":true}]}}