{"id":1741,"date":"2012-04-02T10:45:30","date_gmt":"2012-04-02T10:45:30","guid":{"rendered":"http:\/\/desireemartinphoto.com\/blog\/?p=1741"},"modified":"2012-04-02T10:45:30","modified_gmt":"2012-04-02T10:45:30","slug":"un-domingo-vs-domingo-de-ramos","status":"publish","type":"post","link":"http:\/\/desireemartinphoto.com\/blog\/un-domingo-vs-domingo-de-ramos\/","title":{"rendered":"Un domingo&#8230; vs Domingo de Ramos"},"content":{"rendered":"<p>&nbsp;<\/p>\n<p>Algunas observaciones plasmadas\u00a0 en fotograf\u00edas:<\/p>\n<p>San Cristobal de La Laguna, ciudad Patrimonio de la Humanidad, domingo 1 de abril, Domingo de Ramos.<\/p>\n<p><img data-attachment-id=\"1742\" data-permalink=\"http:\/\/desireemartinphoto.com\/blog\/un-domingo-vs-domingo-de-ramos\/dm-domingo-ramos-2012-blog-00\/\" data-orig-file=\"http:\/\/desireemartinphoto.com\/blog\/wp-content\/uploads\/2012\/04\/DM-Domingo-Ramos-2012-BLOG-00.jpg\" data-orig-size=\"550,367\" data-comments-opened=\"1\" data-image-meta=\"{&quot;aperture&quot;:&quot;2.8&quot;,&quot;credit&quot;:&quot;&quot;,&quot;camera&quot;:&quot;Canon EOS 5D Mark II&quot;,&quot;caption&quot;:&quot;&quot;,&quot;created_timestamp&quot;:&quot;1333277638&quot;,&quot;copyright&quot;:&quot;&quot;,&quot;focal_length&quot;:&quot;35&quot;,&quot;iso&quot;:&quot;320&quot;,&quot;shutter_speed&quot;:&quot;0.004&quot;,&quot;title&quot;:&quot;&quot;}\" data-image-title=\"DM-Domingo-Ramos-2012-BLOG-00\" data-image-description=\"\" data-medium-file=\"http:\/\/desireemartinphoto.com\/blog\/wp-content\/uploads\/2012\/04\/DM-Domingo-Ramos-2012-BLOG-00-300x200.jpg\" data-large-file=\"http:\/\/desireemartinphoto.com\/blog\/wp-content\/uploads\/2012\/04\/DM-Domingo-Ramos-2012-BLOG-00.jpg\" loading=\"lazy\" class=\"alignnone size-full wp-image-1742\" src=\"http:\/\/desireemartinphoto.com\/blog\/wp-content\/uploads\/2012\/04\/DM-Domingo-Ramos-2012-BLOG-00.jpg\" alt=\"\" width=\"550\" height=\"367\" srcset=\"http:\/\/desireemartinphoto.com\/blog\/wp-content\/uploads\/2012\/04\/DM-Domingo-Ramos-2012-BLOG-00.jpg 550w, http:\/\/desireemartinphoto.com\/blog\/wp-content\/uploads\/2012\/04\/DM-Domingo-Ramos-2012-BLOG-00-300x200.jpg 300w\" sizes=\"(max-width: 550px) 100vw, 550px\" \/><\/p>\n<p><img data-attachment-id=\"1743\" data-permalink=\"http:\/\/desireemartinphoto.com\/blog\/un-domingo-vs-domingo-de-ramos\/dm-domingo-ramos-2012-blog-01\/\" data-orig-file=\"http:\/\/desireemartinphoto.com\/blog\/wp-content\/uploads\/2012\/04\/DM-Domingo-Ramos-2012-BLOG-01.jpg\" data-orig-size=\"550,367\" data-comments-opened=\"1\" data-image-meta=\"{&quot;aperture&quot;:&quot;4.5&quot;,&quot;credit&quot;:&quot;&quot;,&quot;camera&quot;:&quot;Canon EOS 5D Mark II&quot;,&quot;caption&quot;:&quot;&quot;,&quot;created_timestamp&quot;:&quot;1333277880&quot;,&quot;copyright&quot;:&quot;&quot;,&quot;focal_length&quot;:&quot;16&quot;,&quot;iso&quot;:&quot;1000&quot;,&quot;shutter_speed&quot;:&quot;0.033333333333333&quot;,&quot;title&quot;:&quot;&quot;}\" data-image-title=\"DM-Domingo-Ramos-2012-BLOG-01\" data-image-description=\"\" data-medium-file=\"http:\/\/desireemartinphoto.com\/blog\/wp-content\/uploads\/2012\/04\/DM-Domingo-Ramos-2012-BLOG-01-300x200.jpg\" data-large-file=\"http:\/\/desireemartinphoto.com\/blog\/wp-content\/uploads\/2012\/04\/DM-Domingo-Ramos-2012-BLOG-01.jpg\" loading=\"lazy\" class=\"alignnone size-full wp-image-1743\" src=\"http:\/\/desireemartinphoto.com\/blog\/wp-content\/uploads\/2012\/04\/DM-Domingo-Ramos-2012-BLOG-01.jpg\" alt=\"\" width=\"550\" height=\"367\" srcset=\"http:\/\/desireemartinphoto.com\/blog\/wp-content\/uploads\/2012\/04\/DM-Domingo-Ramos-2012-BLOG-01.jpg 550w, http:\/\/desireemartinphoto.com\/blog\/wp-content\/uploads\/2012\/04\/DM-Domingo-Ramos-2012-BLOG-01-300x200.jpg 300w\" sizes=\"(max-width: 550px) 100vw, 550px\" \/><\/p>\n<p>A las 12 de la ma\u00f1ana, y con los palmitos bendecidos, la procesi\u00f3n de la Entrada de Jesucristo a Jerusal\u00e9n sal\u00eda de la iglesia de La Concepci\u00f3n.<\/p>\n<p><img data-attachment-id=\"1744\" data-permalink=\"http:\/\/desireemartinphoto.com\/blog\/un-domingo-vs-domingo-de-ramos\/dm-domingo-ramos-2012-blog-03\/\" data-orig-file=\"http:\/\/desireemartinphoto.com\/blog\/wp-content\/uploads\/2012\/04\/DM-Domingo-Ramos-2012-BLOG-03.jpg\" data-orig-size=\"359,550\" data-comments-opened=\"1\" data-image-meta=\"{&quot;aperture&quot;:&quot;4.5&quot;,&quot;credit&quot;:&quot;&quot;,&quot;camera&quot;:&quot;Canon EOS 5D Mark II&quot;,&quot;caption&quot;:&quot;&quot;,&quot;created_timestamp&quot;:&quot;1333277719&quot;,&quot;copyright&quot;:&quot;&quot;,&quot;focal_length&quot;:&quot;16&quot;,&quot;iso&quot;:&quot;320&quot;,&quot;shutter_speed&quot;:&quot;0.02&quot;,&quot;title&quot;:&quot;&quot;}\" data-image-title=\"DM-Domingo-Ramos-2012-BLOG-03\" data-image-description=\"\" data-medium-file=\"http:\/\/desireemartinphoto.com\/blog\/wp-content\/uploads\/2012\/04\/DM-Domingo-Ramos-2012-BLOG-03-195x300.jpg\" data-large-file=\"http:\/\/desireemartinphoto.com\/blog\/wp-content\/uploads\/2012\/04\/DM-Domingo-Ramos-2012-BLOG-03.jpg\" loading=\"lazy\" class=\"alignnone size-full wp-image-1744\" src=\"http:\/\/desireemartinphoto.com\/blog\/wp-content\/uploads\/2012\/04\/DM-Domingo-Ramos-2012-BLOG-03.jpg\" alt=\"\" width=\"359\" height=\"550\" srcset=\"http:\/\/desireemartinphoto.com\/blog\/wp-content\/uploads\/2012\/04\/DM-Domingo-Ramos-2012-BLOG-03.jpg 359w, http:\/\/desireemartinphoto.com\/blog\/wp-content\/uploads\/2012\/04\/DM-Domingo-Ramos-2012-BLOG-03-195x300.jpg 195w\" sizes=\"(max-width: 359px) 100vw, 359px\" \/><\/p>\n<p><img data-attachment-id=\"1745\" data-permalink=\"http:\/\/desireemartinphoto.com\/blog\/un-domingo-vs-domingo-de-ramos\/dm-domingo-ramos-2012-blog-04\/\" data-orig-file=\"http:\/\/desireemartinphoto.com\/blog\/wp-content\/uploads\/2012\/04\/DM-Domingo-Ramos-2012-BLOG-04.jpg\" data-orig-size=\"367,550\" data-comments-opened=\"1\" data-image-meta=\"{&quot;aperture&quot;:&quot;2.8&quot;,&quot;credit&quot;:&quot;&quot;,&quot;camera&quot;:&quot;Canon EOS 5D Mark II&quot;,&quot;caption&quot;:&quot;&quot;,&quot;created_timestamp&quot;:&quot;1333277665&quot;,&quot;copyright&quot;:&quot;&quot;,&quot;focal_length&quot;:&quot;16&quot;,&quot;iso&quot;:&quot;320&quot;,&quot;shutter_speed&quot;:&quot;0.004&quot;,&quot;title&quot;:&quot;&quot;}\" data-image-title=\"DM-Domingo-Ramos-2012-BLOG-04\" data-image-description=\"\" data-medium-file=\"http:\/\/desireemartinphoto.com\/blog\/wp-content\/uploads\/2012\/04\/DM-Domingo-Ramos-2012-BLOG-04-200x300.jpg\" data-large-file=\"http:\/\/desireemartinphoto.com\/blog\/wp-content\/uploads\/2012\/04\/DM-Domingo-Ramos-2012-BLOG-04.jpg\" loading=\"lazy\" class=\"alignnone size-full wp-image-1745\" src=\"http:\/\/desireemartinphoto.com\/blog\/wp-content\/uploads\/2012\/04\/DM-Domingo-Ramos-2012-BLOG-04.jpg\" alt=\"\" width=\"367\" height=\"550\" srcset=\"http:\/\/desireemartinphoto.com\/blog\/wp-content\/uploads\/2012\/04\/DM-Domingo-Ramos-2012-BLOG-04.jpg 367w, http:\/\/desireemartinphoto.com\/blog\/wp-content\/uploads\/2012\/04\/DM-Domingo-Ramos-2012-BLOG-04-200x300.jpg 200w\" sizes=\"(max-width: 367px) 100vw, 367px\" \/><\/p>\n<p>&#8230; ese d\u00eda en el que se va a por el palmito y la ramita de olivo para que est\u00e9 en casa todo el a\u00f1o&#8230;<\/p>\n<p><img data-attachment-id=\"1746\" data-permalink=\"http:\/\/desireemartinphoto.com\/blog\/un-domingo-vs-domingo-de-ramos\/dm-domingo-ramos-2012-blog-05\/\" data-orig-file=\"http:\/\/desireemartinphoto.com\/blog\/wp-content\/uploads\/2012\/04\/DM-Domingo-Ramos-2012-BLOG-05.jpg\" data-orig-size=\"550,377\" data-comments-opened=\"1\" data-image-meta=\"{&quot;aperture&quot;:&quot;5.6&quot;,&quot;credit&quot;:&quot;&quot;,&quot;camera&quot;:&quot;Canon EOS 5D Mark II&quot;,&quot;caption&quot;:&quot;&quot;,&quot;created_timestamp&quot;:&quot;1333279242&quot;,&quot;copyright&quot;:&quot;&quot;,&quot;focal_length&quot;:&quot;19&quot;,&quot;iso&quot;:&quot;100&quot;,&quot;shutter_speed&quot;:&quot;0.001&quot;,&quot;title&quot;:&quot;&quot;}\" data-image-title=\"DM-Domingo-Ramos-2012-BLOG-05\" data-image-description=\"\" data-medium-file=\"http:\/\/desireemartinphoto.com\/blog\/wp-content\/uploads\/2012\/04\/DM-Domingo-Ramos-2012-BLOG-05-300x205.jpg\" data-large-file=\"http:\/\/desireemartinphoto.com\/blog\/wp-content\/uploads\/2012\/04\/DM-Domingo-Ramos-2012-BLOG-05.jpg\" loading=\"lazy\" class=\"alignnone size-full wp-image-1746\" src=\"http:\/\/desireemartinphoto.com\/blog\/wp-content\/uploads\/2012\/04\/DM-Domingo-Ramos-2012-BLOG-05.jpg\" alt=\"\" width=\"550\" height=\"377\" srcset=\"http:\/\/desireemartinphoto.com\/blog\/wp-content\/uploads\/2012\/04\/DM-Domingo-Ramos-2012-BLOG-05.jpg 550w, http:\/\/desireemartinphoto.com\/blog\/wp-content\/uploads\/2012\/04\/DM-Domingo-Ramos-2012-BLOG-05-300x205.jpg 300w\" sizes=\"(max-width: 550px) 100vw, 550px\" \/><\/p>\n<p><img data-attachment-id=\"1747\" data-permalink=\"http:\/\/desireemartinphoto.com\/blog\/un-domingo-vs-domingo-de-ramos\/dm-domingo-ramos-2012-blog-06\/\" data-orig-file=\"http:\/\/desireemartinphoto.com\/blog\/wp-content\/uploads\/2012\/04\/DM-Domingo-Ramos-2012-BLOG-06.jpg\" data-orig-size=\"550,338\" data-comments-opened=\"1\" data-image-meta=\"{&quot;aperture&quot;:&quot;2.8&quot;,&quot;credit&quot;:&quot;&quot;,&quot;camera&quot;:&quot;Canon EOS 5D Mark II&quot;,&quot;caption&quot;:&quot;&quot;,&quot;created_timestamp&quot;:&quot;1333280039&quot;,&quot;copyright&quot;:&quot;&quot;,&quot;focal_length&quot;:&quot;21&quot;,&quot;iso&quot;:&quot;400&quot;,&quot;shutter_speed&quot;:&quot;0.0008&quot;,&quot;title&quot;:&quot;&quot;}\" data-image-title=\"DM-Domingo-Ramos-2012-BLOG-06\" data-image-description=\"\" data-medium-file=\"http:\/\/desireemartinphoto.com\/blog\/wp-content\/uploads\/2012\/04\/DM-Domingo-Ramos-2012-BLOG-06-300x184.jpg\" data-large-file=\"http:\/\/desireemartinphoto.com\/blog\/wp-content\/uploads\/2012\/04\/DM-Domingo-Ramos-2012-BLOG-06.jpg\" loading=\"lazy\" class=\"alignnone size-full wp-image-1747\" src=\"http:\/\/desireemartinphoto.com\/blog\/wp-content\/uploads\/2012\/04\/DM-Domingo-Ramos-2012-BLOG-06.jpg\" alt=\"\" width=\"550\" height=\"338\" srcset=\"http:\/\/desireemartinphoto.com\/blog\/wp-content\/uploads\/2012\/04\/DM-Domingo-Ramos-2012-BLOG-06.jpg 550w, http:\/\/desireemartinphoto.com\/blog\/wp-content\/uploads\/2012\/04\/DM-Domingo-Ramos-2012-BLOG-06-300x184.jpg 300w\" sizes=\"(max-width: 550px) 100vw, 550px\" \/><\/p>\n<p><img data-attachment-id=\"1748\" data-permalink=\"http:\/\/desireemartinphoto.com\/blog\/un-domingo-vs-domingo-de-ramos\/dm-domingo-ramos-2012-blog-07\/\" data-orig-file=\"http:\/\/desireemartinphoto.com\/blog\/wp-content\/uploads\/2012\/04\/DM-Domingo-Ramos-2012-BLOG-07.jpg\" data-orig-size=\"550,367\" data-comments-opened=\"1\" data-image-meta=\"{&quot;aperture&quot;:&quot;5.6&quot;,&quot;credit&quot;:&quot;&quot;,&quot;camera&quot;:&quot;Canon EOS 5D Mark II&quot;,&quot;caption&quot;:&quot;&quot;,&quot;created_timestamp&quot;:&quot;1333279158&quot;,&quot;copyright&quot;:&quot;&quot;,&quot;focal_length&quot;:&quot;100&quot;,&quot;iso&quot;:&quot;100&quot;,&quot;shutter_speed&quot;:&quot;0.0015625&quot;,&quot;title&quot;:&quot;&quot;}\" data-image-title=\"DM-Domingo-Ramos-2012-BLOG-07\" data-image-description=\"\" data-medium-file=\"http:\/\/desireemartinphoto.com\/blog\/wp-content\/uploads\/2012\/04\/DM-Domingo-Ramos-2012-BLOG-07-300x200.jpg\" data-large-file=\"http:\/\/desireemartinphoto.com\/blog\/wp-content\/uploads\/2012\/04\/DM-Domingo-Ramos-2012-BLOG-07.jpg\" loading=\"lazy\" class=\"alignnone size-full wp-image-1748\" src=\"http:\/\/desireemartinphoto.com\/blog\/wp-content\/uploads\/2012\/04\/DM-Domingo-Ramos-2012-BLOG-07.jpg\" alt=\"\" width=\"550\" height=\"367\" srcset=\"http:\/\/desireemartinphoto.com\/blog\/wp-content\/uploads\/2012\/04\/DM-Domingo-Ramos-2012-BLOG-07.jpg 550w, http:\/\/desireemartinphoto.com\/blog\/wp-content\/uploads\/2012\/04\/DM-Domingo-Ramos-2012-BLOG-07-300x200.jpg 300w\" sizes=\"(max-width: 550px) 100vw, 550px\" \/><\/p>\n<p><img data-attachment-id=\"1749\" data-permalink=\"http:\/\/desireemartinphoto.com\/blog\/un-domingo-vs-domingo-de-ramos\/dm-domingo-ramos-2012-blog-08\/\" data-orig-file=\"http:\/\/desireemartinphoto.com\/blog\/wp-content\/uploads\/2012\/04\/DM-Domingo-Ramos-2012-BLOG-08.jpg\" data-orig-size=\"373,550\" data-comments-opened=\"1\" data-image-meta=\"{&quot;aperture&quot;:&quot;5.6&quot;,&quot;credit&quot;:&quot;&quot;,&quot;camera&quot;:&quot;Canon EOS 5D Mark II&quot;,&quot;caption&quot;:&quot;&quot;,&quot;created_timestamp&quot;:&quot;1333279480&quot;,&quot;copyright&quot;:&quot;&quot;,&quot;focal_length&quot;:&quot;200&quot;,&quot;iso&quot;:&quot;100&quot;,&quot;shutter_speed&quot;:&quot;0.0015625&quot;,&quot;title&quot;:&quot;&quot;}\" data-image-title=\"DM-Domingo-Ramos-2012-BLOG-08\" data-image-description=\"\" data-medium-file=\"http:\/\/desireemartinphoto.com\/blog\/wp-content\/uploads\/2012\/04\/DM-Domingo-Ramos-2012-BLOG-08-203x300.jpg\" data-large-file=\"http:\/\/desireemartinphoto.com\/blog\/wp-content\/uploads\/2012\/04\/DM-Domingo-Ramos-2012-BLOG-08.jpg\" loading=\"lazy\" class=\"alignnone size-full wp-image-1749\" src=\"http:\/\/desireemartinphoto.com\/blog\/wp-content\/uploads\/2012\/04\/DM-Domingo-Ramos-2012-BLOG-08.jpg\" alt=\"\" width=\"373\" height=\"550\" srcset=\"http:\/\/desireemartinphoto.com\/blog\/wp-content\/uploads\/2012\/04\/DM-Domingo-Ramos-2012-BLOG-08.jpg 373w, http:\/\/desireemartinphoto.com\/blog\/wp-content\/uploads\/2012\/04\/DM-Domingo-Ramos-2012-BLOG-08-203x300.jpg 203w\" sizes=\"(max-width: 373px) 100vw, 373px\" \/><\/p>\n<p><img data-attachment-id=\"1750\" data-permalink=\"http:\/\/desireemartinphoto.com\/blog\/un-domingo-vs-domingo-de-ramos\/dm-domingo-ramos-2012-blog-09\/\" data-orig-file=\"http:\/\/desireemartinphoto.com\/blog\/wp-content\/uploads\/2012\/04\/DM-Domingo-Ramos-2012-BLOG-09.jpg\" data-orig-size=\"550,349\" data-comments-opened=\"1\" data-image-meta=\"{&quot;aperture&quot;:&quot;6.3&quot;,&quot;credit&quot;:&quot;&quot;,&quot;camera&quot;:&quot;Canon EOS 5D Mark II&quot;,&quot;caption&quot;:&quot;&quot;,&quot;created_timestamp&quot;:&quot;1333279973&quot;,&quot;copyright&quot;:&quot;&quot;,&quot;focal_length&quot;:&quot;29&quot;,&quot;iso&quot;:&quot;400&quot;,&quot;shutter_speed&quot;:&quot;0.008&quot;,&quot;title&quot;:&quot;&quot;}\" data-image-title=\"DM-Domingo-Ramos-2012-BLOG-09\" data-image-description=\"\" data-medium-file=\"http:\/\/desireemartinphoto.com\/blog\/wp-content\/uploads\/2012\/04\/DM-Domingo-Ramos-2012-BLOG-09-300x190.jpg\" data-large-file=\"http:\/\/desireemartinphoto.com\/blog\/wp-content\/uploads\/2012\/04\/DM-Domingo-Ramos-2012-BLOG-09.jpg\" loading=\"lazy\" class=\"alignnone size-full wp-image-1750\" src=\"http:\/\/desireemartinphoto.com\/blog\/wp-content\/uploads\/2012\/04\/DM-Domingo-Ramos-2012-BLOG-09.jpg\" alt=\"\" width=\"550\" height=\"349\" srcset=\"http:\/\/desireemartinphoto.com\/blog\/wp-content\/uploads\/2012\/04\/DM-Domingo-Ramos-2012-BLOG-09.jpg 550w, http:\/\/desireemartinphoto.com\/blog\/wp-content\/uploads\/2012\/04\/DM-Domingo-Ramos-2012-BLOG-09-300x190.jpg 300w\" sizes=\"(max-width: 550px) 100vw, 550px\" \/><\/p>\n<p>&#8230; otros segu\u00edan el paso de la Entrada de Jesucristo a Jerusal\u00e9n, en recogido silencio y devoci\u00f3n &#8230; sus pensamientos, deseos, ruegos ..lanzados.<\/p>\n<p><img data-attachment-id=\"1751\" data-permalink=\"http:\/\/desireemartinphoto.com\/blog\/un-domingo-vs-domingo-de-ramos\/dm-domingo-ramos-2012-blog-10\/\" data-orig-file=\"http:\/\/desireemartinphoto.com\/blog\/wp-content\/uploads\/2012\/04\/DM-Domingo-Ramos-2012-BLOG-10.jpg\" data-orig-size=\"414,550\" data-comments-opened=\"1\" data-image-meta=\"{&quot;aperture&quot;:&quot;4&quot;,&quot;credit&quot;:&quot;&quot;,&quot;camera&quot;:&quot;Canon EOS 5D Mark II&quot;,&quot;caption&quot;:&quot;&quot;,&quot;created_timestamp&quot;:&quot;1333278571&quot;,&quot;copyright&quot;:&quot;&quot;,&quot;focal_length&quot;:&quot;125&quot;,&quot;iso&quot;:&quot;100&quot;,&quot;shutter_speed&quot;:&quot;0.004&quot;,&quot;title&quot;:&quot;&quot;}\" data-image-title=\"DM-Domingo-Ramos-2012-BLOG-10\" data-image-description=\"\" data-medium-file=\"http:\/\/desireemartinphoto.com\/blog\/wp-content\/uploads\/2012\/04\/DM-Domingo-Ramos-2012-BLOG-10-225x300.jpg\" data-large-file=\"http:\/\/desireemartinphoto.com\/blog\/wp-content\/uploads\/2012\/04\/DM-Domingo-Ramos-2012-BLOG-10.jpg\" loading=\"lazy\" class=\"alignnone size-full wp-image-1751\" src=\"http:\/\/desireemartinphoto.com\/blog\/wp-content\/uploads\/2012\/04\/DM-Domingo-Ramos-2012-BLOG-10.jpg\" alt=\"\" width=\"414\" height=\"550\" srcset=\"http:\/\/desireemartinphoto.com\/blog\/wp-content\/uploads\/2012\/04\/DM-Domingo-Ramos-2012-BLOG-10.jpg 414w, http:\/\/desireemartinphoto.com\/blog\/wp-content\/uploads\/2012\/04\/DM-Domingo-Ramos-2012-BLOG-10-225x300.jpg 225w\" sizes=\"(max-width: 414px) 100vw, 414px\" \/><\/p>\n<p>&#8230; muchos iban y ven\u00edan &#8230; compras, pasear al perro, comprar unas flores, aprovechar el maravilloso sol de ese d\u00eda en una terraza &#8230; un domingo en La Laguna.<\/p>\n<p><img data-attachment-id=\"1752\" data-permalink=\"http:\/\/desireemartinphoto.com\/blog\/un-domingo-vs-domingo-de-ramos\/dm-domingo-ramos-2012-blog-11\/\" data-orig-file=\"http:\/\/desireemartinphoto.com\/blog\/wp-content\/uploads\/2012\/04\/DM-Domingo-Ramos-2012-BLOG-11.jpg\" data-orig-size=\"422,550\" data-comments-opened=\"1\" data-image-meta=\"{&quot;aperture&quot;:&quot;6.3&quot;,&quot;credit&quot;:&quot;&quot;,&quot;camera&quot;:&quot;Canon EOS 5D Mark II&quot;,&quot;caption&quot;:&quot;&quot;,&quot;created_timestamp&quot;:&quot;1333280482&quot;,&quot;copyright&quot;:&quot;&quot;,&quot;focal_length&quot;:&quot;200&quot;,&quot;iso&quot;:&quot;400&quot;,&quot;shutter_speed&quot;:&quot;0.001&quot;,&quot;title&quot;:&quot;&quot;}\" data-image-title=\"DM-Domingo-Ramos-2012-BLOG-11\" data-image-description=\"\" data-medium-file=\"http:\/\/desireemartinphoto.com\/blog\/wp-content\/uploads\/2012\/04\/DM-Domingo-Ramos-2012-BLOG-11-230x300.jpg\" data-large-file=\"http:\/\/desireemartinphoto.com\/blog\/wp-content\/uploads\/2012\/04\/DM-Domingo-Ramos-2012-BLOG-11.jpg\" loading=\"lazy\" class=\"alignnone size-full wp-image-1752\" src=\"http:\/\/desireemartinphoto.com\/blog\/wp-content\/uploads\/2012\/04\/DM-Domingo-Ramos-2012-BLOG-11.jpg\" alt=\"\" width=\"422\" height=\"550\" srcset=\"http:\/\/desireemartinphoto.com\/blog\/wp-content\/uploads\/2012\/04\/DM-Domingo-Ramos-2012-BLOG-11.jpg 422w, http:\/\/desireemartinphoto.com\/blog\/wp-content\/uploads\/2012\/04\/DM-Domingo-Ramos-2012-BLOG-11-230x300.jpg 230w\" sizes=\"(max-width: 422px) 100vw, 422px\" \/><\/p>\n<p><img data-attachment-id=\"1753\" data-permalink=\"http:\/\/desireemartinphoto.com\/blog\/un-domingo-vs-domingo-de-ramos\/dm-domingo-ramos-2012-blog-12\/\" data-orig-file=\"http:\/\/desireemartinphoto.com\/blog\/wp-content\/uploads\/2012\/04\/DM-Domingo-Ramos-2012-BLOG-12.jpg\" data-orig-size=\"452,550\" data-comments-opened=\"1\" data-image-meta=\"{&quot;aperture&quot;:&quot;6.3&quot;,&quot;credit&quot;:&quot;&quot;,&quot;camera&quot;:&quot;Canon EOS 5D Mark II&quot;,&quot;caption&quot;:&quot;&quot;,&quot;created_timestamp&quot;:&quot;1333280001&quot;,&quot;copyright&quot;:&quot;&quot;,&quot;focal_length&quot;:&quot;16&quot;,&quot;iso&quot;:&quot;400&quot;,&quot;shutter_speed&quot;:&quot;0.002&quot;,&quot;title&quot;:&quot;&quot;}\" data-image-title=\"DM-Domingo-Ramos-2012-BLOG-12\" data-image-description=\"\" data-medium-file=\"http:\/\/desireemartinphoto.com\/blog\/wp-content\/uploads\/2012\/04\/DM-Domingo-Ramos-2012-BLOG-12-246x300.jpg\" data-large-file=\"http:\/\/desireemartinphoto.com\/blog\/wp-content\/uploads\/2012\/04\/DM-Domingo-Ramos-2012-BLOG-12.jpg\" loading=\"lazy\" class=\"alignnone size-full wp-image-1753\" src=\"http:\/\/desireemartinphoto.com\/blog\/wp-content\/uploads\/2012\/04\/DM-Domingo-Ramos-2012-BLOG-12.jpg\" alt=\"\" width=\"452\" height=\"550\" srcset=\"http:\/\/desireemartinphoto.com\/blog\/wp-content\/uploads\/2012\/04\/DM-Domingo-Ramos-2012-BLOG-12.jpg 452w, http:\/\/desireemartinphoto.com\/blog\/wp-content\/uploads\/2012\/04\/DM-Domingo-Ramos-2012-BLOG-12-246x300.jpg 246w\" sizes=\"(max-width: 452px) 100vw, 452px\" \/><\/p>\n<p>Cuando el campanario de La Concepci\u00f3n daba la 13h, la procesi\u00f3n llegaba a su puerta.<\/p>\n<p><img data-attachment-id=\"1754\" data-permalink=\"http:\/\/desireemartinphoto.com\/blog\/un-domingo-vs-domingo-de-ramos\/dm-domingo-ramos-2012-blog-13\/\" data-orig-file=\"http:\/\/desireemartinphoto.com\/blog\/wp-content\/uploads\/2012\/04\/DM-Domingo-Ramos-2012-BLOG-13.jpg\" data-orig-size=\"367,550\" data-comments-opened=\"1\" data-image-meta=\"{&quot;aperture&quot;:&quot;6.3&quot;,&quot;credit&quot;:&quot;&quot;,&quot;camera&quot;:&quot;Canon EOS 5D Mark II&quot;,&quot;caption&quot;:&quot;&quot;,&quot;created_timestamp&quot;:&quot;1333280670&quot;,&quot;copyright&quot;:&quot;&quot;,&quot;focal_length&quot;:&quot;165&quot;,&quot;iso&quot;:&quot;400&quot;,&quot;shutter_speed&quot;:&quot;0.004&quot;,&quot;title&quot;:&quot;&quot;}\" data-image-title=\"DM-Domingo-Ramos-2012-BLOG-13\" data-image-description=\"\" data-medium-file=\"http:\/\/desireemartinphoto.com\/blog\/wp-content\/uploads\/2012\/04\/DM-Domingo-Ramos-2012-BLOG-13-200x300.jpg\" data-large-file=\"http:\/\/desireemartinphoto.com\/blog\/wp-content\/uploads\/2012\/04\/DM-Domingo-Ramos-2012-BLOG-13.jpg\" loading=\"lazy\" class=\"alignnone size-full wp-image-1754\" src=\"http:\/\/desireemartinphoto.com\/blog\/wp-content\/uploads\/2012\/04\/DM-Domingo-Ramos-2012-BLOG-13.jpg\" alt=\"\" width=\"367\" height=\"550\" srcset=\"http:\/\/desireemartinphoto.com\/blog\/wp-content\/uploads\/2012\/04\/DM-Domingo-Ramos-2012-BLOG-13.jpg 367w, http:\/\/desireemartinphoto.com\/blog\/wp-content\/uploads\/2012\/04\/DM-Domingo-Ramos-2012-BLOG-13-200x300.jpg 200w\" sizes=\"(max-width: 367px) 100vw, 367px\" \/><\/p>\n<div class=\"sharedaddy sd-sharing-enabled\"><div class=\"robots-nocontent sd-block sd-social sd-social-icon-text sd-sharing\"><h3 class=\"sd-title\">COMPARTE ESTO:<\/h3><div class=\"sd-content\"><ul><li class=\"share-facebook\"><a rel=\"nofollow noopener noreferrer\" data-shared=\"sharing-facebook-1741\" class=\"share-facebook sd-button share-icon\" href=\"http:\/\/desireemartinphoto.com\/blog\/un-domingo-vs-domingo-de-ramos\/?share=facebook\" target=\"_blank\" title=\"Haz clic para compartir en Facebook\"><span>Facebook<\/span><\/a><\/li><li class=\"share-twitter\"><a rel=\"nofollow noopener noreferrer\" data-shared=\"sharing-twitter-1741\" class=\"share-twitter sd-button share-icon\" href=\"http:\/\/desireemartinphoto.com\/blog\/un-domingo-vs-domingo-de-ramos\/?share=twitter\" target=\"_blank\" title=\"Haz clic para compartir en Twitter\"><span>Twitter<\/span><\/a><\/li><li class=\"share-email\"><a rel=\"nofollow noopener noreferrer\" data-shared=\"\" class=\"share-email sd-button share-icon\" href=\"http:\/\/desireemartinphoto.com\/blog\/un-domingo-vs-domingo-de-ramos\/?share=email\" target=\"_blank\" title=\"Haz clic para enviar por correo electr\u00f3nico a un amigo\"><span>Correo electr\u00f3nico<\/span><\/a><\/li><li class=\"share-linkedin\"><a rel=\"nofollow noopener noreferrer\" data-shared=\"sharing-linkedin-1741\" class=\"share-linkedin sd-button share-icon\" href=\"http:\/\/desireemartinphoto.com\/blog\/un-domingo-vs-domingo-de-ramos\/?share=linkedin\" target=\"_blank\" title=\"Haz clic para compartir en LinkedIn\"><span>LinkedIn<\/span><\/a><\/li><li class=\"share-tumblr\"><a rel=\"nofollow noopener noreferrer\" data-shared=\"\" class=\"share-tumblr sd-button share-icon\" href=\"http:\/\/desireemartinphoto.com\/blog\/un-domingo-vs-domingo-de-ramos\/?share=tumblr\" target=\"_blank\" title=\"Haz clic para compartir en Tumblr\"><span>Tumblr<\/span><\/a><\/li><li class=\"share-end\"><\/li><\/ul><\/div><\/div><\/div>","protected":false},"excerpt":{"rendered":"<p>&nbsp; Algunas observaciones plasmadas\u00a0 en fotograf\u00edas: San Cristobal de La Laguna, ciudad Patrimonio de la Humanidad, domingo 1 de abril, Domingo de Ramos. A las 12 de la ma\u00f1ana, y con los palmitos bendecidos, la procesi\u00f3n de la Entrada de Jesucristo a Jerusal\u00e9n sal\u00eda de la iglesia de La Concepci\u00f3n. &#8230; ese d\u00eda en el [&#038;hellip<\/p>\n<div class=\"sharedaddy sd-sharing-enabled\"><div class=\"robots-nocontent sd-block sd-social sd-social-icon-text sd-sharing\"><h3 class=\"sd-title\">COMPARTE ESTO:<\/h3><div class=\"sd-content\"><ul><li class=\"share-facebook\"><a rel=\"nofollow noopener noreferrer\" data-shared=\"sharing-facebook-1741\" class=\"share-facebook sd-button share-icon\" href=\"http:\/\/desireemartinphoto.com\/blog\/un-domingo-vs-domingo-de-ramos\/?share=facebook\" target=\"_blank\" title=\"Haz clic para compartir en Facebook\"><span>Facebook<\/span><\/a><\/li><li class=\"share-twitter\"><a rel=\"nofollow noopener noreferrer\" data-shared=\"sharing-twitter-1741\" class=\"share-twitter sd-button share-icon\" href=\"http:\/\/desireemartinphoto.com\/blog\/un-domingo-vs-domingo-de-ramos\/?share=twitter\" target=\"_blank\" title=\"Haz clic para compartir en Twitter\"><span>Twitter<\/span><\/a><\/li><li class=\"share-email\"><a rel=\"nofollow noopener noreferrer\" data-shared=\"\" class=\"share-email sd-button share-icon\" href=\"http:\/\/desireemartinphoto.com\/blog\/un-domingo-vs-domingo-de-ramos\/?share=email\" target=\"_blank\" title=\"Haz clic para enviar por correo electr\u00f3nico a un amigo\"><span>Correo electr\u00f3nico<\/span><\/a><\/li><li class=\"share-linkedin\"><a rel=\"nofollow noopener noreferrer\" data-shared=\"sharing-linkedin-1741\" class=\"share-linkedin sd-button share-icon\" href=\"http:\/\/desireemartinphoto.com\/blog\/un-domingo-vs-domingo-de-ramos\/?share=linkedin\" target=\"_blank\" title=\"Haz clic para compartir en LinkedIn\"><span>LinkedIn<\/span><\/a><\/li><li class=\"share-tumblr\"><a rel=\"nofollow noopener noreferrer\" data-shared=\"\" class=\"share-tumblr sd-button share-icon\" href=\"http:\/\/desireemartinphoto.com\/blog\/un-domingo-vs-domingo-de-ramos\/?share=tumblr\" target=\"_blank\" title=\"Haz clic para compartir en Tumblr\"><span>Tumblr<\/span><\/a><\/li><li class=\"share-end\"><\/li><\/ul><\/div><\/div><\/div>","protected":false},"author":1,"featured_media":0,"comment_status":"open","ping_status":"open","sticky":false,"template":"","format":"standard","meta":{"spay_email":""},"categories":[1],"tags":[337,332,4,5,6,290,343,342,118,339,83,336,341,334,340,338,124,335,333,126],"jetpack_featured_media_url":"","jetpack_sharing_enabled":true,"_links":{"self":[{"href":"http:\/\/desireemartinphoto.com\/blog\/wp-json\/wp\/v2\/posts\/1741"}],"collection":[{"href":"http:\/\/desireemartinphoto.com\/blog\/wp-json\/wp\/v2\/posts"}],"about":[{"href":"http:\/\/desireemartinphoto.com\/blog\/wp-json\/wp\/v2\/types\/post"}],"author":[{"embeddable":true,"href":"http:\/\/desireemartinphoto.com\/blog\/wp-json\/wp\/v2\/users\/1"}],"replies":[{"embeddable":true,"href":"http:\/\/desireemartinphoto.com\/blog\/wp-json\/wp\/v2\/comments?post=1741"}],"version-history":[{"count":3,"href":"http:\/\/desireemartinphoto.com\/blog\/wp-json\/wp\/v2\/posts\/1741\/revisions"}],"predecessor-version":[{"id":1757,"href":"http:\/\/desireemartinphoto.com\/blog\/wp-json\/wp\/v2\/posts\/1741\/revisions\/1757"}],"wp:attachment":[{"href":"http:\/\/desireemartinphoto.com\/blog\/wp-json\/wp\/v2\/media?parent=1741"}],"wp:term":[{"taxonomy":"category","embeddable":true,"href":"http:\/\/desireemartinphoto.com\/blog\/wp-json\/wp\/v2\/categories?post=1741"},{"taxonomy":"post_tag","embeddable":true,"href":"http:\/\/desireemartinphoto.com\/blog\/wp-json\/wp\/v2\/tags?post=1741"}],"curies":[{"name":"wp","href":"https:\/\/api.w.org\/{rel}","templated":true}]}}