{"id":1599,"date":"2012-03-09T01:04:58","date_gmt":"2012-03-09T01:04:58","guid":{"rendered":"http:\/\/desireemartinphoto.com\/blog\/?p=1599"},"modified":"2012-03-13T12:26:17","modified_gmt":"2012-03-13T12:26:17","slug":"noches-de-carnaval-cada-loco-con-su-tema","status":"publish","type":"post","link":"http:\/\/desireemartinphoto.com\/blog\/noches-de-carnaval-cada-loco-con-su-tema\/","title":{"rendered":"Noches de Carnaval, cada loco con su tema &#8230;"},"content":{"rendered":"<p>&nbsp;<\/p>\n<p><img data-attachment-id=\"1600\" data-permalink=\"http:\/\/desireemartinphoto.com\/blog\/noches-de-carnaval-cada-loco-con-su-tema\/carnaval-noche-2012-blog-01\/\" data-orig-file=\"http:\/\/desireemartinphoto.com\/blog\/wp-content\/uploads\/2012\/03\/Carnaval-noche-2012-BLOG-01.jpg\" data-orig-size=\"550,363\" data-comments-opened=\"1\" data-image-meta=\"{&quot;aperture&quot;:&quot;5&quot;,&quot;credit&quot;:&quot;&quot;,&quot;camera&quot;:&quot;Canon EOS 5D Mark II&quot;,&quot;caption&quot;:&quot;&quot;,&quot;created_timestamp&quot;:&quot;1330205648&quot;,&quot;copyright&quot;:&quot;&quot;,&quot;focal_length&quot;:&quot;200&quot;,&quot;iso&quot;:&quot;2500&quot;,&quot;shutter_speed&quot;:&quot;0.025&quot;,&quot;title&quot;:&quot;&quot;}\" data-image-title=\"Carnaval-noche-2012-BLOG-01\" data-image-description=\"\" data-medium-file=\"http:\/\/desireemartinphoto.com\/blog\/wp-content\/uploads\/2012\/03\/Carnaval-noche-2012-BLOG-01-300x197.jpg\" data-large-file=\"http:\/\/desireemartinphoto.com\/blog\/wp-content\/uploads\/2012\/03\/Carnaval-noche-2012-BLOG-01.jpg\" loading=\"lazy\" class=\"alignnone size-full wp-image-1600\" src=\"http:\/\/desireemartinphoto.com\/blog\/wp-content\/uploads\/2012\/03\/Carnaval-noche-2012-BLOG-01.jpg\" alt=\"\" width=\"550\" height=\"363\" srcset=\"http:\/\/desireemartinphoto.com\/blog\/wp-content\/uploads\/2012\/03\/Carnaval-noche-2012-BLOG-01.jpg 550w, http:\/\/desireemartinphoto.com\/blog\/wp-content\/uploads\/2012\/03\/Carnaval-noche-2012-BLOG-01-300x197.jpg 300w\" sizes=\"(max-width: 550px) 100vw, 550px\" \/><\/p>\n<p>Este es el primer a\u00f1o que salgo a las calles de Santa Cruz con la c\u00e1mara en mano y con la intenci\u00f3n de hacer un reportaje. \u00faltimo s\u00e1bado de Carnaval, Pi\u00f1ata Chica.<\/p>\n<p>No lo hab\u00eda intentado nunca, por falta de tiempo y por cierto miedo por el equipo&#8230; alcohol y un material tan caro no son buena combinaci\u00f3n&#8230;<\/p>\n<p>\u00a1Qu\u00e9 sorpresa!.. no solo no peligr\u00f3 en absoluto, sino que me vi envuelta en un gran escenario donde cada uno interpretaba su disfraz atendi\u00e9ndome lo justo y necessario para ser retratados MUY VOLUNTARIAMENTE.<\/p>\n<p>\u00a1Mi carnaval!, \u00bf\u00a1c\u00f3mo no!??<\/p>\n<p>\u00a1\u00a1CADA LOCO CON SU TEMA!!!<\/p>\n<p>&nbsp;<\/p>\n<p><img data-attachment-id=\"1601\" data-permalink=\"http:\/\/desireemartinphoto.com\/blog\/noches-de-carnaval-cada-loco-con-su-tema\/carnaval-noche-2012-blog-02\/\" data-orig-file=\"http:\/\/desireemartinphoto.com\/blog\/wp-content\/uploads\/2012\/03\/Carnaval-noche-2012-BLOG-02.jpg\" data-orig-size=\"367,550\" data-comments-opened=\"1\" data-image-meta=\"{&quot;aperture&quot;:&quot;5&quot;,&quot;credit&quot;:&quot;&quot;,&quot;camera&quot;:&quot;Canon EOS 5D Mark II&quot;,&quot;caption&quot;:&quot;&quot;,&quot;created_timestamp&quot;:&quot;1330213165&quot;,&quot;copyright&quot;:&quot;&quot;,&quot;focal_length&quot;:&quot;200&quot;,&quot;iso&quot;:&quot;2500&quot;,&quot;shutter_speed&quot;:&quot;0.016666666666667&quot;,&quot;title&quot;:&quot;&quot;}\" data-image-title=\"Carnaval-noche-2012-BLOG-02\" data-image-description=\"\" data-medium-file=\"http:\/\/desireemartinphoto.com\/blog\/wp-content\/uploads\/2012\/03\/Carnaval-noche-2012-BLOG-02-200x300.jpg\" data-large-file=\"http:\/\/desireemartinphoto.com\/blog\/wp-content\/uploads\/2012\/03\/Carnaval-noche-2012-BLOG-02.jpg\" loading=\"lazy\" class=\"alignnone size-full wp-image-1601\" src=\"http:\/\/desireemartinphoto.com\/blog\/wp-content\/uploads\/2012\/03\/Carnaval-noche-2012-BLOG-02.jpg\" alt=\"\" width=\"367\" height=\"550\" srcset=\"http:\/\/desireemartinphoto.com\/blog\/wp-content\/uploads\/2012\/03\/Carnaval-noche-2012-BLOG-02.jpg 367w, http:\/\/desireemartinphoto.com\/blog\/wp-content\/uploads\/2012\/03\/Carnaval-noche-2012-BLOG-02-200x300.jpg 200w\" sizes=\"(max-width: 367px) 100vw, 367px\" \/><\/p>\n<p><img data-attachment-id=\"1602\" data-permalink=\"http:\/\/desireemartinphoto.com\/blog\/noches-de-carnaval-cada-loco-con-su-tema\/spain-festival-carnival-santa-cruz\/\" data-orig-file=\"http:\/\/desireemartinphoto.com\/blog\/wp-content\/uploads\/2012\/03\/Carnaval-noche-2012-BLOG-03.jpg\" data-orig-size=\"550,367\" data-comments-opened=\"1\" data-image-meta=\"{&quot;aperture&quot;:&quot;5&quot;,&quot;credit&quot;:&quot;DESIREE MARTIN&quot;,&quot;camera&quot;:&quot;Canon EOS 5D Mark II&quot;,&quot;caption&quot;:&quot;SPAIN, Santa Cruz de Tenerife : Thousands of people participate in the street carnival in Santa Cruz de Tenerife, on the Spanish Canary island of  Tenerife on February 25, 2012. \\nAFP PHOTO Desiree Martin&quot;,&quot;created_timestamp&quot;:&quot;1330206749&quot;,&quot;copyright&quot;:&quot;ImageForum&quot;,&quot;focal_length&quot;:&quot;16&quot;,&quot;iso&quot;:&quot;2500&quot;,&quot;shutter_speed&quot;:&quot;0.008&quot;,&quot;title&quot;:&quot;SPAIN-FESTIVAL-CARNIVAL-SANTA CRUZ&quot;}\" data-image-title=\"Carnaval-noche-2012-BLOG-03\" data-image-description=\"\" data-medium-file=\"http:\/\/desireemartinphoto.com\/blog\/wp-content\/uploads\/2012\/03\/Carnaval-noche-2012-BLOG-03-300x200.jpg\" data-large-file=\"http:\/\/desireemartinphoto.com\/blog\/wp-content\/uploads\/2012\/03\/Carnaval-noche-2012-BLOG-03.jpg\" loading=\"lazy\" class=\"alignnone size-full wp-image-1602\" src=\"http:\/\/desireemartinphoto.com\/blog\/wp-content\/uploads\/2012\/03\/Carnaval-noche-2012-BLOG-03.jpg\" alt=\"\" width=\"550\" height=\"367\" srcset=\"http:\/\/desireemartinphoto.com\/blog\/wp-content\/uploads\/2012\/03\/Carnaval-noche-2012-BLOG-03.jpg 550w, http:\/\/desireemartinphoto.com\/blog\/wp-content\/uploads\/2012\/03\/Carnaval-noche-2012-BLOG-03-300x200.jpg 300w\" sizes=\"(max-width: 550px) 100vw, 550px\" \/><\/p>\n<p><img data-attachment-id=\"1604\" data-permalink=\"http:\/\/desireemartinphoto.com\/blog\/noches-de-carnaval-cada-loco-con-su-tema\/carnaval-noche-2012-blog-04-2\/\" data-orig-file=\"http:\/\/desireemartinphoto.com\/blog\/wp-content\/uploads\/2012\/03\/Carnaval-noche-2012-BLOG-041.jpg\" data-orig-size=\"550,350\" data-comments-opened=\"1\" data-image-meta=\"{&quot;aperture&quot;:&quot;4&quot;,&quot;credit&quot;:&quot;&quot;,&quot;camera&quot;:&quot;Canon EOS 5D Mark II&quot;,&quot;caption&quot;:&quot;&quot;,&quot;created_timestamp&quot;:&quot;1330208305&quot;,&quot;copyright&quot;:&quot;&quot;,&quot;focal_length&quot;:&quot;16&quot;,&quot;iso&quot;:&quot;2500&quot;,&quot;shutter_speed&quot;:&quot;0.025&quot;,&quot;title&quot;:&quot;&quot;}\" data-image-title=\"Carnaval-noche-2012-BLOG-041\" data-image-description=\"\" data-medium-file=\"http:\/\/desireemartinphoto.com\/blog\/wp-content\/uploads\/2012\/03\/Carnaval-noche-2012-BLOG-041-300x190.jpg\" data-large-file=\"http:\/\/desireemartinphoto.com\/blog\/wp-content\/uploads\/2012\/03\/Carnaval-noche-2012-BLOG-041.jpg\" loading=\"lazy\" class=\"alignnone size-full wp-image-1604\" src=\"http:\/\/desireemartinphoto.com\/blog\/wp-content\/uploads\/2012\/03\/Carnaval-noche-2012-BLOG-041.jpg\" alt=\"\" width=\"550\" height=\"350\" srcset=\"http:\/\/desireemartinphoto.com\/blog\/wp-content\/uploads\/2012\/03\/Carnaval-noche-2012-BLOG-041.jpg 550w, http:\/\/desireemartinphoto.com\/blog\/wp-content\/uploads\/2012\/03\/Carnaval-noche-2012-BLOG-041-300x190.jpg 300w\" sizes=\"(max-width: 550px) 100vw, 550px\" \/><\/p>\n<p><img data-attachment-id=\"1605\" data-permalink=\"http:\/\/desireemartinphoto.com\/blog\/noches-de-carnaval-cada-loco-con-su-tema\/spain-festival-carnival-santa-cruz-2\/\" data-orig-file=\"http:\/\/desireemartinphoto.com\/blog\/wp-content\/uploads\/2012\/03\/Carnaval-noche-2012-BLOG-05.jpg\" data-orig-size=\"550,367\" data-comments-opened=\"1\" data-image-meta=\"{&quot;aperture&quot;:&quot;4&quot;,&quot;credit&quot;:&quot;DESIREE MARTIN&quot;,&quot;camera&quot;:&quot;Canon EOS 5D Mark II&quot;,&quot;caption&quot;:&quot;SPAIN, Santa Cruz de Tenerife : Thousands of people participate in the street carnival in Santa Cruz de Tenerife, on the Spanish Canary island of  Tenerife on February 25, 2012. \\nAFP PHOTO Desiree Martin&quot;,&quot;created_timestamp&quot;:&quot;1330209369&quot;,&quot;copyright&quot;:&quot;ImageForum&quot;,&quot;focal_length&quot;:&quot;70&quot;,&quot;iso&quot;:&quot;2500&quot;,&quot;shutter_speed&quot;:&quot;0.0125&quot;,&quot;title&quot;:&quot;SPAIN-FESTIVAL-CARNIVAL-SANTA CRUZ&quot;}\" data-image-title=\"Carnaval-noche-2012-BLOG-05\" data-image-description=\"\" data-medium-file=\"http:\/\/desireemartinphoto.com\/blog\/wp-content\/uploads\/2012\/03\/Carnaval-noche-2012-BLOG-05-300x200.jpg\" data-large-file=\"http:\/\/desireemartinphoto.com\/blog\/wp-content\/uploads\/2012\/03\/Carnaval-noche-2012-BLOG-05.jpg\" loading=\"lazy\" class=\"alignnone size-full wp-image-1605\" src=\"http:\/\/desireemartinphoto.com\/blog\/wp-content\/uploads\/2012\/03\/Carnaval-noche-2012-BLOG-05.jpg\" alt=\"\" width=\"550\" height=\"367\" srcset=\"http:\/\/desireemartinphoto.com\/blog\/wp-content\/uploads\/2012\/03\/Carnaval-noche-2012-BLOG-05.jpg 550w, http:\/\/desireemartinphoto.com\/blog\/wp-content\/uploads\/2012\/03\/Carnaval-noche-2012-BLOG-05-300x200.jpg 300w\" sizes=\"(max-width: 550px) 100vw, 550px\" \/><\/p>\n<p><img data-attachment-id=\"1608\" data-permalink=\"http:\/\/desireemartinphoto.com\/blog\/noches-de-carnaval-cada-loco-con-su-tema\/spain-festival-carnival-santa-cruz-4\/\" data-orig-file=\"http:\/\/desireemartinphoto.com\/blog\/wp-content\/uploads\/2012\/03\/Carnaval-noche-2012-BLOG-06.jpg\" data-orig-size=\"550,417\" data-comments-opened=\"1\" data-image-meta=\"{&quot;aperture&quot;:&quot;5&quot;,&quot;credit&quot;:&quot;DESIREE MARTIN&quot;,&quot;camera&quot;:&quot;Canon EOS 5D Mark II&quot;,&quot;caption&quot;:&quot;SPAIN, Santa Cruz de Tenerife : Thousands of people participate in the street carnival in Santa Cruz de Tenerife, on the Spanish Canary island of  Tenerife on February 25, 2012. \\nAFP PHOTO Desiree Martin&quot;,&quot;created_timestamp&quot;:&quot;1330206880&quot;,&quot;copyright&quot;:&quot;ImageForum&quot;,&quot;focal_length&quot;:&quot;16&quot;,&quot;iso&quot;:&quot;2500&quot;,&quot;shutter_speed&quot;:&quot;0.02&quot;,&quot;title&quot;:&quot;SPAIN-FESTIVAL-CARNIVAL-SANTA CRUZ&quot;}\" data-image-title=\"Carnaval-noche-2012-BLOG-06\" data-image-description=\"\" data-medium-file=\"http:\/\/desireemartinphoto.com\/blog\/wp-content\/uploads\/2012\/03\/Carnaval-noche-2012-BLOG-06-300x227.jpg\" data-large-file=\"http:\/\/desireemartinphoto.com\/blog\/wp-content\/uploads\/2012\/03\/Carnaval-noche-2012-BLOG-06.jpg\" loading=\"lazy\" class=\"alignnone size-full wp-image-1608\" src=\"http:\/\/desireemartinphoto.com\/blog\/wp-content\/uploads\/2012\/03\/Carnaval-noche-2012-BLOG-06.jpg\" alt=\"\" width=\"550\" height=\"417\" srcset=\"http:\/\/desireemartinphoto.com\/blog\/wp-content\/uploads\/2012\/03\/Carnaval-noche-2012-BLOG-06.jpg 550w, http:\/\/desireemartinphoto.com\/blog\/wp-content\/uploads\/2012\/03\/Carnaval-noche-2012-BLOG-06-300x227.jpg 300w\" sizes=\"(max-width: 550px) 100vw, 550px\" \/><\/p>\n<p><img data-attachment-id=\"1606\" data-permalink=\"http:\/\/desireemartinphoto.com\/blog\/noches-de-carnaval-cada-loco-con-su-tema\/spain-festival-carnival-santa-cruz-3\/\" data-orig-file=\"http:\/\/desireemartinphoto.com\/blog\/wp-content\/uploads\/2012\/03\/Carnaval-noche-2012-BLOG-07.jpg\" data-orig-size=\"550,367\" data-comments-opened=\"1\" data-image-meta=\"{&quot;aperture&quot;:&quot;5.6&quot;,&quot;credit&quot;:&quot;DESIREE MARTIN&quot;,&quot;camera&quot;:&quot;Canon EOS 5D Mark II&quot;,&quot;caption&quot;:&quot;SPAIN, Santa Cruz de Tenerife : Thousands of people participate in the street carnival in Santa Cruz de Tenerife, on the Spanish Canary island of  Tenerife on February 25, 2012. \\nAFP PHOTO Desiree Martin&quot;,&quot;created_timestamp&quot;:&quot;1330207686&quot;,&quot;copyright&quot;:&quot;ImageForum&quot;,&quot;focal_length&quot;:&quot;135&quot;,&quot;iso&quot;:&quot;2500&quot;,&quot;shutter_speed&quot;:&quot;0.025&quot;,&quot;title&quot;:&quot;SPAIN-FESTIVAL-CARNIVAL-SANTA CRUZ&quot;}\" data-image-title=\"Carnaval-noche-2012-BLOG-07\" data-image-description=\"\" data-medium-file=\"http:\/\/desireemartinphoto.com\/blog\/wp-content\/uploads\/2012\/03\/Carnaval-noche-2012-BLOG-07-300x200.jpg\" data-large-file=\"http:\/\/desireemartinphoto.com\/blog\/wp-content\/uploads\/2012\/03\/Carnaval-noche-2012-BLOG-07.jpg\" loading=\"lazy\" class=\"alignnone size-full wp-image-1606\" src=\"http:\/\/desireemartinphoto.com\/blog\/wp-content\/uploads\/2012\/03\/Carnaval-noche-2012-BLOG-07.jpg\" alt=\"\" width=\"550\" height=\"367\" srcset=\"http:\/\/desireemartinphoto.com\/blog\/wp-content\/uploads\/2012\/03\/Carnaval-noche-2012-BLOG-07.jpg 550w, http:\/\/desireemartinphoto.com\/blog\/wp-content\/uploads\/2012\/03\/Carnaval-noche-2012-BLOG-07-300x200.jpg 300w\" sizes=\"(max-width: 550px) 100vw, 550px\" \/><\/p>\n<p><img data-attachment-id=\"1607\" data-permalink=\"http:\/\/desireemartinphoto.com\/blog\/noches-de-carnaval-cada-loco-con-su-tema\/carnaval-noche-2012-blog-08\/\" data-orig-file=\"http:\/\/desireemartinphoto.com\/blog\/wp-content\/uploads\/2012\/03\/Carnaval-noche-2012-BLOG-08.jpg\" data-orig-size=\"388,550\" data-comments-opened=\"1\" data-image-meta=\"{&quot;aperture&quot;:&quot;5&quot;,&quot;credit&quot;:&quot;&quot;,&quot;camera&quot;:&quot;Canon EOS 5D Mark II&quot;,&quot;caption&quot;:&quot;&quot;,&quot;created_timestamp&quot;:&quot;1330206429&quot;,&quot;copyright&quot;:&quot;&quot;,&quot;focal_length&quot;:&quot;16&quot;,&quot;iso&quot;:&quot;2500&quot;,&quot;shutter_speed&quot;:&quot;0.016666666666667&quot;,&quot;title&quot;:&quot;&quot;}\" data-image-title=\"Carnaval-noche-2012-BLOG-08\" data-image-description=\"\" data-medium-file=\"http:\/\/desireemartinphoto.com\/blog\/wp-content\/uploads\/2012\/03\/Carnaval-noche-2012-BLOG-08-211x300.jpg\" data-large-file=\"http:\/\/desireemartinphoto.com\/blog\/wp-content\/uploads\/2012\/03\/Carnaval-noche-2012-BLOG-08.jpg\" loading=\"lazy\" class=\"alignnone size-full wp-image-1607\" src=\"http:\/\/desireemartinphoto.com\/blog\/wp-content\/uploads\/2012\/03\/Carnaval-noche-2012-BLOG-08.jpg\" alt=\"\" width=\"388\" height=\"550\" srcset=\"http:\/\/desireemartinphoto.com\/blog\/wp-content\/uploads\/2012\/03\/Carnaval-noche-2012-BLOG-08.jpg 388w, http:\/\/desireemartinphoto.com\/blog\/wp-content\/uploads\/2012\/03\/Carnaval-noche-2012-BLOG-08-211x300.jpg 211w\" sizes=\"(max-width: 388px) 100vw, 388px\" \/><\/p>\n<p><img data-attachment-id=\"1609\" data-permalink=\"http:\/\/desireemartinphoto.com\/blog\/noches-de-carnaval-cada-loco-con-su-tema\/spain-festival-carnival-santa-cruz-5\/\" data-orig-file=\"http:\/\/desireemartinphoto.com\/blog\/wp-content\/uploads\/2012\/03\/Carnaval-noche-2012-BLOG-09.jpg\" data-orig-size=\"550,367\" data-comments-opened=\"1\" data-image-meta=\"{&quot;aperture&quot;:&quot;5&quot;,&quot;credit&quot;:&quot;DESIREE MARTIN&quot;,&quot;camera&quot;:&quot;Canon EOS 5D Mark II&quot;,&quot;caption&quot;:&quot;SPAIN, Santa Cruz de Tenerife : Thousands of people participate in the street carnival in Santa Cruz de Tenerife, on the Spanish Canary island of  Tenerife on February 25, 2012. \\nAFP PHOTO Desiree Martin&quot;,&quot;created_timestamp&quot;:&quot;1330211619&quot;,&quot;copyright&quot;:&quot;ImageForum&quot;,&quot;focal_length&quot;:&quot;16&quot;,&quot;iso&quot;:&quot;2500&quot;,&quot;shutter_speed&quot;:&quot;0.025&quot;,&quot;title&quot;:&quot;SPAIN-FESTIVAL-CARNIVAL-SANTA CRUZ&quot;}\" data-image-title=\"Carnaval-noche-2012-BLOG-09\" data-image-description=\"\" data-medium-file=\"http:\/\/desireemartinphoto.com\/blog\/wp-content\/uploads\/2012\/03\/Carnaval-noche-2012-BLOG-09-300x200.jpg\" data-large-file=\"http:\/\/desireemartinphoto.com\/blog\/wp-content\/uploads\/2012\/03\/Carnaval-noche-2012-BLOG-09.jpg\" loading=\"lazy\" class=\"alignnone size-full wp-image-1609\" src=\"http:\/\/desireemartinphoto.com\/blog\/wp-content\/uploads\/2012\/03\/Carnaval-noche-2012-BLOG-09.jpg\" alt=\"\" width=\"550\" height=\"367\" srcset=\"http:\/\/desireemartinphoto.com\/blog\/wp-content\/uploads\/2012\/03\/Carnaval-noche-2012-BLOG-09.jpg 550w, http:\/\/desireemartinphoto.com\/blog\/wp-content\/uploads\/2012\/03\/Carnaval-noche-2012-BLOG-09-300x200.jpg 300w\" sizes=\"(max-width: 550px) 100vw, 550px\" \/><\/p>\n<p><img data-attachment-id=\"1610\" data-permalink=\"http:\/\/desireemartinphoto.com\/blog\/noches-de-carnaval-cada-loco-con-su-tema\/spain-festival-carnival-santa-cruz-6\/\" data-orig-file=\"http:\/\/desireemartinphoto.com\/blog\/wp-content\/uploads\/2012\/03\/Carnaval-noche-2012-BLOG-10.jpg\" data-orig-size=\"550,418\" data-comments-opened=\"1\" data-image-meta=\"{&quot;aperture&quot;:&quot;4&quot;,&quot;credit&quot;:&quot;DESIREE MARTIN&quot;,&quot;camera&quot;:&quot;Canon EOS 5D Mark II&quot;,&quot;caption&quot;:&quot;SPAIN, Santa Cruz de Tenerife : Thousands of people participate in the street carnival in Santa Cruz de Tenerife, on the Spanish Canary island of  Tenerife on February 25, 2012. \\nAFP PHOTO Desiree Martin&quot;,&quot;created_timestamp&quot;:&quot;1330209401&quot;,&quot;copyright&quot;:&quot;ImageForum&quot;,&quot;focal_length&quot;:&quot;140&quot;,&quot;iso&quot;:&quot;2500&quot;,&quot;shutter_speed&quot;:&quot;0.0125&quot;,&quot;title&quot;:&quot;SPAIN-FESTIVAL-CARNIVAL-SANTA CRUZ&quot;}\" data-image-title=\"Carnaval-noche-2012-BLOG-10\" data-image-description=\"\" data-medium-file=\"http:\/\/desireemartinphoto.com\/blog\/wp-content\/uploads\/2012\/03\/Carnaval-noche-2012-BLOG-10-300x227.jpg\" data-large-file=\"http:\/\/desireemartinphoto.com\/blog\/wp-content\/uploads\/2012\/03\/Carnaval-noche-2012-BLOG-10.jpg\" loading=\"lazy\" class=\"alignnone size-full wp-image-1610\" src=\"http:\/\/desireemartinphoto.com\/blog\/wp-content\/uploads\/2012\/03\/Carnaval-noche-2012-BLOG-10.jpg\" alt=\"\" width=\"550\" height=\"418\" srcset=\"http:\/\/desireemartinphoto.com\/blog\/wp-content\/uploads\/2012\/03\/Carnaval-noche-2012-BLOG-10.jpg 550w, http:\/\/desireemartinphoto.com\/blog\/wp-content\/uploads\/2012\/03\/Carnaval-noche-2012-BLOG-10-300x227.jpg 300w\" sizes=\"(max-width: 550px) 100vw, 550px\" \/><\/p>\n<p><img data-attachment-id=\"1611\" data-permalink=\"http:\/\/desireemartinphoto.com\/blog\/noches-de-carnaval-cada-loco-con-su-tema\/spain-festival-carnival-santa-cruz-7\/\" data-orig-file=\"http:\/\/desireemartinphoto.com\/blog\/wp-content\/uploads\/2012\/03\/Carnaval-noche-2012-BLOG-12.jpg\" data-orig-size=\"550,463\" data-comments-opened=\"1\" data-image-meta=\"{&quot;aperture&quot;:&quot;5.6&quot;,&quot;credit&quot;:&quot;DESIREE MARTIN&quot;,&quot;camera&quot;:&quot;Canon EOS 5D Mark II&quot;,&quot;caption&quot;:&quot;SPAIN, Santa Cruz de Tenerife : Thousands of people participate in the street carnival in Santa Cruz de Tenerife, on the Spanish Canary island of  Tenerife on February 25, 2012. \\nAFP PHOTO Desiree Martin&quot;,&quot;created_timestamp&quot;:&quot;1330207878&quot;,&quot;copyright&quot;:&quot;ImageForum&quot;,&quot;focal_length&quot;:&quot;145&quot;,&quot;iso&quot;:&quot;2500&quot;,&quot;shutter_speed&quot;:&quot;0.016666666666667&quot;,&quot;title&quot;:&quot;SPAIN-FESTIVAL-CARNIVAL-SANTA CRUZ&quot;}\" data-image-title=\"Carnaval-noche-2012-BLOG-12\" data-image-description=\"\" data-medium-file=\"http:\/\/desireemartinphoto.com\/blog\/wp-content\/uploads\/2012\/03\/Carnaval-noche-2012-BLOG-12-300x252.jpg\" data-large-file=\"http:\/\/desireemartinphoto.com\/blog\/wp-content\/uploads\/2012\/03\/Carnaval-noche-2012-BLOG-12.jpg\" loading=\"lazy\" class=\"alignnone size-full wp-image-1611\" src=\"http:\/\/desireemartinphoto.com\/blog\/wp-content\/uploads\/2012\/03\/Carnaval-noche-2012-BLOG-12.jpg\" alt=\"\" width=\"550\" height=\"463\" srcset=\"http:\/\/desireemartinphoto.com\/blog\/wp-content\/uploads\/2012\/03\/Carnaval-noche-2012-BLOG-12.jpg 550w, http:\/\/desireemartinphoto.com\/blog\/wp-content\/uploads\/2012\/03\/Carnaval-noche-2012-BLOG-12-300x252.jpg 300w\" sizes=\"(max-width: 550px) 100vw, 550px\" \/><\/p>\n<p><img data-attachment-id=\"1612\" data-permalink=\"http:\/\/desireemartinphoto.com\/blog\/noches-de-carnaval-cada-loco-con-su-tema\/carnaval-noche-2012-blog-13\/\" data-orig-file=\"http:\/\/desireemartinphoto.com\/blog\/wp-content\/uploads\/2012\/03\/Carnaval-noche-2012-BLOG-13.jpg\" data-orig-size=\"550,397\" data-comments-opened=\"1\" data-image-meta=\"{&quot;aperture&quot;:&quot;3.5&quot;,&quot;credit&quot;:&quot;&quot;,&quot;camera&quot;:&quot;Canon EOS 5D Mark II&quot;,&quot;caption&quot;:&quot;&quot;,&quot;created_timestamp&quot;:&quot;1330204223&quot;,&quot;copyright&quot;:&quot;&quot;,&quot;focal_length&quot;:&quot;16&quot;,&quot;iso&quot;:&quot;2500&quot;,&quot;shutter_speed&quot;:&quot;0.05&quot;,&quot;title&quot;:&quot;&quot;}\" data-image-title=\"Carnaval-noche-2012-BLOG-13\" data-image-description=\"\" data-medium-file=\"http:\/\/desireemartinphoto.com\/blog\/wp-content\/uploads\/2012\/03\/Carnaval-noche-2012-BLOG-13-300x216.jpg\" data-large-file=\"http:\/\/desireemartinphoto.com\/blog\/wp-content\/uploads\/2012\/03\/Carnaval-noche-2012-BLOG-13.jpg\" loading=\"lazy\" class=\"alignnone size-full wp-image-1612\" src=\"http:\/\/desireemartinphoto.com\/blog\/wp-content\/uploads\/2012\/03\/Carnaval-noche-2012-BLOG-13.jpg\" alt=\"\" width=\"550\" height=\"397\" srcset=\"http:\/\/desireemartinphoto.com\/blog\/wp-content\/uploads\/2012\/03\/Carnaval-noche-2012-BLOG-13.jpg 550w, http:\/\/desireemartinphoto.com\/blog\/wp-content\/uploads\/2012\/03\/Carnaval-noche-2012-BLOG-13-300x216.jpg 300w\" sizes=\"(max-width: 550px) 100vw, 550px\" \/><\/p>\n<p><img data-attachment-id=\"1613\" data-permalink=\"http:\/\/desireemartinphoto.com\/blog\/noches-de-carnaval-cada-loco-con-su-tema\/carnaval-noche-2012-blog-14\/\" data-orig-file=\"http:\/\/desireemartinphoto.com\/blog\/wp-content\/uploads\/2012\/03\/Carnaval-noche-2012-BLOG-14.jpg\" data-orig-size=\"550,401\" data-comments-opened=\"1\" data-image-meta=\"{&quot;aperture&quot;:&quot;3.5&quot;,&quot;credit&quot;:&quot;&quot;,&quot;camera&quot;:&quot;Canon EOS 5D Mark II&quot;,&quot;caption&quot;:&quot;&quot;,&quot;created_timestamp&quot;:&quot;1330204471&quot;,&quot;copyright&quot;:&quot;&quot;,&quot;focal_length&quot;:&quot;16&quot;,&quot;iso&quot;:&quot;2500&quot;,&quot;shutter_speed&quot;:&quot;0.05&quot;,&quot;title&quot;:&quot;&quot;}\" data-image-title=\"Carnaval-noche-2012-BLOG-14\" data-image-description=\"\" data-medium-file=\"http:\/\/desireemartinphoto.com\/blog\/wp-content\/uploads\/2012\/03\/Carnaval-noche-2012-BLOG-14-300x218.jpg\" data-large-file=\"http:\/\/desireemartinphoto.com\/blog\/wp-content\/uploads\/2012\/03\/Carnaval-noche-2012-BLOG-14.jpg\" loading=\"lazy\" class=\"alignnone size-full wp-image-1613\" src=\"http:\/\/desireemartinphoto.com\/blog\/wp-content\/uploads\/2012\/03\/Carnaval-noche-2012-BLOG-14.jpg\" alt=\"\" width=\"550\" height=\"401\" srcset=\"http:\/\/desireemartinphoto.com\/blog\/wp-content\/uploads\/2012\/03\/Carnaval-noche-2012-BLOG-14.jpg 550w, http:\/\/desireemartinphoto.com\/blog\/wp-content\/uploads\/2012\/03\/Carnaval-noche-2012-BLOG-14-300x218.jpg 300w\" sizes=\"(max-width: 550px) 100vw, 550px\" \/><\/p>\n<p><img data-attachment-id=\"1614\" data-permalink=\"http:\/\/desireemartinphoto.com\/blog\/noches-de-carnaval-cada-loco-con-su-tema\/spain-festival-carnival-santa-cruz-8\/\" data-orig-file=\"http:\/\/desireemartinphoto.com\/blog\/wp-content\/uploads\/2012\/03\/Carnaval-noche-2012-BLOG-15.jpg\" data-orig-size=\"550,367\" data-comments-opened=\"1\" data-image-meta=\"{&quot;aperture&quot;:&quot;4&quot;,&quot;credit&quot;:&quot;DESIREE MARTIN&quot;,&quot;camera&quot;:&quot;Canon EOS 5D Mark II&quot;,&quot;caption&quot;:&quot;SPAIN, Santa Cruz de Tenerife : Thousands of people participate in the street carnival in Santa Cruz de Tenerife, on the Spanish Canary island of  Tenerife on February 25, 2012. \\nAFP PHOTO Desiree Martin&quot;,&quot;created_timestamp&quot;:&quot;1330209305&quot;,&quot;copyright&quot;:&quot;ImageForum&quot;,&quot;focal_length&quot;:&quot;70&quot;,&quot;iso&quot;:&quot;2500&quot;,&quot;shutter_speed&quot;:&quot;0.008&quot;,&quot;title&quot;:&quot;SPAIN-FESTIVAL-CARNIVAL-SANTA CRUZ&quot;}\" data-image-title=\"Carnaval-noche-2012-BLOG-15\" data-image-description=\"\" data-medium-file=\"http:\/\/desireemartinphoto.com\/blog\/wp-content\/uploads\/2012\/03\/Carnaval-noche-2012-BLOG-15-300x200.jpg\" data-large-file=\"http:\/\/desireemartinphoto.com\/blog\/wp-content\/uploads\/2012\/03\/Carnaval-noche-2012-BLOG-15.jpg\" loading=\"lazy\" class=\"alignnone size-full wp-image-1614\" src=\"http:\/\/desireemartinphoto.com\/blog\/wp-content\/uploads\/2012\/03\/Carnaval-noche-2012-BLOG-15.jpg\" alt=\"\" width=\"550\" height=\"367\" srcset=\"http:\/\/desireemartinphoto.com\/blog\/wp-content\/uploads\/2012\/03\/Carnaval-noche-2012-BLOG-15.jpg 550w, http:\/\/desireemartinphoto.com\/blog\/wp-content\/uploads\/2012\/03\/Carnaval-noche-2012-BLOG-15-300x200.jpg 300w\" sizes=\"(max-width: 550px) 100vw, 550px\" \/><\/p>\n<p><img data-attachment-id=\"1615\" data-permalink=\"http:\/\/desireemartinphoto.com\/blog\/noches-de-carnaval-cada-loco-con-su-tema\/carnaval-noche-2012-blog-16\/\" data-orig-file=\"http:\/\/desireemartinphoto.com\/blog\/wp-content\/uploads\/2012\/03\/Carnaval-noche-2012-BLOG-16.jpg\" data-orig-size=\"550,452\" data-comments-opened=\"1\" data-image-meta=\"{&quot;aperture&quot;:&quot;3.5&quot;,&quot;credit&quot;:&quot;&quot;,&quot;camera&quot;:&quot;Canon EOS 5D Mark II&quot;,&quot;caption&quot;:&quot;&quot;,&quot;created_timestamp&quot;:&quot;1330204780&quot;,&quot;copyright&quot;:&quot;&quot;,&quot;focal_length&quot;:&quot;16&quot;,&quot;iso&quot;:&quot;2500&quot;,&quot;shutter_speed&quot;:&quot;0.01&quot;,&quot;title&quot;:&quot;&quot;}\" data-image-title=\"Carnaval-noche-2012-BLOG-16\" data-image-description=\"\" data-medium-file=\"http:\/\/desireemartinphoto.com\/blog\/wp-content\/uploads\/2012\/03\/Carnaval-noche-2012-BLOG-16-300x246.jpg\" data-large-file=\"http:\/\/desireemartinphoto.com\/blog\/wp-content\/uploads\/2012\/03\/Carnaval-noche-2012-BLOG-16.jpg\" loading=\"lazy\" class=\"alignnone size-full wp-image-1615\" src=\"http:\/\/desireemartinphoto.com\/blog\/wp-content\/uploads\/2012\/03\/Carnaval-noche-2012-BLOG-16.jpg\" alt=\"\" width=\"550\" height=\"452\" srcset=\"http:\/\/desireemartinphoto.com\/blog\/wp-content\/uploads\/2012\/03\/Carnaval-noche-2012-BLOG-16.jpg 550w, http:\/\/desireemartinphoto.com\/blog\/wp-content\/uploads\/2012\/03\/Carnaval-noche-2012-BLOG-16-300x246.jpg 300w\" sizes=\"(max-width: 550px) 100vw, 550px\" \/><\/p>\n<p><img data-attachment-id=\"1616\" data-permalink=\"http:\/\/desireemartinphoto.com\/blog\/noches-de-carnaval-cada-loco-con-su-tema\/carnaval-noche-2012-blog-17\/\" data-orig-file=\"http:\/\/desireemartinphoto.com\/blog\/wp-content\/uploads\/2012\/03\/Carnaval-noche-2012-BLOG-17.jpg\" data-orig-size=\"367,550\" data-comments-opened=\"1\" data-image-meta=\"{&quot;aperture&quot;:&quot;3.5&quot;,&quot;credit&quot;:&quot;&quot;,&quot;camera&quot;:&quot;Canon EOS 5D Mark II&quot;,&quot;caption&quot;:&quot;&quot;,&quot;created_timestamp&quot;:&quot;1330204693&quot;,&quot;copyright&quot;:&quot;&quot;,&quot;focal_length&quot;:&quot;16&quot;,&quot;iso&quot;:&quot;2500&quot;,&quot;shutter_speed&quot;:&quot;0.04&quot;,&quot;title&quot;:&quot;&quot;}\" data-image-title=\"Carnaval-noche-2012-BLOG-17\" data-image-description=\"\" data-medium-file=\"http:\/\/desireemartinphoto.com\/blog\/wp-content\/uploads\/2012\/03\/Carnaval-noche-2012-BLOG-17-200x300.jpg\" data-large-file=\"http:\/\/desireemartinphoto.com\/blog\/wp-content\/uploads\/2012\/03\/Carnaval-noche-2012-BLOG-17.jpg\" loading=\"lazy\" class=\"alignnone size-full wp-image-1616\" src=\"http:\/\/desireemartinphoto.com\/blog\/wp-content\/uploads\/2012\/03\/Carnaval-noche-2012-BLOG-17.jpg\" alt=\"\" width=\"367\" height=\"550\" srcset=\"http:\/\/desireemartinphoto.com\/blog\/wp-content\/uploads\/2012\/03\/Carnaval-noche-2012-BLOG-17.jpg 367w, http:\/\/desireemartinphoto.com\/blog\/wp-content\/uploads\/2012\/03\/Carnaval-noche-2012-BLOG-17-200x300.jpg 200w\" sizes=\"(max-width: 367px) 100vw, 367px\" \/><\/p>\n<p><img data-attachment-id=\"1617\" data-permalink=\"http:\/\/desireemartinphoto.com\/blog\/noches-de-carnaval-cada-loco-con-su-tema\/carnaval-noche-2012-blog-18\/\" data-orig-file=\"http:\/\/desireemartinphoto.com\/blog\/wp-content\/uploads\/2012\/03\/Carnaval-noche-2012-BLOG-18.jpg\" data-orig-size=\"550,595\" data-comments-opened=\"1\" data-image-meta=\"{&quot;aperture&quot;:&quot;3.5&quot;,&quot;credit&quot;:&quot;&quot;,&quot;camera&quot;:&quot;Canon EOS 5D Mark II&quot;,&quot;caption&quot;:&quot;&quot;,&quot;created_timestamp&quot;:&quot;1330204907&quot;,&quot;copyright&quot;:&quot;&quot;,&quot;focal_length&quot;:&quot;16&quot;,&quot;iso&quot;:&quot;2500&quot;,&quot;shutter_speed&quot;:&quot;0.01&quot;,&quot;title&quot;:&quot;&quot;}\" data-image-title=\"Carnaval-noche-2012-BLOG-18\" data-image-description=\"\" data-medium-file=\"http:\/\/desireemartinphoto.com\/blog\/wp-content\/uploads\/2012\/03\/Carnaval-noche-2012-BLOG-18-277x300.jpg\" data-large-file=\"http:\/\/desireemartinphoto.com\/blog\/wp-content\/uploads\/2012\/03\/Carnaval-noche-2012-BLOG-18.jpg\" loading=\"lazy\" class=\"alignnone size-full wp-image-1617\" src=\"http:\/\/desireemartinphoto.com\/blog\/wp-content\/uploads\/2012\/03\/Carnaval-noche-2012-BLOG-18.jpg\" alt=\"\" width=\"550\" height=\"595\" srcset=\"http:\/\/desireemartinphoto.com\/blog\/wp-content\/uploads\/2012\/03\/Carnaval-noche-2012-BLOG-18.jpg 550w, http:\/\/desireemartinphoto.com\/blog\/wp-content\/uploads\/2012\/03\/Carnaval-noche-2012-BLOG-18-277x300.jpg 277w\" sizes=\"(max-width: 550px) 100vw, 550px\" \/><\/p>\n<p><img data-attachment-id=\"1619\" data-permalink=\"http:\/\/desireemartinphoto.com\/blog\/noches-de-carnaval-cada-loco-con-su-tema\/carnaval-noche-2012-blog-19\/\" data-orig-file=\"http:\/\/desireemartinphoto.com\/blog\/wp-content\/uploads\/2012\/03\/Carnaval-noche-2012-BLOG-19.jpg\" data-orig-size=\"469,550\" data-comments-opened=\"1\" data-image-meta=\"{&quot;aperture&quot;:&quot;5&quot;,&quot;credit&quot;:&quot;&quot;,&quot;camera&quot;:&quot;Canon EOS 5D Mark II&quot;,&quot;caption&quot;:&quot;&quot;,&quot;created_timestamp&quot;:&quot;1330207045&quot;,&quot;copyright&quot;:&quot;&quot;,&quot;focal_length&quot;:&quot;16&quot;,&quot;iso&quot;:&quot;2500&quot;,&quot;shutter_speed&quot;:&quot;0.025&quot;,&quot;title&quot;:&quot;&quot;}\" data-image-title=\"Carnaval-noche-2012-BLOG-19\" data-image-description=\"\" data-medium-file=\"http:\/\/desireemartinphoto.com\/blog\/wp-content\/uploads\/2012\/03\/Carnaval-noche-2012-BLOG-19-255x300.jpg\" data-large-file=\"http:\/\/desireemartinphoto.com\/blog\/wp-content\/uploads\/2012\/03\/Carnaval-noche-2012-BLOG-19.jpg\" loading=\"lazy\" class=\"alignnone size-full wp-image-1619\" src=\"http:\/\/desireemartinphoto.com\/blog\/wp-content\/uploads\/2012\/03\/Carnaval-noche-2012-BLOG-19.jpg\" alt=\"\" width=\"469\" height=\"550\" srcset=\"http:\/\/desireemartinphoto.com\/blog\/wp-content\/uploads\/2012\/03\/Carnaval-noche-2012-BLOG-19.jpg 469w, http:\/\/desireemartinphoto.com\/blog\/wp-content\/uploads\/2012\/03\/Carnaval-noche-2012-BLOG-19-255x300.jpg 255w\" sizes=\"(max-width: 469px) 100vw, 469px\" \/><\/p>\n<p><img data-attachment-id=\"1620\" data-permalink=\"http:\/\/desireemartinphoto.com\/blog\/noches-de-carnaval-cada-loco-con-su-tema\/carnaval-noche-2012-blog-20\/\" data-orig-file=\"http:\/\/desireemartinphoto.com\/blog\/wp-content\/uploads\/2012\/03\/Carnaval-noche-2012-BLOG-20.jpg\" data-orig-size=\"325,550\" data-comments-opened=\"1\" data-image-meta=\"{&quot;aperture&quot;:&quot;4&quot;,&quot;credit&quot;:&quot;&quot;,&quot;camera&quot;:&quot;Canon EOS 5D Mark II&quot;,&quot;caption&quot;:&quot;&quot;,&quot;created_timestamp&quot;:&quot;1330211067&quot;,&quot;copyright&quot;:&quot;&quot;,&quot;focal_length&quot;:&quot;16&quot;,&quot;iso&quot;:&quot;2500&quot;,&quot;shutter_speed&quot;:&quot;0.005&quot;,&quot;title&quot;:&quot;&quot;}\" data-image-title=\"Carnaval-noche-2012-BLOG-20\" data-image-description=\"\" data-medium-file=\"http:\/\/desireemartinphoto.com\/blog\/wp-content\/uploads\/2012\/03\/Carnaval-noche-2012-BLOG-20-177x300.jpg\" data-large-file=\"http:\/\/desireemartinphoto.com\/blog\/wp-content\/uploads\/2012\/03\/Carnaval-noche-2012-BLOG-20.jpg\" loading=\"lazy\" class=\"alignnone size-full wp-image-1620\" src=\"http:\/\/desireemartinphoto.com\/blog\/wp-content\/uploads\/2012\/03\/Carnaval-noche-2012-BLOG-20.jpg\" alt=\"\" width=\"325\" height=\"550\" srcset=\"http:\/\/desireemartinphoto.com\/blog\/wp-content\/uploads\/2012\/03\/Carnaval-noche-2012-BLOG-20.jpg 325w, http:\/\/desireemartinphoto.com\/blog\/wp-content\/uploads\/2012\/03\/Carnaval-noche-2012-BLOG-20-177x300.jpg 177w\" sizes=\"(max-width: 325px) 100vw, 325px\" \/><\/p>\n<p><img data-attachment-id=\"1623\" data-permalink=\"http:\/\/desireemartinphoto.com\/blog\/noches-de-carnaval-cada-loco-con-su-tema\/carnaval-noche-2012-blog-21-2\/\" data-orig-file=\"http:\/\/desireemartinphoto.com\/blog\/wp-content\/uploads\/2012\/03\/Carnaval-noche-2012-BLOG-211.jpg\" data-orig-size=\"550,381\" data-comments-opened=\"1\" data-image-meta=\"{&quot;aperture&quot;:&quot;4&quot;,&quot;credit&quot;:&quot;&quot;,&quot;camera&quot;:&quot;Canon EOS 5D Mark II&quot;,&quot;caption&quot;:&quot;&quot;,&quot;created_timestamp&quot;:&quot;1330203608&quot;,&quot;copyright&quot;:&quot;&quot;,&quot;focal_length&quot;:&quot;16&quot;,&quot;iso&quot;:&quot;2500&quot;,&quot;shutter_speed&quot;:&quot;0.008&quot;,&quot;title&quot;:&quot;&quot;}\" data-image-title=\"Carnaval-noche-2012-BLOG-211\" data-image-description=\"\" data-medium-file=\"http:\/\/desireemartinphoto.com\/blog\/wp-content\/uploads\/2012\/03\/Carnaval-noche-2012-BLOG-211-300x207.jpg\" data-large-file=\"http:\/\/desireemartinphoto.com\/blog\/wp-content\/uploads\/2012\/03\/Carnaval-noche-2012-BLOG-211.jpg\" loading=\"lazy\" class=\"alignnone size-full wp-image-1623\" src=\"http:\/\/desireemartinphoto.com\/blog\/wp-content\/uploads\/2012\/03\/Carnaval-noche-2012-BLOG-211.jpg\" alt=\"\" width=\"550\" height=\"381\" srcset=\"http:\/\/desireemartinphoto.com\/blog\/wp-content\/uploads\/2012\/03\/Carnaval-noche-2012-BLOG-211.jpg 550w, http:\/\/desireemartinphoto.com\/blog\/wp-content\/uploads\/2012\/03\/Carnaval-noche-2012-BLOG-211-300x207.jpg 300w\" sizes=\"(max-width: 550px) 100vw, 550px\" \/><\/p>\n<p><img data-attachment-id=\"1625\" data-permalink=\"http:\/\/desireemartinphoto.com\/blog\/noches-de-carnaval-cada-loco-con-su-tema\/carnaval-noche-2012-blog-22-2\/\" data-orig-file=\"http:\/\/desireemartinphoto.com\/blog\/wp-content\/uploads\/2012\/03\/Carnaval-noche-2012-BLOG-221.jpg\" data-orig-size=\"352,550\" data-comments-opened=\"1\" data-image-meta=\"{&quot;aperture&quot;:&quot;5&quot;,&quot;credit&quot;:&quot;&quot;,&quot;camera&quot;:&quot;Canon EOS 5D Mark II&quot;,&quot;caption&quot;:&quot;&quot;,&quot;created_timestamp&quot;:&quot;1330205887&quot;,&quot;copyright&quot;:&quot;&quot;,&quot;focal_length&quot;:&quot;70&quot;,&quot;iso&quot;:&quot;2500&quot;,&quot;shutter_speed&quot;:&quot;0.025&quot;,&quot;title&quot;:&quot;&quot;}\" data-image-title=\"Carnaval-noche-2012-BLOG-221\" data-image-description=\"\" data-medium-file=\"http:\/\/desireemartinphoto.com\/blog\/wp-content\/uploads\/2012\/03\/Carnaval-noche-2012-BLOG-221-192x300.jpg\" data-large-file=\"http:\/\/desireemartinphoto.com\/blog\/wp-content\/uploads\/2012\/03\/Carnaval-noche-2012-BLOG-221.jpg\" loading=\"lazy\" class=\"alignnone size-full wp-image-1625\" src=\"http:\/\/desireemartinphoto.com\/blog\/wp-content\/uploads\/2012\/03\/Carnaval-noche-2012-BLOG-221.jpg\" alt=\"\" width=\"352\" height=\"550\" srcset=\"http:\/\/desireemartinphoto.com\/blog\/wp-content\/uploads\/2012\/03\/Carnaval-noche-2012-BLOG-221.jpg 352w, http:\/\/desireemartinphoto.com\/blog\/wp-content\/uploads\/2012\/03\/Carnaval-noche-2012-BLOG-221-192x300.jpg 192w\" sizes=\"(max-width: 352px) 100vw, 352px\" \/><\/p>\n<p><img data-attachment-id=\"1621\" data-permalink=\"http:\/\/desireemartinphoto.com\/blog\/noches-de-carnaval-cada-loco-con-su-tema\/carnaval-noche-2012-blog-23\/\" data-orig-file=\"http:\/\/desireemartinphoto.com\/blog\/wp-content\/uploads\/2012\/03\/Carnaval-noche-2012-BLOG-23.jpg\" data-orig-size=\"504,550\" data-comments-opened=\"1\" data-image-meta=\"{&quot;aperture&quot;:&quot;5&quot;,&quot;credit&quot;:&quot;&quot;,&quot;camera&quot;:&quot;Canon EOS 5D Mark II&quot;,&quot;caption&quot;:&quot;&quot;,&quot;created_timestamp&quot;:&quot;1330205859&quot;,&quot;copyright&quot;:&quot;&quot;,&quot;focal_length&quot;:&quot;95&quot;,&quot;iso&quot;:&quot;2500&quot;,&quot;shutter_speed&quot;:&quot;0.016666666666667&quot;,&quot;title&quot;:&quot;&quot;}\" data-image-title=\"Carnaval-noche-2012-BLOG-23\" data-image-description=\"\" data-medium-file=\"http:\/\/desireemartinphoto.com\/blog\/wp-content\/uploads\/2012\/03\/Carnaval-noche-2012-BLOG-23-274x300.jpg\" data-large-file=\"http:\/\/desireemartinphoto.com\/blog\/wp-content\/uploads\/2012\/03\/Carnaval-noche-2012-BLOG-23.jpg\" loading=\"lazy\" class=\"alignnone size-full wp-image-1621\" src=\"http:\/\/desireemartinphoto.com\/blog\/wp-content\/uploads\/2012\/03\/Carnaval-noche-2012-BLOG-23.jpg\" alt=\"\" width=\"504\" height=\"550\" srcset=\"http:\/\/desireemartinphoto.com\/blog\/wp-content\/uploads\/2012\/03\/Carnaval-noche-2012-BLOG-23.jpg 504w, http:\/\/desireemartinphoto.com\/blog\/wp-content\/uploads\/2012\/03\/Carnaval-noche-2012-BLOG-23-274x300.jpg 274w\" sizes=\"(max-width: 504px) 100vw, 504px\" \/><\/p>\n<p><img data-attachment-id=\"1626\" data-permalink=\"http:\/\/desireemartinphoto.com\/blog\/noches-de-carnaval-cada-loco-con-su-tema\/carnaval-noche-2012-blog-24\/\" data-orig-file=\"http:\/\/desireemartinphoto.com\/blog\/wp-content\/uploads\/2012\/03\/Carnaval-noche-2012-BLOG-24.jpg\" data-orig-size=\"367,550\" data-comments-opened=\"1\" data-image-meta=\"{&quot;aperture&quot;:&quot;4&quot;,&quot;credit&quot;:&quot;&quot;,&quot;camera&quot;:&quot;Canon EOS 5D Mark II&quot;,&quot;caption&quot;:&quot;&quot;,&quot;created_timestamp&quot;:&quot;1330208136&quot;,&quot;copyright&quot;:&quot;&quot;,&quot;focal_length&quot;:&quot;70&quot;,&quot;iso&quot;:&quot;2500&quot;,&quot;shutter_speed&quot;:&quot;0.016666666666667&quot;,&quot;title&quot;:&quot;&quot;}\" data-image-title=\"Carnaval-noche-2012-BLOG-24\" data-image-description=\"\" data-medium-file=\"http:\/\/desireemartinphoto.com\/blog\/wp-content\/uploads\/2012\/03\/Carnaval-noche-2012-BLOG-24-200x300.jpg\" data-large-file=\"http:\/\/desireemartinphoto.com\/blog\/wp-content\/uploads\/2012\/03\/Carnaval-noche-2012-BLOG-24.jpg\" loading=\"lazy\" class=\"alignnone size-full wp-image-1626\" src=\"http:\/\/desireemartinphoto.com\/blog\/wp-content\/uploads\/2012\/03\/Carnaval-noche-2012-BLOG-24.jpg\" alt=\"\" width=\"367\" height=\"550\" srcset=\"http:\/\/desireemartinphoto.com\/blog\/wp-content\/uploads\/2012\/03\/Carnaval-noche-2012-BLOG-24.jpg 367w, http:\/\/desireemartinphoto.com\/blog\/wp-content\/uploads\/2012\/03\/Carnaval-noche-2012-BLOG-24-200x300.jpg 200w\" sizes=\"(max-width: 367px) 100vw, 367px\" \/><\/p>\n<p><img data-attachment-id=\"1627\" data-permalink=\"http:\/\/desireemartinphoto.com\/blog\/noches-de-carnaval-cada-loco-con-su-tema\/carnaval-noche-2012-blog-25\/\" data-orig-file=\"http:\/\/desireemartinphoto.com\/blog\/wp-content\/uploads\/2012\/03\/Carnaval-noche-2012-BLOG-25.jpg\" data-orig-size=\"550,281\" data-comments-opened=\"1\" data-image-meta=\"{&quot;aperture&quot;:&quot;5&quot;,&quot;credit&quot;:&quot;&quot;,&quot;camera&quot;:&quot;Canon EOS 5D Mark II&quot;,&quot;caption&quot;:&quot;&quot;,&quot;created_timestamp&quot;:&quot;1330211488&quot;,&quot;copyright&quot;:&quot;&quot;,&quot;focal_length&quot;:&quot;16&quot;,&quot;iso&quot;:&quot;2500&quot;,&quot;shutter_speed&quot;:&quot;0.025&quot;,&quot;title&quot;:&quot;&quot;}\" data-image-title=\"Carnaval-noche-2012-BLOG-25\" data-image-description=\"\" data-medium-file=\"http:\/\/desireemartinphoto.com\/blog\/wp-content\/uploads\/2012\/03\/Carnaval-noche-2012-BLOG-25-300x153.jpg\" data-large-file=\"http:\/\/desireemartinphoto.com\/blog\/wp-content\/uploads\/2012\/03\/Carnaval-noche-2012-BLOG-25.jpg\" loading=\"lazy\" class=\"alignnone size-full wp-image-1627\" src=\"http:\/\/desireemartinphoto.com\/blog\/wp-content\/uploads\/2012\/03\/Carnaval-noche-2012-BLOG-25.jpg\" alt=\"\" width=\"550\" height=\"281\" srcset=\"http:\/\/desireemartinphoto.com\/blog\/wp-content\/uploads\/2012\/03\/Carnaval-noche-2012-BLOG-25.jpg 550w, http:\/\/desireemartinphoto.com\/blog\/wp-content\/uploads\/2012\/03\/Carnaval-noche-2012-BLOG-25-300x153.jpg 300w\" sizes=\"(max-width: 550px) 100vw, 550px\" \/><\/p>\n<p><img data-attachment-id=\"1628\" data-permalink=\"http:\/\/desireemartinphoto.com\/blog\/noches-de-carnaval-cada-loco-con-su-tema\/carnaval-noche-2012-blog-26\/\" data-orig-file=\"http:\/\/desireemartinphoto.com\/blog\/wp-content\/uploads\/2012\/03\/Carnaval-noche-2012-BLOG-26.jpg\" data-orig-size=\"550,333\" data-comments-opened=\"1\" data-image-meta=\"{&quot;aperture&quot;:&quot;5&quot;,&quot;credit&quot;:&quot;&quot;,&quot;camera&quot;:&quot;Canon EOS 5D Mark II&quot;,&quot;caption&quot;:&quot;&quot;,&quot;created_timestamp&quot;:&quot;1330205829&quot;,&quot;copyright&quot;:&quot;&quot;,&quot;focal_length&quot;:&quot;80&quot;,&quot;iso&quot;:&quot;2500&quot;,&quot;shutter_speed&quot;:&quot;0.00625&quot;,&quot;title&quot;:&quot;&quot;}\" data-image-title=\"Carnaval-noche-2012-BLOG-26\" data-image-description=\"\" data-medium-file=\"http:\/\/desireemartinphoto.com\/blog\/wp-content\/uploads\/2012\/03\/Carnaval-noche-2012-BLOG-26-300x181.jpg\" data-large-file=\"http:\/\/desireemartinphoto.com\/blog\/wp-content\/uploads\/2012\/03\/Carnaval-noche-2012-BLOG-26.jpg\" loading=\"lazy\" class=\"alignnone size-full wp-image-1628\" src=\"http:\/\/desireemartinphoto.com\/blog\/wp-content\/uploads\/2012\/03\/Carnaval-noche-2012-BLOG-26.jpg\" alt=\"\" width=\"550\" height=\"333\" srcset=\"http:\/\/desireemartinphoto.com\/blog\/wp-content\/uploads\/2012\/03\/Carnaval-noche-2012-BLOG-26.jpg 550w, http:\/\/desireemartinphoto.com\/blog\/wp-content\/uploads\/2012\/03\/Carnaval-noche-2012-BLOG-26-300x181.jpg 300w\" sizes=\"(max-width: 550px) 100vw, 550px\" \/><\/p>\n<p><img data-attachment-id=\"1629\" data-permalink=\"http:\/\/desireemartinphoto.com\/blog\/noches-de-carnaval-cada-loco-con-su-tema\/carnaval-noche-2012-blog-27\/\" data-orig-file=\"http:\/\/desireemartinphoto.com\/blog\/wp-content\/uploads\/2012\/03\/Carnaval-noche-2012-BLOG-27.jpg\" data-orig-size=\"550,452\" data-comments-opened=\"1\" data-image-meta=\"{&quot;aperture&quot;:&quot;5&quot;,&quot;credit&quot;:&quot;&quot;,&quot;camera&quot;:&quot;Canon EOS 5D Mark II&quot;,&quot;caption&quot;:&quot;&quot;,&quot;created_timestamp&quot;:&quot;1330206397&quot;,&quot;copyright&quot;:&quot;&quot;,&quot;focal_length&quot;:&quot;70&quot;,&quot;iso&quot;:&quot;2500&quot;,&quot;shutter_speed&quot;:&quot;0.02&quot;,&quot;title&quot;:&quot;&quot;}\" data-image-title=\"Carnaval-noche-2012-BLOG-27\" data-image-description=\"\" data-medium-file=\"http:\/\/desireemartinphoto.com\/blog\/wp-content\/uploads\/2012\/03\/Carnaval-noche-2012-BLOG-27-300x246.jpg\" data-large-file=\"http:\/\/desireemartinphoto.com\/blog\/wp-content\/uploads\/2012\/03\/Carnaval-noche-2012-BLOG-27.jpg\" loading=\"lazy\" class=\"alignnone size-full wp-image-1629\" src=\"http:\/\/desireemartinphoto.com\/blog\/wp-content\/uploads\/2012\/03\/Carnaval-noche-2012-BLOG-27.jpg\" alt=\"\" width=\"550\" height=\"452\" srcset=\"http:\/\/desireemartinphoto.com\/blog\/wp-content\/uploads\/2012\/03\/Carnaval-noche-2012-BLOG-27.jpg 550w, http:\/\/desireemartinphoto.com\/blog\/wp-content\/uploads\/2012\/03\/Carnaval-noche-2012-BLOG-27-300x246.jpg 300w\" sizes=\"(max-width: 550px) 100vw, 550px\" \/><\/p>\n<p><img data-attachment-id=\"1630\" data-permalink=\"http:\/\/desireemartinphoto.com\/blog\/noches-de-carnaval-cada-loco-con-su-tema\/carnaval-noche-2012-blog-28\/\" data-orig-file=\"http:\/\/desireemartinphoto.com\/blog\/wp-content\/uploads\/2012\/03\/Carnaval-noche-2012-BLOG-28.jpg\" data-orig-size=\"550,367\" data-comments-opened=\"1\" data-image-meta=\"{&quot;aperture&quot;:&quot;4&quot;,&quot;credit&quot;:&quot;&quot;,&quot;camera&quot;:&quot;Canon EOS 5D Mark II&quot;,&quot;caption&quot;:&quot;&quot;,&quot;created_timestamp&quot;:&quot;1330211334&quot;,&quot;copyright&quot;:&quot;&quot;,&quot;focal_length&quot;:&quot;16&quot;,&quot;iso&quot;:&quot;2500&quot;,&quot;shutter_speed&quot;:&quot;0.005&quot;,&quot;title&quot;:&quot;&quot;}\" data-image-title=\"Carnaval-noche-2012-BLOG-28\" data-image-description=\"\" data-medium-file=\"http:\/\/desireemartinphoto.com\/blog\/wp-content\/uploads\/2012\/03\/Carnaval-noche-2012-BLOG-28-300x200.jpg\" data-large-file=\"http:\/\/desireemartinphoto.com\/blog\/wp-content\/uploads\/2012\/03\/Carnaval-noche-2012-BLOG-28.jpg\" loading=\"lazy\" class=\"alignnone size-full wp-image-1630\" src=\"http:\/\/desireemartinphoto.com\/blog\/wp-content\/uploads\/2012\/03\/Carnaval-noche-2012-BLOG-28.jpg\" alt=\"\" width=\"550\" height=\"367\" srcset=\"http:\/\/desireemartinphoto.com\/blog\/wp-content\/uploads\/2012\/03\/Carnaval-noche-2012-BLOG-28.jpg 550w, http:\/\/desireemartinphoto.com\/blog\/wp-content\/uploads\/2012\/03\/Carnaval-noche-2012-BLOG-28-300x200.jpg 300w\" sizes=\"(max-width: 550px) 100vw, 550px\" \/><\/p>\n<p><img data-attachment-id=\"1631\" data-permalink=\"http:\/\/desireemartinphoto.com\/blog\/noches-de-carnaval-cada-loco-con-su-tema\/carnaval-noche-2012-blog-29\/\" data-orig-file=\"http:\/\/desireemartinphoto.com\/blog\/wp-content\/uploads\/2012\/03\/Carnaval-noche-2012-BLOG-29.jpg\" data-orig-size=\"414,550\" data-comments-opened=\"1\" data-image-meta=\"{&quot;aperture&quot;:&quot;4&quot;,&quot;credit&quot;:&quot;&quot;,&quot;camera&quot;:&quot;Canon EOS 5D Mark II&quot;,&quot;caption&quot;:&quot;&quot;,&quot;created_timestamp&quot;:&quot;1330210530&quot;,&quot;copyright&quot;:&quot;&quot;,&quot;focal_length&quot;:&quot;35&quot;,&quot;iso&quot;:&quot;2500&quot;,&quot;shutter_speed&quot;:&quot;0.05&quot;,&quot;title&quot;:&quot;&quot;}\" data-image-title=\"Carnaval-noche-2012-BLOG-29\" data-image-description=\"\" data-medium-file=\"http:\/\/desireemartinphoto.com\/blog\/wp-content\/uploads\/2012\/03\/Carnaval-noche-2012-BLOG-29-225x300.jpg\" data-large-file=\"http:\/\/desireemartinphoto.com\/blog\/wp-content\/uploads\/2012\/03\/Carnaval-noche-2012-BLOG-29.jpg\" loading=\"lazy\" class=\"alignnone size-full wp-image-1631\" src=\"http:\/\/desireemartinphoto.com\/blog\/wp-content\/uploads\/2012\/03\/Carnaval-noche-2012-BLOG-29.jpg\" alt=\"\" width=\"414\" height=\"550\" srcset=\"http:\/\/desireemartinphoto.com\/blog\/wp-content\/uploads\/2012\/03\/Carnaval-noche-2012-BLOG-29.jpg 414w, http:\/\/desireemartinphoto.com\/blog\/wp-content\/uploads\/2012\/03\/Carnaval-noche-2012-BLOG-29-225x300.jpg 225w\" sizes=\"(max-width: 414px) 100vw, 414px\" \/><\/p>\n<p><img data-attachment-id=\"1633\" data-permalink=\"http:\/\/desireemartinphoto.com\/blog\/noches-de-carnaval-cada-loco-con-su-tema\/spain-festival-carnival-santa-cruz-10\/\" data-orig-file=\"http:\/\/desireemartinphoto.com\/blog\/wp-content\/uploads\/2012\/03\/Carnaval-noche-2012-BLOG-301.jpg\" data-orig-size=\"367,550\" data-comments-opened=\"1\" data-image-meta=\"{&quot;aperture&quot;:&quot;5.6&quot;,&quot;credit&quot;:&quot;DESIREE MARTIN&quot;,&quot;camera&quot;:&quot;Canon EOS 5D Mark II&quot;,&quot;caption&quot;:&quot;SPAIN, Santa Cruz de Tenerife : Thousands of people participate in the street carnival in Santa Cruz de Tenerife, on the Spanish Canary island of  Tenerife on February 25, 2012. \\nAFP PHOTO Desiree Martin&quot;,&quot;created_timestamp&quot;:&quot;1330213291&quot;,&quot;copyright&quot;:&quot;ImageForum&quot;,&quot;focal_length&quot;:&quot;145&quot;,&quot;iso&quot;:&quot;2500&quot;,&quot;shutter_speed&quot;:&quot;0.025&quot;,&quot;title&quot;:&quot;SPAIN-FESTIVAL-CARNIVAL-SANTA CRUZ&quot;}\" data-image-title=\"Carnaval-noche-2012-BLOG-301\" data-image-description=\"\" data-medium-file=\"http:\/\/desireemartinphoto.com\/blog\/wp-content\/uploads\/2012\/03\/Carnaval-noche-2012-BLOG-301-200x300.jpg\" data-large-file=\"http:\/\/desireemartinphoto.com\/blog\/wp-content\/uploads\/2012\/03\/Carnaval-noche-2012-BLOG-301.jpg\" loading=\"lazy\" class=\"alignnone size-full wp-image-1633\" src=\"http:\/\/desireemartinphoto.com\/blog\/wp-content\/uploads\/2012\/03\/Carnaval-noche-2012-BLOG-301.jpg\" alt=\"\" width=\"367\" height=\"550\" srcset=\"http:\/\/desireemartinphoto.com\/blog\/wp-content\/uploads\/2012\/03\/Carnaval-noche-2012-BLOG-301.jpg 367w, http:\/\/desireemartinphoto.com\/blog\/wp-content\/uploads\/2012\/03\/Carnaval-noche-2012-BLOG-301-200x300.jpg 200w\" sizes=\"(max-width: 367px) 100vw, 367px\" \/><\/p>\n<p>&nbsp;<\/p>\n<p>&nbsp;<\/p>\n<p>&nbsp;<\/p>\n<p>&nbsp;<\/p>\n<p>&nbsp;<\/p>\n<p>&nbsp;<\/p>\n<p>&nbsp;<\/p>\n<p>&nbsp;<\/p>\n<p>&nbsp;<\/p>\n<div class=\"sharedaddy sd-sharing-enabled\"><div class=\"robots-nocontent sd-block sd-social sd-social-icon-text sd-sharing\"><h3 class=\"sd-title\">COMPARTE ESTO:<\/h3><div class=\"sd-content\"><ul><li class=\"share-facebook\"><a rel=\"nofollow noopener noreferrer\" data-shared=\"sharing-facebook-1599\" class=\"share-facebook sd-button share-icon\" href=\"http:\/\/desireemartinphoto.com\/blog\/noches-de-carnaval-cada-loco-con-su-tema\/?share=facebook\" target=\"_blank\" title=\"Haz clic para compartir en Facebook\"><span>Facebook<\/span><\/a><\/li><li class=\"share-twitter\"><a rel=\"nofollow noopener noreferrer\" data-shared=\"sharing-twitter-1599\" class=\"share-twitter sd-button share-icon\" href=\"http:\/\/desireemartinphoto.com\/blog\/noches-de-carnaval-cada-loco-con-su-tema\/?share=twitter\" target=\"_blank\" title=\"Haz clic para compartir en Twitter\"><span>Twitter<\/span><\/a><\/li><li class=\"share-email\"><a rel=\"nofollow noopener noreferrer\" data-shared=\"\" class=\"share-email sd-button share-icon\" href=\"http:\/\/desireemartinphoto.com\/blog\/noches-de-carnaval-cada-loco-con-su-tema\/?share=email\" target=\"_blank\" title=\"Haz clic para enviar por correo electr\u00f3nico a un amigo\"><span>Correo electr\u00f3nico<\/span><\/a><\/li><li class=\"share-linkedin\"><a rel=\"nofollow noopener noreferrer\" data-shared=\"sharing-linkedin-1599\" class=\"share-linkedin sd-button share-icon\" href=\"http:\/\/desireemartinphoto.com\/blog\/noches-de-carnaval-cada-loco-con-su-tema\/?share=linkedin\" target=\"_blank\" title=\"Haz clic para compartir en LinkedIn\"><span>LinkedIn<\/span><\/a><\/li><li class=\"share-tumblr\"><a rel=\"nofollow noopener noreferrer\" data-shared=\"\" class=\"share-tumblr sd-button share-icon\" href=\"http:\/\/desireemartinphoto.com\/blog\/noches-de-carnaval-cada-loco-con-su-tema\/?share=tumblr\" target=\"_blank\" title=\"Haz clic para compartir en Tumblr\"><span>Tumblr<\/span><\/a><\/li><li class=\"share-end\"><\/li><\/ul><\/div><\/div><\/div>","protected":false},"excerpt":{"rendered":"<p>&nbsp; Este es el primer a\u00f1o que salgo a las calles de Santa Cruz con la c\u00e1mara en mano y con la intenci\u00f3n de hacer un reportaje. \u00faltimo s\u00e1bado de Carnaval, Pi\u00f1ata Chica. No lo hab\u00eda intentado nunca, por falta de tiempo y por cierto miedo por el equipo&#8230; alcohol y un material tan caro [&#038;hellip<\/p>\n<div class=\"sharedaddy sd-sharing-enabled\"><div class=\"robots-nocontent sd-block sd-social sd-social-icon-text sd-sharing\"><h3 class=\"sd-title\">COMPARTE ESTO:<\/h3><div class=\"sd-content\"><ul><li class=\"share-facebook\"><a rel=\"nofollow noopener noreferrer\" data-shared=\"sharing-facebook-1599\" class=\"share-facebook sd-button share-icon\" href=\"http:\/\/desireemartinphoto.com\/blog\/noches-de-carnaval-cada-loco-con-su-tema\/?share=facebook\" target=\"_blank\" title=\"Haz clic para compartir en Facebook\"><span>Facebook<\/span><\/a><\/li><li class=\"share-twitter\"><a rel=\"nofollow noopener noreferrer\" data-shared=\"sharing-twitter-1599\" class=\"share-twitter sd-button share-icon\" href=\"http:\/\/desireemartinphoto.com\/blog\/noches-de-carnaval-cada-loco-con-su-tema\/?share=twitter\" target=\"_blank\" title=\"Haz clic para compartir en Twitter\"><span>Twitter<\/span><\/a><\/li><li class=\"share-email\"><a rel=\"nofollow noopener noreferrer\" data-shared=\"\" class=\"share-email sd-button share-icon\" href=\"http:\/\/desireemartinphoto.com\/blog\/noches-de-carnaval-cada-loco-con-su-tema\/?share=email\" target=\"_blank\" title=\"Haz clic para enviar por correo electr\u00f3nico a un amigo\"><span>Correo electr\u00f3nico<\/span><\/a><\/li><li class=\"share-linkedin\"><a rel=\"nofollow noopener noreferrer\" data-shared=\"sharing-linkedin-1599\" class=\"share-linkedin sd-button share-icon\" href=\"http:\/\/desireemartinphoto.com\/blog\/noches-de-carnaval-cada-loco-con-su-tema\/?share=linkedin\" target=\"_blank\" title=\"Haz clic para compartir en LinkedIn\"><span>LinkedIn<\/span><\/a><\/li><li class=\"share-tumblr\"><a rel=\"nofollow noopener noreferrer\" data-shared=\"\" class=\"share-tumblr sd-button share-icon\" href=\"http:\/\/desireemartinphoto.com\/blog\/noches-de-carnaval-cada-loco-con-su-tema\/?share=tumblr\" target=\"_blank\" title=\"Haz clic para compartir en Tumblr\"><span>Tumblr<\/span><\/a><\/li><li class=\"share-end\"><\/li><\/ul><\/div><\/div><\/div>","protected":false},"author":1,"featured_media":0,"comment_status":"open","ping_status":"open","sticky":false,"template":"","format":"standard","meta":{"spay_email":""},"categories":[1],"tags":[87,301,302,303,56],"jetpack_featured_media_url":"","jetpack_sharing_enabled":true,"_links":{"self":[{"href":"http:\/\/desireemartinphoto.com\/blog\/wp-json\/wp\/v2\/posts\/1599"}],"collection":[{"href":"http:\/\/desireemartinphoto.com\/blog\/wp-json\/wp\/v2\/posts"}],"about":[{"href":"http:\/\/desireemartinphoto.com\/blog\/wp-json\/wp\/v2\/types\/post"}],"author":[{"embeddable":true,"href":"http:\/\/desireemartinphoto.com\/blog\/wp-json\/wp\/v2\/users\/1"}],"replies":[{"embeddable":true,"href":"http:\/\/desireemartinphoto.com\/blog\/wp-json\/wp\/v2\/comments?post=1599"}],"version-history":[{"count":4,"href":"http:\/\/desireemartinphoto.com\/blog\/wp-json\/wp\/v2\/posts\/1599\/revisions"}],"predecessor-version":[{"id":1635,"href":"http:\/\/desireemartinphoto.com\/blog\/wp-json\/wp\/v2\/posts\/1599\/revisions\/1635"}],"wp:attachment":[{"href":"http:\/\/desireemartinphoto.com\/blog\/wp-json\/wp\/v2\/media?parent=1599"}],"wp:term":[{"taxonomy":"category","embeddable":true,"href":"http:\/\/desireemartinphoto.com\/blog\/wp-json\/wp\/v2\/categories?post=1599"},{"taxonomy":"post_tag","embeddable":true,"href":"http:\/\/desireemartinphoto.com\/blog\/wp-json\/wp\/v2\/tags?post=1599"}],"curies":[{"name":"wp","href":"https:\/\/api.w.org\/{rel}","templated":true}]}}