{"id":1576,"date":"2012-03-05T20:04:17","date_gmt":"2012-03-05T20:04:17","guid":{"rendered":"http:\/\/desireemartinphoto.com\/blog\/?p=1576"},"modified":"2012-03-05T20:04:17","modified_gmt":"2012-03-05T20:04:17","slug":"de-indianos-va-la-cosa","status":"publish","type":"post","link":"http:\/\/desireemartinphoto.com\/blog\/de-indianos-va-la-cosa\/","title":{"rendered":"De Indianos va la cosa&#8230;"},"content":{"rendered":"<p><img data-attachment-id=\"1577\" data-permalink=\"http:\/\/desireemartinphoto.com\/blog\/de-indianos-va-la-cosa\/indianos-2012-blog-01\/\" data-orig-file=\"http:\/\/desireemartinphoto.com\/blog\/wp-content\/uploads\/2012\/03\/Indianos-2012-BLOG-01.jpg\" data-orig-size=\"550,252\" data-comments-opened=\"1\" data-image-meta=\"{&quot;aperture&quot;:&quot;5&quot;,&quot;credit&quot;:&quot;&quot;,&quot;camera&quot;:&quot;Canon EOS 5D Mark II&quot;,&quot;caption&quot;:&quot;&quot;,&quot;created_timestamp&quot;:&quot;1329758686&quot;,&quot;copyright&quot;:&quot;&quot;,&quot;focal_length&quot;:&quot;16&quot;,&quot;iso&quot;:&quot;250&quot;,&quot;shutter_speed&quot;:&quot;0.002&quot;,&quot;title&quot;:&quot;&quot;}\" data-image-title=\"Indianos-2012-BLOG-01\" data-image-description=\"\" data-medium-file=\"http:\/\/desireemartinphoto.com\/blog\/wp-content\/uploads\/2012\/03\/Indianos-2012-BLOG-01-300x137.jpg\" data-large-file=\"http:\/\/desireemartinphoto.com\/blog\/wp-content\/uploads\/2012\/03\/Indianos-2012-BLOG-01.jpg\" loading=\"lazy\" class=\"alignnone size-full wp-image-1577\" src=\"http:\/\/desireemartinphoto.com\/blog\/wp-content\/uploads\/2012\/03\/Indianos-2012-BLOG-01.jpg\" alt=\"\" width=\"550\" height=\"252\" srcset=\"http:\/\/desireemartinphoto.com\/blog\/wp-content\/uploads\/2012\/03\/Indianos-2012-BLOG-01.jpg 550w, http:\/\/desireemartinphoto.com\/blog\/wp-content\/uploads\/2012\/03\/Indianos-2012-BLOG-01-300x137.jpg 300w\" sizes=\"(max-width: 550px) 100vw, 550px\" \/><\/p>\n<div>\n<p>Por Indiano conocemos al emigrante que sali\u00f3 en busca de mejor  vida en las Am\u00e9ricas y que retorna de nuevo a su tierra de origen  despu\u00e9s de haber conseguido riqueza y prosperidad. Estos flujos  migratorios se vivieron sobre todo en el siglo XIX y Cuba fue uno de los  principales destinos a los que part\u00edan los emigrantes.<\/p>\n<p>Cuando estos volv\u00edan con sus sue\u00f1os de fortuna cumplidos se les  recib\u00eda con festejos a su llegada al puerto. Esto es por tanto la  semilla, el germen de lo que es hoy en d\u00eda la fiesta de Los Indianos.<\/p>\n<p>Existen documentos del siglo XVII que ya hablaban de &#8220;empolvarse&#8221; el  Lunes de Carnaval. Esta costumbre a su vez se piensa que tiene sus  ra\u00edces en los rituales \u00f1\u00e1\u00f1igos cubanos de blanquearse la piel.<\/p>\n<p>Otras versiones apuntan a que a la llegada de los barcos a puerto,  los pasajeros eran empolvados con el fin de evitar la  posible  propagaci\u00f3n de enfermedades tropicales que pudieran traer consigo.<\/p>\n<p>A comienzos del siglo XX esta tradici\u00f3n fue reprimida por las  autoridades, puesto que seg\u00fan ordenanzas de la \u00e9poca &#8220;alteraban en  demas\u00eda el orden publico&#8221;. A partir de la segunda mitad del siglo  comenz\u00f3 a recuperarse con fuerza esta tradici\u00f3n.<\/p>\n<p>En los a\u00f1os sesenta del siglo XX, un grupo de amigos, entre ellos  Alfredo P\u00e9rez D\u00edaz, Pedro Vidal, Efr\u00e9n y Juanita de La Cruz, los  hermanos Yolanda, Gonzalo y Manuel Cabrera Santos y Estela S\u00e1nchez  Cabrera, esposa de este \u00faltimo, todos ellos grandes enamorados del  carnaval y la parranda, decidieron parodiar al indiano que vuelve de  hacer Las Am\u00e9ricas. El Ayuntamiento de Santa Cruz de La Palma les  agradeci\u00f3 en 2003 su aportaci\u00f3n con un homenaje.<\/p>\n<p>Hay que tener en cuenta que la tradici\u00f3n de empolvarse o  &#8220;enjarinarse&#8221; ha estado presente en el carnaval palmero desde tiempos  inmemoriales y tal y como nos apunta la historiadora Mar\u00eda Victoria Hern\u00e1ndez no estaba relacionado con la parodia del desembarque de Los Indianos.  De hecho la costumbre de empolvarse en Carnavales no s\u00f3lo se realizaba  un d\u00eda en espec\u00edfico sino que era un elemento com\u00fan durante toda la  duraci\u00f3n de la fiesta y se realizaba tambi\u00e9n en otros pueblos de la  isla.<\/p>\n<p>Es en los a\u00f1os 80 cuando ambos componentes, los polvos de talco y la  parodia del indiano, se unieron de forma espont\u00e1nea y genuina dando  lugar a la fiesta tal y como se celebra hoy. Es curioso como seg\u00fan las  cr\u00f3nicas en el a\u00f1o 1981 los participantes del pasacalles de Los Indianos  no superaron la centena. Qui\u00e9n les iba a decir que treinta a\u00f1os despu\u00e9s  miles de personas abarrotar\u00edan las calles de la capital palmera.<\/p>\n<\/div>\n<p><img data-attachment-id=\"1578\" data-permalink=\"http:\/\/desireemartinphoto.com\/blog\/de-indianos-va-la-cosa\/indianos-2012-blog-02\/\" data-orig-file=\"http:\/\/desireemartinphoto.com\/blog\/wp-content\/uploads\/2012\/03\/Indianos-2012-BLOG-02.jpg\" data-orig-size=\"550,391\" data-comments-opened=\"1\" data-image-meta=\"{&quot;aperture&quot;:&quot;5.6&quot;,&quot;credit&quot;:&quot;&quot;,&quot;camera&quot;:&quot;Canon EOS-1D Mark II&quot;,&quot;caption&quot;:&quot;&quot;,&quot;created_timestamp&quot;:&quot;1329743910&quot;,&quot;copyright&quot;:&quot;&quot;,&quot;focal_length&quot;:&quot;70&quot;,&quot;iso&quot;:&quot;200&quot;,&quot;shutter_speed&quot;:&quot;0.0004&quot;,&quot;title&quot;:&quot;&quot;}\" data-image-title=\"Indianos-2012-BLOG-02\" data-image-description=\"\" data-medium-file=\"http:\/\/desireemartinphoto.com\/blog\/wp-content\/uploads\/2012\/03\/Indianos-2012-BLOG-02-300x213.jpg\" data-large-file=\"http:\/\/desireemartinphoto.com\/blog\/wp-content\/uploads\/2012\/03\/Indianos-2012-BLOG-02.jpg\" loading=\"lazy\" class=\"alignnone size-full wp-image-1578\" src=\"http:\/\/desireemartinphoto.com\/blog\/wp-content\/uploads\/2012\/03\/Indianos-2012-BLOG-02.jpg\" alt=\"\" width=\"550\" height=\"391\" srcset=\"http:\/\/desireemartinphoto.com\/blog\/wp-content\/uploads\/2012\/03\/Indianos-2012-BLOG-02.jpg 550w, http:\/\/desireemartinphoto.com\/blog\/wp-content\/uploads\/2012\/03\/Indianos-2012-BLOG-02-300x213.jpg 300w\" sizes=\"(max-width: 550px) 100vw, 550px\" \/><\/p>\n<p><img data-attachment-id=\"1579\" data-permalink=\"http:\/\/desireemartinphoto.com\/blog\/de-indianos-va-la-cosa\/indianos-2012-blog-03\/\" data-orig-file=\"http:\/\/desireemartinphoto.com\/blog\/wp-content\/uploads\/2012\/03\/Indianos-2012-BLOG-03.jpg\" data-orig-size=\"550,367\" data-comments-opened=\"1\" data-image-meta=\"{&quot;aperture&quot;:&quot;5&quot;,&quot;credit&quot;:&quot;D&quot;,&quot;camera&quot;:&quot;Canon EOS 5D Mark II&quot;,&quot;caption&quot;:&quot;SPAIN, Santa Cruz de La Palma : People participate in the street carnival \\&quot;Los Indianos\\&quot; (the Indians) in Santa Cruz de la Palma, on the Spanish Canary island of La Palma on February 20, 2012. \\nAFP PHOTO Desiree Martin&quot;,&quot;created_timestamp&quot;:&quot;1329737522&quot;,&quot;copyright&quot;:&quot;&quot;,&quot;focal_length&quot;:&quot;16&quot;,&quot;iso&quot;:&quot;250&quot;,&quot;shutter_speed&quot;:&quot;0.0003125&quot;,&quot;title&quot;:&quot;&quot;}\" data-image-title=\"Indianos-2012-BLOG-03\" data-image-description=\"\" data-medium-file=\"http:\/\/desireemartinphoto.com\/blog\/wp-content\/uploads\/2012\/03\/Indianos-2012-BLOG-03-300x200.jpg\" data-large-file=\"http:\/\/desireemartinphoto.com\/blog\/wp-content\/uploads\/2012\/03\/Indianos-2012-BLOG-03.jpg\" loading=\"lazy\" class=\"alignnone size-full wp-image-1579\" src=\"http:\/\/desireemartinphoto.com\/blog\/wp-content\/uploads\/2012\/03\/Indianos-2012-BLOG-03.jpg\" alt=\"\" width=\"550\" height=\"367\" srcset=\"http:\/\/desireemartinphoto.com\/blog\/wp-content\/uploads\/2012\/03\/Indianos-2012-BLOG-03.jpg 550w, http:\/\/desireemartinphoto.com\/blog\/wp-content\/uploads\/2012\/03\/Indianos-2012-BLOG-03-300x200.jpg 300w\" sizes=\"(max-width: 550px) 100vw, 550px\" \/><\/p>\n<p><img data-attachment-id=\"1580\" data-permalink=\"http:\/\/desireemartinphoto.com\/blog\/de-indianos-va-la-cosa\/indianos-2012-blog-04\/\" data-orig-file=\"http:\/\/desireemartinphoto.com\/blog\/wp-content\/uploads\/2012\/03\/Indianos-2012-BLOG-04.jpg\" data-orig-size=\"550,526\" data-comments-opened=\"1\" data-image-meta=\"{&quot;aperture&quot;:&quot;5&quot;,&quot;credit&quot;:&quot;&quot;,&quot;camera&quot;:&quot;Canon EOS 5D Mark II&quot;,&quot;caption&quot;:&quot;&quot;,&quot;created_timestamp&quot;:&quot;1329738452&quot;,&quot;copyright&quot;:&quot;&quot;,&quot;focal_length&quot;:&quot;16&quot;,&quot;iso&quot;:&quot;250&quot;,&quot;shutter_speed&quot;:&quot;0.0004&quot;,&quot;title&quot;:&quot;&quot;}\" data-image-title=\"Indianos-2012-BLOG-04\" data-image-description=\"\" data-medium-file=\"http:\/\/desireemartinphoto.com\/blog\/wp-content\/uploads\/2012\/03\/Indianos-2012-BLOG-04-300x286.jpg\" data-large-file=\"http:\/\/desireemartinphoto.com\/blog\/wp-content\/uploads\/2012\/03\/Indianos-2012-BLOG-04.jpg\" loading=\"lazy\" class=\"alignnone size-full wp-image-1580\" src=\"http:\/\/desireemartinphoto.com\/blog\/wp-content\/uploads\/2012\/03\/Indianos-2012-BLOG-04.jpg\" alt=\"\" width=\"550\" height=\"526\" srcset=\"http:\/\/desireemartinphoto.com\/blog\/wp-content\/uploads\/2012\/03\/Indianos-2012-BLOG-04.jpg 550w, http:\/\/desireemartinphoto.com\/blog\/wp-content\/uploads\/2012\/03\/Indianos-2012-BLOG-04-300x286.jpg 300w\" sizes=\"(max-width: 550px) 100vw, 550px\" \/><\/p>\n<p><img data-attachment-id=\"1581\" data-permalink=\"http:\/\/desireemartinphoto.com\/blog\/de-indianos-va-la-cosa\/indianos-2012-blog-05\/\" data-orig-file=\"http:\/\/desireemartinphoto.com\/blog\/wp-content\/uploads\/2012\/03\/Indianos-2012-BLOG-05.jpg\" data-orig-size=\"550,435\" data-comments-opened=\"1\" data-image-meta=\"{&quot;aperture&quot;:&quot;5&quot;,&quot;credit&quot;:&quot;D&quot;,&quot;camera&quot;:&quot;Canon EOS 5D Mark II&quot;,&quot;caption&quot;:&quot;SPAIN, Santa Cruz de La Palma : People participate in the street carnival \\&quot;Los Indianos\\&quot; (the Indians) in Santa Cruz de la Palma, on the Spanish Canary island of La Palma on February 20, 2012. \\nAFP PHOTO Desiree Martin&quot;,&quot;created_timestamp&quot;:&quot;1329740807&quot;,&quot;copyright&quot;:&quot;&quot;,&quot;focal_length&quot;:&quot;16&quot;,&quot;iso&quot;:&quot;250&quot;,&quot;shutter_speed&quot;:&quot;0.0004&quot;,&quot;title&quot;:&quot;&quot;}\" data-image-title=\"Indianos-2012-BLOG-05\" data-image-description=\"\" data-medium-file=\"http:\/\/desireemartinphoto.com\/blog\/wp-content\/uploads\/2012\/03\/Indianos-2012-BLOG-05-300x237.jpg\" data-large-file=\"http:\/\/desireemartinphoto.com\/blog\/wp-content\/uploads\/2012\/03\/Indianos-2012-BLOG-05.jpg\" loading=\"lazy\" class=\"alignnone size-full wp-image-1581\" src=\"http:\/\/desireemartinphoto.com\/blog\/wp-content\/uploads\/2012\/03\/Indianos-2012-BLOG-05.jpg\" alt=\"\" width=\"550\" height=\"435\" srcset=\"http:\/\/desireemartinphoto.com\/blog\/wp-content\/uploads\/2012\/03\/Indianos-2012-BLOG-05.jpg 550w, http:\/\/desireemartinphoto.com\/blog\/wp-content\/uploads\/2012\/03\/Indianos-2012-BLOG-05-300x237.jpg 300w\" sizes=\"(max-width: 550px) 100vw, 550px\" \/><\/p>\n<p><img data-attachment-id=\"1582\" data-permalink=\"http:\/\/desireemartinphoto.com\/blog\/de-indianos-va-la-cosa\/indianos-2012-blog-06\/\" data-orig-file=\"http:\/\/desireemartinphoto.com\/blog\/wp-content\/uploads\/2012\/03\/Indianos-2012-BLOG-06.jpg\" data-orig-size=\"550,260\" data-comments-opened=\"1\" data-image-meta=\"{&quot;aperture&quot;:&quot;5.6&quot;,&quot;credit&quot;:&quot;&quot;,&quot;camera&quot;:&quot;Canon EOS-1D Mark II&quot;,&quot;caption&quot;:&quot;&quot;,&quot;created_timestamp&quot;:&quot;1329744589&quot;,&quot;copyright&quot;:&quot;&quot;,&quot;focal_length&quot;:&quot;115&quot;,&quot;iso&quot;:&quot;200&quot;,&quot;shutter_speed&quot;:&quot;0.0003125&quot;,&quot;title&quot;:&quot;&quot;}\" data-image-title=\"Indianos-2012-BLOG-06\" data-image-description=\"\" data-medium-file=\"http:\/\/desireemartinphoto.com\/blog\/wp-content\/uploads\/2012\/03\/Indianos-2012-BLOG-06-300x141.jpg\" data-large-file=\"http:\/\/desireemartinphoto.com\/blog\/wp-content\/uploads\/2012\/03\/Indianos-2012-BLOG-06.jpg\" loading=\"lazy\" class=\"alignnone size-full wp-image-1582\" src=\"http:\/\/desireemartinphoto.com\/blog\/wp-content\/uploads\/2012\/03\/Indianos-2012-BLOG-06.jpg\" alt=\"\" width=\"550\" height=\"260\" srcset=\"http:\/\/desireemartinphoto.com\/blog\/wp-content\/uploads\/2012\/03\/Indianos-2012-BLOG-06.jpg 550w, http:\/\/desireemartinphoto.com\/blog\/wp-content\/uploads\/2012\/03\/Indianos-2012-BLOG-06-300x141.jpg 300w\" sizes=\"(max-width: 550px) 100vw, 550px\" \/><\/p>\n<p><img data-attachment-id=\"1583\" data-permalink=\"http:\/\/desireemartinphoto.com\/blog\/de-indianos-va-la-cosa\/indianos-2012-blog-07\/\" data-orig-file=\"http:\/\/desireemartinphoto.com\/blog\/wp-content\/uploads\/2012\/03\/Indianos-2012-BLOG-07.jpg\" data-orig-size=\"550,367\" data-comments-opened=\"1\" data-image-meta=\"{&quot;aperture&quot;:&quot;5&quot;,&quot;credit&quot;:&quot;D&quot;,&quot;camera&quot;:&quot;Canon EOS 5D Mark II&quot;,&quot;caption&quot;:&quot;SPAIN, Santa Cruz de La Palma : People participate in the street carnival \\&quot;Los Indianos\\&quot; (the Indians) in Santa Cruz de la Palma, on the Spanish Canary island of La Palma on February 20, 2012. \\nAFP PHOTO Desiree Martin&quot;,&quot;created_timestamp&quot;:&quot;1329758541&quot;,&quot;copyright&quot;:&quot;&quot;,&quot;focal_length&quot;:&quot;16&quot;,&quot;iso&quot;:&quot;250&quot;,&quot;shutter_speed&quot;:&quot;0.00125&quot;,&quot;title&quot;:&quot;&quot;}\" data-image-title=\"Indianos-2012-BLOG-07\" data-image-description=\"\" data-medium-file=\"http:\/\/desireemartinphoto.com\/blog\/wp-content\/uploads\/2012\/03\/Indianos-2012-BLOG-07-300x200.jpg\" data-large-file=\"http:\/\/desireemartinphoto.com\/blog\/wp-content\/uploads\/2012\/03\/Indianos-2012-BLOG-07.jpg\" loading=\"lazy\" class=\"alignnone size-full wp-image-1583\" src=\"http:\/\/desireemartinphoto.com\/blog\/wp-content\/uploads\/2012\/03\/Indianos-2012-BLOG-07.jpg\" alt=\"\" width=\"550\" height=\"367\" srcset=\"http:\/\/desireemartinphoto.com\/blog\/wp-content\/uploads\/2012\/03\/Indianos-2012-BLOG-07.jpg 550w, http:\/\/desireemartinphoto.com\/blog\/wp-content\/uploads\/2012\/03\/Indianos-2012-BLOG-07-300x200.jpg 300w\" sizes=\"(max-width: 550px) 100vw, 550px\" \/><\/p>\n<p><img data-attachment-id=\"1584\" data-permalink=\"http:\/\/desireemartinphoto.com\/blog\/de-indianos-va-la-cosa\/indianos-2012-blog-08\/\" data-orig-file=\"http:\/\/desireemartinphoto.com\/blog\/wp-content\/uploads\/2012\/03\/Indianos-2012-BLOG-08.jpg\" data-orig-size=\"367,550\" data-comments-opened=\"1\" data-image-meta=\"{&quot;aperture&quot;:&quot;5.6&quot;,&quot;credit&quot;:&quot;&quot;,&quot;camera&quot;:&quot;Canon EOS-1D Mark II&quot;,&quot;caption&quot;:&quot;&quot;,&quot;created_timestamp&quot;:&quot;1329757540&quot;,&quot;copyright&quot;:&quot;&quot;,&quot;focal_length&quot;:&quot;115&quot;,&quot;iso&quot;:&quot;200&quot;,&quot;shutter_speed&quot;:&quot;0.0005&quot;,&quot;title&quot;:&quot;&quot;}\" data-image-title=\"Indianos-2012-BLOG-08\" data-image-description=\"\" data-medium-file=\"http:\/\/desireemartinphoto.com\/blog\/wp-content\/uploads\/2012\/03\/Indianos-2012-BLOG-08-200x300.jpg\" data-large-file=\"http:\/\/desireemartinphoto.com\/blog\/wp-content\/uploads\/2012\/03\/Indianos-2012-BLOG-08.jpg\" loading=\"lazy\" class=\"alignnone size-full wp-image-1584\" src=\"http:\/\/desireemartinphoto.com\/blog\/wp-content\/uploads\/2012\/03\/Indianos-2012-BLOG-08.jpg\" alt=\"\" width=\"367\" height=\"550\" srcset=\"http:\/\/desireemartinphoto.com\/blog\/wp-content\/uploads\/2012\/03\/Indianos-2012-BLOG-08.jpg 367w, http:\/\/desireemartinphoto.com\/blog\/wp-content\/uploads\/2012\/03\/Indianos-2012-BLOG-08-200x300.jpg 200w\" sizes=\"(max-width: 367px) 100vw, 367px\" \/><\/p>\n<p><img data-attachment-id=\"1585\" data-permalink=\"http:\/\/desireemartinphoto.com\/blog\/de-indianos-va-la-cosa\/indianos-2012-blog-09\/\" data-orig-file=\"http:\/\/desireemartinphoto.com\/blog\/wp-content\/uploads\/2012\/03\/Indianos-2012-BLOG-09.jpg\" data-orig-size=\"550,367\" data-comments-opened=\"1\" data-image-meta=\"{&quot;aperture&quot;:&quot;5&quot;,&quot;credit&quot;:&quot;D&quot;,&quot;camera&quot;:&quot;Canon EOS 5D Mark II&quot;,&quot;caption&quot;:&quot;SPAIN, Santa Cruz de La Palma : People participate in the street carnival \\&quot;Los Indianos\\&quot; (the Indians) in Santa Cruz de la Palma, on the Spanish Canary island of La Palma on February 20, 2012. \\nAFP PHOTO Desiree Martin&quot;,&quot;created_timestamp&quot;:&quot;1329738655&quot;,&quot;copyright&quot;:&quot;&quot;,&quot;focal_length&quot;:&quot;16&quot;,&quot;iso&quot;:&quot;250&quot;,&quot;shutter_speed&quot;:&quot;0.0005&quot;,&quot;title&quot;:&quot;&quot;}\" data-image-title=\"Indianos-2012-BLOG-09\" data-image-description=\"\" data-medium-file=\"http:\/\/desireemartinphoto.com\/blog\/wp-content\/uploads\/2012\/03\/Indianos-2012-BLOG-09-300x200.jpg\" data-large-file=\"http:\/\/desireemartinphoto.com\/blog\/wp-content\/uploads\/2012\/03\/Indianos-2012-BLOG-09.jpg\" loading=\"lazy\" class=\"alignnone size-full wp-image-1585\" src=\"http:\/\/desireemartinphoto.com\/blog\/wp-content\/uploads\/2012\/03\/Indianos-2012-BLOG-09.jpg\" alt=\"\" width=\"550\" height=\"367\" srcset=\"http:\/\/desireemartinphoto.com\/blog\/wp-content\/uploads\/2012\/03\/Indianos-2012-BLOG-09.jpg 550w, http:\/\/desireemartinphoto.com\/blog\/wp-content\/uploads\/2012\/03\/Indianos-2012-BLOG-09-300x200.jpg 300w\" sizes=\"(max-width: 550px) 100vw, 550px\" \/><\/p>\n<p><img data-attachment-id=\"1586\" data-permalink=\"http:\/\/desireemartinphoto.com\/blog\/de-indianos-va-la-cosa\/indianos-2012-blog-10\/\" data-orig-file=\"http:\/\/desireemartinphoto.com\/blog\/wp-content\/uploads\/2012\/03\/Indianos-2012-BLOG-10.jpg\" data-orig-size=\"550,367\" data-comments-opened=\"1\" data-image-meta=\"{&quot;aperture&quot;:&quot;5.6&quot;,&quot;credit&quot;:&quot;D&quot;,&quot;camera&quot;:&quot;Canon EOS-1D Mark II&quot;,&quot;caption&quot;:&quot;SPAIN, Santa Cruz de La Palma : People participate in the street carnival \\&quot;Los Indianos\\&quot; (the Indians) in Santa Cruz de la Palma, on the Spanish Canary island of La Palma on February 20, 2012. \\nAFP PHOTO Desiree Martin&quot;,&quot;created_timestamp&quot;:&quot;1329751701&quot;,&quot;copyright&quot;:&quot;&quot;,&quot;focal_length&quot;:&quot;200&quot;,&quot;iso&quot;:&quot;200&quot;,&quot;shutter_speed&quot;:&quot;0.0004&quot;,&quot;title&quot;:&quot;&quot;}\" data-image-title=\"Indianos-2012-BLOG-10\" data-image-description=\"\" data-medium-file=\"http:\/\/desireemartinphoto.com\/blog\/wp-content\/uploads\/2012\/03\/Indianos-2012-BLOG-10-300x200.jpg\" data-large-file=\"http:\/\/desireemartinphoto.com\/blog\/wp-content\/uploads\/2012\/03\/Indianos-2012-BLOG-10.jpg\" loading=\"lazy\" class=\"alignnone size-full wp-image-1586\" src=\"http:\/\/desireemartinphoto.com\/blog\/wp-content\/uploads\/2012\/03\/Indianos-2012-BLOG-10.jpg\" alt=\"\" width=\"550\" height=\"367\" srcset=\"http:\/\/desireemartinphoto.com\/blog\/wp-content\/uploads\/2012\/03\/Indianos-2012-BLOG-10.jpg 550w, http:\/\/desireemartinphoto.com\/blog\/wp-content\/uploads\/2012\/03\/Indianos-2012-BLOG-10-300x200.jpg 300w\" sizes=\"(max-width: 550px) 100vw, 550px\" \/><\/p>\n<p><img data-attachment-id=\"1587\" data-permalink=\"http:\/\/desireemartinphoto.com\/blog\/de-indianos-va-la-cosa\/indianos-2012-blog-11\/\" data-orig-file=\"http:\/\/desireemartinphoto.com\/blog\/wp-content\/uploads\/2012\/03\/Indianos-2012-BLOG-11.jpg\" data-orig-size=\"550,367\" data-comments-opened=\"1\" data-image-meta=\"{&quot;aperture&quot;:&quot;5.6&quot;,&quot;credit&quot;:&quot;D&quot;,&quot;camera&quot;:&quot;Canon EOS-1D Mark II&quot;,&quot;caption&quot;:&quot;SPAIN, Santa Cruz de La Palma : People participate in the street carnival \\&quot;Los Indianos\\&quot; (the Indians) in Santa Cruz de la Palma, on the Spanish Canary island of La Palma on February 20, 2012. \\nAFP PHOTO Desiree Martin&quot;,&quot;created_timestamp&quot;:&quot;1329761670&quot;,&quot;copyright&quot;:&quot;&quot;,&quot;focal_length&quot;:&quot;105&quot;,&quot;iso&quot;:&quot;200&quot;,&quot;shutter_speed&quot;:&quot;0.0004&quot;,&quot;title&quot;:&quot;&quot;}\" data-image-title=\"Indianos-2012-BLOG-11\" data-image-description=\"\" data-medium-file=\"http:\/\/desireemartinphoto.com\/blog\/wp-content\/uploads\/2012\/03\/Indianos-2012-BLOG-11-300x200.jpg\" data-large-file=\"http:\/\/desireemartinphoto.com\/blog\/wp-content\/uploads\/2012\/03\/Indianos-2012-BLOG-11.jpg\" loading=\"lazy\" class=\"alignnone size-full wp-image-1587\" src=\"http:\/\/desireemartinphoto.com\/blog\/wp-content\/uploads\/2012\/03\/Indianos-2012-BLOG-11.jpg\" alt=\"\" width=\"550\" height=\"367\" srcset=\"http:\/\/desireemartinphoto.com\/blog\/wp-content\/uploads\/2012\/03\/Indianos-2012-BLOG-11.jpg 550w, http:\/\/desireemartinphoto.com\/blog\/wp-content\/uploads\/2012\/03\/Indianos-2012-BLOG-11-300x200.jpg 300w\" sizes=\"(max-width: 550px) 100vw, 550px\" \/><\/p>\n<p><img data-attachment-id=\"1588\" data-permalink=\"http:\/\/desireemartinphoto.com\/blog\/de-indianos-va-la-cosa\/indianos-2012-blog-13\/\" data-orig-file=\"http:\/\/desireemartinphoto.com\/blog\/wp-content\/uploads\/2012\/03\/Indianos-2012-BLOG-13.jpg\" data-orig-size=\"550,350\" data-comments-opened=\"1\" data-image-meta=\"{&quot;aperture&quot;:&quot;5&quot;,&quot;credit&quot;:&quot;&quot;,&quot;camera&quot;:&quot;Canon EOS 5D Mark II&quot;,&quot;caption&quot;:&quot;&quot;,&quot;created_timestamp&quot;:&quot;1329739312&quot;,&quot;copyright&quot;:&quot;&quot;,&quot;focal_length&quot;:&quot;16&quot;,&quot;iso&quot;:&quot;250&quot;,&quot;shutter_speed&quot;:&quot;0.00025&quot;,&quot;title&quot;:&quot;&quot;}\" data-image-title=\"Indianos-2012-BLOG-13\" data-image-description=\"\" data-medium-file=\"http:\/\/desireemartinphoto.com\/blog\/wp-content\/uploads\/2012\/03\/Indianos-2012-BLOG-13-300x190.jpg\" data-large-file=\"http:\/\/desireemartinphoto.com\/blog\/wp-content\/uploads\/2012\/03\/Indianos-2012-BLOG-13.jpg\" loading=\"lazy\" class=\"alignnone size-full wp-image-1588\" src=\"http:\/\/desireemartinphoto.com\/blog\/wp-content\/uploads\/2012\/03\/Indianos-2012-BLOG-13.jpg\" alt=\"\" width=\"550\" height=\"350\" srcset=\"http:\/\/desireemartinphoto.com\/blog\/wp-content\/uploads\/2012\/03\/Indianos-2012-BLOG-13.jpg 550w, http:\/\/desireemartinphoto.com\/blog\/wp-content\/uploads\/2012\/03\/Indianos-2012-BLOG-13-300x190.jpg 300w\" sizes=\"(max-width: 550px) 100vw, 550px\" \/><\/p>\n<p><img data-attachment-id=\"1589\" data-permalink=\"http:\/\/desireemartinphoto.com\/blog\/de-indianos-va-la-cosa\/indianos-2012-blog-14\/\" data-orig-file=\"http:\/\/desireemartinphoto.com\/blog\/wp-content\/uploads\/2012\/03\/Indianos-2012-BLOG-14.jpg\" data-orig-size=\"417,550\" data-comments-opened=\"1\" data-image-meta=\"{&quot;aperture&quot;:&quot;5&quot;,&quot;credit&quot;:&quot;&quot;,&quot;camera&quot;:&quot;Canon EOS 5D Mark II&quot;,&quot;caption&quot;:&quot;&quot;,&quot;created_timestamp&quot;:&quot;1329756258&quot;,&quot;copyright&quot;:&quot;&quot;,&quot;focal_length&quot;:&quot;16&quot;,&quot;iso&quot;:&quot;250&quot;,&quot;shutter_speed&quot;:&quot;0.00125&quot;,&quot;title&quot;:&quot;&quot;}\" data-image-title=\"Indianos-2012-BLOG-14\" data-image-description=\"\" data-medium-file=\"http:\/\/desireemartinphoto.com\/blog\/wp-content\/uploads\/2012\/03\/Indianos-2012-BLOG-14-227x300.jpg\" data-large-file=\"http:\/\/desireemartinphoto.com\/blog\/wp-content\/uploads\/2012\/03\/Indianos-2012-BLOG-14.jpg\" loading=\"lazy\" class=\"alignnone size-full wp-image-1589\" src=\"http:\/\/desireemartinphoto.com\/blog\/wp-content\/uploads\/2012\/03\/Indianos-2012-BLOG-14.jpg\" alt=\"\" width=\"417\" height=\"550\" srcset=\"http:\/\/desireemartinphoto.com\/blog\/wp-content\/uploads\/2012\/03\/Indianos-2012-BLOG-14.jpg 417w, http:\/\/desireemartinphoto.com\/blog\/wp-content\/uploads\/2012\/03\/Indianos-2012-BLOG-14-227x300.jpg 227w\" sizes=\"(max-width: 417px) 100vw, 417px\" \/><\/p>\n<p><img data-attachment-id=\"1590\" data-permalink=\"http:\/\/desireemartinphoto.com\/blog\/de-indianos-va-la-cosa\/indianos-2012-blog-15\/\" data-orig-file=\"http:\/\/desireemartinphoto.com\/blog\/wp-content\/uploads\/2012\/03\/Indianos-2012-BLOG-15.jpg\" data-orig-size=\"550,367\" data-comments-opened=\"1\" data-image-meta=\"{&quot;aperture&quot;:&quot;5&quot;,&quot;credit&quot;:&quot;D&quot;,&quot;camera&quot;:&quot;Canon EOS 5D Mark II&quot;,&quot;caption&quot;:&quot;SPAIN, Santa Cruz de La Palma : People participate in the street carnival \\&quot;Los Indianos\\&quot; (the Indians) in Santa Cruz de la Palma, on the Spanish Canary island of La Palma on February 20, 2012. \\nAFP PHOTO Desiree Martin&quot;,&quot;created_timestamp&quot;:&quot;1329758811&quot;,&quot;copyright&quot;:&quot;&quot;,&quot;focal_length&quot;:&quot;16&quot;,&quot;iso&quot;:&quot;250&quot;,&quot;shutter_speed&quot;:&quot;0.001&quot;,&quot;title&quot;:&quot;&quot;}\" data-image-title=\"Indianos-2012-BLOG-15\" data-image-description=\"\" data-medium-file=\"http:\/\/desireemartinphoto.com\/blog\/wp-content\/uploads\/2012\/03\/Indianos-2012-BLOG-15-300x200.jpg\" data-large-file=\"http:\/\/desireemartinphoto.com\/blog\/wp-content\/uploads\/2012\/03\/Indianos-2012-BLOG-15.jpg\" loading=\"lazy\" class=\"alignnone size-full wp-image-1590\" src=\"http:\/\/desireemartinphoto.com\/blog\/wp-content\/uploads\/2012\/03\/Indianos-2012-BLOG-15.jpg\" alt=\"\" width=\"550\" height=\"367\" srcset=\"http:\/\/desireemartinphoto.com\/blog\/wp-content\/uploads\/2012\/03\/Indianos-2012-BLOG-15.jpg 550w, http:\/\/desireemartinphoto.com\/blog\/wp-content\/uploads\/2012\/03\/Indianos-2012-BLOG-15-300x200.jpg 300w\" sizes=\"(max-width: 550px) 100vw, 550px\" \/><\/p>\n<p>Hasta el 2013!!<\/p>\n<p><img data-attachment-id=\"1591\" data-permalink=\"http:\/\/desireemartinphoto.com\/blog\/de-indianos-va-la-cosa\/indianos-2012-blog-16\/\" data-orig-file=\"http:\/\/desireemartinphoto.com\/blog\/wp-content\/uploads\/2012\/03\/Indianos-2012-BLOG-16.jpg\" data-orig-size=\"550,507\" data-comments-opened=\"1\" data-image-meta=\"{&quot;aperture&quot;:&quot;5&quot;,&quot;credit&quot;:&quot;D&quot;,&quot;camera&quot;:&quot;Canon EOS 5D Mark II&quot;,&quot;caption&quot;:&quot;SPAIN, Santa Cruz de La Palma : People participate in the street carnival \\&quot;Los Indianos\\&quot; (the Indians) in Santa Cruz de la Palma, on the Spanish Canary island of La Palma on February 20, 2012. \\nAFP PHOTO Desiree Martin&quot;,&quot;created_timestamp&quot;:&quot;1329735800&quot;,&quot;copyright&quot;:&quot;&quot;,&quot;focal_length&quot;:&quot;16&quot;,&quot;iso&quot;:&quot;250&quot;,&quot;shutter_speed&quot;:&quot;0.016666666666667&quot;,&quot;title&quot;:&quot;&quot;}\" data-image-title=\"Indianos-2012-BLOG-16\" data-image-description=\"\" data-medium-file=\"http:\/\/desireemartinphoto.com\/blog\/wp-content\/uploads\/2012\/03\/Indianos-2012-BLOG-16-300x276.jpg\" data-large-file=\"http:\/\/desireemartinphoto.com\/blog\/wp-content\/uploads\/2012\/03\/Indianos-2012-BLOG-16.jpg\" loading=\"lazy\" class=\"alignnone size-full wp-image-1591\" src=\"http:\/\/desireemartinphoto.com\/blog\/wp-content\/uploads\/2012\/03\/Indianos-2012-BLOG-16.jpg\" alt=\"\" width=\"550\" height=\"507\" srcset=\"http:\/\/desireemartinphoto.com\/blog\/wp-content\/uploads\/2012\/03\/Indianos-2012-BLOG-16.jpg 550w, http:\/\/desireemartinphoto.com\/blog\/wp-content\/uploads\/2012\/03\/Indianos-2012-BLOG-16-300x276.jpg 300w\" sizes=\"(max-width: 550px) 100vw, 550px\" \/><\/p>\n<p>&nbsp;<\/p>\n<p>&nbsp;<\/p>\n<p>&nbsp;<\/p>\n<p>&nbsp;<\/p>\n<p>&nbsp;<\/p>\n<div class=\"sharedaddy sd-sharing-enabled\"><div class=\"robots-nocontent sd-block sd-social sd-social-icon-text sd-sharing\"><h3 class=\"sd-title\">COMPARTE ESTO:<\/h3><div class=\"sd-content\"><ul><li class=\"share-facebook\"><a rel=\"nofollow noopener noreferrer\" data-shared=\"sharing-facebook-1576\" class=\"share-facebook sd-button share-icon\" href=\"http:\/\/desireemartinphoto.com\/blog\/de-indianos-va-la-cosa\/?share=facebook\" target=\"_blank\" title=\"Haz clic para compartir en Facebook\"><span>Facebook<\/span><\/a><\/li><li class=\"share-twitter\"><a rel=\"nofollow noopener noreferrer\" data-shared=\"sharing-twitter-1576\" class=\"share-twitter sd-button share-icon\" href=\"http:\/\/desireemartinphoto.com\/blog\/de-indianos-va-la-cosa\/?share=twitter\" target=\"_blank\" title=\"Haz clic para compartir en Twitter\"><span>Twitter<\/span><\/a><\/li><li class=\"share-email\"><a rel=\"nofollow noopener noreferrer\" data-shared=\"\" class=\"share-email sd-button share-icon\" href=\"http:\/\/desireemartinphoto.com\/blog\/de-indianos-va-la-cosa\/?share=email\" target=\"_blank\" title=\"Haz clic para enviar por correo electr\u00f3nico a un amigo\"><span>Correo electr\u00f3nico<\/span><\/a><\/li><li class=\"share-linkedin\"><a rel=\"nofollow noopener noreferrer\" data-shared=\"sharing-linkedin-1576\" class=\"share-linkedin sd-button share-icon\" href=\"http:\/\/desireemartinphoto.com\/blog\/de-indianos-va-la-cosa\/?share=linkedin\" target=\"_blank\" title=\"Haz clic para compartir en LinkedIn\"><span>LinkedIn<\/span><\/a><\/li><li class=\"share-tumblr\"><a rel=\"nofollow noopener noreferrer\" data-shared=\"\" class=\"share-tumblr sd-button share-icon\" href=\"http:\/\/desireemartinphoto.com\/blog\/de-indianos-va-la-cosa\/?share=tumblr\" target=\"_blank\" title=\"Haz clic para compartir en Tumblr\"><span>Tumblr<\/span><\/a><\/li><li class=\"share-end\"><\/li><\/ul><\/div><\/div><\/div>","protected":false},"excerpt":{"rendered":"<p>Por Indiano conocemos al emigrante que sali\u00f3 en busca de mejor vida en las Am\u00e9ricas y que retorna de nuevo a su tierra de origen despu\u00e9s de haber conseguido riqueza y prosperidad. Estos flujos migratorios se vivieron sobre todo en el siglo XIX y Cuba fue uno de los principales destinos a los que part\u00edan [&#038;hellip<\/p>\n<div class=\"sharedaddy sd-sharing-enabled\"><div class=\"robots-nocontent sd-block sd-social sd-social-icon-text sd-sharing\"><h3 class=\"sd-title\">COMPARTE ESTO:<\/h3><div class=\"sd-content\"><ul><li class=\"share-facebook\"><a rel=\"nofollow noopener noreferrer\" data-shared=\"sharing-facebook-1576\" class=\"share-facebook sd-button share-icon\" href=\"http:\/\/desireemartinphoto.com\/blog\/de-indianos-va-la-cosa\/?share=facebook\" target=\"_blank\" title=\"Haz clic para compartir en Facebook\"><span>Facebook<\/span><\/a><\/li><li class=\"share-twitter\"><a rel=\"nofollow noopener noreferrer\" data-shared=\"sharing-twitter-1576\" class=\"share-twitter sd-button share-icon\" href=\"http:\/\/desireemartinphoto.com\/blog\/de-indianos-va-la-cosa\/?share=twitter\" target=\"_blank\" title=\"Haz clic para compartir en Twitter\"><span>Twitter<\/span><\/a><\/li><li class=\"share-email\"><a rel=\"nofollow noopener noreferrer\" data-shared=\"\" class=\"share-email sd-button share-icon\" href=\"http:\/\/desireemartinphoto.com\/blog\/de-indianos-va-la-cosa\/?share=email\" target=\"_blank\" title=\"Haz clic para enviar por correo electr\u00f3nico a un amigo\"><span>Correo electr\u00f3nico<\/span><\/a><\/li><li class=\"share-linkedin\"><a rel=\"nofollow noopener noreferrer\" data-shared=\"sharing-linkedin-1576\" class=\"share-linkedin sd-button share-icon\" href=\"http:\/\/desireemartinphoto.com\/blog\/de-indianos-va-la-cosa\/?share=linkedin\" target=\"_blank\" title=\"Haz clic para compartir en LinkedIn\"><span>LinkedIn<\/span><\/a><\/li><li class=\"share-tumblr\"><a rel=\"nofollow noopener noreferrer\" data-shared=\"\" class=\"share-tumblr sd-button share-icon\" href=\"http:\/\/desireemartinphoto.com\/blog\/de-indianos-va-la-cosa\/?share=tumblr\" target=\"_blank\" title=\"Haz clic para compartir en Tumblr\"><span>Tumblr<\/span><\/a><\/li><li class=\"share-end\"><\/li><\/ul><\/div><\/div><\/div>","protected":false},"author":1,"featured_media":0,"comment_status":"open","ping_status":"open","sticky":false,"template":"","format":"standard","meta":{"spay_email":""},"categories":[1],"tags":[87,296,300,295,294,30,299,297,298],"jetpack_featured_media_url":"","jetpack_sharing_enabled":true,"_links":{"self":[{"href":"http:\/\/desireemartinphoto.com\/blog\/wp-json\/wp\/v2\/posts\/1576"}],"collection":[{"href":"http:\/\/desireemartinphoto.com\/blog\/wp-json\/wp\/v2\/posts"}],"about":[{"href":"http:\/\/desireemartinphoto.com\/blog\/wp-json\/wp\/v2\/types\/post"}],"author":[{"embeddable":true,"href":"http:\/\/desireemartinphoto.com\/blog\/wp-json\/wp\/v2\/users\/1"}],"replies":[{"embeddable":true,"href":"http:\/\/desireemartinphoto.com\/blog\/wp-json\/wp\/v2\/comments?post=1576"}],"version-history":[{"count":5,"href":"http:\/\/desireemartinphoto.com\/blog\/wp-json\/wp\/v2\/posts\/1576\/revisions"}],"predecessor-version":[{"id":1598,"href":"http:\/\/desireemartinphoto.com\/blog\/wp-json\/wp\/v2\/posts\/1576\/revisions\/1598"}],"wp:attachment":[{"href":"http:\/\/desireemartinphoto.com\/blog\/wp-json\/wp\/v2\/media?parent=1576"}],"wp:term":[{"taxonomy":"category","embeddable":true,"href":"http:\/\/desireemartinphoto.com\/blog\/wp-json\/wp\/v2\/categories?post=1576"},{"taxonomy":"post_tag","embeddable":true,"href":"http:\/\/desireemartinphoto.com\/blog\/wp-json\/wp\/v2\/tags?post=1576"}],"curies":[{"name":"wp","href":"https:\/\/api.w.org\/{rel}","templated":true}]}}