{"id":1569,"date":"2012-03-04T14:45:16","date_gmt":"2012-03-04T14:45:16","guid":{"rendered":"http:\/\/desireemartinphoto.com\/blog\/?p=1569"},"modified":"2012-03-04T14:45:16","modified_gmt":"2012-03-04T14:45:16","slug":"el-cartel-de-la-semana-santa-lagunera-2012","status":"publish","type":"post","link":"http:\/\/desireemartinphoto.com\/blog\/el-cartel-de-la-semana-santa-lagunera-2012\/","title":{"rendered":"El cartel de la Semana Santa lagunera 2012"},"content":{"rendered":"<p>&nbsp;<\/p>\n<p>Hace unos meses recib\u00ed una llamada del la Junta de Hermandades y Cofrad\u00edas de San Cristobal de La Laguna para proponerme participar en un concurso del que saldr\u00eda el cartel de Semana Santa de San Cristobal de La Laguna 2012, Ciudad Patrimonio de la Humanidad.<\/p>\n<p>Pocas horas despu\u00e9s de que cada uno de los fot\u00f3grafos con los que se contact\u00f3 realizaran sus fotograf\u00edas para su posterior presentaci\u00f3n como opci\u00f3n de cartel, la imagen ser\u00eda sometida a un proceso de restauraci\u00f3n, por lo que en el momento de la sesi\u00f3n de fotos se encontraba sobre unos cojines y sin la cruz.<\/p>\n<p>Tuve unas dos horas para realizar mis fotograf\u00edas de la imagen del Cristo de La Laguna y tras un mes y medio de postproducci\u00f3n present\u00e9 varias opciones de cartel.<\/p>\n<p>\u00c9sta fue la seleccionada:<\/p>\n<p><img data-attachment-id=\"1570\" data-permalink=\"http:\/\/desireemartinphoto.com\/blog\/el-cartel-de-la-semana-santa-lagunera-2012\/1-1g\/\" data-orig-file=\"http:\/\/desireemartinphoto.com\/blog\/wp-content\/uploads\/2012\/03\/1-1G.jpg\" data-orig-size=\"161,240\" data-comments-opened=\"1\" data-image-meta=\"{&quot;aperture&quot;:&quot;0&quot;,&quot;credit&quot;:&quot;&quot;,&quot;camera&quot;:&quot;&quot;,&quot;caption&quot;:&quot;&quot;,&quot;created_timestamp&quot;:&quot;0&quot;,&quot;copyright&quot;:&quot;&quot;,&quot;focal_length&quot;:&quot;0&quot;,&quot;iso&quot;:&quot;0&quot;,&quot;shutter_speed&quot;:&quot;0&quot;,&quot;title&quot;:&quot;&quot;}\" data-image-title=\"1-1(G)\" data-image-description=\"\" data-medium-file=\"http:\/\/desireemartinphoto.com\/blog\/wp-content\/uploads\/2012\/03\/1-1G.jpg\" data-large-file=\"http:\/\/desireemartinphoto.com\/blog\/wp-content\/uploads\/2012\/03\/1-1G.jpg\" loading=\"lazy\" class=\"alignnone size-full wp-image-1570\" title=\"1-1(G)\" src=\"http:\/\/desireemartinphoto.com\/blog\/wp-content\/uploads\/2012\/03\/1-1G.jpg\" alt=\"\" width=\"161\" height=\"240\" \/><\/p>\n<p>La fotograf\u00eda, el cartel, ha causado cierta controversia. Arriesgada para unos, de mal gusto para otros.<\/p>\n<p>\u00bfPara mi? &#8230;REFLEXIVA.<\/p>\n<p>Est\u00e1 tomada a sangre, sin recortes, era as\u00ed en mi cabeza. Sin la obviedad de la mirada, con la libertad de permitir pensar, opinar, reflexionar&#8230;   Permitiendo al tiempo centrar un poco m\u00e1s la atenci\u00f3n en otras partes de la imagen como es la \u201cllaga\u201d del costado, la dureza del cuerpo que se nos presenta.<\/p>\n<p>Sin m\u00e1s, ni menos.<\/p>\n<div class=\"sharedaddy sd-sharing-enabled\"><div class=\"robots-nocontent sd-block sd-social sd-social-icon-text sd-sharing\"><h3 class=\"sd-title\">COMPARTE ESTO:<\/h3><div class=\"sd-content\"><ul><li class=\"share-facebook\"><a rel=\"nofollow noopener noreferrer\" data-shared=\"sharing-facebook-1569\" class=\"share-facebook sd-button share-icon\" href=\"http:\/\/desireemartinphoto.com\/blog\/el-cartel-de-la-semana-santa-lagunera-2012\/?share=facebook\" target=\"_blank\" title=\"Haz clic para compartir en Facebook\"><span>Facebook<\/span><\/a><\/li><li class=\"share-twitter\"><a rel=\"nofollow noopener noreferrer\" data-shared=\"sharing-twitter-1569\" class=\"share-twitter sd-button share-icon\" href=\"http:\/\/desireemartinphoto.com\/blog\/el-cartel-de-la-semana-santa-lagunera-2012\/?share=twitter\" target=\"_blank\" title=\"Haz clic para compartir en Twitter\"><span>Twitter<\/span><\/a><\/li><li class=\"share-email\"><a rel=\"nofollow noopener noreferrer\" data-shared=\"\" class=\"share-email sd-button share-icon\" href=\"http:\/\/desireemartinphoto.com\/blog\/el-cartel-de-la-semana-santa-lagunera-2012\/?share=email\" target=\"_blank\" title=\"Haz clic para enviar por correo electr\u00f3nico a un amigo\"><span>Correo electr\u00f3nico<\/span><\/a><\/li><li class=\"share-linkedin\"><a rel=\"nofollow noopener noreferrer\" data-shared=\"sharing-linkedin-1569\" class=\"share-linkedin sd-button share-icon\" href=\"http:\/\/desireemartinphoto.com\/blog\/el-cartel-de-la-semana-santa-lagunera-2012\/?share=linkedin\" target=\"_blank\" title=\"Haz clic para compartir en LinkedIn\"><span>LinkedIn<\/span><\/a><\/li><li class=\"share-tumblr\"><a rel=\"nofollow noopener noreferrer\" data-shared=\"\" class=\"share-tumblr sd-button share-icon\" href=\"http:\/\/desireemartinphoto.com\/blog\/el-cartel-de-la-semana-santa-lagunera-2012\/?share=tumblr\" target=\"_blank\" title=\"Haz clic para compartir en Tumblr\"><span>Tumblr<\/span><\/a><\/li><li class=\"share-end\"><\/li><\/ul><\/div><\/div><\/div>","protected":false},"excerpt":{"rendered":"<p>&nbsp; Hace unos meses recib\u00ed una llamada del la Junta de Hermandades y Cofrad\u00edas de San Cristobal de La Laguna para proponerme participar en un concurso del que saldr\u00eda el cartel de Semana Santa de San Cristobal de La Laguna 2012, Ciudad Patrimonio de la Humanidad. Pocas horas despu\u00e9s de que cada uno de los [&#038;hellip<\/p>\n<div class=\"sharedaddy sd-sharing-enabled\"><div class=\"robots-nocontent sd-block sd-social sd-social-icon-text sd-sharing\"><h3 class=\"sd-title\">COMPARTE ESTO:<\/h3><div class=\"sd-content\"><ul><li class=\"share-facebook\"><a rel=\"nofollow noopener noreferrer\" data-shared=\"sharing-facebook-1569\" class=\"share-facebook sd-button share-icon\" href=\"http:\/\/desireemartinphoto.com\/blog\/el-cartel-de-la-semana-santa-lagunera-2012\/?share=facebook\" target=\"_blank\" title=\"Haz clic para compartir en Facebook\"><span>Facebook<\/span><\/a><\/li><li class=\"share-twitter\"><a rel=\"nofollow noopener noreferrer\" data-shared=\"sharing-twitter-1569\" class=\"share-twitter sd-button share-icon\" href=\"http:\/\/desireemartinphoto.com\/blog\/el-cartel-de-la-semana-santa-lagunera-2012\/?share=twitter\" target=\"_blank\" title=\"Haz clic para compartir en Twitter\"><span>Twitter<\/span><\/a><\/li><li class=\"share-email\"><a rel=\"nofollow noopener noreferrer\" data-shared=\"\" class=\"share-email sd-button share-icon\" href=\"http:\/\/desireemartinphoto.com\/blog\/el-cartel-de-la-semana-santa-lagunera-2012\/?share=email\" target=\"_blank\" title=\"Haz clic para enviar por correo electr\u00f3nico a un amigo\"><span>Correo electr\u00f3nico<\/span><\/a><\/li><li class=\"share-linkedin\"><a rel=\"nofollow noopener noreferrer\" data-shared=\"sharing-linkedin-1569\" class=\"share-linkedin sd-button share-icon\" href=\"http:\/\/desireemartinphoto.com\/blog\/el-cartel-de-la-semana-santa-lagunera-2012\/?share=linkedin\" target=\"_blank\" title=\"Haz clic para compartir en LinkedIn\"><span>LinkedIn<\/span><\/a><\/li><li class=\"share-tumblr\"><a rel=\"nofollow noopener noreferrer\" data-shared=\"\" class=\"share-tumblr sd-button share-icon\" href=\"http:\/\/desireemartinphoto.com\/blog\/el-cartel-de-la-semana-santa-lagunera-2012\/?share=tumblr\" target=\"_blank\" title=\"Haz clic para compartir en Tumblr\"><span>Tumblr<\/span><\/a><\/li><li class=\"share-end\"><\/li><\/ul><\/div><\/div><\/div>","protected":false},"author":1,"featured_media":0,"comment_status":"open","ping_status":"open","sticky":false,"template":"","format":"standard","meta":{"spay_email":""},"categories":[1],"tags":[291,293,290,83,292,126],"jetpack_featured_media_url":"","jetpack_sharing_enabled":true,"_links":{"self":[{"href":"http:\/\/desireemartinphoto.com\/blog\/wp-json\/wp\/v2\/posts\/1569"}],"collection":[{"href":"http:\/\/desireemartinphoto.com\/blog\/wp-json\/wp\/v2\/posts"}],"about":[{"href":"http:\/\/desireemartinphoto.com\/blog\/wp-json\/wp\/v2\/types\/post"}],"author":[{"embeddable":true,"href":"http:\/\/desireemartinphoto.com\/blog\/wp-json\/wp\/v2\/users\/1"}],"replies":[{"embeddable":true,"href":"http:\/\/desireemartinphoto.com\/blog\/wp-json\/wp\/v2\/comments?post=1569"}],"version-history":[{"count":4,"href":"http:\/\/desireemartinphoto.com\/blog\/wp-json\/wp\/v2\/posts\/1569\/revisions"}],"predecessor-version":[{"id":1574,"href":"http:\/\/desireemartinphoto.com\/blog\/wp-json\/wp\/v2\/posts\/1569\/revisions\/1574"}],"wp:attachment":[{"href":"http:\/\/desireemartinphoto.com\/blog\/wp-json\/wp\/v2\/media?parent=1569"}],"wp:term":[{"taxonomy":"category","embeddable":true,"href":"http:\/\/desireemartinphoto.com\/blog\/wp-json\/wp\/v2\/categories?post=1569"},{"taxonomy":"post_tag","embeddable":true,"href":"http:\/\/desireemartinphoto.com\/blog\/wp-json\/wp\/v2\/tags?post=1569"}],"curies":[{"name":"wp","href":"https:\/\/api.w.org\/{rel}","templated":true}]}}