{"id":1481,"date":"2011-11-20T11:09:26","date_gmt":"2011-11-20T11:09:26","guid":{"rendered":"http:\/\/desireemartinphoto.com\/blog\/?p=1481"},"modified":"2011-11-20T11:15:08","modified_gmt":"2011-11-20T11:15:08","slug":"la-restinga-401-vecinos","status":"publish","type":"post","link":"http:\/\/desireemartinphoto.com\/blog\/la-restinga-401-vecinos\/","title":{"rendered":"La Restinga, 401 vecinos."},"content":{"rendered":"<p>&nbsp;<\/p>\n<p>401 vecinos de l pueblo de La Restinga est\u00e1n llamados hoy a las urnas.<\/p>\n<p>Hoy no se habla de partidos pol\u00edticos, el tema de conversaci\u00f3n es el mismo, la crisis volc\u00e1nica &#8230;<\/p>\n<p>\u00bfSentiste el de anoche?\u00a0 &#8211; \u00a1\u00a1 3,7 grados !!! &#8211; dice uno de ellos,<\/p>\n<p>!\u00c9sto no ha acabado a\u00fan!\u00a0 &#8211; le responde uno de los interventores &#8211;<\/p>\n<p>Votando al margen de una erupci\u00f3n volc\u00e1nica.<\/p>\n<p>&nbsp;<\/p>\n<p><img data-attachment-id=\"1482\" data-permalink=\"http:\/\/desireemartinphoto.com\/blog\/la-restinga-401-vecinos\/spain-vote\/\" data-orig-file=\"http:\/\/desireemartinphoto.com\/blog\/wp-content\/uploads\/2011\/11\/DM-Elecciones-El-Hoerro-BLOG-02.jpg\" data-orig-size=\"550,367\" data-comments-opened=\"1\" data-image-meta=\"{&quot;aperture&quot;:&quot;7.1&quot;,&quot;credit&quot;:&quot;DESIREE MARTIN&quot;,&quot;camera&quot;:&quot;Canon EOS 5D Mark II&quot;,&quot;caption&quot;:&quot;Neighbors of La Restinga&#039;s town vote for Spain&#039;s general election on November 20, 2011 in the spanish canary island of El Hierro. Spain&#039;s leader of the opposition conservative Popular Party Mariano Rajoy is expected to beat Socialist candidate Alfredo Perez Rubalcaba by a wide margin when voters punish the Socialists for their economic woes, with unemployment at more than 21.5 percent.&quot;,&quot;created_timestamp&quot;:&quot;1321781019&quot;,&quot;copyright&quot;:&quot;AFP IMAGEFORUM&quot;,&quot;focal_length&quot;:&quot;17&quot;,&quot;iso&quot;:&quot;100&quot;,&quot;shutter_speed&quot;:&quot;0.00625&quot;,&quot;title&quot;:&quot;SPAIN-VOTE&quot;}\" data-image-title=\"DM-Elecciones-El-Hoerro-BLOG-02\" data-image-description=\"\" data-medium-file=\"http:\/\/desireemartinphoto.com\/blog\/wp-content\/uploads\/2011\/11\/DM-Elecciones-El-Hoerro-BLOG-02-300x200.jpg\" data-large-file=\"http:\/\/desireemartinphoto.com\/blog\/wp-content\/uploads\/2011\/11\/DM-Elecciones-El-Hoerro-BLOG-02.jpg\" loading=\"lazy\" class=\"alignnone size-full wp-image-1482\" src=\"http:\/\/desireemartinphoto.com\/blog\/wp-content\/uploads\/2011\/11\/DM-Elecciones-El-Hoerro-BLOG-02.jpg\" alt=\"\" width=\"550\" height=\"367\" srcset=\"http:\/\/desireemartinphoto.com\/blog\/wp-content\/uploads\/2011\/11\/DM-Elecciones-El-Hoerro-BLOG-02.jpg 550w, http:\/\/desireemartinphoto.com\/blog\/wp-content\/uploads\/2011\/11\/DM-Elecciones-El-Hoerro-BLOG-02-300x200.jpg 300w\" sizes=\"(max-width: 550px) 100vw, 550px\" \/><\/p>\n<p><a href=\"http:\/\/desireemartinphoto.com\/blog\/wp-content\/uploads\/2011\/11\/DM-Elecciones-El-Hoerro-BLOG-012.jpg\"><img data-attachment-id=\"1486\" data-permalink=\"http:\/\/desireemartinphoto.com\/blog\/la-restinga-401-vecinos\/spain-vote-5\/\" data-orig-file=\"http:\/\/desireemartinphoto.com\/blog\/wp-content\/uploads\/2011\/11\/DM-Elecciones-El-Hoerro-BLOG-012.jpg\" data-orig-size=\"550,367\" data-comments-opened=\"1\" data-image-meta=\"{&quot;aperture&quot;:&quot;6.3&quot;,&quot;credit&quot;:&quot;DESIREE MARTIN&quot;,&quot;camera&quot;:&quot;Canon EOS 5D Mark II&quot;,&quot;caption&quot;:&quot;Neighbors of La Restinga&#039;s town vote for Spain&#039;s general election on November 20, 2011 in the spanish canary island of El Hierro. Spain&#039;s leader of the opposition conservative Popular Party Mariano Rajoy is expected to beat Socialist candidate Alfredo Perez Rubalcaba by a wide margin when voters punish the Socialists for their economic woes, with unemployment at more than 21.5 percent.&quot;,&quot;created_timestamp&quot;:&quot;1321782111&quot;,&quot;copyright&quot;:&quot;AFP IMAGEFORUM&quot;,&quot;focal_length&quot;:&quot;22&quot;,&quot;iso&quot;:&quot;1000&quot;,&quot;shutter_speed&quot;:&quot;0.008&quot;,&quot;title&quot;:&quot;SPAIN-VOTE&quot;}\" data-image-title=\"DM-Elecciones-El-Hoerro-BLOG-012\" data-image-description=\"\" data-medium-file=\"http:\/\/desireemartinphoto.com\/blog\/wp-content\/uploads\/2011\/11\/DM-Elecciones-El-Hoerro-BLOG-012-300x200.jpg\" data-large-file=\"http:\/\/desireemartinphoto.com\/blog\/wp-content\/uploads\/2011\/11\/DM-Elecciones-El-Hoerro-BLOG-012.jpg\" loading=\"lazy\" class=\"alignnone size-full wp-image-1486\" src=\"http:\/\/desireemartinphoto.com\/blog\/wp-content\/uploads\/2011\/11\/DM-Elecciones-El-Hoerro-BLOG-012.jpg\" alt=\"\" width=\"550\" height=\"367\" srcset=\"http:\/\/desireemartinphoto.com\/blog\/wp-content\/uploads\/2011\/11\/DM-Elecciones-El-Hoerro-BLOG-012.jpg 550w, http:\/\/desireemartinphoto.com\/blog\/wp-content\/uploads\/2011\/11\/DM-Elecciones-El-Hoerro-BLOG-012-300x200.jpg 300w\" sizes=\"(max-width: 550px) 100vw, 550px\" \/><\/a><\/p>\n<p><a href=\"http:\/\/desireemartinphoto.com\/blog\/wp-content\/uploads\/2011\/11\/DM-Elecciones-El-Hoerro-BLOG-03.jpg\"><img data-attachment-id=\"1487\" data-permalink=\"http:\/\/desireemartinphoto.com\/blog\/la-restinga-401-vecinos\/spain-vote-6\/\" data-orig-file=\"http:\/\/desireemartinphoto.com\/blog\/wp-content\/uploads\/2011\/11\/DM-Elecciones-El-Hoerro-BLOG-03.jpg\" data-orig-size=\"550,314\" data-comments-opened=\"1\" data-image-meta=\"{&quot;aperture&quot;:&quot;6.3&quot;,&quot;credit&quot;:&quot;DESIREE MARTIN&quot;,&quot;camera&quot;:&quot;Canon EOS 5D Mark II&quot;,&quot;caption&quot;:&quot;Neighbors of La Restinga&#039;s town vote for Spain&#039;s general election on November 20, 2011 in the spanish canary island of El Hierro. Spain&#039;s leader of the opposition conservative Popular Party Mariano Rajoy is expected to beat Socialist candidate Alfredo Perez Rubalcaba by a wide margin when voters punish the Socialists for their economic woes, with unemployment at more than 21.5 percent.&quot;,&quot;created_timestamp&quot;:&quot;1321781355&quot;,&quot;copyright&quot;:&quot;AFP IMAGEFORUM&quot;,&quot;focal_length&quot;:&quot;22&quot;,&quot;iso&quot;:&quot;800&quot;,&quot;shutter_speed&quot;:&quot;0.025&quot;,&quot;title&quot;:&quot;SPAIN-VOTE&quot;}\" data-image-title=\"DM-Elecciones-El-Hoerro-BLOG-03\" data-image-description=\"\" data-medium-file=\"http:\/\/desireemartinphoto.com\/blog\/wp-content\/uploads\/2011\/11\/DM-Elecciones-El-Hoerro-BLOG-03-300x171.jpg\" data-large-file=\"http:\/\/desireemartinphoto.com\/blog\/wp-content\/uploads\/2011\/11\/DM-Elecciones-El-Hoerro-BLOG-03.jpg\" loading=\"lazy\" class=\"alignnone size-full wp-image-1487\" src=\"http:\/\/desireemartinphoto.com\/blog\/wp-content\/uploads\/2011\/11\/DM-Elecciones-El-Hoerro-BLOG-03.jpg\" alt=\"\" width=\"550\" height=\"314\" srcset=\"http:\/\/desireemartinphoto.com\/blog\/wp-content\/uploads\/2011\/11\/DM-Elecciones-El-Hoerro-BLOG-03.jpg 550w, http:\/\/desireemartinphoto.com\/blog\/wp-content\/uploads\/2011\/11\/DM-Elecciones-El-Hoerro-BLOG-03-300x171.jpg 300w\" sizes=\"(max-width: 550px) 100vw, 550px\" \/><\/a><\/p>\n<p>&nbsp;<\/p>\n<div class=\"sharedaddy sd-sharing-enabled\"><div class=\"robots-nocontent sd-block sd-social sd-social-icon-text sd-sharing\"><h3 class=\"sd-title\">COMPARTE ESTO:<\/h3><div class=\"sd-content\"><ul><li class=\"share-facebook\"><a rel=\"nofollow noopener noreferrer\" data-shared=\"sharing-facebook-1481\" class=\"share-facebook sd-button share-icon\" href=\"http:\/\/desireemartinphoto.com\/blog\/la-restinga-401-vecinos\/?share=facebook\" target=\"_blank\" title=\"Haz clic para compartir en Facebook\"><span>Facebook<\/span><\/a><\/li><li class=\"share-twitter\"><a rel=\"nofollow noopener noreferrer\" data-shared=\"sharing-twitter-1481\" class=\"share-twitter sd-button share-icon\" href=\"http:\/\/desireemartinphoto.com\/blog\/la-restinga-401-vecinos\/?share=twitter\" target=\"_blank\" title=\"Haz clic para compartir en Twitter\"><span>Twitter<\/span><\/a><\/li><li class=\"share-email\"><a rel=\"nofollow noopener noreferrer\" data-shared=\"\" class=\"share-email sd-button share-icon\" href=\"http:\/\/desireemartinphoto.com\/blog\/la-restinga-401-vecinos\/?share=email\" target=\"_blank\" title=\"Haz clic para enviar por correo electr\u00f3nico a un amigo\"><span>Correo electr\u00f3nico<\/span><\/a><\/li><li class=\"share-linkedin\"><a rel=\"nofollow noopener noreferrer\" data-shared=\"sharing-linkedin-1481\" class=\"share-linkedin sd-button share-icon\" href=\"http:\/\/desireemartinphoto.com\/blog\/la-restinga-401-vecinos\/?share=linkedin\" target=\"_blank\" title=\"Haz clic para compartir en LinkedIn\"><span>LinkedIn<\/span><\/a><\/li><li class=\"share-tumblr\"><a rel=\"nofollow noopener noreferrer\" data-shared=\"\" class=\"share-tumblr sd-button share-icon\" href=\"http:\/\/desireemartinphoto.com\/blog\/la-restinga-401-vecinos\/?share=tumblr\" target=\"_blank\" title=\"Haz clic para compartir en Tumblr\"><span>Tumblr<\/span><\/a><\/li><li class=\"share-end\"><\/li><\/ul><\/div><\/div><\/div>","protected":false},"excerpt":{"rendered":"<p>&nbsp; 401 vecinos de l pueblo de La Restinga est\u00e1n llamados hoy a las urnas. Hoy no se habla de partidos pol\u00edticos, el tema de conversaci\u00f3n es el mismo, la crisis volc\u00e1nica &#8230; \u00bfSentiste el de anoche?\u00a0 &#8211; \u00a1\u00a1 3,7 grados !!! &#8211; dice uno de ellos, !\u00c9sto no ha acabado a\u00fan!\u00a0 &#8211; le responde [&#038;hellip<\/p>\n<div class=\"sharedaddy sd-sharing-enabled\"><div class=\"robots-nocontent sd-block sd-social sd-social-icon-text sd-sharing\"><h3 class=\"sd-title\">COMPARTE ESTO:<\/h3><div class=\"sd-content\"><ul><li class=\"share-facebook\"><a rel=\"nofollow noopener noreferrer\" data-shared=\"sharing-facebook-1481\" class=\"share-facebook sd-button share-icon\" href=\"http:\/\/desireemartinphoto.com\/blog\/la-restinga-401-vecinos\/?share=facebook\" target=\"_blank\" title=\"Haz clic para compartir en Facebook\"><span>Facebook<\/span><\/a><\/li><li class=\"share-twitter\"><a rel=\"nofollow noopener noreferrer\" data-shared=\"sharing-twitter-1481\" class=\"share-twitter sd-button share-icon\" href=\"http:\/\/desireemartinphoto.com\/blog\/la-restinga-401-vecinos\/?share=twitter\" target=\"_blank\" title=\"Haz clic para compartir en Twitter\"><span>Twitter<\/span><\/a><\/li><li class=\"share-email\"><a rel=\"nofollow noopener noreferrer\" data-shared=\"\" class=\"share-email sd-button share-icon\" href=\"http:\/\/desireemartinphoto.com\/blog\/la-restinga-401-vecinos\/?share=email\" target=\"_blank\" title=\"Haz clic para enviar por correo electr\u00f3nico a un amigo\"><span>Correo electr\u00f3nico<\/span><\/a><\/li><li class=\"share-linkedin\"><a rel=\"nofollow noopener noreferrer\" data-shared=\"sharing-linkedin-1481\" class=\"share-linkedin sd-button share-icon\" href=\"http:\/\/desireemartinphoto.com\/blog\/la-restinga-401-vecinos\/?share=linkedin\" target=\"_blank\" title=\"Haz clic para compartir en LinkedIn\"><span>LinkedIn<\/span><\/a><\/li><li class=\"share-tumblr\"><a rel=\"nofollow noopener noreferrer\" data-shared=\"\" class=\"share-tumblr sd-button share-icon\" href=\"http:\/\/desireemartinphoto.com\/blog\/la-restinga-401-vecinos\/?share=tumblr\" target=\"_blank\" title=\"Haz clic para compartir en Tumblr\"><span>Tumblr<\/span><\/a><\/li><li class=\"share-end\"><\/li><\/ul><\/div><\/div><\/div>","protected":false},"author":1,"featured_media":0,"comment_status":"open","ping_status":"open","sticky":false,"template":"","format":"standard","meta":{"spay_email":""},"categories":[1],"tags":[267,225,268],"jetpack_featured_media_url":"","jetpack_sharing_enabled":true,"_links":{"self":[{"href":"http:\/\/desireemartinphoto.com\/blog\/wp-json\/wp\/v2\/posts\/1481"}],"collection":[{"href":"http:\/\/desireemartinphoto.com\/blog\/wp-json\/wp\/v2\/posts"}],"about":[{"href":"http:\/\/desireemartinphoto.com\/blog\/wp-json\/wp\/v2\/types\/post"}],"author":[{"embeddable":true,"href":"http:\/\/desireemartinphoto.com\/blog\/wp-json\/wp\/v2\/users\/1"}],"replies":[{"embeddable":true,"href":"http:\/\/desireemartinphoto.com\/blog\/wp-json\/wp\/v2\/comments?post=1481"}],"version-history":[{"count":2,"href":"http:\/\/desireemartinphoto.com\/blog\/wp-json\/wp\/v2\/posts\/1481\/revisions"}],"predecessor-version":[{"id":1489,"href":"http:\/\/desireemartinphoto.com\/blog\/wp-json\/wp\/v2\/posts\/1481\/revisions\/1489"}],"wp:attachment":[{"href":"http:\/\/desireemartinphoto.com\/blog\/wp-json\/wp\/v2\/media?parent=1481"}],"wp:term":[{"taxonomy":"category","embeddable":true,"href":"http:\/\/desireemartinphoto.com\/blog\/wp-json\/wp\/v2\/categories?post=1481"},{"taxonomy":"post_tag","embeddable":true,"href":"http:\/\/desireemartinphoto.com\/blog\/wp-json\/wp\/v2\/tags?post=1481"}],"curies":[{"name":"wp","href":"https:\/\/api.w.org\/{rel}","templated":true}]}}