{"id":1467,"date":"2011-11-19T13:22:35","date_gmt":"2011-11-19T13:22:35","guid":{"rendered":"http:\/\/desireemartinphoto.com\/blog\/?p=1467"},"modified":"2011-11-24T15:23:12","modified_gmt":"2011-11-24T15:23:12","slug":"la-nube-y-los-ninos","status":"publish","type":"post","link":"http:\/\/desireemartinphoto.com\/blog\/la-nube-y-los-ninos\/","title":{"rendered":"La nube y los ni\u00f1os."},"content":{"rendered":"<p>Unos de esos d\u00edas en los que frenaba la actividad volc\u00e1nica en el Mar de Las Calmas, tom\u00f3 el relevo el cielo en forma de tormenta.<\/p>\n<p>Esta es una de  las nubes que recorri\u00f3 el horizonte.<\/p>\n<p><img data-attachment-id=\"1468\" data-permalink=\"http:\/\/desireemartinphoto.com\/blog\/la-nube-y-los-ninos\/dm-mancha-221011-12-blog\/\" data-orig-file=\"http:\/\/desireemartinphoto.com\/blog\/wp-content\/uploads\/2011\/11\/DM-Mancha-221011-12-BLOG.jpg\" data-orig-size=\"550,728\" data-comments-opened=\"1\" data-image-meta=\"{&quot;aperture&quot;:&quot;5.6&quot;,&quot;credit&quot;:&quot;&quot;,&quot;camera&quot;:&quot;Canon EOS 5D Mark II&quot;,&quot;caption&quot;:&quot;&quot;,&quot;created_timestamp&quot;:&quot;1319298159&quot;,&quot;copyright&quot;:&quot;&quot;,&quot;focal_length&quot;:&quot;35&quot;,&quot;iso&quot;:&quot;100&quot;,&quot;shutter_speed&quot;:&quot;0.00025&quot;,&quot;title&quot;:&quot;&quot;}\" data-image-title=\"DM-Mancha-221011-12-BLOG\" data-image-description=\"\" data-medium-file=\"http:\/\/desireemartinphoto.com\/blog\/wp-content\/uploads\/2011\/11\/DM-Mancha-221011-12-BLOG-226x300.jpg\" data-large-file=\"http:\/\/desireemartinphoto.com\/blog\/wp-content\/uploads\/2011\/11\/DM-Mancha-221011-12-BLOG.jpg\" loading=\"lazy\" class=\"alignnone size-full wp-image-1468\" src=\"http:\/\/desireemartinphoto.com\/blog\/wp-content\/uploads\/2011\/11\/DM-Mancha-221011-12-BLOG.jpg\" alt=\"\" width=\"550\" height=\"728\" srcset=\"http:\/\/desireemartinphoto.com\/blog\/wp-content\/uploads\/2011\/11\/DM-Mancha-221011-12-BLOG.jpg 550w, http:\/\/desireemartinphoto.com\/blog\/wp-content\/uploads\/2011\/11\/DM-Mancha-221011-12-BLOG-226x300.jpg 226w\" sizes=\"(max-width: 550px) 100vw, 550px\" \/><\/p>\n<p>Se la envi\u00e9 a un amigo y \u00e9l se la mostr\u00f3 a sus alumnos, ni\u00f1os de unos 8 a\u00f1os.<\/p>\n<p>\u00c9ste es el resultado de la historia \u2026<\/p>\n<p><img data-attachment-id=\"1490\" data-permalink=\"http:\/\/desireemartinphoto.com\/blog\/la-nube-y-los-ninos\/dibujos-cesar-blog-01-3\/\" data-orig-file=\"http:\/\/desireemartinphoto.com\/blog\/wp-content\/uploads\/2011\/11\/Dibujos-Cesar-BLOG-012.jpg\" data-orig-size=\"550,388\" data-comments-opened=\"1\" data-image-meta=\"{&quot;aperture&quot;:&quot;6.3&quot;,&quot;credit&quot;:&quot;&quot;,&quot;camera&quot;:&quot;Canon EOS 5D Mark II&quot;,&quot;caption&quot;:&quot;&quot;,&quot;created_timestamp&quot;:&quot;1321699355&quot;,&quot;copyright&quot;:&quot;&quot;,&quot;focal_length&quot;:&quot;24&quot;,&quot;iso&quot;:&quot;100&quot;,&quot;shutter_speed&quot;:&quot;0.008&quot;,&quot;title&quot;:&quot;&quot;}\" data-image-title=\"Dibujos-Cesar-BLOG-012\" data-image-description=\"\" data-medium-file=\"http:\/\/desireemartinphoto.com\/blog\/wp-content\/uploads\/2011\/11\/Dibujos-Cesar-BLOG-012-300x211.jpg\" data-large-file=\"http:\/\/desireemartinphoto.com\/blog\/wp-content\/uploads\/2011\/11\/Dibujos-Cesar-BLOG-012.jpg\" loading=\"lazy\" class=\"alignnone size-full wp-image-1490\" src=\"http:\/\/desireemartinphoto.com\/blog\/wp-content\/uploads\/2011\/11\/Dibujos-Cesar-BLOG-012.jpg\" alt=\"\" width=\"550\" height=\"388\" srcset=\"http:\/\/desireemartinphoto.com\/blog\/wp-content\/uploads\/2011\/11\/Dibujos-Cesar-BLOG-012.jpg 550w, http:\/\/desireemartinphoto.com\/blog\/wp-content\/uploads\/2011\/11\/Dibujos-Cesar-BLOG-012-300x211.jpg 300w\" sizes=\"(max-width: 550px) 100vw, 550px\" \/><\/p>\n<p><img data-attachment-id=\"1492\" data-permalink=\"http:\/\/desireemartinphoto.com\/blog\/la-nube-y-los-ninos\/dibujos-cesar-blog-02-3\/\" data-orig-file=\"http:\/\/desireemartinphoto.com\/blog\/wp-content\/uploads\/2011\/11\/Dibujos-Cesar-BLOG-022.jpg\" data-orig-size=\"550,393\" data-comments-opened=\"1\" data-image-meta=\"{&quot;aperture&quot;:&quot;6.3&quot;,&quot;credit&quot;:&quot;&quot;,&quot;camera&quot;:&quot;Canon EOS 5D Mark II&quot;,&quot;caption&quot;:&quot;&quot;,&quot;created_timestamp&quot;:&quot;1321699228&quot;,&quot;copyright&quot;:&quot;&quot;,&quot;focal_length&quot;:&quot;18&quot;,&quot;iso&quot;:&quot;100&quot;,&quot;shutter_speed&quot;:&quot;0.0125&quot;,&quot;title&quot;:&quot;&quot;}\" data-image-title=\"Dibujos-Cesar-BLOG-022\" data-image-description=\"\" data-medium-file=\"http:\/\/desireemartinphoto.com\/blog\/wp-content\/uploads\/2011\/11\/Dibujos-Cesar-BLOG-022-300x214.jpg\" data-large-file=\"http:\/\/desireemartinphoto.com\/blog\/wp-content\/uploads\/2011\/11\/Dibujos-Cesar-BLOG-022.jpg\" loading=\"lazy\" class=\"alignnone size-full wp-image-1492\" src=\"http:\/\/desireemartinphoto.com\/blog\/wp-content\/uploads\/2011\/11\/Dibujos-Cesar-BLOG-022.jpg\" alt=\"\" width=\"550\" height=\"393\" srcset=\"http:\/\/desireemartinphoto.com\/blog\/wp-content\/uploads\/2011\/11\/Dibujos-Cesar-BLOG-022.jpg 550w, http:\/\/desireemartinphoto.com\/blog\/wp-content\/uploads\/2011\/11\/Dibujos-Cesar-BLOG-022-300x214.jpg 300w\" sizes=\"(max-width: 550px) 100vw, 550px\" \/><\/p>\n<p><img data-attachment-id=\"1493\" data-permalink=\"http:\/\/desireemartinphoto.com\/blog\/la-nube-y-los-ninos\/dibujos-cesar-blog-03-3\/\" data-orig-file=\"http:\/\/desireemartinphoto.com\/blog\/wp-content\/uploads\/2011\/11\/Dibujos-Cesar-BLOG-032.jpg\" data-orig-size=\"550,776\" data-comments-opened=\"1\" data-image-meta=\"{&quot;aperture&quot;:&quot;6.3&quot;,&quot;credit&quot;:&quot;&quot;,&quot;camera&quot;:&quot;Canon EOS 5D Mark II&quot;,&quot;caption&quot;:&quot;&quot;,&quot;created_timestamp&quot;:&quot;1321699139&quot;,&quot;copyright&quot;:&quot;&quot;,&quot;focal_length&quot;:&quot;16&quot;,&quot;iso&quot;:&quot;100&quot;,&quot;shutter_speed&quot;:&quot;0.01&quot;,&quot;title&quot;:&quot;&quot;}\" data-image-title=\"Dibujos-Cesar-BLOG-032\" data-image-description=\"\" data-medium-file=\"http:\/\/desireemartinphoto.com\/blog\/wp-content\/uploads\/2011\/11\/Dibujos-Cesar-BLOG-032-212x300.jpg\" data-large-file=\"http:\/\/desireemartinphoto.com\/blog\/wp-content\/uploads\/2011\/11\/Dibujos-Cesar-BLOG-032.jpg\" loading=\"lazy\" class=\"alignnone size-full wp-image-1493\" src=\"http:\/\/desireemartinphoto.com\/blog\/wp-content\/uploads\/2011\/11\/Dibujos-Cesar-BLOG-032.jpg\" alt=\"\" width=\"550\" height=\"776\" srcset=\"http:\/\/desireemartinphoto.com\/blog\/wp-content\/uploads\/2011\/11\/Dibujos-Cesar-BLOG-032.jpg 550w, http:\/\/desireemartinphoto.com\/blog\/wp-content\/uploads\/2011\/11\/Dibujos-Cesar-BLOG-032-212x300.jpg 212w\" sizes=\"(max-width: 550px) 100vw, 550px\" \/><\/p>\n<p><img data-attachment-id=\"1494\" data-permalink=\"http:\/\/desireemartinphoto.com\/blog\/la-nube-y-los-ninos\/dibujos-cesar-blog-04-2\/\" data-orig-file=\"http:\/\/desireemartinphoto.com\/blog\/wp-content\/uploads\/2011\/11\/Dibujos-Cesar-BLOG-041.jpg\" data-orig-size=\"550,395\" data-comments-opened=\"1\" data-image-meta=\"{&quot;aperture&quot;:&quot;6.3&quot;,&quot;credit&quot;:&quot;&quot;,&quot;camera&quot;:&quot;Canon EOS 5D Mark II&quot;,&quot;caption&quot;:&quot;&quot;,&quot;created_timestamp&quot;:&quot;1321699189&quot;,&quot;copyright&quot;:&quot;&quot;,&quot;focal_length&quot;:&quot;16&quot;,&quot;iso&quot;:&quot;100&quot;,&quot;shutter_speed&quot;:&quot;0.01&quot;,&quot;title&quot;:&quot;&quot;}\" data-image-title=\"Dibujos-Cesar-BLOG-041\" data-image-description=\"\" data-medium-file=\"http:\/\/desireemartinphoto.com\/blog\/wp-content\/uploads\/2011\/11\/Dibujos-Cesar-BLOG-041-300x215.jpg\" data-large-file=\"http:\/\/desireemartinphoto.com\/blog\/wp-content\/uploads\/2011\/11\/Dibujos-Cesar-BLOG-041.jpg\" loading=\"lazy\" class=\"alignnone size-full wp-image-1494\" src=\"http:\/\/desireemartinphoto.com\/blog\/wp-content\/uploads\/2011\/11\/Dibujos-Cesar-BLOG-041.jpg\" alt=\"\" width=\"550\" height=\"395\" srcset=\"http:\/\/desireemartinphoto.com\/blog\/wp-content\/uploads\/2011\/11\/Dibujos-Cesar-BLOG-041.jpg 550w, http:\/\/desireemartinphoto.com\/blog\/wp-content\/uploads\/2011\/11\/Dibujos-Cesar-BLOG-041-300x215.jpg 300w\" sizes=\"(max-width: 550px) 100vw, 550px\" \/><\/p>\n<p><img data-attachment-id=\"1495\" data-permalink=\"http:\/\/desireemartinphoto.com\/blog\/la-nube-y-los-ninos\/dibujos-cesar-blog-06-2\/\" data-orig-file=\"http:\/\/desireemartinphoto.com\/blog\/wp-content\/uploads\/2011\/11\/Dibujos-Cesar-BLOG-061.jpg\" data-orig-size=\"550,398\" data-comments-opened=\"1\" data-image-meta=\"{&quot;aperture&quot;:&quot;6.3&quot;,&quot;credit&quot;:&quot;&quot;,&quot;camera&quot;:&quot;Canon EOS 5D Mark II&quot;,&quot;caption&quot;:&quot;&quot;,&quot;created_timestamp&quot;:&quot;1321699125&quot;,&quot;copyright&quot;:&quot;&quot;,&quot;focal_length&quot;:&quot;16&quot;,&quot;iso&quot;:&quot;100&quot;,&quot;shutter_speed&quot;:&quot;0.01&quot;,&quot;title&quot;:&quot;&quot;}\" data-image-title=\"Dibujos-Cesar-BLOG-061\" data-image-description=\"\" data-medium-file=\"http:\/\/desireemartinphoto.com\/blog\/wp-content\/uploads\/2011\/11\/Dibujos-Cesar-BLOG-061-300x217.jpg\" data-large-file=\"http:\/\/desireemartinphoto.com\/blog\/wp-content\/uploads\/2011\/11\/Dibujos-Cesar-BLOG-061.jpg\" loading=\"lazy\" class=\"alignnone size-full wp-image-1495\" src=\"http:\/\/desireemartinphoto.com\/blog\/wp-content\/uploads\/2011\/11\/Dibujos-Cesar-BLOG-061.jpg\" alt=\"\" width=\"550\" height=\"398\" srcset=\"http:\/\/desireemartinphoto.com\/blog\/wp-content\/uploads\/2011\/11\/Dibujos-Cesar-BLOG-061.jpg 550w, http:\/\/desireemartinphoto.com\/blog\/wp-content\/uploads\/2011\/11\/Dibujos-Cesar-BLOG-061-300x217.jpg 300w\" sizes=\"(max-width: 550px) 100vw, 550px\" \/><\/p>\n<p>&nbsp;<\/p>\n<p>&nbsp;<\/p>\n<p>&nbsp;<\/p>\n<p>&nbsp;<\/p>\n<p>&nbsp;<\/p>\n<p>&nbsp;<\/p>\n<p>&nbsp;<\/p>\n<p>&nbsp;<\/p>\n<p>&nbsp;<\/p>\n<p>&nbsp;<\/p>\n<p>&nbsp;<\/p>\n<p>&nbsp;<\/p>\n<p>&nbsp;<\/p>\n<p>Preciosos, gracias C\u00e9sar.<\/p>\n<p>A\u00fan hay m\u00e1s!!!!<\/p>\n<div class=\"sharedaddy sd-sharing-enabled\"><div class=\"robots-nocontent sd-block sd-social sd-social-icon-text sd-sharing\"><h3 class=\"sd-title\">COMPARTE ESTO:<\/h3><div class=\"sd-content\"><ul><li class=\"share-facebook\"><a rel=\"nofollow noopener noreferrer\" data-shared=\"sharing-facebook-1467\" class=\"share-facebook sd-button share-icon\" href=\"http:\/\/desireemartinphoto.com\/blog\/la-nube-y-los-ninos\/?share=facebook\" target=\"_blank\" title=\"Haz clic para compartir en Facebook\"><span>Facebook<\/span><\/a><\/li><li class=\"share-twitter\"><a rel=\"nofollow noopener noreferrer\" data-shared=\"sharing-twitter-1467\" class=\"share-twitter sd-button share-icon\" href=\"http:\/\/desireemartinphoto.com\/blog\/la-nube-y-los-ninos\/?share=twitter\" target=\"_blank\" title=\"Haz clic para compartir en Twitter\"><span>Twitter<\/span><\/a><\/li><li class=\"share-email\"><a rel=\"nofollow noopener noreferrer\" data-shared=\"\" class=\"share-email sd-button share-icon\" href=\"http:\/\/desireemartinphoto.com\/blog\/la-nube-y-los-ninos\/?share=email\" target=\"_blank\" title=\"Haz clic para enviar por correo electr\u00f3nico a un amigo\"><span>Correo electr\u00f3nico<\/span><\/a><\/li><li class=\"share-linkedin\"><a rel=\"nofollow noopener noreferrer\" data-shared=\"sharing-linkedin-1467\" class=\"share-linkedin sd-button share-icon\" href=\"http:\/\/desireemartinphoto.com\/blog\/la-nube-y-los-ninos\/?share=linkedin\" target=\"_blank\" title=\"Haz clic para compartir en LinkedIn\"><span>LinkedIn<\/span><\/a><\/li><li class=\"share-tumblr\"><a rel=\"nofollow noopener noreferrer\" data-shared=\"\" class=\"share-tumblr sd-button share-icon\" href=\"http:\/\/desireemartinphoto.com\/blog\/la-nube-y-los-ninos\/?share=tumblr\" target=\"_blank\" title=\"Haz clic para compartir en Tumblr\"><span>Tumblr<\/span><\/a><\/li><li class=\"share-end\"><\/li><\/ul><\/div><\/div><\/div>","protected":false},"excerpt":{"rendered":"<p>Unos de esos d\u00edas en los que frenaba la actividad volc\u00e1nica en el Mar de Las Calmas, tom\u00f3 el relevo el cielo en forma de tormenta. Esta es una de las nubes que recorri\u00f3 el horizonte. Se la envi\u00e9 a un amigo y \u00e9l se la mostr\u00f3 a sus alumnos, ni\u00f1os de unos 8 a\u00f1os. [&#038;hellip<\/p>\n<div class=\"sharedaddy sd-sharing-enabled\"><div class=\"robots-nocontent sd-block sd-social sd-social-icon-text sd-sharing\"><h3 class=\"sd-title\">COMPARTE ESTO:<\/h3><div class=\"sd-content\"><ul><li class=\"share-facebook\"><a rel=\"nofollow noopener noreferrer\" data-shared=\"sharing-facebook-1467\" class=\"share-facebook sd-button share-icon\" href=\"http:\/\/desireemartinphoto.com\/blog\/la-nube-y-los-ninos\/?share=facebook\" target=\"_blank\" title=\"Haz clic para compartir en Facebook\"><span>Facebook<\/span><\/a><\/li><li class=\"share-twitter\"><a rel=\"nofollow noopener noreferrer\" data-shared=\"sharing-twitter-1467\" class=\"share-twitter sd-button share-icon\" href=\"http:\/\/desireemartinphoto.com\/blog\/la-nube-y-los-ninos\/?share=twitter\" target=\"_blank\" title=\"Haz clic para compartir en Twitter\"><span>Twitter<\/span><\/a><\/li><li class=\"share-email\"><a rel=\"nofollow noopener noreferrer\" data-shared=\"\" class=\"share-email sd-button share-icon\" href=\"http:\/\/desireemartinphoto.com\/blog\/la-nube-y-los-ninos\/?share=email\" target=\"_blank\" title=\"Haz clic para enviar por correo electr\u00f3nico a un amigo\"><span>Correo electr\u00f3nico<\/span><\/a><\/li><li class=\"share-linkedin\"><a rel=\"nofollow noopener noreferrer\" data-shared=\"sharing-linkedin-1467\" class=\"share-linkedin sd-button share-icon\" href=\"http:\/\/desireemartinphoto.com\/blog\/la-nube-y-los-ninos\/?share=linkedin\" target=\"_blank\" title=\"Haz clic para compartir en LinkedIn\"><span>LinkedIn<\/span><\/a><\/li><li class=\"share-tumblr\"><a rel=\"nofollow noopener noreferrer\" data-shared=\"\" class=\"share-tumblr sd-button share-icon\" href=\"http:\/\/desireemartinphoto.com\/blog\/la-nube-y-los-ninos\/?share=tumblr\" target=\"_blank\" title=\"Haz clic para compartir en Tumblr\"><span>Tumblr<\/span><\/a><\/li><li class=\"share-end\"><\/li><\/ul><\/div><\/div><\/div>","protected":false},"author":1,"featured_media":0,"comment_status":"open","ping_status":"open","sticky":false,"template":"","format":"standard","meta":{"spay_email":""},"categories":[1],"tags":[],"jetpack_featured_media_url":"","jetpack_sharing_enabled":true,"_links":{"self":[{"href":"http:\/\/desireemartinphoto.com\/blog\/wp-json\/wp\/v2\/posts\/1467"}],"collection":[{"href":"http:\/\/desireemartinphoto.com\/blog\/wp-json\/wp\/v2\/posts"}],"about":[{"href":"http:\/\/desireemartinphoto.com\/blog\/wp-json\/wp\/v2\/types\/post"}],"author":[{"embeddable":true,"href":"http:\/\/desireemartinphoto.com\/blog\/wp-json\/wp\/v2\/users\/1"}],"replies":[{"embeddable":true,"href":"http:\/\/desireemartinphoto.com\/blog\/wp-json\/wp\/v2\/comments?post=1467"}],"version-history":[{"count":4,"href":"http:\/\/desireemartinphoto.com\/blog\/wp-json\/wp\/v2\/posts\/1467\/revisions"}],"predecessor-version":[{"id":1491,"href":"http:\/\/desireemartinphoto.com\/blog\/wp-json\/wp\/v2\/posts\/1467\/revisions\/1491"}],"wp:attachment":[{"href":"http:\/\/desireemartinphoto.com\/blog\/wp-json\/wp\/v2\/media?parent=1467"}],"wp:term":[{"taxonomy":"category","embeddable":true,"href":"http:\/\/desireemartinphoto.com\/blog\/wp-json\/wp\/v2\/categories?post=1467"},{"taxonomy":"post_tag","embeddable":true,"href":"http:\/\/desireemartinphoto.com\/blog\/wp-json\/wp\/v2\/tags?post=1467"}],"curies":[{"name":"wp","href":"https:\/\/api.w.org\/{rel}","templated":true}]}}