{"id":1417,"date":"2011-11-07T21:18:01","date_gmt":"2011-11-07T21:18:01","guid":{"rendered":"http:\/\/desireemartinphoto.com\/blog\/?p=1417"},"modified":"2011-11-07T21:18:01","modified_gmt":"2011-11-07T21:18:01","slug":"regreso-a-el-hierro","status":"publish","type":"post","link":"http:\/\/desireemartinphoto.com\/blog\/regreso-a-el-hierro\/","title":{"rendered":"Regreso a El Hierro &#8230;"},"content":{"rendered":"<p>Hace unos d\u00edas regres\u00e9 a El Hierro. Fue una visita corta, iba a presentar un libro sobre las &#8221; Fronteras&#8221;, movimientos migratorios, Africa..\u00a0 FRONTERAS 2.0 .<\/p>\n<p>Estando all\u00ed no pod\u00eda impedir sentir que , a pesar de que me entusiasmaba el por qu\u00e9 de ese viaje ( todo el que me conoce sabe lo que ha significado la inmigraci\u00f3n en mi vida) , me faltaba algo &#8230; a mi misma&#8230; a todo aquello que he defendido desde que empec\u00e9 en esto del fotoperiodismo.<\/p>\n<p>&nbsp;<\/p>\n<p>SER TESTIGO<\/p>\n<p>Lo repito hasta la saciedad. Y no lo estaba haciendo.<\/p>\n<p>La situaci\u00f3n no es nada f\u00e1cil. el tema de la erupci\u00f3n volc\u00e1nica submarina de El Hierro NO INTERESA, NO VENDE. Estamos en elecciones..<\/p>\n<p>En unas horas estoy en la isla. Yo, mi coche, mi equipo y muchas ganas de ver a toda esa gente que he conocido en esta situaci\u00f3n que , aunque no es un drama humanitario, si lo es humano, para cada uno de ellos, es un imp\u00e1s en sus vidas &#8230;y no de los agradables.<\/p>\n<p>&nbsp;<\/p>\n<p>&nbsp;<\/p>\n<p><img data-attachment-id=\"1418\" data-permalink=\"http:\/\/desireemartinphoto.com\/blog\/regreso-a-el-hierro\/dm-mi-cielo-hierro-041111-01blog\/\" data-orig-file=\"http:\/\/desireemartinphoto.com\/blog\/wp-content\/uploads\/2011\/11\/DM-Mi-cielo-Hierro-041111-01BLOG.jpg\" data-orig-size=\"550,311\" data-comments-opened=\"1\" data-image-meta=\"{&quot;aperture&quot;:&quot;5.6&quot;,&quot;credit&quot;:&quot;&quot;,&quot;camera&quot;:&quot;Canon EOS 5D Mark II&quot;,&quot;caption&quot;:&quot;&quot;,&quot;created_timestamp&quot;:&quot;1320342385&quot;,&quot;copyright&quot;:&quot;&quot;,&quot;focal_length&quot;:&quot;35&quot;,&quot;iso&quot;:&quot;200&quot;,&quot;shutter_speed&quot;:&quot;0.001&quot;,&quot;title&quot;:&quot;&quot;}\" data-image-title=\"DM-Mi-cielo-Hierro-041111-01BLOG\" data-image-description=\"\" data-medium-file=\"http:\/\/desireemartinphoto.com\/blog\/wp-content\/uploads\/2011\/11\/DM-Mi-cielo-Hierro-041111-01BLOG-300x169.jpg\" data-large-file=\"http:\/\/desireemartinphoto.com\/blog\/wp-content\/uploads\/2011\/11\/DM-Mi-cielo-Hierro-041111-01BLOG.jpg\" loading=\"lazy\" class=\"alignnone size-full wp-image-1418\" src=\"http:\/\/desireemartinphoto.com\/blog\/wp-content\/uploads\/2011\/11\/DM-Mi-cielo-Hierro-041111-01BLOG.jpg\" alt=\"\" width=\"550\" height=\"311\" srcset=\"http:\/\/desireemartinphoto.com\/blog\/wp-content\/uploads\/2011\/11\/DM-Mi-cielo-Hierro-041111-01BLOG.jpg 550w, http:\/\/desireemartinphoto.com\/blog\/wp-content\/uploads\/2011\/11\/DM-Mi-cielo-Hierro-041111-01BLOG-300x169.jpg 300w\" sizes=\"(max-width: 550px) 100vw, 550px\" \/><\/p>\n<p>&nbsp;<\/p>\n<p>Vista del Teide, mi techo.<\/p>\n<div class=\"sharedaddy sd-sharing-enabled\"><div class=\"robots-nocontent sd-block sd-social sd-social-icon-text sd-sharing\"><h3 class=\"sd-title\">COMPARTE ESTO:<\/h3><div class=\"sd-content\"><ul><li class=\"share-facebook\"><a rel=\"nofollow noopener noreferrer\" data-shared=\"sharing-facebook-1417\" class=\"share-facebook sd-button share-icon\" href=\"http:\/\/desireemartinphoto.com\/blog\/regreso-a-el-hierro\/?share=facebook\" target=\"_blank\" title=\"Haz clic para compartir en Facebook\"><span>Facebook<\/span><\/a><\/li><li class=\"share-twitter\"><a rel=\"nofollow noopener noreferrer\" data-shared=\"sharing-twitter-1417\" class=\"share-twitter sd-button share-icon\" href=\"http:\/\/desireemartinphoto.com\/blog\/regreso-a-el-hierro\/?share=twitter\" target=\"_blank\" title=\"Haz clic para compartir en Twitter\"><span>Twitter<\/span><\/a><\/li><li class=\"share-email\"><a rel=\"nofollow noopener noreferrer\" data-shared=\"\" class=\"share-email sd-button share-icon\" href=\"http:\/\/desireemartinphoto.com\/blog\/regreso-a-el-hierro\/?share=email\" target=\"_blank\" title=\"Haz clic para enviar por correo electr\u00f3nico a un amigo\"><span>Correo electr\u00f3nico<\/span><\/a><\/li><li class=\"share-linkedin\"><a rel=\"nofollow noopener noreferrer\" data-shared=\"sharing-linkedin-1417\" class=\"share-linkedin sd-button share-icon\" href=\"http:\/\/desireemartinphoto.com\/blog\/regreso-a-el-hierro\/?share=linkedin\" target=\"_blank\" title=\"Haz clic para compartir en LinkedIn\"><span>LinkedIn<\/span><\/a><\/li><li class=\"share-tumblr\"><a rel=\"nofollow noopener noreferrer\" data-shared=\"\" class=\"share-tumblr sd-button share-icon\" href=\"http:\/\/desireemartinphoto.com\/blog\/regreso-a-el-hierro\/?share=tumblr\" target=\"_blank\" title=\"Haz clic para compartir en Tumblr\"><span>Tumblr<\/span><\/a><\/li><li class=\"share-end\"><\/li><\/ul><\/div><\/div><\/div>","protected":false},"excerpt":{"rendered":"<p>Hace unos d\u00edas regres\u00e9 a El Hierro. Fue una visita corta, iba a presentar un libro sobre las &#8221; Fronteras&#8221;, movimientos migratorios, Africa..\u00a0 FRONTERAS 2.0 . Estando all\u00ed no pod\u00eda impedir sentir que , a pesar de que me entusiasmaba el por qu\u00e9 de ese viaje ( todo el que me conoce sabe lo que [&#038;hellip<\/p>\n<div class=\"sharedaddy sd-sharing-enabled\"><div class=\"robots-nocontent sd-block sd-social sd-social-icon-text sd-sharing\"><h3 class=\"sd-title\">COMPARTE ESTO:<\/h3><div class=\"sd-content\"><ul><li class=\"share-facebook\"><a rel=\"nofollow noopener noreferrer\" data-shared=\"sharing-facebook-1417\" class=\"share-facebook sd-button share-icon\" href=\"http:\/\/desireemartinphoto.com\/blog\/regreso-a-el-hierro\/?share=facebook\" target=\"_blank\" title=\"Haz clic para compartir en Facebook\"><span>Facebook<\/span><\/a><\/li><li class=\"share-twitter\"><a rel=\"nofollow noopener noreferrer\" data-shared=\"sharing-twitter-1417\" class=\"share-twitter sd-button share-icon\" href=\"http:\/\/desireemartinphoto.com\/blog\/regreso-a-el-hierro\/?share=twitter\" target=\"_blank\" title=\"Haz clic para compartir en Twitter\"><span>Twitter<\/span><\/a><\/li><li class=\"share-email\"><a rel=\"nofollow noopener noreferrer\" data-shared=\"\" class=\"share-email sd-button share-icon\" href=\"http:\/\/desireemartinphoto.com\/blog\/regreso-a-el-hierro\/?share=email\" target=\"_blank\" title=\"Haz clic para enviar por correo electr\u00f3nico a un amigo\"><span>Correo electr\u00f3nico<\/span><\/a><\/li><li class=\"share-linkedin\"><a rel=\"nofollow noopener noreferrer\" data-shared=\"sharing-linkedin-1417\" class=\"share-linkedin sd-button share-icon\" href=\"http:\/\/desireemartinphoto.com\/blog\/regreso-a-el-hierro\/?share=linkedin\" target=\"_blank\" title=\"Haz clic para compartir en LinkedIn\"><span>LinkedIn<\/span><\/a><\/li><li class=\"share-tumblr\"><a rel=\"nofollow noopener noreferrer\" data-shared=\"\" class=\"share-tumblr sd-button share-icon\" href=\"http:\/\/desireemartinphoto.com\/blog\/regreso-a-el-hierro\/?share=tumblr\" target=\"_blank\" title=\"Haz clic para compartir en Tumblr\"><span>Tumblr<\/span><\/a><\/li><li class=\"share-end\"><\/li><\/ul><\/div><\/div><\/div>","protected":false},"author":1,"featured_media":0,"comment_status":"open","ping_status":"open","sticky":false,"template":"","format":"standard","meta":{"spay_email":""},"categories":[1],"tags":[],"jetpack_featured_media_url":"","jetpack_sharing_enabled":true,"_links":{"self":[{"href":"http:\/\/desireemartinphoto.com\/blog\/wp-json\/wp\/v2\/posts\/1417"}],"collection":[{"href":"http:\/\/desireemartinphoto.com\/blog\/wp-json\/wp\/v2\/posts"}],"about":[{"href":"http:\/\/desireemartinphoto.com\/blog\/wp-json\/wp\/v2\/types\/post"}],"author":[{"embeddable":true,"href":"http:\/\/desireemartinphoto.com\/blog\/wp-json\/wp\/v2\/users\/1"}],"replies":[{"embeddable":true,"href":"http:\/\/desireemartinphoto.com\/blog\/wp-json\/wp\/v2\/comments?post=1417"}],"version-history":[{"count":2,"href":"http:\/\/desireemartinphoto.com\/blog\/wp-json\/wp\/v2\/posts\/1417\/revisions"}],"predecessor-version":[{"id":1420,"href":"http:\/\/desireemartinphoto.com\/blog\/wp-json\/wp\/v2\/posts\/1417\/revisions\/1420"}],"wp:attachment":[{"href":"http:\/\/desireemartinphoto.com\/blog\/wp-json\/wp\/v2\/media?parent=1417"}],"wp:term":[{"taxonomy":"category","embeddable":true,"href":"http:\/\/desireemartinphoto.com\/blog\/wp-json\/wp\/v2\/categories?post=1417"},{"taxonomy":"post_tag","embeddable":true,"href":"http:\/\/desireemartinphoto.com\/blog\/wp-json\/wp\/v2\/tags?post=1417"}],"curies":[{"name":"wp","href":"https:\/\/api.w.org\/{rel}","templated":true}]}}