{"id":1380,"date":"2011-10-21T17:40:33","date_gmt":"2011-10-21T17:40:33","guid":{"rendered":"http:\/\/desireemartinphoto.com\/blog\/?p=1380"},"modified":"2011-10-21T17:40:33","modified_gmt":"2011-10-21T17:40:33","slug":"alguna-mas-del-dia-de-mayor-actividad","status":"publish","type":"post","link":"http:\/\/desireemartinphoto.com\/blog\/alguna-mas-del-dia-de-mayor-actividad\/","title":{"rendered":"&#8230; alguna m\u00e1s del d\u00eda de mayor actividad &#8230;"},"content":{"rendered":"<p>Me han pedido que cuelgue alguna m\u00e1s &#8230; 11 min para hacer video y fotos ( la magia de la 5D Mark II ) no me di\u00f3 para m\u00e1s &#8230; Adem\u00e1s mo iba en ninguna ventana del helicoptero .. me toc\u00f3 el centro &#8230;eso s\u00ed!!\u00a0 con la cuerda del arnes bien larga &#8230;\u00a0\u00a0 \ud83d\ude42\u00a0 \u00a0 lo suficienta para revolverme en \u00e9l! \u00a1Gracias!<\/p>\n<p><img data-attachment-id=\"1381\" data-permalink=\"http:\/\/desireemartinphoto.com\/blog\/alguna-mas-del-dia-de-mayor-actividad\/dm-afp-mancha-171011-blog-09\/\" data-orig-file=\"http:\/\/desireemartinphoto.com\/blog\/wp-content\/uploads\/2011\/10\/DM-AFP-Mancha-171011-BLOG-09.jpg\" data-orig-size=\"550,367\" data-comments-opened=\"1\" data-image-meta=\"{&quot;aperture&quot;:&quot;5.6&quot;,&quot;credit&quot;:&quot;&quot;,&quot;camera&quot;:&quot;Canon EOS 5D Mark II&quot;,&quot;caption&quot;:&quot;&quot;,&quot;created_timestamp&quot;:&quot;1318852510&quot;,&quot;copyright&quot;:&quot;&quot;,&quot;focal_length&quot;:&quot;16&quot;,&quot;iso&quot;:&quot;100&quot;,&quot;shutter_speed&quot;:&quot;0.0025&quot;,&quot;title&quot;:&quot;&quot;}\" data-image-title=\"DM-AFP-Mancha-171011-BLOG-09\" data-image-description=\"\" data-medium-file=\"http:\/\/desireemartinphoto.com\/blog\/wp-content\/uploads\/2011\/10\/DM-AFP-Mancha-171011-BLOG-09-300x200.jpg\" data-large-file=\"http:\/\/desireemartinphoto.com\/blog\/wp-content\/uploads\/2011\/10\/DM-AFP-Mancha-171011-BLOG-09.jpg\" loading=\"lazy\" class=\"alignnone size-full wp-image-1381\" src=\"http:\/\/desireemartinphoto.com\/blog\/wp-content\/uploads\/2011\/10\/DM-AFP-Mancha-171011-BLOG-09.jpg\" alt=\"\" width=\"550\" height=\"367\" srcset=\"http:\/\/desireemartinphoto.com\/blog\/wp-content\/uploads\/2011\/10\/DM-AFP-Mancha-171011-BLOG-09.jpg 550w, http:\/\/desireemartinphoto.com\/blog\/wp-content\/uploads\/2011\/10\/DM-AFP-Mancha-171011-BLOG-09-300x200.jpg 300w\" sizes=\"(max-width: 550px) 100vw, 550px\" \/><\/p>\n<p><img data-attachment-id=\"1382\" data-permalink=\"http:\/\/desireemartinphoto.com\/blog\/alguna-mas-del-dia-de-mayor-actividad\/dm-afp-mancha-171011-blog-10\/\" data-orig-file=\"http:\/\/desireemartinphoto.com\/blog\/wp-content\/uploads\/2011\/10\/DM-AFP-Mancha-171011-BLOG-10.jpg\" data-orig-size=\"550,332\" data-comments-opened=\"1\" data-image-meta=\"{&quot;aperture&quot;:&quot;5.6&quot;,&quot;credit&quot;:&quot;&quot;,&quot;camera&quot;:&quot;Canon EOS 5D Mark II&quot;,&quot;caption&quot;:&quot;&quot;,&quot;created_timestamp&quot;:&quot;1318852123&quot;,&quot;copyright&quot;:&quot;&quot;,&quot;focal_length&quot;:&quot;16&quot;,&quot;iso&quot;:&quot;100&quot;,&quot;shutter_speed&quot;:&quot;0.0015625&quot;,&quot;title&quot;:&quot;&quot;}\" data-image-title=\"DM-AFP-Mancha-171011-BLOG-10\" data-image-description=\"\" data-medium-file=\"http:\/\/desireemartinphoto.com\/blog\/wp-content\/uploads\/2011\/10\/DM-AFP-Mancha-171011-BLOG-10-300x181.jpg\" data-large-file=\"http:\/\/desireemartinphoto.com\/blog\/wp-content\/uploads\/2011\/10\/DM-AFP-Mancha-171011-BLOG-10.jpg\" loading=\"lazy\" class=\"alignnone size-full wp-image-1382\" src=\"http:\/\/desireemartinphoto.com\/blog\/wp-content\/uploads\/2011\/10\/DM-AFP-Mancha-171011-BLOG-10.jpg\" alt=\"\" width=\"550\" height=\"332\" srcset=\"http:\/\/desireemartinphoto.com\/blog\/wp-content\/uploads\/2011\/10\/DM-AFP-Mancha-171011-BLOG-10.jpg 550w, http:\/\/desireemartinphoto.com\/blog\/wp-content\/uploads\/2011\/10\/DM-AFP-Mancha-171011-BLOG-10-300x181.jpg 300w\" sizes=\"(max-width: 550px) 100vw, 550px\" \/><\/p>\n<p><img data-attachment-id=\"1383\" data-permalink=\"http:\/\/desireemartinphoto.com\/blog\/alguna-mas-del-dia-de-mayor-actividad\/dm-afp-mancha-171011-blog-08\/\" data-orig-file=\"http:\/\/desireemartinphoto.com\/blog\/wp-content\/uploads\/2011\/10\/DM-AFP-Mancha-171011-BLOG-08.jpg\" data-orig-size=\"550,359\" data-comments-opened=\"1\" data-image-meta=\"{&quot;aperture&quot;:&quot;5.6&quot;,&quot;credit&quot;:&quot;&quot;,&quot;camera&quot;:&quot;Canon EOS 5D Mark II&quot;,&quot;caption&quot;:&quot;&quot;,&quot;created_timestamp&quot;:&quot;1318852648&quot;,&quot;copyright&quot;:&quot;&quot;,&quot;focal_length&quot;:&quot;16&quot;,&quot;iso&quot;:&quot;100&quot;,&quot;shutter_speed&quot;:&quot;0.005&quot;,&quot;title&quot;:&quot;&quot;}\" data-image-title=\"DM-AFP-Mancha-171011-BLOG-08\" data-image-description=\"\" data-medium-file=\"http:\/\/desireemartinphoto.com\/blog\/wp-content\/uploads\/2011\/10\/DM-AFP-Mancha-171011-BLOG-08-300x195.jpg\" data-large-file=\"http:\/\/desireemartinphoto.com\/blog\/wp-content\/uploads\/2011\/10\/DM-AFP-Mancha-171011-BLOG-08.jpg\" loading=\"lazy\" class=\"alignnone size-full wp-image-1383\" src=\"http:\/\/desireemartinphoto.com\/blog\/wp-content\/uploads\/2011\/10\/DM-AFP-Mancha-171011-BLOG-08.jpg\" alt=\"\" width=\"550\" height=\"359\" srcset=\"http:\/\/desireemartinphoto.com\/blog\/wp-content\/uploads\/2011\/10\/DM-AFP-Mancha-171011-BLOG-08.jpg 550w, http:\/\/desireemartinphoto.com\/blog\/wp-content\/uploads\/2011\/10\/DM-AFP-Mancha-171011-BLOG-08-300x195.jpg 300w\" sizes=\"(max-width: 550px) 100vw, 550px\" \/><\/p>\n<div class=\"sharedaddy sd-sharing-enabled\"><div class=\"robots-nocontent sd-block sd-social sd-social-icon-text sd-sharing\"><h3 class=\"sd-title\">COMPARTE ESTO:<\/h3><div class=\"sd-content\"><ul><li class=\"share-facebook\"><a rel=\"nofollow noopener noreferrer\" data-shared=\"sharing-facebook-1380\" class=\"share-facebook sd-button share-icon\" href=\"http:\/\/desireemartinphoto.com\/blog\/alguna-mas-del-dia-de-mayor-actividad\/?share=facebook\" target=\"_blank\" title=\"Haz clic para compartir en Facebook\"><span>Facebook<\/span><\/a><\/li><li class=\"share-twitter\"><a rel=\"nofollow noopener noreferrer\" data-shared=\"sharing-twitter-1380\" class=\"share-twitter sd-button share-icon\" href=\"http:\/\/desireemartinphoto.com\/blog\/alguna-mas-del-dia-de-mayor-actividad\/?share=twitter\" target=\"_blank\" title=\"Haz clic para compartir en Twitter\"><span>Twitter<\/span><\/a><\/li><li class=\"share-email\"><a rel=\"nofollow noopener noreferrer\" data-shared=\"\" class=\"share-email sd-button share-icon\" href=\"http:\/\/desireemartinphoto.com\/blog\/alguna-mas-del-dia-de-mayor-actividad\/?share=email\" target=\"_blank\" title=\"Haz clic para enviar por correo electr\u00f3nico a un amigo\"><span>Correo electr\u00f3nico<\/span><\/a><\/li><li class=\"share-linkedin\"><a rel=\"nofollow noopener noreferrer\" data-shared=\"sharing-linkedin-1380\" class=\"share-linkedin sd-button share-icon\" href=\"http:\/\/desireemartinphoto.com\/blog\/alguna-mas-del-dia-de-mayor-actividad\/?share=linkedin\" target=\"_blank\" title=\"Haz clic para compartir en LinkedIn\"><span>LinkedIn<\/span><\/a><\/li><li class=\"share-tumblr\"><a rel=\"nofollow noopener noreferrer\" data-shared=\"\" class=\"share-tumblr sd-button share-icon\" href=\"http:\/\/desireemartinphoto.com\/blog\/alguna-mas-del-dia-de-mayor-actividad\/?share=tumblr\" target=\"_blank\" title=\"Haz clic para compartir en Tumblr\"><span>Tumblr<\/span><\/a><\/li><li class=\"share-end\"><\/li><\/ul><\/div><\/div><\/div>","protected":false},"excerpt":{"rendered":"<p>Me han pedido que cuelgue alguna m\u00e1s &#8230; 11 min para hacer video y fotos ( la magia de la 5D Mark II ) no me di\u00f3 para m\u00e1s &#8230; Adem\u00e1s mo iba en ninguna ventana del helicoptero .. me toc\u00f3 el centro &#8230;eso s\u00ed!!\u00a0 con la cuerda del arnes bien larga &#8230;\u00a0\u00a0 \ud83d\ude42\u00a0 \u00a0 [&#038;hellip<\/p>\n<div class=\"sharedaddy sd-sharing-enabled\"><div class=\"robots-nocontent sd-block sd-social sd-social-icon-text sd-sharing\"><h3 class=\"sd-title\">COMPARTE ESTO:<\/h3><div class=\"sd-content\"><ul><li class=\"share-facebook\"><a rel=\"nofollow noopener noreferrer\" data-shared=\"sharing-facebook-1380\" class=\"share-facebook sd-button share-icon\" href=\"http:\/\/desireemartinphoto.com\/blog\/alguna-mas-del-dia-de-mayor-actividad\/?share=facebook\" target=\"_blank\" title=\"Haz clic para compartir en Facebook\"><span>Facebook<\/span><\/a><\/li><li class=\"share-twitter\"><a rel=\"nofollow noopener noreferrer\" data-shared=\"sharing-twitter-1380\" class=\"share-twitter sd-button share-icon\" href=\"http:\/\/desireemartinphoto.com\/blog\/alguna-mas-del-dia-de-mayor-actividad\/?share=twitter\" target=\"_blank\" title=\"Haz clic para compartir en Twitter\"><span>Twitter<\/span><\/a><\/li><li class=\"share-email\"><a rel=\"nofollow noopener noreferrer\" data-shared=\"\" class=\"share-email sd-button share-icon\" href=\"http:\/\/desireemartinphoto.com\/blog\/alguna-mas-del-dia-de-mayor-actividad\/?share=email\" target=\"_blank\" title=\"Haz clic para enviar por correo electr\u00f3nico a un amigo\"><span>Correo electr\u00f3nico<\/span><\/a><\/li><li class=\"share-linkedin\"><a rel=\"nofollow noopener noreferrer\" data-shared=\"sharing-linkedin-1380\" class=\"share-linkedin sd-button share-icon\" href=\"http:\/\/desireemartinphoto.com\/blog\/alguna-mas-del-dia-de-mayor-actividad\/?share=linkedin\" target=\"_blank\" title=\"Haz clic para compartir en LinkedIn\"><span>LinkedIn<\/span><\/a><\/li><li class=\"share-tumblr\"><a rel=\"nofollow noopener noreferrer\" data-shared=\"\" class=\"share-tumblr sd-button share-icon\" href=\"http:\/\/desireemartinphoto.com\/blog\/alguna-mas-del-dia-de-mayor-actividad\/?share=tumblr\" target=\"_blank\" title=\"Haz clic para compartir en Tumblr\"><span>Tumblr<\/span><\/a><\/li><li class=\"share-end\"><\/li><\/ul><\/div><\/div><\/div>","protected":false},"author":1,"featured_media":0,"comment_status":"open","ping_status":"open","sticky":false,"template":"","format":"standard","meta":{"spay_email":""},"categories":[1],"tags":[231,260],"jetpack_featured_media_url":"","jetpack_sharing_enabled":true,"_links":{"self":[{"href":"http:\/\/desireemartinphoto.com\/blog\/wp-json\/wp\/v2\/posts\/1380"}],"collection":[{"href":"http:\/\/desireemartinphoto.com\/blog\/wp-json\/wp\/v2\/posts"}],"about":[{"href":"http:\/\/desireemartinphoto.com\/blog\/wp-json\/wp\/v2\/types\/post"}],"author":[{"embeddable":true,"href":"http:\/\/desireemartinphoto.com\/blog\/wp-json\/wp\/v2\/users\/1"}],"replies":[{"embeddable":true,"href":"http:\/\/desireemartinphoto.com\/blog\/wp-json\/wp\/v2\/comments?post=1380"}],"version-history":[{"count":1,"href":"http:\/\/desireemartinphoto.com\/blog\/wp-json\/wp\/v2\/posts\/1380\/revisions"}],"predecessor-version":[{"id":1384,"href":"http:\/\/desireemartinphoto.com\/blog\/wp-json\/wp\/v2\/posts\/1380\/revisions\/1384"}],"wp:attachment":[{"href":"http:\/\/desireemartinphoto.com\/blog\/wp-json\/wp\/v2\/media?parent=1380"}],"wp:term":[{"taxonomy":"category","embeddable":true,"href":"http:\/\/desireemartinphoto.com\/blog\/wp-json\/wp\/v2\/categories?post=1380"},{"taxonomy":"post_tag","embeddable":true,"href":"http:\/\/desireemartinphoto.com\/blog\/wp-json\/wp\/v2\/tags?post=1380"}],"curies":[{"name":"wp","href":"https:\/\/api.w.org\/{rel}","templated":true}]}}