{"id":138,"date":"2010-04-20T20:03:18","date_gmt":"2010-04-20T20:03:18","guid":{"rendered":"http:\/\/desireemartinphoto.com\/blog\/?p=138"},"modified":"2010-04-20T20:03:18","modified_gmt":"2010-04-20T20:03:18","slug":"costaleras-del-cristo-cautivo","status":"publish","type":"post","link":"http:\/\/desireemartinphoto.com\/blog\/costaleras-del-cristo-cautivo\/","title":{"rendered":"COSTALERAS DEL CRISTO CAUTIVO"},"content":{"rendered":"<p>HolaaaaAAA&#8230;.<\/p>\n<p>Por fin tengo algo que mostrar de Semana Santa&#8230; son las costaleras que llevan al Cristo Cautivo en la procesi\u00f3n de la Semana Santa de Santa Cruz de Tenerife.<\/p>\n<p>Es un seguimiento desde que se mord\u00edan las u\u00f1as en la casa donde se concentraban, hasta que depositaron la imagen del Cristo en la Iglesia de los Franciscanos&#8230;.o casi&#8230; ustedes diran..<\/p>\n<p><img data-attachment-id=\"140\" data-permalink=\"http:\/\/desireemartinphoto.com\/blog\/costaleras-del-cristo-cautivo\/dm-costaleras-cristo-cautivo2010-01-blog\/\" data-orig-file=\"http:\/\/desireemartinphoto.com\/blog\/wp-content\/uploads\/2010\/04\/DM-Costaleras-Cristo-Cautivo2010-01-blog.jpg\" data-orig-size=\"550,390\" data-comments-opened=\"1\" data-image-meta=\"{&quot;aperture&quot;:&quot;1.8&quot;,&quot;credit&quot;:&quot;&quot;,&quot;camera&quot;:&quot;Canon EOS 5D Mark II&quot;,&quot;caption&quot;:&quot;&quot;,&quot;created_timestamp&quot;:&quot;1270153988&quot;,&quot;copyright&quot;:&quot;&quot;,&quot;focal_length&quot;:&quot;85&quot;,&quot;iso&quot;:&quot;2500&quot;,&quot;shutter_speed&quot;:&quot;0.02&quot;,&quot;title&quot;:&quot;&quot;}\" data-image-title=\"DM-Costaleras-Cristo-Cautivo2010-01-blog\" data-image-description=\"\" data-medium-file=\"http:\/\/desireemartinphoto.com\/blog\/wp-content\/uploads\/2010\/04\/DM-Costaleras-Cristo-Cautivo2010-01-blog-300x212.jpg\" data-large-file=\"http:\/\/desireemartinphoto.com\/blog\/wp-content\/uploads\/2010\/04\/DM-Costaleras-Cristo-Cautivo2010-01-blog.jpg\" loading=\"lazy\" class=\"alignnone size-full wp-image-140\" src=\"http:\/\/desireemartinphoto.com\/blog\/wp-content\/uploads\/2010\/04\/DM-Costaleras-Cristo-Cautivo2010-01-blog.jpg\" alt=\"\" width=\"550\" height=\"390\" srcset=\"http:\/\/desireemartinphoto.com\/blog\/wp-content\/uploads\/2010\/04\/DM-Costaleras-Cristo-Cautivo2010-01-blog.jpg 550w, http:\/\/desireemartinphoto.com\/blog\/wp-content\/uploads\/2010\/04\/DM-Costaleras-Cristo-Cautivo2010-01-blog-300x212.jpg 300w\" sizes=\"(max-width: 550px) 100vw, 550px\" \/><\/p>\n<p><img data-attachment-id=\"141\" data-permalink=\"http:\/\/desireemartinphoto.com\/blog\/costaleras-del-cristo-cautivo\/dm-costaleras-cristo-cautivo2010-03-blog\/\" data-orig-file=\"http:\/\/desireemartinphoto.com\/blog\/wp-content\/uploads\/2010\/04\/DM-Costaleras-Cristo-Cautivo2010-03-blog.jpg\" data-orig-size=\"550,367\" data-comments-opened=\"1\" data-image-meta=\"{&quot;aperture&quot;:&quot;2.8&quot;,&quot;credit&quot;:&quot;&quot;,&quot;camera&quot;:&quot;Canon EOS 5D Mark II&quot;,&quot;caption&quot;:&quot;&quot;,&quot;created_timestamp&quot;:&quot;1270154277&quot;,&quot;copyright&quot;:&quot;&quot;,&quot;focal_length&quot;:&quot;16&quot;,&quot;iso&quot;:&quot;2500&quot;,&quot;shutter_speed&quot;:&quot;0.05&quot;,&quot;title&quot;:&quot;&quot;}\" data-image-title=\"DM-Costaleras-Cristo-Cautivo2010-03-blog\" data-image-description=\"\" data-medium-file=\"http:\/\/desireemartinphoto.com\/blog\/wp-content\/uploads\/2010\/04\/DM-Costaleras-Cristo-Cautivo2010-03-blog-300x200.jpg\" data-large-file=\"http:\/\/desireemartinphoto.com\/blog\/wp-content\/uploads\/2010\/04\/DM-Costaleras-Cristo-Cautivo2010-03-blog.jpg\" loading=\"lazy\" class=\"alignnone size-full wp-image-141\" src=\"http:\/\/desireemartinphoto.com\/blog\/wp-content\/uploads\/2010\/04\/DM-Costaleras-Cristo-Cautivo2010-03-blog.jpg\" alt=\"\" width=\"550\" height=\"367\" srcset=\"http:\/\/desireemartinphoto.com\/blog\/wp-content\/uploads\/2010\/04\/DM-Costaleras-Cristo-Cautivo2010-03-blog.jpg 550w, http:\/\/desireemartinphoto.com\/blog\/wp-content\/uploads\/2010\/04\/DM-Costaleras-Cristo-Cautivo2010-03-blog-300x200.jpg 300w\" sizes=\"(max-width: 550px) 100vw, 550px\" \/><\/p>\n<p><img data-attachment-id=\"142\" data-permalink=\"http:\/\/desireemartinphoto.com\/blog\/costaleras-del-cristo-cautivo\/dm-costaleras-cristo-cautivo2010-05-blog\/\" data-orig-file=\"http:\/\/desireemartinphoto.com\/blog\/wp-content\/uploads\/2010\/04\/DM-Costaleras-Cristo-Cautivo2010-05-blog.jpg\" data-orig-size=\"550,450\" data-comments-opened=\"1\" data-image-meta=\"{&quot;aperture&quot;:&quot;1.8&quot;,&quot;credit&quot;:&quot;&quot;,&quot;camera&quot;:&quot;Canon EOS 5D Mark II&quot;,&quot;caption&quot;:&quot;&quot;,&quot;created_timestamp&quot;:&quot;1270154085&quot;,&quot;copyright&quot;:&quot;&quot;,&quot;focal_length&quot;:&quot;85&quot;,&quot;iso&quot;:&quot;2500&quot;,&quot;shutter_speed&quot;:&quot;0.02&quot;,&quot;title&quot;:&quot;&quot;}\" data-image-title=\"DM-Costaleras-Cristo-Cautivo2010-05-blog\" data-image-description=\"\" data-medium-file=\"http:\/\/desireemartinphoto.com\/blog\/wp-content\/uploads\/2010\/04\/DM-Costaleras-Cristo-Cautivo2010-05-blog-300x245.jpg\" data-large-file=\"http:\/\/desireemartinphoto.com\/blog\/wp-content\/uploads\/2010\/04\/DM-Costaleras-Cristo-Cautivo2010-05-blog.jpg\" loading=\"lazy\" class=\"alignnone size-full wp-image-142\" src=\"http:\/\/desireemartinphoto.com\/blog\/wp-content\/uploads\/2010\/04\/DM-Costaleras-Cristo-Cautivo2010-05-blog.jpg\" alt=\"\" width=\"550\" height=\"450\" srcset=\"http:\/\/desireemartinphoto.com\/blog\/wp-content\/uploads\/2010\/04\/DM-Costaleras-Cristo-Cautivo2010-05-blog.jpg 550w, http:\/\/desireemartinphoto.com\/blog\/wp-content\/uploads\/2010\/04\/DM-Costaleras-Cristo-Cautivo2010-05-blog-300x245.jpg 300w\" sizes=\"(max-width: 550px) 100vw, 550px\" \/><\/p>\n<p><img data-attachment-id=\"139\" data-permalink=\"http:\/\/desireemartinphoto.com\/blog\/costaleras-del-cristo-cautivo\/dm-costaleras-cristo-cautivo2010-11-blog\/\" data-orig-file=\"http:\/\/desireemartinphoto.com\/blog\/wp-content\/uploads\/2010\/04\/DM-Costaleras-Cristo-Cautivo2010-11-blog.jpg\" data-orig-size=\"550,526\" data-comments-opened=\"1\" data-image-meta=\"{&quot;aperture&quot;:&quot;2.8&quot;,&quot;credit&quot;:&quot;&quot;,&quot;camera&quot;:&quot;Canon EOS 5D Mark II&quot;,&quot;caption&quot;:&quot;&quot;,&quot;created_timestamp&quot;:&quot;1270155009&quot;,&quot;copyright&quot;:&quot;&quot;,&quot;focal_length&quot;:&quot;16&quot;,&quot;iso&quot;:&quot;2500&quot;,&quot;shutter_speed&quot;:&quot;0.066666666666667&quot;,&quot;title&quot;:&quot;&quot;}\" data-image-title=\"DM-Costaleras-Cristo-Cautivo2010-11-blog\" data-image-description=\"\" data-medium-file=\"http:\/\/desireemartinphoto.com\/blog\/wp-content\/uploads\/2010\/04\/DM-Costaleras-Cristo-Cautivo2010-11-blog-300x286.jpg\" data-large-file=\"http:\/\/desireemartinphoto.com\/blog\/wp-content\/uploads\/2010\/04\/DM-Costaleras-Cristo-Cautivo2010-11-blog.jpg\" loading=\"lazy\" class=\"alignnone size-full wp-image-139\" src=\"http:\/\/desireemartinphoto.com\/blog\/wp-content\/uploads\/2010\/04\/DM-Costaleras-Cristo-Cautivo2010-11-blog.jpg\" alt=\"\" width=\"550\" height=\"526\" srcset=\"http:\/\/desireemartinphoto.com\/blog\/wp-content\/uploads\/2010\/04\/DM-Costaleras-Cristo-Cautivo2010-11-blog.jpg 550w, http:\/\/desireemartinphoto.com\/blog\/wp-content\/uploads\/2010\/04\/DM-Costaleras-Cristo-Cautivo2010-11-blog-300x286.jpg 300w\" sizes=\"(max-width: 550px) 100vw, 550px\" \/><\/p>\n<p><img data-attachment-id=\"143\" data-permalink=\"http:\/\/desireemartinphoto.com\/blog\/costaleras-del-cristo-cautivo\/dm-costaleras-cristo-cautivo2010-06-blog\/\" data-orig-file=\"http:\/\/desireemartinphoto.com\/blog\/wp-content\/uploads\/2010\/04\/DM-Costaleras-Cristo-Cautivo2010-06-blog.jpg\" data-orig-size=\"550,367\" data-comments-opened=\"1\" data-image-meta=\"{&quot;aperture&quot;:&quot;2.8&quot;,&quot;credit&quot;:&quot;&quot;,&quot;camera&quot;:&quot;Canon EOS 5D Mark II&quot;,&quot;caption&quot;:&quot;&quot;,&quot;created_timestamp&quot;:&quot;1270154553&quot;,&quot;copyright&quot;:&quot;&quot;,&quot;focal_length&quot;:&quot;16&quot;,&quot;iso&quot;:&quot;2500&quot;,&quot;shutter_speed&quot;:&quot;0.16666666666667&quot;,&quot;title&quot;:&quot;&quot;}\" data-image-title=\"DM-Costaleras-Cristo-Cautivo2010-06-blog\" data-image-description=\"\" data-medium-file=\"http:\/\/desireemartinphoto.com\/blog\/wp-content\/uploads\/2010\/04\/DM-Costaleras-Cristo-Cautivo2010-06-blog-300x200.jpg\" data-large-file=\"http:\/\/desireemartinphoto.com\/blog\/wp-content\/uploads\/2010\/04\/DM-Costaleras-Cristo-Cautivo2010-06-blog.jpg\" loading=\"lazy\" class=\"alignnone size-full wp-image-143\" src=\"http:\/\/desireemartinphoto.com\/blog\/wp-content\/uploads\/2010\/04\/DM-Costaleras-Cristo-Cautivo2010-06-blog.jpg\" alt=\"\" width=\"550\" height=\"367\" srcset=\"http:\/\/desireemartinphoto.com\/blog\/wp-content\/uploads\/2010\/04\/DM-Costaleras-Cristo-Cautivo2010-06-blog.jpg 550w, http:\/\/desireemartinphoto.com\/blog\/wp-content\/uploads\/2010\/04\/DM-Costaleras-Cristo-Cautivo2010-06-blog-300x200.jpg 300w\" sizes=\"(max-width: 550px) 100vw, 550px\" \/><\/p>\n<p><img data-attachment-id=\"144\" data-permalink=\"http:\/\/desireemartinphoto.com\/blog\/costaleras-del-cristo-cautivo\/dm-costaleras-cristo-cautivo2010-08-blog\/\" data-orig-file=\"http:\/\/desireemartinphoto.com\/blog\/wp-content\/uploads\/2010\/04\/DM-Costaleras-Cristo-Cautivo2010-08-blog.jpg\" data-orig-size=\"550,300\" data-comments-opened=\"1\" data-image-meta=\"{&quot;aperture&quot;:&quot;2.8&quot;,&quot;credit&quot;:&quot;&quot;,&quot;camera&quot;:&quot;Canon EOS 5D Mark II&quot;,&quot;caption&quot;:&quot;&quot;,&quot;created_timestamp&quot;:&quot;1270154704&quot;,&quot;copyright&quot;:&quot;&quot;,&quot;focal_length&quot;:&quot;16&quot;,&quot;iso&quot;:&quot;2500&quot;,&quot;shutter_speed&quot;:&quot;0.1&quot;,&quot;title&quot;:&quot;&quot;}\" data-image-title=\"DM-Costaleras-Cristo-Cautivo2010-08-blog\" data-image-description=\"\" data-medium-file=\"http:\/\/desireemartinphoto.com\/blog\/wp-content\/uploads\/2010\/04\/DM-Costaleras-Cristo-Cautivo2010-08-blog-300x163.jpg\" data-large-file=\"http:\/\/desireemartinphoto.com\/blog\/wp-content\/uploads\/2010\/04\/DM-Costaleras-Cristo-Cautivo2010-08-blog.jpg\" loading=\"lazy\" class=\"alignnone size-full wp-image-144\" src=\"http:\/\/desireemartinphoto.com\/blog\/wp-content\/uploads\/2010\/04\/DM-Costaleras-Cristo-Cautivo2010-08-blog.jpg\" alt=\"\" width=\"550\" height=\"300\" srcset=\"http:\/\/desireemartinphoto.com\/blog\/wp-content\/uploads\/2010\/04\/DM-Costaleras-Cristo-Cautivo2010-08-blog.jpg 550w, http:\/\/desireemartinphoto.com\/blog\/wp-content\/uploads\/2010\/04\/DM-Costaleras-Cristo-Cautivo2010-08-blog-300x163.jpg 300w\" sizes=\"(max-width: 550px) 100vw, 550px\" \/><\/p>\n<p><img data-attachment-id=\"145\" data-permalink=\"http:\/\/desireemartinphoto.com\/blog\/costaleras-del-cristo-cautivo\/dm-costaleras-cristo-cautivo2010-36-blog\/\" data-orig-file=\"http:\/\/desireemartinphoto.com\/blog\/wp-content\/uploads\/2010\/04\/DM-Costaleras-Cristo-Cautivo2010-36-blog.jpg\" data-orig-size=\"550,367\" data-comments-opened=\"1\" data-image-meta=\"{&quot;aperture&quot;:&quot;2.8&quot;,&quot;credit&quot;:&quot;&quot;,&quot;camera&quot;:&quot;Canon EOS 5D Mark II&quot;,&quot;caption&quot;:&quot;&quot;,&quot;created_timestamp&quot;:&quot;1270154980&quot;,&quot;copyright&quot;:&quot;&quot;,&quot;focal_length&quot;:&quot;16&quot;,&quot;iso&quot;:&quot;2500&quot;,&quot;shutter_speed&quot;:&quot;0.025&quot;,&quot;title&quot;:&quot;&quot;}\" data-image-title=\"DM-Costaleras-Cristo-Cautivo2010-36-blog\" data-image-description=\"\" data-medium-file=\"http:\/\/desireemartinphoto.com\/blog\/wp-content\/uploads\/2010\/04\/DM-Costaleras-Cristo-Cautivo2010-36-blog-300x200.jpg\" data-large-file=\"http:\/\/desireemartinphoto.com\/blog\/wp-content\/uploads\/2010\/04\/DM-Costaleras-Cristo-Cautivo2010-36-blog.jpg\" loading=\"lazy\" class=\"alignnone size-full wp-image-145\" src=\"http:\/\/desireemartinphoto.com\/blog\/wp-content\/uploads\/2010\/04\/DM-Costaleras-Cristo-Cautivo2010-36-blog.jpg\" alt=\"\" width=\"550\" height=\"367\" srcset=\"http:\/\/desireemartinphoto.com\/blog\/wp-content\/uploads\/2010\/04\/DM-Costaleras-Cristo-Cautivo2010-36-blog.jpg 550w, http:\/\/desireemartinphoto.com\/blog\/wp-content\/uploads\/2010\/04\/DM-Costaleras-Cristo-Cautivo2010-36-blog-300x200.jpg 300w\" sizes=\"(max-width: 550px) 100vw, 550px\" \/><\/p>\n<p><img data-attachment-id=\"146\" data-permalink=\"http:\/\/desireemartinphoto.com\/blog\/costaleras-del-cristo-cautivo\/dm-costaleras-cristo-cautivo2010-35-blog\/\" data-orig-file=\"http:\/\/desireemartinphoto.com\/blog\/wp-content\/uploads\/2010\/04\/DM-Costaleras-Cristo-Cautivo2010-35-blog.jpg\" data-orig-size=\"550,367\" data-comments-opened=\"1\" data-image-meta=\"{&quot;aperture&quot;:&quot;2.8&quot;,&quot;credit&quot;:&quot;&quot;,&quot;camera&quot;:&quot;Canon EOS 5D Mark II&quot;,&quot;caption&quot;:&quot;&quot;,&quot;created_timestamp&quot;:&quot;1270155179&quot;,&quot;copyright&quot;:&quot;&quot;,&quot;focal_length&quot;:&quot;16&quot;,&quot;iso&quot;:&quot;2500&quot;,&quot;shutter_speed&quot;:&quot;0.033333333333333&quot;,&quot;title&quot;:&quot;&quot;}\" data-image-title=\"DM-Costaleras-Cristo-Cautivo2010-35-blog\" data-image-description=\"\" data-medium-file=\"http:\/\/desireemartinphoto.com\/blog\/wp-content\/uploads\/2010\/04\/DM-Costaleras-Cristo-Cautivo2010-35-blog-300x200.jpg\" data-large-file=\"http:\/\/desireemartinphoto.com\/blog\/wp-content\/uploads\/2010\/04\/DM-Costaleras-Cristo-Cautivo2010-35-blog.jpg\" loading=\"lazy\" class=\"alignnone size-full wp-image-146\" src=\"http:\/\/desireemartinphoto.com\/blog\/wp-content\/uploads\/2010\/04\/DM-Costaleras-Cristo-Cautivo2010-35-blog.jpg\" alt=\"\" width=\"550\" height=\"367\" srcset=\"http:\/\/desireemartinphoto.com\/blog\/wp-content\/uploads\/2010\/04\/DM-Costaleras-Cristo-Cautivo2010-35-blog.jpg 550w, http:\/\/desireemartinphoto.com\/blog\/wp-content\/uploads\/2010\/04\/DM-Costaleras-Cristo-Cautivo2010-35-blog-300x200.jpg 300w\" sizes=\"(max-width: 550px) 100vw, 550px\" \/><\/p>\n<p><img data-attachment-id=\"147\" data-permalink=\"http:\/\/desireemartinphoto.com\/blog\/costaleras-del-cristo-cautivo\/dm-costaleras-cristo-cautivo2010-14-blog\/\" data-orig-file=\"http:\/\/desireemartinphoto.com\/blog\/wp-content\/uploads\/2010\/04\/DM-Costaleras-Cristo-Cautivo2010-14-blog.jpg\" data-orig-size=\"550,367\" data-comments-opened=\"1\" data-image-meta=\"{&quot;aperture&quot;:&quot;2.8&quot;,&quot;credit&quot;:&quot;&quot;,&quot;camera&quot;:&quot;Canon EOS 5D Mark II&quot;,&quot;caption&quot;:&quot;&quot;,&quot;created_timestamp&quot;:&quot;1270155276&quot;,&quot;copyright&quot;:&quot;&quot;,&quot;focal_length&quot;:&quot;16&quot;,&quot;iso&quot;:&quot;2500&quot;,&quot;shutter_speed&quot;:&quot;0.033333333333333&quot;,&quot;title&quot;:&quot;&quot;}\" data-image-title=\"DM-Costaleras-Cristo-Cautivo2010-14-blog\" data-image-description=\"\" data-medium-file=\"http:\/\/desireemartinphoto.com\/blog\/wp-content\/uploads\/2010\/04\/DM-Costaleras-Cristo-Cautivo2010-14-blog-300x200.jpg\" data-large-file=\"http:\/\/desireemartinphoto.com\/blog\/wp-content\/uploads\/2010\/04\/DM-Costaleras-Cristo-Cautivo2010-14-blog.jpg\" loading=\"lazy\" class=\"alignnone size-full wp-image-147\" src=\"http:\/\/desireemartinphoto.com\/blog\/wp-content\/uploads\/2010\/04\/DM-Costaleras-Cristo-Cautivo2010-14-blog.jpg\" alt=\"\" width=\"550\" height=\"367\" srcset=\"http:\/\/desireemartinphoto.com\/blog\/wp-content\/uploads\/2010\/04\/DM-Costaleras-Cristo-Cautivo2010-14-blog.jpg 550w, http:\/\/desireemartinphoto.com\/blog\/wp-content\/uploads\/2010\/04\/DM-Costaleras-Cristo-Cautivo2010-14-blog-300x200.jpg 300w\" sizes=\"(max-width: 550px) 100vw, 550px\" \/><\/p>\n<p><img data-attachment-id=\"148\" data-permalink=\"http:\/\/desireemartinphoto.com\/blog\/costaleras-del-cristo-cautivo\/dm-costaleras-cristo-cautivo2010-18-blog\/\" data-orig-file=\"http:\/\/desireemartinphoto.com\/blog\/wp-content\/uploads\/2010\/04\/DM-Costaleras-Cristo-Cautivo2010-18-blog.jpg\" data-orig-size=\"550,367\" data-comments-opened=\"1\" data-image-meta=\"{&quot;aperture&quot;:&quot;2.8&quot;,&quot;credit&quot;:&quot;&quot;,&quot;camera&quot;:&quot;Canon EOS 5D Mark II&quot;,&quot;caption&quot;:&quot;&quot;,&quot;created_timestamp&quot;:&quot;1270155555&quot;,&quot;copyright&quot;:&quot;&quot;,&quot;focal_length&quot;:&quot;16&quot;,&quot;iso&quot;:&quot;2500&quot;,&quot;shutter_speed&quot;:&quot;0.0125&quot;,&quot;title&quot;:&quot;&quot;}\" data-image-title=\"DM-Costaleras-Cristo-Cautivo2010-18-blog\" data-image-description=\"\" data-medium-file=\"http:\/\/desireemartinphoto.com\/blog\/wp-content\/uploads\/2010\/04\/DM-Costaleras-Cristo-Cautivo2010-18-blog-300x200.jpg\" data-large-file=\"http:\/\/desireemartinphoto.com\/blog\/wp-content\/uploads\/2010\/04\/DM-Costaleras-Cristo-Cautivo2010-18-blog.jpg\" loading=\"lazy\" class=\"alignnone size-full wp-image-148\" src=\"http:\/\/desireemartinphoto.com\/blog\/wp-content\/uploads\/2010\/04\/DM-Costaleras-Cristo-Cautivo2010-18-blog.jpg\" alt=\"\" width=\"550\" height=\"367\" srcset=\"http:\/\/desireemartinphoto.com\/blog\/wp-content\/uploads\/2010\/04\/DM-Costaleras-Cristo-Cautivo2010-18-blog.jpg 550w, http:\/\/desireemartinphoto.com\/blog\/wp-content\/uploads\/2010\/04\/DM-Costaleras-Cristo-Cautivo2010-18-blog-300x200.jpg 300w\" sizes=\"(max-width: 550px) 100vw, 550px\" \/><\/p>\n<p><img data-attachment-id=\"149\" data-permalink=\"http:\/\/desireemartinphoto.com\/blog\/costaleras-del-cristo-cautivo\/dm-costaleras-cristo-cautivo2010-19-blog\/\" data-orig-file=\"http:\/\/desireemartinphoto.com\/blog\/wp-content\/uploads\/2010\/04\/DM-Costaleras-Cristo-Cautivo2010-19-blog.jpg\" data-orig-size=\"550,367\" data-comments-opened=\"1\" data-image-meta=\"{&quot;aperture&quot;:&quot;2.8&quot;,&quot;credit&quot;:&quot;&quot;,&quot;camera&quot;:&quot;Canon EOS 5D Mark II&quot;,&quot;caption&quot;:&quot;&quot;,&quot;created_timestamp&quot;:&quot;1270156081&quot;,&quot;copyright&quot;:&quot;&quot;,&quot;focal_length&quot;:&quot;16&quot;,&quot;iso&quot;:&quot;2500&quot;,&quot;shutter_speed&quot;:&quot;0.025&quot;,&quot;title&quot;:&quot;&quot;}\" data-image-title=\"DM-Costaleras-Cristo-Cautivo2010-19-blog\" data-image-description=\"\" data-medium-file=\"http:\/\/desireemartinphoto.com\/blog\/wp-content\/uploads\/2010\/04\/DM-Costaleras-Cristo-Cautivo2010-19-blog-300x200.jpg\" data-large-file=\"http:\/\/desireemartinphoto.com\/blog\/wp-content\/uploads\/2010\/04\/DM-Costaleras-Cristo-Cautivo2010-19-blog.jpg\" loading=\"lazy\" class=\"alignnone size-full wp-image-149\" src=\"http:\/\/desireemartinphoto.com\/blog\/wp-content\/uploads\/2010\/04\/DM-Costaleras-Cristo-Cautivo2010-19-blog.jpg\" alt=\"\" width=\"550\" height=\"367\" srcset=\"http:\/\/desireemartinphoto.com\/blog\/wp-content\/uploads\/2010\/04\/DM-Costaleras-Cristo-Cautivo2010-19-blog.jpg 550w, http:\/\/desireemartinphoto.com\/blog\/wp-content\/uploads\/2010\/04\/DM-Costaleras-Cristo-Cautivo2010-19-blog-300x200.jpg 300w\" sizes=\"(max-width: 550px) 100vw, 550px\" \/><\/p>\n<p><img data-attachment-id=\"150\" data-permalink=\"http:\/\/desireemartinphoto.com\/blog\/costaleras-del-cristo-cautivo\/dm-costaleras-cristo-cautivo2010-21-blog\/\" data-orig-file=\"http:\/\/desireemartinphoto.com\/blog\/wp-content\/uploads\/2010\/04\/DM-Costaleras-Cristo-Cautivo2010-21-blog.jpg\" data-orig-size=\"550,341\" data-comments-opened=\"1\" data-image-meta=\"{&quot;aperture&quot;:&quot;2.8&quot;,&quot;credit&quot;:&quot;&quot;,&quot;camera&quot;:&quot;Canon EOS 5D Mark II&quot;,&quot;caption&quot;:&quot;&quot;,&quot;created_timestamp&quot;:&quot;1270156257&quot;,&quot;copyright&quot;:&quot;&quot;,&quot;focal_length&quot;:&quot;30&quot;,&quot;iso&quot;:&quot;2500&quot;,&quot;shutter_speed&quot;:&quot;0.02&quot;,&quot;title&quot;:&quot;&quot;}\" data-image-title=\"DM-Costaleras-Cristo-Cautivo2010-21-blog\" data-image-description=\"\" data-medium-file=\"http:\/\/desireemartinphoto.com\/blog\/wp-content\/uploads\/2010\/04\/DM-Costaleras-Cristo-Cautivo2010-21-blog-300x186.jpg\" data-large-file=\"http:\/\/desireemartinphoto.com\/blog\/wp-content\/uploads\/2010\/04\/DM-Costaleras-Cristo-Cautivo2010-21-blog.jpg\" loading=\"lazy\" class=\"alignnone size-full wp-image-150\" src=\"http:\/\/desireemartinphoto.com\/blog\/wp-content\/uploads\/2010\/04\/DM-Costaleras-Cristo-Cautivo2010-21-blog.jpg\" alt=\"\" width=\"550\" height=\"341\" srcset=\"http:\/\/desireemartinphoto.com\/blog\/wp-content\/uploads\/2010\/04\/DM-Costaleras-Cristo-Cautivo2010-21-blog.jpg 550w, http:\/\/desireemartinphoto.com\/blog\/wp-content\/uploads\/2010\/04\/DM-Costaleras-Cristo-Cautivo2010-21-blog-300x186.jpg 300w\" sizes=\"(max-width: 550px) 100vw, 550px\" \/><\/p>\n<p><img data-attachment-id=\"151\" data-permalink=\"http:\/\/desireemartinphoto.com\/blog\/costaleras-del-cristo-cautivo\/dm-costaleras-cristo-cautivo2010-23-blog\/\" data-orig-file=\"http:\/\/desireemartinphoto.com\/blog\/wp-content\/uploads\/2010\/04\/DM-Costaleras-Cristo-Cautivo2010-23-blog.jpg\" data-orig-size=\"550,417\" data-comments-opened=\"1\" data-image-meta=\"{&quot;aperture&quot;:&quot;2.8&quot;,&quot;credit&quot;:&quot;&quot;,&quot;camera&quot;:&quot;Canon EOS 5D Mark II&quot;,&quot;caption&quot;:&quot;&quot;,&quot;created_timestamp&quot;:&quot;1270156390&quot;,&quot;copyright&quot;:&quot;&quot;,&quot;focal_length&quot;:&quot;16&quot;,&quot;iso&quot;:&quot;2500&quot;,&quot;shutter_speed&quot;:&quot;0.05&quot;,&quot;title&quot;:&quot;&quot;}\" data-image-title=\"DM-Costaleras-Cristo-Cautivo2010-23-blog\" data-image-description=\"\" data-medium-file=\"http:\/\/desireemartinphoto.com\/blog\/wp-content\/uploads\/2010\/04\/DM-Costaleras-Cristo-Cautivo2010-23-blog-300x227.jpg\" data-large-file=\"http:\/\/desireemartinphoto.com\/blog\/wp-content\/uploads\/2010\/04\/DM-Costaleras-Cristo-Cautivo2010-23-blog.jpg\" loading=\"lazy\" class=\"alignnone size-full wp-image-151\" src=\"http:\/\/desireemartinphoto.com\/blog\/wp-content\/uploads\/2010\/04\/DM-Costaleras-Cristo-Cautivo2010-23-blog.jpg\" alt=\"\" width=\"550\" height=\"417\" srcset=\"http:\/\/desireemartinphoto.com\/blog\/wp-content\/uploads\/2010\/04\/DM-Costaleras-Cristo-Cautivo2010-23-blog.jpg 550w, http:\/\/desireemartinphoto.com\/blog\/wp-content\/uploads\/2010\/04\/DM-Costaleras-Cristo-Cautivo2010-23-blog-300x227.jpg 300w\" sizes=\"(max-width: 550px) 100vw, 550px\" \/><\/p>\n<p><img data-attachment-id=\"152\" data-permalink=\"http:\/\/desireemartinphoto.com\/blog\/costaleras-del-cristo-cautivo\/dm-costaleras-cristo-cautivo2010-28-blog\/\" data-orig-file=\"http:\/\/desireemartinphoto.com\/blog\/wp-content\/uploads\/2010\/04\/DM-Costaleras-Cristo-Cautivo2010-28-blog.jpg\" data-orig-size=\"550,496\" data-comments-opened=\"1\" data-image-meta=\"{&quot;aperture&quot;:&quot;4&quot;,&quot;credit&quot;:&quot;&quot;,&quot;camera&quot;:&quot;Canon EOS 5D Mark II&quot;,&quot;caption&quot;:&quot;&quot;,&quot;created_timestamp&quot;:&quot;1270159101&quot;,&quot;copyright&quot;:&quot;&quot;,&quot;focal_length&quot;:&quot;16&quot;,&quot;iso&quot;:&quot;2500&quot;,&quot;shutter_speed&quot;:&quot;0.033333333333333&quot;,&quot;title&quot;:&quot;&quot;}\" data-image-title=\"DM-Costaleras-Cristo-Cautivo2010-28-blog\" data-image-description=\"\" data-medium-file=\"http:\/\/desireemartinphoto.com\/blog\/wp-content\/uploads\/2010\/04\/DM-Costaleras-Cristo-Cautivo2010-28-blog-300x270.jpg\" data-large-file=\"http:\/\/desireemartinphoto.com\/blog\/wp-content\/uploads\/2010\/04\/DM-Costaleras-Cristo-Cautivo2010-28-blog.jpg\" loading=\"lazy\" class=\"alignnone size-full wp-image-152\" src=\"http:\/\/desireemartinphoto.com\/blog\/wp-content\/uploads\/2010\/04\/DM-Costaleras-Cristo-Cautivo2010-28-blog.jpg\" alt=\"\" width=\"550\" height=\"496\" srcset=\"http:\/\/desireemartinphoto.com\/blog\/wp-content\/uploads\/2010\/04\/DM-Costaleras-Cristo-Cautivo2010-28-blog.jpg 550w, http:\/\/desireemartinphoto.com\/blog\/wp-content\/uploads\/2010\/04\/DM-Costaleras-Cristo-Cautivo2010-28-blog-300x270.jpg 300w\" sizes=\"(max-width: 550px) 100vw, 550px\" \/><\/p>\n<p><img data-attachment-id=\"153\" data-permalink=\"http:\/\/desireemartinphoto.com\/blog\/costaleras-del-cristo-cautivo\/dm-costaleras-cristo-cautivo2010-24-blog\/\" data-orig-file=\"http:\/\/desireemartinphoto.com\/blog\/wp-content\/uploads\/2010\/04\/DM-Costaleras-Cristo-Cautivo2010-24-blog.jpg\" data-orig-size=\"550,363\" data-comments-opened=\"1\" data-image-meta=\"{&quot;aperture&quot;:&quot;4&quot;,&quot;credit&quot;:&quot;&quot;,&quot;camera&quot;:&quot;Canon EOS 5D Mark II&quot;,&quot;caption&quot;:&quot;&quot;,&quot;created_timestamp&quot;:&quot;1270158791&quot;,&quot;copyright&quot;:&quot;&quot;,&quot;focal_length&quot;:&quot;16&quot;,&quot;iso&quot;:&quot;2500&quot;,&quot;shutter_speed&quot;:&quot;0.033333333333333&quot;,&quot;title&quot;:&quot;&quot;}\" data-image-title=\"DM-Costaleras-Cristo-Cautivo2010-24-blog\" data-image-description=\"\" data-medium-file=\"http:\/\/desireemartinphoto.com\/blog\/wp-content\/uploads\/2010\/04\/DM-Costaleras-Cristo-Cautivo2010-24-blog-300x197.jpg\" data-large-file=\"http:\/\/desireemartinphoto.com\/blog\/wp-content\/uploads\/2010\/04\/DM-Costaleras-Cristo-Cautivo2010-24-blog.jpg\" loading=\"lazy\" class=\"alignnone size-full wp-image-153\" src=\"http:\/\/desireemartinphoto.com\/blog\/wp-content\/uploads\/2010\/04\/DM-Costaleras-Cristo-Cautivo2010-24-blog.jpg\" alt=\"\" width=\"550\" height=\"363\" srcset=\"http:\/\/desireemartinphoto.com\/blog\/wp-content\/uploads\/2010\/04\/DM-Costaleras-Cristo-Cautivo2010-24-blog.jpg 550w, http:\/\/desireemartinphoto.com\/blog\/wp-content\/uploads\/2010\/04\/DM-Costaleras-Cristo-Cautivo2010-24-blog-300x197.jpg 300w\" sizes=\"(max-width: 550px) 100vw, 550px\" \/><\/p>\n<p><img data-attachment-id=\"154\" data-permalink=\"http:\/\/desireemartinphoto.com\/blog\/costaleras-del-cristo-cautivo\/dm-costaleras-cristo-cautivo2010-31-blog\/\" data-orig-file=\"http:\/\/desireemartinphoto.com\/blog\/wp-content\/uploads\/2010\/04\/DM-Costaleras-Cristo-Cautivo2010-31-blog.jpg\" data-orig-size=\"550,367\" data-comments-opened=\"1\" data-image-meta=\"{&quot;aperture&quot;:&quot;3.5&quot;,&quot;credit&quot;:&quot;&quot;,&quot;camera&quot;:&quot;Canon EOS 5D Mark II&quot;,&quot;caption&quot;:&quot;&quot;,&quot;created_timestamp&quot;:&quot;1270159753&quot;,&quot;copyright&quot;:&quot;&quot;,&quot;focal_length&quot;:&quot;16&quot;,&quot;iso&quot;:&quot;2500&quot;,&quot;shutter_speed&quot;:&quot;0.05&quot;,&quot;title&quot;:&quot;&quot;}\" data-image-title=\"DM-Costaleras-Cristo-Cautivo2010-31-blog\" data-image-description=\"\" data-medium-file=\"http:\/\/desireemartinphoto.com\/blog\/wp-content\/uploads\/2010\/04\/DM-Costaleras-Cristo-Cautivo2010-31-blog-300x200.jpg\" data-large-file=\"http:\/\/desireemartinphoto.com\/blog\/wp-content\/uploads\/2010\/04\/DM-Costaleras-Cristo-Cautivo2010-31-blog.jpg\" loading=\"lazy\" class=\"alignnone size-full wp-image-154\" src=\"http:\/\/desireemartinphoto.com\/blog\/wp-content\/uploads\/2010\/04\/DM-Costaleras-Cristo-Cautivo2010-31-blog.jpg\" alt=\"\" width=\"550\" height=\"367\" srcset=\"http:\/\/desireemartinphoto.com\/blog\/wp-content\/uploads\/2010\/04\/DM-Costaleras-Cristo-Cautivo2010-31-blog.jpg 550w, http:\/\/desireemartinphoto.com\/blog\/wp-content\/uploads\/2010\/04\/DM-Costaleras-Cristo-Cautivo2010-31-blog-300x200.jpg 300w\" sizes=\"(max-width: 550px) 100vw, 550px\" \/><\/p>\n<p><img data-attachment-id=\"155\" data-permalink=\"http:\/\/desireemartinphoto.com\/blog\/costaleras-del-cristo-cautivo\/dm-costaleras-cristo-cautivo2010-29-blog\/\" data-orig-file=\"http:\/\/desireemartinphoto.com\/blog\/wp-content\/uploads\/2010\/04\/DM-Costaleras-Cristo-Cautivo2010-29-blog.jpg\" data-orig-size=\"550,378\" data-comments-opened=\"1\" data-image-meta=\"{&quot;aperture&quot;:&quot;3.5&quot;,&quot;credit&quot;:&quot;&quot;,&quot;camera&quot;:&quot;Canon EOS 5D Mark II&quot;,&quot;caption&quot;:&quot;&quot;,&quot;created_timestamp&quot;:&quot;1270159784&quot;,&quot;copyright&quot;:&quot;&quot;,&quot;focal_length&quot;:&quot;16&quot;,&quot;iso&quot;:&quot;2500&quot;,&quot;shutter_speed&quot;:&quot;0.05&quot;,&quot;title&quot;:&quot;&quot;}\" data-image-title=\"DM-Costaleras-Cristo-Cautivo2010-29-blog\" data-image-description=\"\" data-medium-file=\"http:\/\/desireemartinphoto.com\/blog\/wp-content\/uploads\/2010\/04\/DM-Costaleras-Cristo-Cautivo2010-29-blog-300x206.jpg\" data-large-file=\"http:\/\/desireemartinphoto.com\/blog\/wp-content\/uploads\/2010\/04\/DM-Costaleras-Cristo-Cautivo2010-29-blog.jpg\" loading=\"lazy\" class=\"alignnone size-full wp-image-155\" src=\"http:\/\/desireemartinphoto.com\/blog\/wp-content\/uploads\/2010\/04\/DM-Costaleras-Cristo-Cautivo2010-29-blog.jpg\" alt=\"\" width=\"550\" height=\"378\" srcset=\"http:\/\/desireemartinphoto.com\/blog\/wp-content\/uploads\/2010\/04\/DM-Costaleras-Cristo-Cautivo2010-29-blog.jpg 550w, http:\/\/desireemartinphoto.com\/blog\/wp-content\/uploads\/2010\/04\/DM-Costaleras-Cristo-Cautivo2010-29-blog-300x206.jpg 300w\" sizes=\"(max-width: 550px) 100vw, 550px\" \/><\/p>\n<div class=\"sharedaddy sd-sharing-enabled\"><div class=\"robots-nocontent sd-block sd-social sd-social-icon-text sd-sharing\"><h3 class=\"sd-title\">COMPARTE ESTO:<\/h3><div class=\"sd-content\"><ul><li class=\"share-facebook\"><a rel=\"nofollow noopener noreferrer\" data-shared=\"sharing-facebook-138\" class=\"share-facebook sd-button share-icon\" href=\"http:\/\/desireemartinphoto.com\/blog\/costaleras-del-cristo-cautivo\/?share=facebook\" target=\"_blank\" title=\"Haz clic para compartir en Facebook\"><span>Facebook<\/span><\/a><\/li><li class=\"share-twitter\"><a rel=\"nofollow noopener noreferrer\" data-shared=\"sharing-twitter-138\" class=\"share-twitter sd-button share-icon\" href=\"http:\/\/desireemartinphoto.com\/blog\/costaleras-del-cristo-cautivo\/?share=twitter\" target=\"_blank\" title=\"Haz clic para compartir en Twitter\"><span>Twitter<\/span><\/a><\/li><li class=\"share-email\"><a rel=\"nofollow noopener noreferrer\" data-shared=\"\" class=\"share-email sd-button share-icon\" href=\"http:\/\/desireemartinphoto.com\/blog\/costaleras-del-cristo-cautivo\/?share=email\" target=\"_blank\" title=\"Haz clic para enviar por correo electr\u00f3nico a un amigo\"><span>Correo electr\u00f3nico<\/span><\/a><\/li><li class=\"share-linkedin\"><a rel=\"nofollow noopener noreferrer\" data-shared=\"sharing-linkedin-138\" class=\"share-linkedin sd-button share-icon\" href=\"http:\/\/desireemartinphoto.com\/blog\/costaleras-del-cristo-cautivo\/?share=linkedin\" target=\"_blank\" title=\"Haz clic para compartir en LinkedIn\"><span>LinkedIn<\/span><\/a><\/li><li class=\"share-tumblr\"><a rel=\"nofollow noopener noreferrer\" data-shared=\"\" class=\"share-tumblr sd-button share-icon\" href=\"http:\/\/desireemartinphoto.com\/blog\/costaleras-del-cristo-cautivo\/?share=tumblr\" target=\"_blank\" title=\"Haz clic para compartir en Tumblr\"><span>Tumblr<\/span><\/a><\/li><li class=\"share-end\"><\/li><\/ul><\/div><\/div><\/div>","protected":false},"excerpt":{"rendered":"<p>HolaaaaAAA&#8230;. Por fin tengo algo que mostrar de Semana Santa&#8230; son las costaleras que llevan al Cristo Cautivo en la procesi\u00f3n de la Semana Santa de Santa Cruz de Tenerife. Es un seguimiento desde que se mord\u00edan las u\u00f1as en la casa donde se concentraban, hasta que depositaron la imagen del Cristo en la Iglesia [&#038;hellip<\/p>\n<div class=\"sharedaddy sd-sharing-enabled\"><div class=\"robots-nocontent sd-block sd-social sd-social-icon-text sd-sharing\"><h3 class=\"sd-title\">COMPARTE ESTO:<\/h3><div class=\"sd-content\"><ul><li class=\"share-facebook\"><a rel=\"nofollow noopener noreferrer\" data-shared=\"sharing-facebook-138\" class=\"share-facebook sd-button share-icon\" href=\"http:\/\/desireemartinphoto.com\/blog\/costaleras-del-cristo-cautivo\/?share=facebook\" target=\"_blank\" title=\"Haz clic para compartir en Facebook\"><span>Facebook<\/span><\/a><\/li><li class=\"share-twitter\"><a rel=\"nofollow noopener noreferrer\" data-shared=\"sharing-twitter-138\" class=\"share-twitter sd-button share-icon\" href=\"http:\/\/desireemartinphoto.com\/blog\/costaleras-del-cristo-cautivo\/?share=twitter\" target=\"_blank\" title=\"Haz clic para compartir en Twitter\"><span>Twitter<\/span><\/a><\/li><li class=\"share-email\"><a rel=\"nofollow noopener noreferrer\" data-shared=\"\" class=\"share-email sd-button share-icon\" href=\"http:\/\/desireemartinphoto.com\/blog\/costaleras-del-cristo-cautivo\/?share=email\" target=\"_blank\" title=\"Haz clic para enviar por correo electr\u00f3nico a un amigo\"><span>Correo electr\u00f3nico<\/span><\/a><\/li><li class=\"share-linkedin\"><a rel=\"nofollow noopener noreferrer\" data-shared=\"sharing-linkedin-138\" class=\"share-linkedin sd-button share-icon\" href=\"http:\/\/desireemartinphoto.com\/blog\/costaleras-del-cristo-cautivo\/?share=linkedin\" target=\"_blank\" title=\"Haz clic para compartir en LinkedIn\"><span>LinkedIn<\/span><\/a><\/li><li class=\"share-tumblr\"><a rel=\"nofollow noopener noreferrer\" data-shared=\"\" class=\"share-tumblr sd-button share-icon\" href=\"http:\/\/desireemartinphoto.com\/blog\/costaleras-del-cristo-cautivo\/?share=tumblr\" target=\"_blank\" title=\"Haz clic para compartir en Tumblr\"><span>Tumblr<\/span><\/a><\/li><li class=\"share-end\"><\/li><\/ul><\/div><\/div><\/div>","protected":false},"author":1,"featured_media":0,"comment_status":"open","ping_status":"open","sticky":false,"template":"","format":"standard","meta":{"spay_email":""},"categories":[1],"tags":[19],"jetpack_featured_media_url":"","jetpack_sharing_enabled":true,"_links":{"self":[{"href":"http:\/\/desireemartinphoto.com\/blog\/wp-json\/wp\/v2\/posts\/138"}],"collection":[{"href":"http:\/\/desireemartinphoto.com\/blog\/wp-json\/wp\/v2\/posts"}],"about":[{"href":"http:\/\/desireemartinphoto.com\/blog\/wp-json\/wp\/v2\/types\/post"}],"author":[{"embeddable":true,"href":"http:\/\/desireemartinphoto.com\/blog\/wp-json\/wp\/v2\/users\/1"}],"replies":[{"embeddable":true,"href":"http:\/\/desireemartinphoto.com\/blog\/wp-json\/wp\/v2\/comments?post=138"}],"version-history":[{"count":3,"href":"http:\/\/desireemartinphoto.com\/blog\/wp-json\/wp\/v2\/posts\/138\/revisions"}],"predecessor-version":[{"id":158,"href":"http:\/\/desireemartinphoto.com\/blog\/wp-json\/wp\/v2\/posts\/138\/revisions\/158"}],"wp:attachment":[{"href":"http:\/\/desireemartinphoto.com\/blog\/wp-json\/wp\/v2\/media?parent=138"}],"wp:term":[{"taxonomy":"category","embeddable":true,"href":"http:\/\/desireemartinphoto.com\/blog\/wp-json\/wp\/v2\/categories?post=138"},{"taxonomy":"post_tag","embeddable":true,"href":"http:\/\/desireemartinphoto.com\/blog\/wp-json\/wp\/v2\/tags?post=138"}],"curies":[{"name":"wp","href":"https:\/\/api.w.org\/{rel}","templated":true}]}}