{"id":1343,"date":"2011-10-20T12:17:27","date_gmt":"2011-10-20T12:17:27","guid":{"rendered":"http:\/\/desireemartinphoto.com\/blog\/?p=1343"},"modified":"2011-10-20T12:17:27","modified_gmt":"2011-10-20T12:17:27","slug":"dia-de-valoraciones-y-balances","status":"publish","type":"post","link":"http:\/\/desireemartinphoto.com\/blog\/dia-de-valoraciones-y-balances\/","title":{"rendered":"D\u00eda de valoraciones y balances"},"content":{"rendered":"<p>El d\u00eda comienza con la reuni\u00f3n del Viceconsejero de Pesca del Gobierno de Canarias y los responsable sde la Cofrad\u00eda de pescadores de Nuestra Se\u00f1ora de Los Reyes de La Restinga &#8230;<\/p>\n<p>&nbsp;<\/p>\n<p>&#8230;al acabar se nos presentaban as\u00ed ante las c\u00e1maras..<\/p>\n<p>&nbsp;<\/p>\n<p>En un rato los pescadores ser\u00e1n informados de lo que se ha hablado en la reuni\u00f3n : Se esperan los resultados de las investigaciones para valorar los da\u00f1os y ver cuanto se tardar\u00e1 en recuperar la zona para la explotaci\u00f3n pesquera , de cuanto ser\u00e1 el paro biol\u00f3gico , y tambi\u00e9n se trat\u00f3 el tema de las ayudas..<\/p>\n<p>&nbsp;<\/p>\n<p><img data-attachment-id=\"1344\" data-permalink=\"http:\/\/desireemartinphoto.com\/blog\/dia-de-valoraciones-y-balances\/dm-reunion-politicos-pescadores-blog-201011-01\/\" data-orig-file=\"http:\/\/desireemartinphoto.com\/blog\/wp-content\/uploads\/2011\/10\/DM-Reunion-Politicos-Pescadores-BLOG-201011-01.jpg\" data-orig-size=\"550,279\" data-comments-opened=\"1\" data-image-meta=\"{&quot;aperture&quot;:&quot;5.6&quot;,&quot;credit&quot;:&quot;&quot;,&quot;camera&quot;:&quot;Canon EOS 5D Mark II&quot;,&quot;caption&quot;:&quot;&quot;,&quot;created_timestamp&quot;:&quot;1319109935&quot;,&quot;copyright&quot;:&quot;&quot;,&quot;focal_length&quot;:&quot;18&quot;,&quot;iso&quot;:&quot;2000&quot;,&quot;shutter_speed&quot;:&quot;0.01&quot;,&quot;title&quot;:&quot;&quot;}\" data-image-title=\"DM-Reunion-Politicos-Pescadores-BLOG-201011-01\" data-image-description=\"\" data-medium-file=\"http:\/\/desireemartinphoto.com\/blog\/wp-content\/uploads\/2011\/10\/DM-Reunion-Politicos-Pescadores-BLOG-201011-01-300x152.jpg\" data-large-file=\"http:\/\/desireemartinphoto.com\/blog\/wp-content\/uploads\/2011\/10\/DM-Reunion-Politicos-Pescadores-BLOG-201011-01.jpg\" loading=\"lazy\" class=\"alignnone size-full wp-image-1344\" src=\"http:\/\/desireemartinphoto.com\/blog\/wp-content\/uploads\/2011\/10\/DM-Reunion-Politicos-Pescadores-BLOG-201011-01.jpg\" alt=\"\" width=\"550\" height=\"279\" srcset=\"http:\/\/desireemartinphoto.com\/blog\/wp-content\/uploads\/2011\/10\/DM-Reunion-Politicos-Pescadores-BLOG-201011-01.jpg 550w, http:\/\/desireemartinphoto.com\/blog\/wp-content\/uploads\/2011\/10\/DM-Reunion-Politicos-Pescadores-BLOG-201011-01-300x152.jpg 300w\" sizes=\"(max-width: 550px) 100vw, 550px\" \/><\/p>\n<p>&nbsp;<\/p>\n<div class=\"sharedaddy sd-sharing-enabled\"><div class=\"robots-nocontent sd-block sd-social sd-social-icon-text sd-sharing\"><h3 class=\"sd-title\">COMPARTE ESTO:<\/h3><div class=\"sd-content\"><ul><li class=\"share-facebook\"><a rel=\"nofollow noopener noreferrer\" data-shared=\"sharing-facebook-1343\" class=\"share-facebook sd-button share-icon\" href=\"http:\/\/desireemartinphoto.com\/blog\/dia-de-valoraciones-y-balances\/?share=facebook\" target=\"_blank\" title=\"Haz clic para compartir en Facebook\"><span>Facebook<\/span><\/a><\/li><li class=\"share-twitter\"><a rel=\"nofollow noopener noreferrer\" data-shared=\"sharing-twitter-1343\" class=\"share-twitter sd-button share-icon\" href=\"http:\/\/desireemartinphoto.com\/blog\/dia-de-valoraciones-y-balances\/?share=twitter\" target=\"_blank\" title=\"Haz clic para compartir en Twitter\"><span>Twitter<\/span><\/a><\/li><li class=\"share-email\"><a rel=\"nofollow noopener noreferrer\" data-shared=\"\" class=\"share-email sd-button share-icon\" href=\"http:\/\/desireemartinphoto.com\/blog\/dia-de-valoraciones-y-balances\/?share=email\" target=\"_blank\" title=\"Haz clic para enviar por correo electr\u00f3nico a un amigo\"><span>Correo electr\u00f3nico<\/span><\/a><\/li><li class=\"share-linkedin\"><a rel=\"nofollow noopener noreferrer\" data-shared=\"sharing-linkedin-1343\" class=\"share-linkedin sd-button share-icon\" href=\"http:\/\/desireemartinphoto.com\/blog\/dia-de-valoraciones-y-balances\/?share=linkedin\" target=\"_blank\" title=\"Haz clic para compartir en LinkedIn\"><span>LinkedIn<\/span><\/a><\/li><li class=\"share-tumblr\"><a rel=\"nofollow noopener noreferrer\" data-shared=\"\" class=\"share-tumblr sd-button share-icon\" href=\"http:\/\/desireemartinphoto.com\/blog\/dia-de-valoraciones-y-balances\/?share=tumblr\" target=\"_blank\" title=\"Haz clic para compartir en Tumblr\"><span>Tumblr<\/span><\/a><\/li><li class=\"share-end\"><\/li><\/ul><\/div><\/div><\/div>","protected":false},"excerpt":{"rendered":"<p>El d\u00eda comienza con la reuni\u00f3n del Viceconsejero de Pesca del Gobierno de Canarias y los responsable sde la Cofrad\u00eda de pescadores de Nuestra Se\u00f1ora de Los Reyes de La Restinga &#8230; &nbsp; &#8230;al acabar se nos presentaban as\u00ed ante las c\u00e1maras.. &nbsp; En un rato los pescadores ser\u00e1n informados de lo que se ha [&#038;hellip<\/p>\n<div class=\"sharedaddy sd-sharing-enabled\"><div class=\"robots-nocontent sd-block sd-social sd-social-icon-text sd-sharing\"><h3 class=\"sd-title\">COMPARTE ESTO:<\/h3><div class=\"sd-content\"><ul><li class=\"share-facebook\"><a rel=\"nofollow noopener noreferrer\" data-shared=\"sharing-facebook-1343\" class=\"share-facebook sd-button share-icon\" href=\"http:\/\/desireemartinphoto.com\/blog\/dia-de-valoraciones-y-balances\/?share=facebook\" target=\"_blank\" title=\"Haz clic para compartir en Facebook\"><span>Facebook<\/span><\/a><\/li><li class=\"share-twitter\"><a rel=\"nofollow noopener noreferrer\" data-shared=\"sharing-twitter-1343\" class=\"share-twitter sd-button share-icon\" href=\"http:\/\/desireemartinphoto.com\/blog\/dia-de-valoraciones-y-balances\/?share=twitter\" target=\"_blank\" title=\"Haz clic para compartir en Twitter\"><span>Twitter<\/span><\/a><\/li><li class=\"share-email\"><a rel=\"nofollow noopener noreferrer\" data-shared=\"\" class=\"share-email sd-button share-icon\" href=\"http:\/\/desireemartinphoto.com\/blog\/dia-de-valoraciones-y-balances\/?share=email\" target=\"_blank\" title=\"Haz clic para enviar por correo electr\u00f3nico a un amigo\"><span>Correo electr\u00f3nico<\/span><\/a><\/li><li class=\"share-linkedin\"><a rel=\"nofollow noopener noreferrer\" data-shared=\"sharing-linkedin-1343\" class=\"share-linkedin sd-button share-icon\" href=\"http:\/\/desireemartinphoto.com\/blog\/dia-de-valoraciones-y-balances\/?share=linkedin\" target=\"_blank\" title=\"Haz clic para compartir en LinkedIn\"><span>LinkedIn<\/span><\/a><\/li><li class=\"share-tumblr\"><a rel=\"nofollow noopener noreferrer\" data-shared=\"\" class=\"share-tumblr sd-button share-icon\" href=\"http:\/\/desireemartinphoto.com\/blog\/dia-de-valoraciones-y-balances\/?share=tumblr\" target=\"_blank\" title=\"Haz clic para compartir en Tumblr\"><span>Tumblr<\/span><\/a><\/li><li class=\"share-end\"><\/li><\/ul><\/div><\/div><\/div>","protected":false},"author":1,"featured_media":0,"comment_status":"open","ping_status":"open","sticky":false,"template":"","format":"standard","meta":{"spay_email":""},"categories":[1],"tags":[254,252,253,255,256],"jetpack_featured_media_url":"","jetpack_sharing_enabled":true,"_links":{"self":[{"href":"http:\/\/desireemartinphoto.com\/blog\/wp-json\/wp\/v2\/posts\/1343"}],"collection":[{"href":"http:\/\/desireemartinphoto.com\/blog\/wp-json\/wp\/v2\/posts"}],"about":[{"href":"http:\/\/desireemartinphoto.com\/blog\/wp-json\/wp\/v2\/types\/post"}],"author":[{"embeddable":true,"href":"http:\/\/desireemartinphoto.com\/blog\/wp-json\/wp\/v2\/users\/1"}],"replies":[{"embeddable":true,"href":"http:\/\/desireemartinphoto.com\/blog\/wp-json\/wp\/v2\/comments?post=1343"}],"version-history":[{"count":1,"href":"http:\/\/desireemartinphoto.com\/blog\/wp-json\/wp\/v2\/posts\/1343\/revisions"}],"predecessor-version":[{"id":1345,"href":"http:\/\/desireemartinphoto.com\/blog\/wp-json\/wp\/v2\/posts\/1343\/revisions\/1345"}],"wp:attachment":[{"href":"http:\/\/desireemartinphoto.com\/blog\/wp-json\/wp\/v2\/media?parent=1343"}],"wp:term":[{"taxonomy":"category","embeddable":true,"href":"http:\/\/desireemartinphoto.com\/blog\/wp-json\/wp\/v2\/categories?post=1343"},{"taxonomy":"post_tag","embeddable":true,"href":"http:\/\/desireemartinphoto.com\/blog\/wp-json\/wp\/v2\/tags?post=1343"}],"curies":[{"name":"wp","href":"https:\/\/api.w.org\/{rel}","templated":true}]}}