{"id":1326,"date":"2011-10-19T20:09:38","date_gmt":"2011-10-19T20:09:38","guid":{"rendered":"http:\/\/desireemartinphoto.com\/blog\/?p=1326"},"modified":"2011-10-19T20:34:51","modified_gmt":"2011-10-19T20:34:51","slug":"tara-joseba-y-la-restinga","status":"publish","type":"post","link":"http:\/\/desireemartinphoto.com\/blog\/tara-joseba-y-la-restinga\/","title":{"rendered":"Tara, Joseba y La Restinga"},"content":{"rendered":"<p>Esta tarde a las 16 horas han permitido que la prensa baje a La Restinga.<\/p>\n<p>Tara y Joseba son una pareja que vive en el pueblo ..y bajaban para poner una lavadora r\u00e1pida, sacar la basura de casa coger algunas pertenencias.<\/p>\n<p>Se les nota en las caritas la tristeza de estar en un &#8220;pueblo fant\u00e1sma&#8221; , como me dicen y que les pesan los d\u00edas de ser &#8221; reubicado&#8221; &#8230; palabra que les molesta.<\/p>\n<p>&nbsp;<\/p>\n<p><img data-attachment-id=\"1327\" data-permalink=\"http:\/\/desireemartinphoto.com\/blog\/tara-joseba-y-la-restinga\/dm-191011-blog-restinga-01\/\" data-orig-file=\"http:\/\/desireemartinphoto.com\/blog\/wp-content\/uploads\/2011\/10\/DM-191011-BLOG-Restinga-01.jpg\" data-orig-size=\"550,367\" data-comments-opened=\"1\" data-image-meta=\"{&quot;aperture&quot;:&quot;5.6&quot;,&quot;credit&quot;:&quot;&quot;,&quot;camera&quot;:&quot;Canon EOS 5D Mark II&quot;,&quot;caption&quot;:&quot;&quot;,&quot;created_timestamp&quot;:&quot;1319037958&quot;,&quot;copyright&quot;:&quot;&quot;,&quot;focal_length&quot;:&quot;16&quot;,&quot;iso&quot;:&quot;400&quot;,&quot;shutter_speed&quot;:&quot;0.00125&quot;,&quot;title&quot;:&quot;&quot;}\" data-image-title=\"DM-191011-BLOG-Restinga-01\" data-image-description=\"\" data-medium-file=\"http:\/\/desireemartinphoto.com\/blog\/wp-content\/uploads\/2011\/10\/DM-191011-BLOG-Restinga-01-300x200.jpg\" data-large-file=\"http:\/\/desireemartinphoto.com\/blog\/wp-content\/uploads\/2011\/10\/DM-191011-BLOG-Restinga-01.jpg\" loading=\"lazy\" class=\"alignnone size-full wp-image-1327\" src=\"http:\/\/desireemartinphoto.com\/blog\/wp-content\/uploads\/2011\/10\/DM-191011-BLOG-Restinga-01.jpg\" alt=\"\" width=\"550\" height=\"367\" srcset=\"http:\/\/desireemartinphoto.com\/blog\/wp-content\/uploads\/2011\/10\/DM-191011-BLOG-Restinga-01.jpg 550w, http:\/\/desireemartinphoto.com\/blog\/wp-content\/uploads\/2011\/10\/DM-191011-BLOG-Restinga-01-300x200.jpg 300w\" sizes=\"(max-width: 550px) 100vw, 550px\" \/><\/p>\n<p><img data-attachment-id=\"1328\" data-permalink=\"http:\/\/desireemartinphoto.com\/blog\/tara-joseba-y-la-restinga\/dm-191011-blog-restinga-02\/\" data-orig-file=\"http:\/\/desireemartinphoto.com\/blog\/wp-content\/uploads\/2011\/10\/DM-191011-BLOG-Restinga-02.jpg\" data-orig-size=\"550,367\" data-comments-opened=\"1\" data-image-meta=\"{&quot;aperture&quot;:&quot;5.6&quot;,&quot;credit&quot;:&quot;&quot;,&quot;camera&quot;:&quot;Canon EOS 5D Mark II&quot;,&quot;caption&quot;:&quot;191011\\n\\nPUEBLO DE LA RESTINGA EN LA ISLA CANARIA DE EL HIERRO\\nDOS VECINOS DE EL PUEBLO TARA Y JOSEBA VAN A SU CASA A PONER UNA LAVADORA Y RECOGER LA BASURA DURANTE LA HORA QUE LE PERMITEN ESTAR EN EL PUEBLO \\n\\nDESIREE MATIN \\\/ PUBLICO&quot;,&quot;created_timestamp&quot;:&quot;1319039086&quot;,&quot;copyright&quot;:&quot;&quot;,&quot;focal_length&quot;:&quot;18&quot;,&quot;iso&quot;:&quot;2000&quot;,&quot;shutter_speed&quot;:&quot;0.016666666666667&quot;,&quot;title&quot;:&quot;&quot;}\" data-image-title=\"DM-191011-BLOG-Restinga-02\" data-image-description=\"\" data-medium-file=\"http:\/\/desireemartinphoto.com\/blog\/wp-content\/uploads\/2011\/10\/DM-191011-BLOG-Restinga-02-300x200.jpg\" data-large-file=\"http:\/\/desireemartinphoto.com\/blog\/wp-content\/uploads\/2011\/10\/DM-191011-BLOG-Restinga-02.jpg\" loading=\"lazy\" class=\"alignnone size-full wp-image-1328\" src=\"http:\/\/desireemartinphoto.com\/blog\/wp-content\/uploads\/2011\/10\/DM-191011-BLOG-Restinga-02.jpg\" alt=\"\" width=\"550\" height=\"367\" srcset=\"http:\/\/desireemartinphoto.com\/blog\/wp-content\/uploads\/2011\/10\/DM-191011-BLOG-Restinga-02.jpg 550w, http:\/\/desireemartinphoto.com\/blog\/wp-content\/uploads\/2011\/10\/DM-191011-BLOG-Restinga-02-300x200.jpg 300w\" sizes=\"(max-width: 550px) 100vw, 550px\" \/><\/p>\n<p><img data-attachment-id=\"1329\" data-permalink=\"http:\/\/desireemartinphoto.com\/blog\/tara-joseba-y-la-restinga\/dm-191011-blog-restinga-03\/\" data-orig-file=\"http:\/\/desireemartinphoto.com\/blog\/wp-content\/uploads\/2011\/10\/DM-191011-BLOG-Restinga-03.jpg\" data-orig-size=\"550,367\" data-comments-opened=\"1\" data-image-meta=\"{&quot;aperture&quot;:&quot;5.6&quot;,&quot;credit&quot;:&quot;&quot;,&quot;camera&quot;:&quot;Canon EOS 5D Mark II&quot;,&quot;caption&quot;:&quot;&quot;,&quot;created_timestamp&quot;:&quot;1319038531&quot;,&quot;copyright&quot;:&quot;&quot;,&quot;focal_length&quot;:&quot;16&quot;,&quot;iso&quot;:&quot;2000&quot;,&quot;shutter_speed&quot;:&quot;0.025&quot;,&quot;title&quot;:&quot;&quot;}\" data-image-title=\"DM-191011-BLOG-Restinga-03\" data-image-description=\"\" data-medium-file=\"http:\/\/desireemartinphoto.com\/blog\/wp-content\/uploads\/2011\/10\/DM-191011-BLOG-Restinga-03-300x200.jpg\" data-large-file=\"http:\/\/desireemartinphoto.com\/blog\/wp-content\/uploads\/2011\/10\/DM-191011-BLOG-Restinga-03.jpg\" loading=\"lazy\" class=\"alignnone size-full wp-image-1329\" src=\"http:\/\/desireemartinphoto.com\/blog\/wp-content\/uploads\/2011\/10\/DM-191011-BLOG-Restinga-03.jpg\" alt=\"\" width=\"550\" height=\"367\" srcset=\"http:\/\/desireemartinphoto.com\/blog\/wp-content\/uploads\/2011\/10\/DM-191011-BLOG-Restinga-03.jpg 550w, http:\/\/desireemartinphoto.com\/blog\/wp-content\/uploads\/2011\/10\/DM-191011-BLOG-Restinga-03-300x200.jpg 300w\" sizes=\"(max-width: 550px) 100vw, 550px\" \/><\/p>\n<p><img data-attachment-id=\"1330\" data-permalink=\"http:\/\/desireemartinphoto.com\/blog\/tara-joseba-y-la-restinga\/dm-191011-blog-restinga-05\/\" data-orig-file=\"http:\/\/desireemartinphoto.com\/blog\/wp-content\/uploads\/2011\/10\/DM-191011-BLOG-Restinga-05.jpg\" data-orig-size=\"550,367\" data-comments-opened=\"1\" data-image-meta=\"{&quot;aperture&quot;:&quot;2.8&quot;,&quot;credit&quot;:&quot;&quot;,&quot;camera&quot;:&quot;Canon EOS 5D Mark II&quot;,&quot;caption&quot;:&quot;191011\\n\\nPUEBLO DE LA RESTINGA EN LA ISLA CANARIA DE EL HIERRO\\nDOS VECINOS DE EL PUEBLO TARA Y JOSEBA VAN A SU CASA A PONER UNA LAVADORA Y RECOGER LA BASURA DURANTE LA HORA QUE LE PERMITEN ESTAR EN EL PUEBLO \\n\\nTARA EN SU HABITACION\\n\\nDESIREE MATIN \\\/ PUBLICO&quot;,&quot;created_timestamp&quot;:&quot;1319038798&quot;,&quot;copyright&quot;:&quot;&quot;,&quot;focal_length&quot;:&quot;19&quot;,&quot;iso&quot;:&quot;2000&quot;,&quot;shutter_speed&quot;:&quot;0.0125&quot;,&quot;title&quot;:&quot;&quot;}\" data-image-title=\"DM-191011-BLOG-Restinga-05\" data-image-description=\"\" data-medium-file=\"http:\/\/desireemartinphoto.com\/blog\/wp-content\/uploads\/2011\/10\/DM-191011-BLOG-Restinga-05-300x200.jpg\" data-large-file=\"http:\/\/desireemartinphoto.com\/blog\/wp-content\/uploads\/2011\/10\/DM-191011-BLOG-Restinga-05.jpg\" loading=\"lazy\" class=\"alignnone size-full wp-image-1330\" src=\"http:\/\/desireemartinphoto.com\/blog\/wp-content\/uploads\/2011\/10\/DM-191011-BLOG-Restinga-05.jpg\" alt=\"\" width=\"550\" height=\"367\" srcset=\"http:\/\/desireemartinphoto.com\/blog\/wp-content\/uploads\/2011\/10\/DM-191011-BLOG-Restinga-05.jpg 550w, http:\/\/desireemartinphoto.com\/blog\/wp-content\/uploads\/2011\/10\/DM-191011-BLOG-Restinga-05-300x200.jpg 300w\" sizes=\"(max-width: 550px) 100vw, 550px\" \/><\/p>\n<p>Mientras me ense\u00f1an su pueblo me dicen que me acerque con ellos al vivero, un rincon medio natural medio adaptado a la construcci\u00f3n del puerto d\u00f3nde ella pas\u00f3 momentos de la infancia. En el , me dec\u00eda , hab\u00edan peces de muchas especies diferentes &#8230; estaba preocupada, pensando en lo que se iba a encontrar &#8230;<\/p>\n<p><img data-attachment-id=\"1331\" data-permalink=\"http:\/\/desireemartinphoto.com\/blog\/tara-joseba-y-la-restinga\/dm-191011-blog-restinga-06\/\" data-orig-file=\"http:\/\/desireemartinphoto.com\/blog\/wp-content\/uploads\/2011\/10\/DM-191011-BLOG-Restinga-06.jpg\" data-orig-size=\"550,162\" data-comments-opened=\"1\" data-image-meta=\"{&quot;aperture&quot;:&quot;5.6&quot;,&quot;credit&quot;:&quot;&quot;,&quot;camera&quot;:&quot;Canon EOS 5D Mark II&quot;,&quot;caption&quot;:&quot;&quot;,&quot;created_timestamp&quot;:&quot;1319040055&quot;,&quot;copyright&quot;:&quot;&quot;,&quot;focal_length&quot;:&quot;16&quot;,&quot;iso&quot;:&quot;400&quot;,&quot;shutter_speed&quot;:&quot;0.0008&quot;,&quot;title&quot;:&quot;&quot;}\" data-image-title=\"DM-191011-BLOG-Restinga-06\" data-image-description=\"\" data-medium-file=\"http:\/\/desireemartinphoto.com\/blog\/wp-content\/uploads\/2011\/10\/DM-191011-BLOG-Restinga-06-300x88.jpg\" data-large-file=\"http:\/\/desireemartinphoto.com\/blog\/wp-content\/uploads\/2011\/10\/DM-191011-BLOG-Restinga-06.jpg\" loading=\"lazy\" class=\"alignnone size-full wp-image-1331\" src=\"http:\/\/desireemartinphoto.com\/blog\/wp-content\/uploads\/2011\/10\/DM-191011-BLOG-Restinga-06.jpg\" alt=\"\" width=\"550\" height=\"162\" srcset=\"http:\/\/desireemartinphoto.com\/blog\/wp-content\/uploads\/2011\/10\/DM-191011-BLOG-Restinga-06.jpg 550w, http:\/\/desireemartinphoto.com\/blog\/wp-content\/uploads\/2011\/10\/DM-191011-BLOG-Restinga-06-300x88.jpg 300w\" sizes=\"(max-width: 550px) 100vw, 550px\" \/><\/p>\n<p><img data-attachment-id=\"1338\" data-permalink=\"http:\/\/desireemartinphoto.com\/blog\/tara-joseba-y-la-restinga\/dm-191011-blog-restinga-05-1-2\/\" data-orig-file=\"http:\/\/desireemartinphoto.com\/blog\/wp-content\/uploads\/2011\/10\/DM-191011-BLOG-Restinga-05-11.jpg\" data-orig-size=\"550,195\" data-comments-opened=\"1\" data-image-meta=\"{&quot;aperture&quot;:&quot;0&quot;,&quot;credit&quot;:&quot;&quot;,&quot;camera&quot;:&quot;&quot;,&quot;caption&quot;:&quot;&quot;,&quot;created_timestamp&quot;:&quot;0&quot;,&quot;copyright&quot;:&quot;&quot;,&quot;focal_length&quot;:&quot;0&quot;,&quot;iso&quot;:&quot;0&quot;,&quot;shutter_speed&quot;:&quot;0&quot;,&quot;title&quot;:&quot;&quot;}\" data-image-title=\"DM-191011-BLOG-Restinga-05-11\" data-image-description=\"\" data-medium-file=\"http:\/\/desireemartinphoto.com\/blog\/wp-content\/uploads\/2011\/10\/DM-191011-BLOG-Restinga-05-11-300x106.jpg\" data-large-file=\"http:\/\/desireemartinphoto.com\/blog\/wp-content\/uploads\/2011\/10\/DM-191011-BLOG-Restinga-05-11.jpg\" loading=\"lazy\" class=\"alignnone size-full wp-image-1338\" src=\"http:\/\/desireemartinphoto.com\/blog\/wp-content\/uploads\/2011\/10\/DM-191011-BLOG-Restinga-05-11.jpg\" alt=\"\" width=\"550\" height=\"195\" srcset=\"http:\/\/desireemartinphoto.com\/blog\/wp-content\/uploads\/2011\/10\/DM-191011-BLOG-Restinga-05-11.jpg 550w, http:\/\/desireemartinphoto.com\/blog\/wp-content\/uploads\/2011\/10\/DM-191011-BLOG-Restinga-05-11-300x106.jpg 300w\" sizes=\"(max-width: 550px) 100vw, 550px\" \/><\/p>\n<p>No ocurri\u00f3 , estaban vivos!\u00a0 .. les dieron de comer&#8230; la cara les cambi\u00f3\u00a0 por completo. La cara de Tara .. me reconcili\u00f3 con el d\u00eda.<\/p>\n<p>Al otro lado del puerto de la Restinga , en el brazo de protecci\u00f3n del mismo.. el panorama era otro &#8230;<\/p>\n<p><img data-attachment-id=\"1334\" data-permalink=\"http:\/\/desireemartinphoto.com\/blog\/tara-joseba-y-la-restinga\/dm-191011-blog-restinga-08\/\" data-orig-file=\"http:\/\/desireemartinphoto.com\/blog\/wp-content\/uploads\/2011\/10\/DM-191011-BLOG-Restinga-08.jpg\" data-orig-size=\"550,367\" data-comments-opened=\"1\" data-image-meta=\"{&quot;aperture&quot;:&quot;5.6&quot;,&quot;credit&quot;:&quot;&quot;,&quot;camera&quot;:&quot;Canon EOS 5D Mark II&quot;,&quot;caption&quot;:&quot;&quot;,&quot;created_timestamp&quot;:&quot;1319041612&quot;,&quot;copyright&quot;:&quot;&quot;,&quot;focal_length&quot;:&quot;70&quot;,&quot;iso&quot;:&quot;400&quot;,&quot;shutter_speed&quot;:&quot;0.0015625&quot;,&quot;title&quot;:&quot;&quot;}\" data-image-title=\"DM-191011-BLOG-Restinga-08\" data-image-description=\"\" data-medium-file=\"http:\/\/desireemartinphoto.com\/blog\/wp-content\/uploads\/2011\/10\/DM-191011-BLOG-Restinga-08-300x200.jpg\" data-large-file=\"http:\/\/desireemartinphoto.com\/blog\/wp-content\/uploads\/2011\/10\/DM-191011-BLOG-Restinga-08.jpg\" loading=\"lazy\" class=\"alignnone size-full wp-image-1334\" src=\"http:\/\/desireemartinphoto.com\/blog\/wp-content\/uploads\/2011\/10\/DM-191011-BLOG-Restinga-08.jpg\" alt=\"\" width=\"550\" height=\"367\" srcset=\"http:\/\/desireemartinphoto.com\/blog\/wp-content\/uploads\/2011\/10\/DM-191011-BLOG-Restinga-08.jpg 550w, http:\/\/desireemartinphoto.com\/blog\/wp-content\/uploads\/2011\/10\/DM-191011-BLOG-Restinga-08-300x200.jpg 300w\" sizes=\"(max-width: 550px) 100vw, 550px\" \/><\/p>\n<p><img data-attachment-id=\"1332\" data-permalink=\"http:\/\/desireemartinphoto.com\/blog\/tara-joseba-y-la-restinga\/dm-191011-blog-restinga-07\/\" data-orig-file=\"http:\/\/desireemartinphoto.com\/blog\/wp-content\/uploads\/2011\/10\/DM-191011-BLOG-Restinga-07.jpg\" data-orig-size=\"550,338\" data-comments-opened=\"1\" data-image-meta=\"{&quot;aperture&quot;:&quot;5.6&quot;,&quot;credit&quot;:&quot;&quot;,&quot;camera&quot;:&quot;Canon EOS 5D Mark II&quot;,&quot;caption&quot;:&quot;191011\\n\\nPUEBLO DE LA RESTINGA EN LA ISLA CANARIA DE EL HIERRO\\nVISTA DE EL PUERTO DE LA RESTINGA CON LOS PECES MUERTOS EN UNO DE SUS DIQUES EL DIA QUE PERMITEN LA ENTRADA DE LA PRENSA AL PUEBLO\\n\\nDESIREE MATIN \\\/ PUBLICO&quot;,&quot;created_timestamp&quot;:&quot;1319041671&quot;,&quot;copyright&quot;:&quot;&quot;,&quot;focal_length&quot;:&quot;16&quot;,&quot;iso&quot;:&quot;400&quot;,&quot;shutter_speed&quot;:&quot;0.001&quot;,&quot;title&quot;:&quot;&quot;}\" data-image-title=\"DM-191011-BLOG-Restinga-07\" data-image-description=\"\" data-medium-file=\"http:\/\/desireemartinphoto.com\/blog\/wp-content\/uploads\/2011\/10\/DM-191011-BLOG-Restinga-07-300x184.jpg\" data-large-file=\"http:\/\/desireemartinphoto.com\/blog\/wp-content\/uploads\/2011\/10\/DM-191011-BLOG-Restinga-07.jpg\" loading=\"lazy\" class=\"alignnone size-full wp-image-1332\" src=\"http:\/\/desireemartinphoto.com\/blog\/wp-content\/uploads\/2011\/10\/DM-191011-BLOG-Restinga-07.jpg\" alt=\"\" width=\"550\" height=\"338\" srcset=\"http:\/\/desireemartinphoto.com\/blog\/wp-content\/uploads\/2011\/10\/DM-191011-BLOG-Restinga-07.jpg 550w, http:\/\/desireemartinphoto.com\/blog\/wp-content\/uploads\/2011\/10\/DM-191011-BLOG-Restinga-07-300x184.jpg 300w\" sizes=\"(max-width: 550px) 100vw, 550px\" \/><\/p>\n<p>&#8230; fuimos a por la ropa limpia &#8230;<\/p>\n<p>Mientras me contaban que estaban apurados porque pagan 2 alquileres , en de La Restinga y el de ahora en El Pinar, que esperan que las ayudas lleguen y que puedan encontrar loq ue vinieron a buscar a la isla : trabajo y paz.<\/p>\n<p><img data-attachment-id=\"1340\" data-permalink=\"http:\/\/desireemartinphoto.com\/blog\/tara-joseba-y-la-restinga\/dm-191011-blog-restinga-09-2\/\" data-orig-file=\"http:\/\/desireemartinphoto.com\/blog\/wp-content\/uploads\/2011\/10\/DM-191011-BLOG-Restinga-091.jpg\" data-orig-size=\"367,550\" data-comments-opened=\"1\" data-image-meta=\"{&quot;aperture&quot;:&quot;5.6&quot;,&quot;credit&quot;:&quot;&quot;,&quot;camera&quot;:&quot;Canon EOS 5D Mark II&quot;,&quot;caption&quot;:&quot;&quot;,&quot;created_timestamp&quot;:&quot;1319040760&quot;,&quot;copyright&quot;:&quot;&quot;,&quot;focal_length&quot;:&quot;16&quot;,&quot;iso&quot;:&quot;400&quot;,&quot;shutter_speed&quot;:&quot;0.00125&quot;,&quot;title&quot;:&quot;&quot;}\" data-image-title=\"DM-191011-BLOG-Restinga-091\" data-image-description=\"\" data-medium-file=\"http:\/\/desireemartinphoto.com\/blog\/wp-content\/uploads\/2011\/10\/DM-191011-BLOG-Restinga-091-200x300.jpg\" data-large-file=\"http:\/\/desireemartinphoto.com\/blog\/wp-content\/uploads\/2011\/10\/DM-191011-BLOG-Restinga-091.jpg\" loading=\"lazy\" class=\"alignnone size-full wp-image-1340\" src=\"http:\/\/desireemartinphoto.com\/blog\/wp-content\/uploads\/2011\/10\/DM-191011-BLOG-Restinga-091.jpg\" alt=\"\" width=\"367\" height=\"550\" srcset=\"http:\/\/desireemartinphoto.com\/blog\/wp-content\/uploads\/2011\/10\/DM-191011-BLOG-Restinga-091.jpg 367w, http:\/\/desireemartinphoto.com\/blog\/wp-content\/uploads\/2011\/10\/DM-191011-BLOG-Restinga-091-200x300.jpg 200w\" sizes=\"(max-width: 367px) 100vw, 367px\" \/><\/p>\n<p>&nbsp;<\/p>\n<p>En la rueda de prensa de esta tarde a las 19h en el CECOI , y en resumidas cuentas nos dicen que el episodio se ha parado &#8230;<\/p>\n<p>&nbsp;<\/p>\n<div class=\"sharedaddy sd-sharing-enabled\"><div class=\"robots-nocontent sd-block sd-social sd-social-icon-text sd-sharing\"><h3 class=\"sd-title\">COMPARTE ESTO:<\/h3><div class=\"sd-content\"><ul><li class=\"share-facebook\"><a rel=\"nofollow noopener noreferrer\" data-shared=\"sharing-facebook-1326\" class=\"share-facebook sd-button share-icon\" href=\"http:\/\/desireemartinphoto.com\/blog\/tara-joseba-y-la-restinga\/?share=facebook\" target=\"_blank\" title=\"Haz clic para compartir en Facebook\"><span>Facebook<\/span><\/a><\/li><li class=\"share-twitter\"><a rel=\"nofollow noopener noreferrer\" data-shared=\"sharing-twitter-1326\" class=\"share-twitter sd-button share-icon\" href=\"http:\/\/desireemartinphoto.com\/blog\/tara-joseba-y-la-restinga\/?share=twitter\" target=\"_blank\" title=\"Haz clic para compartir en Twitter\"><span>Twitter<\/span><\/a><\/li><li class=\"share-email\"><a rel=\"nofollow noopener noreferrer\" data-shared=\"\" class=\"share-email sd-button share-icon\" href=\"http:\/\/desireemartinphoto.com\/blog\/tara-joseba-y-la-restinga\/?share=email\" target=\"_blank\" title=\"Haz clic para enviar por correo electr\u00f3nico a un amigo\"><span>Correo electr\u00f3nico<\/span><\/a><\/li><li class=\"share-linkedin\"><a rel=\"nofollow noopener noreferrer\" data-shared=\"sharing-linkedin-1326\" class=\"share-linkedin sd-button share-icon\" href=\"http:\/\/desireemartinphoto.com\/blog\/tara-joseba-y-la-restinga\/?share=linkedin\" target=\"_blank\" title=\"Haz clic para compartir en LinkedIn\"><span>LinkedIn<\/span><\/a><\/li><li class=\"share-tumblr\"><a rel=\"nofollow noopener noreferrer\" data-shared=\"\" class=\"share-tumblr sd-button share-icon\" href=\"http:\/\/desireemartinphoto.com\/blog\/tara-joseba-y-la-restinga\/?share=tumblr\" target=\"_blank\" title=\"Haz clic para compartir en Tumblr\"><span>Tumblr<\/span><\/a><\/li><li class=\"share-end\"><\/li><\/ul><\/div><\/div><\/div>","protected":false},"excerpt":{"rendered":"<p>Esta tarde a las 16 horas han permitido que la prensa baje a La Restinga. Tara y Joseba son una pareja que vive en el pueblo ..y bajaban para poner una lavadora r\u00e1pida, sacar la basura de casa coger algunas pertenencias. Se les nota en las caritas la tristeza de estar en un &#8220;pueblo fant\u00e1sma&#8221; [&#038;hellip<\/p>\n<div class=\"sharedaddy sd-sharing-enabled\"><div class=\"robots-nocontent sd-block sd-social sd-social-icon-text sd-sharing\"><h3 class=\"sd-title\">COMPARTE ESTO:<\/h3><div class=\"sd-content\"><ul><li class=\"share-facebook\"><a rel=\"nofollow noopener noreferrer\" data-shared=\"sharing-facebook-1326\" class=\"share-facebook sd-button share-icon\" href=\"http:\/\/desireemartinphoto.com\/blog\/tara-joseba-y-la-restinga\/?share=facebook\" target=\"_blank\" title=\"Haz clic para compartir en Facebook\"><span>Facebook<\/span><\/a><\/li><li class=\"share-twitter\"><a rel=\"nofollow noopener noreferrer\" data-shared=\"sharing-twitter-1326\" class=\"share-twitter sd-button share-icon\" href=\"http:\/\/desireemartinphoto.com\/blog\/tara-joseba-y-la-restinga\/?share=twitter\" target=\"_blank\" title=\"Haz clic para compartir en Twitter\"><span>Twitter<\/span><\/a><\/li><li class=\"share-email\"><a rel=\"nofollow noopener noreferrer\" data-shared=\"\" class=\"share-email sd-button share-icon\" href=\"http:\/\/desireemartinphoto.com\/blog\/tara-joseba-y-la-restinga\/?share=email\" target=\"_blank\" title=\"Haz clic para enviar por correo electr\u00f3nico a un amigo\"><span>Correo electr\u00f3nico<\/span><\/a><\/li><li class=\"share-linkedin\"><a rel=\"nofollow noopener noreferrer\" data-shared=\"sharing-linkedin-1326\" class=\"share-linkedin sd-button share-icon\" href=\"http:\/\/desireemartinphoto.com\/blog\/tara-joseba-y-la-restinga\/?share=linkedin\" target=\"_blank\" title=\"Haz clic para compartir en LinkedIn\"><span>LinkedIn<\/span><\/a><\/li><li class=\"share-tumblr\"><a rel=\"nofollow noopener noreferrer\" data-shared=\"\" class=\"share-tumblr sd-button share-icon\" href=\"http:\/\/desireemartinphoto.com\/blog\/tara-joseba-y-la-restinga\/?share=tumblr\" target=\"_blank\" title=\"Haz clic para compartir en Tumblr\"><span>Tumblr<\/span><\/a><\/li><li class=\"share-end\"><\/li><\/ul><\/div><\/div><\/div>","protected":false},"author":1,"featured_media":0,"comment_status":"open","ping_status":"open","sticky":false,"template":"","format":"standard","meta":{"spay_email":""},"categories":[1],"tags":[],"jetpack_featured_media_url":"","jetpack_sharing_enabled":true,"_links":{"self":[{"href":"http:\/\/desireemartinphoto.com\/blog\/wp-json\/wp\/v2\/posts\/1326"}],"collection":[{"href":"http:\/\/desireemartinphoto.com\/blog\/wp-json\/wp\/v2\/posts"}],"about":[{"href":"http:\/\/desireemartinphoto.com\/blog\/wp-json\/wp\/v2\/types\/post"}],"author":[{"embeddable":true,"href":"http:\/\/desireemartinphoto.com\/blog\/wp-json\/wp\/v2\/users\/1"}],"replies":[{"embeddable":true,"href":"http:\/\/desireemartinphoto.com\/blog\/wp-json\/wp\/v2\/comments?post=1326"}],"version-history":[{"count":6,"href":"http:\/\/desireemartinphoto.com\/blog\/wp-json\/wp\/v2\/posts\/1326\/revisions"}],"predecessor-version":[{"id":1733,"href":"http:\/\/desireemartinphoto.com\/blog\/wp-json\/wp\/v2\/posts\/1326\/revisions\/1733"}],"wp:attachment":[{"href":"http:\/\/desireemartinphoto.com\/blog\/wp-json\/wp\/v2\/media?parent=1326"}],"wp:term":[{"taxonomy":"category","embeddable":true,"href":"http:\/\/desireemartinphoto.com\/blog\/wp-json\/wp\/v2\/categories?post=1326"},{"taxonomy":"post_tag","embeddable":true,"href":"http:\/\/desireemartinphoto.com\/blog\/wp-json\/wp\/v2\/tags?post=1326"}],"curies":[{"name":"wp","href":"https:\/\/api.w.org\/{rel}","templated":true}]}}