{"id":1313,"date":"2011-10-18T18:21:38","date_gmt":"2011-10-18T18:21:38","guid":{"rendered":"http:\/\/desireemartinphoto.com\/blog\/?p=1313"},"modified":"2011-10-18T18:21:38","modified_gmt":"2011-10-18T18:21:38","slug":"incertidumbre","status":"publish","type":"post","link":"http:\/\/desireemartinphoto.com\/blog\/incertidumbre\/","title":{"rendered":"Incertidumbre"},"content":{"rendered":"<p>&nbsp;<\/p>\n<p>La reuni\u00f3n de los vecinos de La Restinga con los miembros del POVOLCA (PLAN ESPECIFICO DE PROTECCION CIVIL Y ATENCION EN EMERGENCIIAS POR RIESGO VOLCANICO ) comenz\u00f3 a las 16h en el Pueblo de El Pinar.<\/p>\n<p><img data-attachment-id=\"1314\" data-permalink=\"http:\/\/desireemartinphoto.com\/blog\/incertidumbre\/dm-reunion-vecinal-181011-blog-02\/\" data-orig-file=\"http:\/\/desireemartinphoto.com\/blog\/wp-content\/uploads\/2011\/10\/DM-Reunion-Vecinal-181011-BLOG-02.jpg\" data-orig-size=\"550,343\" data-comments-opened=\"1\" data-image-meta=\"{&quot;aperture&quot;:&quot;4.5&quot;,&quot;credit&quot;:&quot;&quot;,&quot;camera&quot;:&quot;Canon EOS 5D Mark II&quot;,&quot;caption&quot;:&quot;181011\\n\\nMUNICIPIO DE EL PINAR ISLA DE EL HIERRO CANARIAS\\n\\nREUNION DE VECINOS DE LA RESTINGA AFECTADOS POR LA ERUPCION VOLCANICA SUBMARINA DE LA ISLA DE EL HIERRO CON LOS MIEMBROS DEL POVOLCA PLAN ESPECIFICO DE PROTECCION CIVIL Y ATENCION EN EMERGENCIIAS POR RIESGO VOLCANICO \\n\\nDESIREE MARTIN \\\/ PUBLICO&quot;,&quot;created_timestamp&quot;:&quot;1318950582&quot;,&quot;copyright&quot;:&quot;&quot;,&quot;focal_length&quot;:&quot;110&quot;,&quot;iso&quot;:&quot;2000&quot;,&quot;shutter_speed&quot;:&quot;0.02&quot;,&quot;title&quot;:&quot;&quot;}\" data-image-title=\"DM-Reunion-Vecinal-181011-BLOG-02\" data-image-description=\"\" data-medium-file=\"http:\/\/desireemartinphoto.com\/blog\/wp-content\/uploads\/2011\/10\/DM-Reunion-Vecinal-181011-BLOG-02-300x187.jpg\" data-large-file=\"http:\/\/desireemartinphoto.com\/blog\/wp-content\/uploads\/2011\/10\/DM-Reunion-Vecinal-181011-BLOG-02.jpg\" loading=\"lazy\" class=\"alignnone size-full wp-image-1314\" src=\"http:\/\/desireemartinphoto.com\/blog\/wp-content\/uploads\/2011\/10\/DM-Reunion-Vecinal-181011-BLOG-02.jpg\" alt=\"\" width=\"550\" height=\"343\" srcset=\"http:\/\/desireemartinphoto.com\/blog\/wp-content\/uploads\/2011\/10\/DM-Reunion-Vecinal-181011-BLOG-02.jpg 550w, http:\/\/desireemartinphoto.com\/blog\/wp-content\/uploads\/2011\/10\/DM-Reunion-Vecinal-181011-BLOG-02-300x187.jpg 300w\" sizes=\"(max-width: 550px) 100vw, 550px\" \/><\/p>\n<p><img data-attachment-id=\"1315\" data-permalink=\"http:\/\/desireemartinphoto.com\/blog\/incertidumbre\/dm-reunion-vecinal-181011-blog-01\/\" data-orig-file=\"http:\/\/desireemartinphoto.com\/blog\/wp-content\/uploads\/2011\/10\/DM-Reunion-Vecinal-181011-BLOG-01.jpg\" data-orig-size=\"550,367\" data-comments-opened=\"1\" data-image-meta=\"{&quot;aperture&quot;:&quot;4.5&quot;,&quot;credit&quot;:&quot;&quot;,&quot;camera&quot;:&quot;Canon EOS 5D Mark II&quot;,&quot;caption&quot;:&quot;&quot;,&quot;created_timestamp&quot;:&quot;1318950761&quot;,&quot;copyright&quot;:&quot;&quot;,&quot;focal_length&quot;:&quot;17&quot;,&quot;iso&quot;:&quot;2000&quot;,&quot;shutter_speed&quot;:&quot;0.025&quot;,&quot;title&quot;:&quot;&quot;}\" data-image-title=\"DM-Reunion-Vecinal-181011-BLOG-01\" data-image-description=\"\" data-medium-file=\"http:\/\/desireemartinphoto.com\/blog\/wp-content\/uploads\/2011\/10\/DM-Reunion-Vecinal-181011-BLOG-01-300x200.jpg\" data-large-file=\"http:\/\/desireemartinphoto.com\/blog\/wp-content\/uploads\/2011\/10\/DM-Reunion-Vecinal-181011-BLOG-01.jpg\" loading=\"lazy\" class=\"alignnone size-full wp-image-1315\" src=\"http:\/\/desireemartinphoto.com\/blog\/wp-content\/uploads\/2011\/10\/DM-Reunion-Vecinal-181011-BLOG-01.jpg\" alt=\"\" width=\"550\" height=\"367\" srcset=\"http:\/\/desireemartinphoto.com\/blog\/wp-content\/uploads\/2011\/10\/DM-Reunion-Vecinal-181011-BLOG-01.jpg 550w, http:\/\/desireemartinphoto.com\/blog\/wp-content\/uploads\/2011\/10\/DM-Reunion-Vecinal-181011-BLOG-01-300x200.jpg 300w\" sizes=\"(max-width: 550px) 100vw, 550px\" \/><\/p>\n<p>Casi se puedo decir que no faltaba nadie. Est\u00e1n muy preocupados por su futuro , obviamente.<\/p>\n<p>Muchos pescadores ..que se han quedado sin forma de vida por mucho tiempo, pase lo que pase, el Mar de Las Calmas est\u00e1 afectad\u00edsmo&#8230;<\/p>\n<p>Los negocios como restaurantes, bares, supermercados &#8230; sin g\u00e9nero, el que tienen, estropeado, deudas y prestamos que no saben como va a asumir&#8230;<\/p>\n<p>Muchos j\u00f3venes con casas alquiladas en La Restinga ..y ahora se ven pagando un segundo alquiler en El Pinar &#8230;<\/p>\n<p>Personas mayores a cargo de familiares que no se atreven a bajar con ellos\u00a0 .. ser\u00eda una locura ..<\/p>\n<p><img data-attachment-id=\"1317\" data-permalink=\"http:\/\/desireemartinphoto.com\/blog\/incertidumbre\/dm-reunion-vecinal-181011-blog-03\/\" data-orig-file=\"http:\/\/desireemartinphoto.com\/blog\/wp-content\/uploads\/2011\/10\/DM-Reunion-Vecinal-181011-BLOG-03.jpg\" data-orig-size=\"550,398\" data-comments-opened=\"1\" data-image-meta=\"{&quot;aperture&quot;:&quot;4.5&quot;,&quot;credit&quot;:&quot;&quot;,&quot;camera&quot;:&quot;Canon EOS 5D Mark II&quot;,&quot;caption&quot;:&quot;181011\\n\\nMUNICIPIO DE EL PINAR ISLA DE EL HIERRO CANARIAS\\n\\nREUNION DE VECINOS DE LA RESTINGA AFECTADOS POR LA ERUPCION VOLCANICA SUBMARINA DE LA ISLA DE EL HIERRO CON LOS MIEMBROS DEL POVOLCA PLAN ESPECIFICO DE PROTECCION CIVIL Y ATENCION EN EMERGENCIIAS POR RIESGO VOLCANICO \\n\\nDESIREE MARTIN \\\/ PUBLICO&quot;,&quot;created_timestamp&quot;:&quot;1318950533&quot;,&quot;copyright&quot;:&quot;&quot;,&quot;focal_length&quot;:&quot;105&quot;,&quot;iso&quot;:&quot;2000&quot;,&quot;shutter_speed&quot;:&quot;0.02&quot;,&quot;title&quot;:&quot;&quot;}\" data-image-title=\"DM-Reunion-Vecinal-181011-BLOG-03\" data-image-description=\"\" data-medium-file=\"http:\/\/desireemartinphoto.com\/blog\/wp-content\/uploads\/2011\/10\/DM-Reunion-Vecinal-181011-BLOG-03-300x217.jpg\" data-large-file=\"http:\/\/desireemartinphoto.com\/blog\/wp-content\/uploads\/2011\/10\/DM-Reunion-Vecinal-181011-BLOG-03.jpg\" loading=\"lazy\" class=\"alignnone size-full wp-image-1317\" src=\"http:\/\/desireemartinphoto.com\/blog\/wp-content\/uploads\/2011\/10\/DM-Reunion-Vecinal-181011-BLOG-03.jpg\" alt=\"\" width=\"550\" height=\"398\" srcset=\"http:\/\/desireemartinphoto.com\/blog\/wp-content\/uploads\/2011\/10\/DM-Reunion-Vecinal-181011-BLOG-03.jpg 550w, http:\/\/desireemartinphoto.com\/blog\/wp-content\/uploads\/2011\/10\/DM-Reunion-Vecinal-181011-BLOG-03-300x217.jpg 300w\" sizes=\"(max-width: 550px) 100vw, 550px\" \/><\/p>\n<p>No puedo decirles de que se habl\u00f3 en el interior del recinto, pues decidieron que la prensa molestaba &#8230;<\/p>\n<p>Pero una imagen si les puedo pasar ..<\/p>\n<p><img data-attachment-id=\"1318\" data-permalink=\"http:\/\/desireemartinphoto.com\/blog\/incertidumbre\/dm-reunion-vecinal-181011-blog-04\/\" data-orig-file=\"http:\/\/desireemartinphoto.com\/blog\/wp-content\/uploads\/2011\/10\/DM-Reunion-Vecinal-181011-BLOG-04.jpg\" data-orig-size=\"550,289\" data-comments-opened=\"1\" data-image-meta=\"{&quot;aperture&quot;:&quot;5.6&quot;,&quot;credit&quot;:&quot;&quot;,&quot;camera&quot;:&quot;Canon EOS 5D Mark II&quot;,&quot;caption&quot;:&quot;181011\\n\\nMUNICIPIO DE EL PINAR ISLA DE EL HIERRO CANARIAS\\n\\nREUNION DE VECINOS DE LA RESTINGA AFECTADOS POR LA ERUPCION VOLCANICA SUBMARINA DE LA ISLA DE EL HIERRO CON LOS MIEMBROS DEL POVOLCA PLAN ESPECIFICO DE PROTECCION CIVIL Y ATENCION EN EMERGENCIIAS POR RIESGO VOLCANICO \\n\\nDESIREE MARTIN \\\/ PUBLICO&quot;,&quot;created_timestamp&quot;:&quot;1318950076&quot;,&quot;copyright&quot;:&quot;&quot;,&quot;focal_length&quot;:&quot;31&quot;,&quot;iso&quot;:&quot;2000&quot;,&quot;shutter_speed&quot;:&quot;0.033333333333333&quot;,&quot;title&quot;:&quot;&quot;}\" data-image-title=\"DM-Reunion-Vecinal-181011-BLOG-04\" data-image-description=\"\" data-medium-file=\"http:\/\/desireemartinphoto.com\/blog\/wp-content\/uploads\/2011\/10\/DM-Reunion-Vecinal-181011-BLOG-04-300x157.jpg\" data-large-file=\"http:\/\/desireemartinphoto.com\/blog\/wp-content\/uploads\/2011\/10\/DM-Reunion-Vecinal-181011-BLOG-04.jpg\" loading=\"lazy\" class=\"alignnone size-full wp-image-1318\" src=\"http:\/\/desireemartinphoto.com\/blog\/wp-content\/uploads\/2011\/10\/DM-Reunion-Vecinal-181011-BLOG-04.jpg\" alt=\"\" width=\"550\" height=\"289\" srcset=\"http:\/\/desireemartinphoto.com\/blog\/wp-content\/uploads\/2011\/10\/DM-Reunion-Vecinal-181011-BLOG-04.jpg 550w, http:\/\/desireemartinphoto.com\/blog\/wp-content\/uploads\/2011\/10\/DM-Reunion-Vecinal-181011-BLOG-04-300x157.jpg 300w\" sizes=\"(max-width: 550px) 100vw, 550px\" \/><\/p>\n<p>No, muy contentos no salieron &#8230; no les dejan bajar a sus casas. Alguien propuso no pasar la noche en el pueblo , pero s\u00ed que les permitieran la entrada al pueblo en un horario del &#8220;tal a tal hora&#8221; y no de uno en uno 30 minutos cada uno.<\/p>\n<p>Lo que m\u00e1s les fastidia es que &#8221; no nos dicen que es t\u00f3 xico o lo que ocurre pero si que no podemos pasar ,y ya est\u00e1 , sin datos&#8221;, dec\u00eda uno de los pescadores.<\/p>\n<p>Mientras tanto siguen investigando las muestras recogidas en la zona de la erupci\u00f3n &#8230;<\/p>\n<p><img data-attachment-id=\"1319\" data-permalink=\"http:\/\/desireemartinphoto.com\/blog\/incertidumbre\/dm-reunion-vecinal-181011-blog-05\/\" data-orig-file=\"http:\/\/desireemartinphoto.com\/blog\/wp-content\/uploads\/2011\/10\/DM-Reunion-Vecinal-181011-BLOG-05.jpg\" data-orig-size=\"550,367\" data-comments-opened=\"1\" data-image-meta=\"{&quot;aperture&quot;:&quot;6.3&quot;,&quot;credit&quot;:&quot;&quot;,&quot;camera&quot;:&quot;Canon EOS 5D Mark II&quot;,&quot;caption&quot;:&quot;181011\\n\\nMUNICIPIO DE EL PINAR ISLA DE EL HIERRO CANARIAS\\n\\nESCORIAS VOLCANICAS PROCEDENTES DE LA ERUPCION VOLCANICA SUBMARINA DE LA ISLA DE EL HIERRO SONANALIZADAS POR MIEMBROS DEL INVOLCAN INSTITUTO VULCANOLOGICO DE CANARIAS \\nLAVA PIROCLASTOS PIEDRAS\\n\\nDESIREE MARTIN \\\/ PUBLICO&quot;,&quot;created_timestamp&quot;:&quot;1318941275&quot;,&quot;copyright&quot;:&quot;&quot;,&quot;focal_length&quot;:&quot;16&quot;,&quot;iso&quot;:&quot;800&quot;,&quot;shutter_speed&quot;:&quot;0.033333333333333&quot;,&quot;title&quot;:&quot;&quot;}\" data-image-title=\"DM-Reunion-Vecinal-181011-BLOG-05\" data-image-description=\"\" data-medium-file=\"http:\/\/desireemartinphoto.com\/blog\/wp-content\/uploads\/2011\/10\/DM-Reunion-Vecinal-181011-BLOG-05-300x200.jpg\" data-large-file=\"http:\/\/desireemartinphoto.com\/blog\/wp-content\/uploads\/2011\/10\/DM-Reunion-Vecinal-181011-BLOG-05.jpg\" loading=\"lazy\" class=\"alignnone size-full wp-image-1319\" src=\"http:\/\/desireemartinphoto.com\/blog\/wp-content\/uploads\/2011\/10\/DM-Reunion-Vecinal-181011-BLOG-05.jpg\" alt=\"\" width=\"550\" height=\"367\" srcset=\"http:\/\/desireemartinphoto.com\/blog\/wp-content\/uploads\/2011\/10\/DM-Reunion-Vecinal-181011-BLOG-05.jpg 550w, http:\/\/desireemartinphoto.com\/blog\/wp-content\/uploads\/2011\/10\/DM-Reunion-Vecinal-181011-BLOG-05-300x200.jpg 300w\" sizes=\"(max-width: 550px) 100vw, 550px\" \/><\/p>\n<p><img data-attachment-id=\"1320\" data-permalink=\"http:\/\/desireemartinphoto.com\/blog\/incertidumbre\/dm-reunion-vecinal-181011-blog-06\/\" data-orig-file=\"http:\/\/desireemartinphoto.com\/blog\/wp-content\/uploads\/2011\/10\/DM-Reunion-Vecinal-181011-BLOG-06.jpg\" data-orig-size=\"550,367\" data-comments-opened=\"1\" data-image-meta=\"{&quot;aperture&quot;:&quot;4.5&quot;,&quot;credit&quot;:&quot;&quot;,&quot;camera&quot;:&quot;Canon EOS 5D Mark II&quot;,&quot;caption&quot;:&quot;181011\\n\\nMUNICIPIO DE EL PINAR ISLA DE EL HIERRO CANARIAS\\n\\nESCORIAS VOLCANICAS PROCEDENTES DE LA ERUPCION VOLCANICA SUBMARINA DE LA ISLA DE EL HIERRO SONANALIZADAS POR MIEMBROS DEL INVOLCAN INSTITUTO VULCANOLOGICO DE CANARIAS \\nLAVA PIROCLASTOS PIEDRAS\\n\\nDESIREE MARTIN \\\/ PUBLICO&quot;,&quot;created_timestamp&quot;:&quot;1318940856&quot;,&quot;copyright&quot;:&quot;&quot;,&quot;focal_length&quot;:&quot;28&quot;,&quot;iso&quot;:&quot;800&quot;,&quot;shutter_speed&quot;:&quot;0.02&quot;,&quot;title&quot;:&quot;&quot;}\" data-image-title=\"DM-Reunion-Vecinal-181011-BLOG-06\" data-image-description=\"\" data-medium-file=\"http:\/\/desireemartinphoto.com\/blog\/wp-content\/uploads\/2011\/10\/DM-Reunion-Vecinal-181011-BLOG-06-300x200.jpg\" data-large-file=\"http:\/\/desireemartinphoto.com\/blog\/wp-content\/uploads\/2011\/10\/DM-Reunion-Vecinal-181011-BLOG-06.jpg\" loading=\"lazy\" class=\"alignnone size-full wp-image-1320\" src=\"http:\/\/desireemartinphoto.com\/blog\/wp-content\/uploads\/2011\/10\/DM-Reunion-Vecinal-181011-BLOG-06.jpg\" alt=\"\" width=\"550\" height=\"367\" srcset=\"http:\/\/desireemartinphoto.com\/blog\/wp-content\/uploads\/2011\/10\/DM-Reunion-Vecinal-181011-BLOG-06.jpg 550w, http:\/\/desireemartinphoto.com\/blog\/wp-content\/uploads\/2011\/10\/DM-Reunion-Vecinal-181011-BLOG-06-300x200.jpg 300w\" sizes=\"(max-width: 550px) 100vw, 550px\" \/><\/p>\n<div class=\"sharedaddy sd-sharing-enabled\"><div class=\"robots-nocontent sd-block sd-social sd-social-icon-text sd-sharing\"><h3 class=\"sd-title\">COMPARTE ESTO:<\/h3><div class=\"sd-content\"><ul><li class=\"share-facebook\"><a rel=\"nofollow noopener noreferrer\" data-shared=\"sharing-facebook-1313\" class=\"share-facebook sd-button share-icon\" href=\"http:\/\/desireemartinphoto.com\/blog\/incertidumbre\/?share=facebook\" target=\"_blank\" title=\"Haz clic para compartir en Facebook\"><span>Facebook<\/span><\/a><\/li><li class=\"share-twitter\"><a rel=\"nofollow noopener noreferrer\" data-shared=\"sharing-twitter-1313\" class=\"share-twitter sd-button share-icon\" href=\"http:\/\/desireemartinphoto.com\/blog\/incertidumbre\/?share=twitter\" target=\"_blank\" title=\"Haz clic para compartir en Twitter\"><span>Twitter<\/span><\/a><\/li><li class=\"share-email\"><a rel=\"nofollow noopener noreferrer\" data-shared=\"\" class=\"share-email sd-button share-icon\" href=\"http:\/\/desireemartinphoto.com\/blog\/incertidumbre\/?share=email\" target=\"_blank\" title=\"Haz clic para enviar por correo electr\u00f3nico a un amigo\"><span>Correo electr\u00f3nico<\/span><\/a><\/li><li class=\"share-linkedin\"><a rel=\"nofollow noopener noreferrer\" data-shared=\"sharing-linkedin-1313\" class=\"share-linkedin sd-button share-icon\" href=\"http:\/\/desireemartinphoto.com\/blog\/incertidumbre\/?share=linkedin\" target=\"_blank\" title=\"Haz clic para compartir en LinkedIn\"><span>LinkedIn<\/span><\/a><\/li><li class=\"share-tumblr\"><a rel=\"nofollow noopener noreferrer\" data-shared=\"\" class=\"share-tumblr sd-button share-icon\" href=\"http:\/\/desireemartinphoto.com\/blog\/incertidumbre\/?share=tumblr\" target=\"_blank\" title=\"Haz clic para compartir en Tumblr\"><span>Tumblr<\/span><\/a><\/li><li class=\"share-end\"><\/li><\/ul><\/div><\/div><\/div>","protected":false},"excerpt":{"rendered":"<p>&nbsp; La reuni\u00f3n de los vecinos de La Restinga con los miembros del POVOLCA (PLAN ESPECIFICO DE PROTECCION CIVIL Y ATENCION EN EMERGENCIIAS POR RIESGO VOLCANICO ) comenz\u00f3 a las 16h en el Pueblo de El Pinar. Casi se puedo decir que no faltaba nadie. Est\u00e1n muy preocupados por su futuro , obviamente. Muchos pescadores [&#038;hellip<\/p>\n<div class=\"sharedaddy sd-sharing-enabled\"><div class=\"robots-nocontent sd-block sd-social sd-social-icon-text sd-sharing\"><h3 class=\"sd-title\">COMPARTE ESTO:<\/h3><div class=\"sd-content\"><ul><li class=\"share-facebook\"><a rel=\"nofollow noopener noreferrer\" data-shared=\"sharing-facebook-1313\" class=\"share-facebook sd-button share-icon\" href=\"http:\/\/desireemartinphoto.com\/blog\/incertidumbre\/?share=facebook\" target=\"_blank\" title=\"Haz clic para compartir en Facebook\"><span>Facebook<\/span><\/a><\/li><li class=\"share-twitter\"><a rel=\"nofollow noopener noreferrer\" data-shared=\"sharing-twitter-1313\" class=\"share-twitter sd-button share-icon\" href=\"http:\/\/desireemartinphoto.com\/blog\/incertidumbre\/?share=twitter\" target=\"_blank\" title=\"Haz clic para compartir en Twitter\"><span>Twitter<\/span><\/a><\/li><li class=\"share-email\"><a rel=\"nofollow noopener noreferrer\" data-shared=\"\" class=\"share-email sd-button share-icon\" href=\"http:\/\/desireemartinphoto.com\/blog\/incertidumbre\/?share=email\" target=\"_blank\" title=\"Haz clic para enviar por correo electr\u00f3nico a un amigo\"><span>Correo electr\u00f3nico<\/span><\/a><\/li><li class=\"share-linkedin\"><a rel=\"nofollow noopener noreferrer\" data-shared=\"sharing-linkedin-1313\" class=\"share-linkedin sd-button share-icon\" href=\"http:\/\/desireemartinphoto.com\/blog\/incertidumbre\/?share=linkedin\" target=\"_blank\" title=\"Haz clic para compartir en LinkedIn\"><span>LinkedIn<\/span><\/a><\/li><li class=\"share-tumblr\"><a rel=\"nofollow noopener noreferrer\" data-shared=\"\" class=\"share-tumblr sd-button share-icon\" href=\"http:\/\/desireemartinphoto.com\/blog\/incertidumbre\/?share=tumblr\" target=\"_blank\" title=\"Haz clic para compartir en Tumblr\"><span>Tumblr<\/span><\/a><\/li><li class=\"share-end\"><\/li><\/ul><\/div><\/div><\/div>","protected":false},"author":1,"featured_media":0,"comment_status":"open","ping_status":"open","sticky":false,"template":"","format":"standard","meta":{"spay_email":""},"categories":[1],"tags":[249,250,251,248],"jetpack_featured_media_url":"","jetpack_sharing_enabled":true,"_links":{"self":[{"href":"http:\/\/desireemartinphoto.com\/blog\/wp-json\/wp\/v2\/posts\/1313"}],"collection":[{"href":"http:\/\/desireemartinphoto.com\/blog\/wp-json\/wp\/v2\/posts"}],"about":[{"href":"http:\/\/desireemartinphoto.com\/blog\/wp-json\/wp\/v2\/types\/post"}],"author":[{"embeddable":true,"href":"http:\/\/desireemartinphoto.com\/blog\/wp-json\/wp\/v2\/users\/1"}],"replies":[{"embeddable":true,"href":"http:\/\/desireemartinphoto.com\/blog\/wp-json\/wp\/v2\/comments?post=1313"}],"version-history":[{"count":2,"href":"http:\/\/desireemartinphoto.com\/blog\/wp-json\/wp\/v2\/posts\/1313\/revisions"}],"predecessor-version":[{"id":1322,"href":"http:\/\/desireemartinphoto.com\/blog\/wp-json\/wp\/v2\/posts\/1313\/revisions\/1322"}],"wp:attachment":[{"href":"http:\/\/desireemartinphoto.com\/blog\/wp-json\/wp\/v2\/media?parent=1313"}],"wp:term":[{"taxonomy":"category","embeddable":true,"href":"http:\/\/desireemartinphoto.com\/blog\/wp-json\/wp\/v2\/categories?post=1313"},{"taxonomy":"post_tag","embeddable":true,"href":"http:\/\/desireemartinphoto.com\/blog\/wp-json\/wp\/v2\/tags?post=1313"}],"curies":[{"name":"wp","href":"https:\/\/api.w.org\/{rel}","templated":true}]}}