{"id":1299,"date":"2011-10-17T23:28:25","date_gmt":"2011-10-17T23:28:25","guid":{"rendered":"http:\/\/desireemartinphoto.com\/blog\/?p=1299"},"modified":"2011-10-17T23:40:50","modified_gmt":"2011-10-17T23:40:50","slug":"sobrevolando-la-erupcion-submarina-de-el-hierro","status":"publish","type":"post","link":"http:\/\/desireemartinphoto.com\/blog\/sobrevolando-la-erupcion-submarina-de-el-hierro\/","title":{"rendered":"Sobrevolando la erupci\u00f3n volc\u00e1nica submarina de El Hierro"},"content":{"rendered":"<p>&#8230; sin palabras &#8230;<\/p>\n<p><img data-attachment-id=\"1301\" data-permalink=\"http:\/\/desireemartinphoto.com\/blog\/sobrevolando-la-erupcion-submarina-de-el-hierro\/dm-afp-mancha-171011-blog-02\/\" data-orig-file=\"http:\/\/desireemartinphoto.com\/blog\/wp-content\/uploads\/2011\/10\/DM-AFP-Mancha-171011-BLOG-02.jpg\" data-orig-size=\"367,550\" data-comments-opened=\"1\" data-image-meta=\"{&quot;aperture&quot;:&quot;5.6&quot;,&quot;credit&quot;:&quot;&quot;,&quot;camera&quot;:&quot;Canon EOS 5D Mark II&quot;,&quot;caption&quot;:&quot;&quot;,&quot;created_timestamp&quot;:&quot;1318850863&quot;,&quot;copyright&quot;:&quot;&quot;,&quot;focal_length&quot;:&quot;16&quot;,&quot;iso&quot;:&quot;100&quot;,&quot;shutter_speed&quot;:&quot;0.002&quot;,&quot;title&quot;:&quot;&quot;}\" data-image-title=\"DM-AFP-Mancha-171011-BLOG-02\" data-image-description=\"\" data-medium-file=\"http:\/\/desireemartinphoto.com\/blog\/wp-content\/uploads\/2011\/10\/DM-AFP-Mancha-171011-BLOG-02-200x300.jpg\" data-large-file=\"http:\/\/desireemartinphoto.com\/blog\/wp-content\/uploads\/2011\/10\/DM-AFP-Mancha-171011-BLOG-02.jpg\" loading=\"lazy\" class=\"alignnone size-full wp-image-1301\" src=\"http:\/\/desireemartinphoto.com\/blog\/wp-content\/uploads\/2011\/10\/DM-AFP-Mancha-171011-BLOG-02.jpg\" alt=\"\" width=\"367\" height=\"550\" srcset=\"http:\/\/desireemartinphoto.com\/blog\/wp-content\/uploads\/2011\/10\/DM-AFP-Mancha-171011-BLOG-02.jpg 367w, http:\/\/desireemartinphoto.com\/blog\/wp-content\/uploads\/2011\/10\/DM-AFP-Mancha-171011-BLOG-02-200x300.jpg 200w\" sizes=\"(max-width: 367px) 100vw, 367px\" \/><\/p>\n<p><img data-attachment-id=\"1300\" data-permalink=\"http:\/\/desireemartinphoto.com\/blog\/sobrevolando-la-erupcion-submarina-de-el-hierro\/spain-quake-volcano-6\/\" data-orig-file=\"http:\/\/desireemartinphoto.com\/blog\/wp-content\/uploads\/2011\/10\/DM-AFP-Mancha-171011-BLOG-01.jpg\" data-orig-size=\"550,367\" data-comments-opened=\"1\" data-image-meta=\"{&quot;aperture&quot;:&quot;5.6&quot;,&quot;credit&quot;:&quot;DESIREE MARTIN&quot;,&quot;camera&quot;:&quot;Canon EOS 5D Mark II&quot;,&quot;caption&quot;:&quot;This picture taken on October 17, 2011 shows a green stain at sea off the coast of the village of La Restinga on the Spanish Canary Island of El Hierro, a day after two underwater volcanic eruption were recorded. Two new volcanic eruptions were confirmed near Spain&#039;s El Hierro island in the Canaries, where 500 people spent another night outside their homes after being evacuated as a precautionary measure. The head of emergency services in the Canaries, Juan Manuel Santana, said in a statement that the eruptions \\&quot;resulted in two stains on the sea surface where there are dead fish and a strong odour of sulfur.\\&quot; AFP PHOTO \\\/ DESIREE MARTIN\\n\\nOUT OF SPAIN   !!!!&quot;,&quot;created_timestamp&quot;:&quot;1318850785&quot;,&quot;copyright&quot;:&quot;AFP ImageForum&quot;,&quot;focal_length&quot;:&quot;16&quot;,&quot;iso&quot;:&quot;100&quot;,&quot;shutter_speed&quot;:&quot;0.00125&quot;,&quot;title&quot;:&quot;SPAIN-QUAKE-VOLCANO&quot;}\" data-image-title=\"DM-AFP-Mancha-171011-BLOG-01\" data-image-description=\"\" data-medium-file=\"http:\/\/desireemartinphoto.com\/blog\/wp-content\/uploads\/2011\/10\/DM-AFP-Mancha-171011-BLOG-01-300x200.jpg\" data-large-file=\"http:\/\/desireemartinphoto.com\/blog\/wp-content\/uploads\/2011\/10\/DM-AFP-Mancha-171011-BLOG-01.jpg\" loading=\"lazy\" class=\"alignnone size-full wp-image-1300\" src=\"http:\/\/desireemartinphoto.com\/blog\/wp-content\/uploads\/2011\/10\/DM-AFP-Mancha-171011-BLOG-01.jpg\" alt=\"\" width=\"550\" height=\"367\" srcset=\"http:\/\/desireemartinphoto.com\/blog\/wp-content\/uploads\/2011\/10\/DM-AFP-Mancha-171011-BLOG-01.jpg 550w, http:\/\/desireemartinphoto.com\/blog\/wp-content\/uploads\/2011\/10\/DM-AFP-Mancha-171011-BLOG-01-300x200.jpg 300w\" sizes=\"(max-width: 550px) 100vw, 550px\" \/><\/p>\n<p><img data-attachment-id=\"1302\" data-permalink=\"http:\/\/desireemartinphoto.com\/blog\/sobrevolando-la-erupcion-submarina-de-el-hierro\/dm-afp-mancha-171011-blog-03\/\" data-orig-file=\"http:\/\/desireemartinphoto.com\/blog\/wp-content\/uploads\/2011\/10\/DM-AFP-Mancha-171011-BLOG-03.jpg\" data-orig-size=\"550,367\" data-comments-opened=\"1\" data-image-meta=\"{&quot;aperture&quot;:&quot;5.6&quot;,&quot;credit&quot;:&quot;&quot;,&quot;camera&quot;:&quot;Canon EOS 5D Mark II&quot;,&quot;caption&quot;:&quot;17 10 2011\\n\\nVISTA AEREA DE LA ZONA DE ERUPCION VOLCANICA SUBMARIANA EN LA ISLA CANARIA DE EL HIERRO\\n\\nEL HIERRO\\nLA RESTINGA ES EL PUEBLO QUE SE VE\\n\\nDESIREE MARTIN   \\\/   INVOLCAN \\\/ GOBIERNO DE CANARIAS\\\/CABILDO DE EL HIERRO&quot;,&quot;created_timestamp&quot;:&quot;1318852366&quot;,&quot;copyright&quot;:&quot;&quot;,&quot;focal_length&quot;:&quot;16&quot;,&quot;iso&quot;:&quot;100&quot;,&quot;shutter_speed&quot;:&quot;0.00125&quot;,&quot;title&quot;:&quot;&quot;}\" data-image-title=\"DM-AFP-Mancha-171011-BLOG-03\" data-image-description=\"\" data-medium-file=\"http:\/\/desireemartinphoto.com\/blog\/wp-content\/uploads\/2011\/10\/DM-AFP-Mancha-171011-BLOG-03-300x200.jpg\" data-large-file=\"http:\/\/desireemartinphoto.com\/blog\/wp-content\/uploads\/2011\/10\/DM-AFP-Mancha-171011-BLOG-03.jpg\" loading=\"lazy\" class=\"alignnone size-full wp-image-1302\" src=\"http:\/\/desireemartinphoto.com\/blog\/wp-content\/uploads\/2011\/10\/DM-AFP-Mancha-171011-BLOG-03.jpg\" alt=\"\" width=\"550\" height=\"367\" srcset=\"http:\/\/desireemartinphoto.com\/blog\/wp-content\/uploads\/2011\/10\/DM-AFP-Mancha-171011-BLOG-03.jpg 550w, http:\/\/desireemartinphoto.com\/blog\/wp-content\/uploads\/2011\/10\/DM-AFP-Mancha-171011-BLOG-03-300x200.jpg 300w\" sizes=\"(max-width: 550px) 100vw, 550px\" \/><\/p>\n<p><img data-attachment-id=\"1303\" data-permalink=\"http:\/\/desireemartinphoto.com\/blog\/sobrevolando-la-erupcion-submarina-de-el-hierro\/dm-afp-mancha-171011-blog-04\/\" data-orig-file=\"http:\/\/desireemartinphoto.com\/blog\/wp-content\/uploads\/2011\/10\/DM-AFP-Mancha-171011-BLOG-04.jpg\" data-orig-size=\"550,367\" data-comments-opened=\"1\" data-image-meta=\"{&quot;aperture&quot;:&quot;5.6&quot;,&quot;credit&quot;:&quot;&quot;,&quot;camera&quot;:&quot;Canon EOS 5D Mark II&quot;,&quot;caption&quot;:&quot;17 10 2011\\n\\nVISTA AEREA DE LA ZONA DE ERUPCION VOLCANICA SUBMARIANA EN LA ISLA CANARIA DE EL HIERRO\\n\\nEL HIERRO\\nLA RESTINGA ES EL PUEBLO QUE SE VE\\n\\nDESIREE MARTIN   \\\/   INVOLCAN \\\/ GOBIERNO DE CANARIAS\\\/CABILDO DE EL HIERRO&quot;,&quot;created_timestamp&quot;:&quot;1318851539&quot;,&quot;copyright&quot;:&quot;&quot;,&quot;focal_length&quot;:&quot;16&quot;,&quot;iso&quot;:&quot;100&quot;,&quot;shutter_speed&quot;:&quot;0.000625&quot;,&quot;title&quot;:&quot;&quot;}\" data-image-title=\"DM-AFP-Mancha-171011-BLOG-04\" data-image-description=\"\" data-medium-file=\"http:\/\/desireemartinphoto.com\/blog\/wp-content\/uploads\/2011\/10\/DM-AFP-Mancha-171011-BLOG-04-300x200.jpg\" data-large-file=\"http:\/\/desireemartinphoto.com\/blog\/wp-content\/uploads\/2011\/10\/DM-AFP-Mancha-171011-BLOG-04.jpg\" loading=\"lazy\" class=\"alignnone size-full wp-image-1303\" src=\"http:\/\/desireemartinphoto.com\/blog\/wp-content\/uploads\/2011\/10\/DM-AFP-Mancha-171011-BLOG-04.jpg\" alt=\"\" width=\"550\" height=\"367\" srcset=\"http:\/\/desireemartinphoto.com\/blog\/wp-content\/uploads\/2011\/10\/DM-AFP-Mancha-171011-BLOG-04.jpg 550w, http:\/\/desireemartinphoto.com\/blog\/wp-content\/uploads\/2011\/10\/DM-AFP-Mancha-171011-BLOG-04-300x200.jpg 300w\" sizes=\"(max-width: 550px) 100vw, 550px\" \/><\/p>\n<p><img data-attachment-id=\"1304\" data-permalink=\"http:\/\/desireemartinphoto.com\/blog\/sobrevolando-la-erupcion-submarina-de-el-hierro\/dm-afp-mancha-171011-blog-05\/\" data-orig-file=\"http:\/\/desireemartinphoto.com\/blog\/wp-content\/uploads\/2011\/10\/DM-AFP-Mancha-171011-BLOG-05.jpg\" data-orig-size=\"550,367\" data-comments-opened=\"1\" data-image-meta=\"{&quot;aperture&quot;:&quot;5.6&quot;,&quot;credit&quot;:&quot;&quot;,&quot;camera&quot;:&quot;Canon EOS 5D Mark II&quot;,&quot;caption&quot;:&quot;17 10 2011\\n\\nVISTA AEREA DE LA ZONA DE ERUPCION VOLCANICA SUBMARIANA EN LA ISLA CANARIA DE EL HIERRO\\n\\nEL HIERRO\\nLA RESTINGA ES EL PUEBLO QUE SE VE\\n\\nDESIREE MARTIN   \\\/   INVOLCAN \\\/ GOBIERNO DE CANARIAS\\\/CABILDO DE EL HIERRO&quot;,&quot;created_timestamp&quot;:&quot;1318851432&quot;,&quot;copyright&quot;:&quot;&quot;,&quot;focal_length&quot;:&quot;70&quot;,&quot;iso&quot;:&quot;100&quot;,&quot;shutter_speed&quot;:&quot;0.00125&quot;,&quot;title&quot;:&quot;&quot;}\" data-image-title=\"DM-AFP-Mancha-171011-BLOG-05\" data-image-description=\"\" data-medium-file=\"http:\/\/desireemartinphoto.com\/blog\/wp-content\/uploads\/2011\/10\/DM-AFP-Mancha-171011-BLOG-05-300x200.jpg\" data-large-file=\"http:\/\/desireemartinphoto.com\/blog\/wp-content\/uploads\/2011\/10\/DM-AFP-Mancha-171011-BLOG-05.jpg\" loading=\"lazy\" class=\"alignnone size-full wp-image-1304\" src=\"http:\/\/desireemartinphoto.com\/blog\/wp-content\/uploads\/2011\/10\/DM-AFP-Mancha-171011-BLOG-05.jpg\" alt=\"\" width=\"550\" height=\"367\" srcset=\"http:\/\/desireemartinphoto.com\/blog\/wp-content\/uploads\/2011\/10\/DM-AFP-Mancha-171011-BLOG-05.jpg 550w, http:\/\/desireemartinphoto.com\/blog\/wp-content\/uploads\/2011\/10\/DM-AFP-Mancha-171011-BLOG-05-300x200.jpg 300w\" sizes=\"(max-width: 550px) 100vw, 550px\" \/><\/p>\n<p><img data-attachment-id=\"1305\" data-permalink=\"http:\/\/desireemartinphoto.com\/blog\/sobrevolando-la-erupcion-submarina-de-el-hierro\/spain-quake-volcano-7\/\" data-orig-file=\"http:\/\/desireemartinphoto.com\/blog\/wp-content\/uploads\/2011\/10\/DM-AFP-Mancha-171011-BLOG-06.jpg\" data-orig-size=\"550,318\" data-comments-opened=\"1\" data-image-meta=\"{&quot;aperture&quot;:&quot;5.6&quot;,&quot;credit&quot;:&quot;DESIREE MARTIN&quot;,&quot;camera&quot;:&quot;Canon EOS 5D Mark II&quot;,&quot;caption&quot;:&quot;This picture taken on October 17, 2011 shows a green stain at sea off the coast of the village of La Restinga on the Spanish Canary Island of El Hierro, a day after two underwater volcanic eruption were recorded. Two new volcanic eruptions were confirmed near Spain&#039;s El Hierro island in the Canaries, where 500 people spent another night outside their homes after being evacuated as a precautionary measure. The head of emergency services in the Canaries, Juan Manuel Santana, said in a statement that the eruptions \\&quot;resulted in two stains on the sea surface where there are dead fish and a strong odour of sulfur.\\&quot; AFP PHOTO \\\/ DESIREE MARTIN\\n\\nOUT OF SPAIN   !!!!&quot;,&quot;created_timestamp&quot;:&quot;1318851846&quot;,&quot;copyright&quot;:&quot;AFP ImageForum&quot;,&quot;focal_length&quot;:&quot;200&quot;,&quot;iso&quot;:&quot;100&quot;,&quot;shutter_speed&quot;:&quot;0.00125&quot;,&quot;title&quot;:&quot;SPAIN-QUAKE-VOLCANO&quot;}\" data-image-title=\"DM-AFP-Mancha-171011-BLOG-06\" data-image-description=\"&lt;p&gt;OUT OF SPAIN   !!!!&lt;\/p&gt;\n\" data-medium-file=\"http:\/\/desireemartinphoto.com\/blog\/wp-content\/uploads\/2011\/10\/DM-AFP-Mancha-171011-BLOG-06-300x173.jpg\" data-large-file=\"http:\/\/desireemartinphoto.com\/blog\/wp-content\/uploads\/2011\/10\/DM-AFP-Mancha-171011-BLOG-06.jpg\" loading=\"lazy\" class=\"alignnone size-full wp-image-1305\" src=\"http:\/\/desireemartinphoto.com\/blog\/wp-content\/uploads\/2011\/10\/DM-AFP-Mancha-171011-BLOG-06.jpg\" alt=\"\" width=\"550\" height=\"318\" srcset=\"http:\/\/desireemartinphoto.com\/blog\/wp-content\/uploads\/2011\/10\/DM-AFP-Mancha-171011-BLOG-06.jpg 550w, http:\/\/desireemartinphoto.com\/blog\/wp-content\/uploads\/2011\/10\/DM-AFP-Mancha-171011-BLOG-06-300x173.jpg 300w\" sizes=\"(max-width: 550px) 100vw, 550px\" \/>.<\/p>\n<p><img data-attachment-id=\"1307\" data-permalink=\"http:\/\/desireemartinphoto.com\/blog\/sobrevolando-la-erupcion-submarina-de-el-hierro\/dm-afp-mancha-171011-blog-07\/\" data-orig-file=\"http:\/\/desireemartinphoto.com\/blog\/wp-content\/uploads\/2011\/10\/DM-AFP-Mancha-171011-BLOG-07.jpg\" data-orig-size=\"550,356\" data-comments-opened=\"1\" data-image-meta=\"{&quot;aperture&quot;:&quot;5.6&quot;,&quot;credit&quot;:&quot;&quot;,&quot;camera&quot;:&quot;Canon EOS 5D Mark II&quot;,&quot;caption&quot;:&quot;17 10 2011\\n\\nVISTA AEREA DE LA ZONA DE ERUPCION VOLCANICA SUBMARIANA EN LA ISLA CANARIA DE EL HIERRO\\n\\nEL HIERRO\\nLA RESTINGA ES EL PUEBLO QUE SE VE\\n\\nDESIREE MARTIN   \\\/   INVOLCAN \\\/ GOBIERNO DE CANARIAS\\\/CABILDO DE EL HIERRO&quot;,&quot;created_timestamp&quot;:&quot;1318851060&quot;,&quot;copyright&quot;:&quot;&quot;,&quot;focal_length&quot;:&quot;16&quot;,&quot;iso&quot;:&quot;100&quot;,&quot;shutter_speed&quot;:&quot;0.0025&quot;,&quot;title&quot;:&quot;&quot;}\" data-image-title=\"DM-AFP-Mancha-171011-BLOG-07\" data-image-description=\"\" data-medium-file=\"http:\/\/desireemartinphoto.com\/blog\/wp-content\/uploads\/2011\/10\/DM-AFP-Mancha-171011-BLOG-07-300x194.jpg\" data-large-file=\"http:\/\/desireemartinphoto.com\/blog\/wp-content\/uploads\/2011\/10\/DM-AFP-Mancha-171011-BLOG-07.jpg\" loading=\"lazy\" class=\"alignnone size-full wp-image-1307\" src=\"http:\/\/desireemartinphoto.com\/blog\/wp-content\/uploads\/2011\/10\/DM-AFP-Mancha-171011-BLOG-07.jpg\" alt=\"\" width=\"550\" height=\"356\" srcset=\"http:\/\/desireemartinphoto.com\/blog\/wp-content\/uploads\/2011\/10\/DM-AFP-Mancha-171011-BLOG-07.jpg 550w, http:\/\/desireemartinphoto.com\/blog\/wp-content\/uploads\/2011\/10\/DM-AFP-Mancha-171011-BLOG-07-300x194.jpg 300w\" sizes=\"(max-width: 550px) 100vw, 550px\" \/><\/p>\n<p>La zona principal de salida de gases, por aqu\u00ed decimos la &#8220;boca&#8221; sigue estando en el mismo lugar desde hace 5 d\u00edas, pero ahora es mas cont\u00ednua la salida de los mismos. La &#8220;boca&#8221; tiene unos 700metros de di\u00e1metro y el pH del agua es de 6,9\u00a0 ..<\/p>\n<p>La mancha se va extendiendo por toda la costa de la isla de El Hierro y los peces muertos ya son visibles, tanto de costa como de profundidad , desde fulas , viejas y sargos, hasta peces abisales.<\/p>\n<p>&nbsp;<\/p>\n<p>&#8230; una experiencia BRUTAL &#8230;\u00a0\u00a0\u00a0 ahora s\u00ed, buenas noches a TODOS y un beso enorme por seguir mi trabajo!!!<\/p>\n<p>&nbsp;<\/p>\n<p>&nbsp;<\/p>\n<div class=\"sharedaddy sd-sharing-enabled\"><div class=\"robots-nocontent sd-block sd-social sd-social-icon-text sd-sharing\"><h3 class=\"sd-title\">COMPARTE ESTO:<\/h3><div class=\"sd-content\"><ul><li class=\"share-facebook\"><a rel=\"nofollow noopener noreferrer\" data-shared=\"sharing-facebook-1299\" class=\"share-facebook sd-button share-icon\" href=\"http:\/\/desireemartinphoto.com\/blog\/sobrevolando-la-erupcion-submarina-de-el-hierro\/?share=facebook\" target=\"_blank\" title=\"Haz clic para compartir en Facebook\"><span>Facebook<\/span><\/a><\/li><li class=\"share-twitter\"><a rel=\"nofollow noopener noreferrer\" data-shared=\"sharing-twitter-1299\" class=\"share-twitter sd-button share-icon\" href=\"http:\/\/desireemartinphoto.com\/blog\/sobrevolando-la-erupcion-submarina-de-el-hierro\/?share=twitter\" target=\"_blank\" title=\"Haz clic para compartir en Twitter\"><span>Twitter<\/span><\/a><\/li><li class=\"share-email\"><a rel=\"nofollow noopener noreferrer\" data-shared=\"\" class=\"share-email sd-button share-icon\" href=\"http:\/\/desireemartinphoto.com\/blog\/sobrevolando-la-erupcion-submarina-de-el-hierro\/?share=email\" target=\"_blank\" title=\"Haz clic para enviar por correo electr\u00f3nico a un amigo\"><span>Correo electr\u00f3nico<\/span><\/a><\/li><li class=\"share-linkedin\"><a rel=\"nofollow noopener noreferrer\" data-shared=\"sharing-linkedin-1299\" class=\"share-linkedin sd-button share-icon\" href=\"http:\/\/desireemartinphoto.com\/blog\/sobrevolando-la-erupcion-submarina-de-el-hierro\/?share=linkedin\" target=\"_blank\" title=\"Haz clic para compartir en LinkedIn\"><span>LinkedIn<\/span><\/a><\/li><li class=\"share-tumblr\"><a rel=\"nofollow noopener noreferrer\" data-shared=\"\" class=\"share-tumblr sd-button share-icon\" href=\"http:\/\/desireemartinphoto.com\/blog\/sobrevolando-la-erupcion-submarina-de-el-hierro\/?share=tumblr\" target=\"_blank\" title=\"Haz clic para compartir en Tumblr\"><span>Tumblr<\/span><\/a><\/li><li class=\"share-end\"><\/li><\/ul><\/div><\/div><\/div>","protected":false},"excerpt":{"rendered":"<p>&#8230; sin palabras &#8230; . La zona principal de salida de gases, por aqu\u00ed decimos la &#8220;boca&#8221; sigue estando en el mismo lugar desde hace 5 d\u00edas, pero ahora es mas cont\u00ednua la salida de los mismos. La &#8220;boca&#8221; tiene unos 700metros de di\u00e1metro y el pH del agua es de 6,9\u00a0 .. La mancha [&#038;hellip<\/p>\n<div class=\"sharedaddy sd-sharing-enabled\"><div class=\"robots-nocontent sd-block sd-social sd-social-icon-text sd-sharing\"><h3 class=\"sd-title\">COMPARTE ESTO:<\/h3><div class=\"sd-content\"><ul><li class=\"share-facebook\"><a rel=\"nofollow noopener noreferrer\" data-shared=\"sharing-facebook-1299\" class=\"share-facebook sd-button share-icon\" href=\"http:\/\/desireemartinphoto.com\/blog\/sobrevolando-la-erupcion-submarina-de-el-hierro\/?share=facebook\" target=\"_blank\" title=\"Haz clic para compartir en Facebook\"><span>Facebook<\/span><\/a><\/li><li class=\"share-twitter\"><a rel=\"nofollow noopener noreferrer\" data-shared=\"sharing-twitter-1299\" class=\"share-twitter sd-button share-icon\" href=\"http:\/\/desireemartinphoto.com\/blog\/sobrevolando-la-erupcion-submarina-de-el-hierro\/?share=twitter\" target=\"_blank\" title=\"Haz clic para compartir en Twitter\"><span>Twitter<\/span><\/a><\/li><li class=\"share-email\"><a rel=\"nofollow noopener noreferrer\" data-shared=\"\" class=\"share-email sd-button share-icon\" href=\"http:\/\/desireemartinphoto.com\/blog\/sobrevolando-la-erupcion-submarina-de-el-hierro\/?share=email\" target=\"_blank\" title=\"Haz clic para enviar por correo electr\u00f3nico a un amigo\"><span>Correo electr\u00f3nico<\/span><\/a><\/li><li class=\"share-linkedin\"><a rel=\"nofollow noopener noreferrer\" data-shared=\"sharing-linkedin-1299\" class=\"share-linkedin sd-button share-icon\" href=\"http:\/\/desireemartinphoto.com\/blog\/sobrevolando-la-erupcion-submarina-de-el-hierro\/?share=linkedin\" target=\"_blank\" title=\"Haz clic para compartir en LinkedIn\"><span>LinkedIn<\/span><\/a><\/li><li class=\"share-tumblr\"><a rel=\"nofollow noopener noreferrer\" data-shared=\"\" class=\"share-tumblr sd-button share-icon\" href=\"http:\/\/desireemartinphoto.com\/blog\/sobrevolando-la-erupcion-submarina-de-el-hierro\/?share=tumblr\" target=\"_blank\" title=\"Haz clic para compartir en Tumblr\"><span>Tumblr<\/span><\/a><\/li><li class=\"share-end\"><\/li><\/ul><\/div><\/div><\/div>","protected":false},"author":1,"featured_media":0,"comment_status":"open","ping_status":"open","sticky":false,"template":"","format":"standard","meta":{"spay_email":""},"categories":[1],"tags":[209,244,247,245],"jetpack_featured_media_url":"","jetpack_sharing_enabled":true,"_links":{"self":[{"href":"http:\/\/desireemartinphoto.com\/blog\/wp-json\/wp\/v2\/posts\/1299"}],"collection":[{"href":"http:\/\/desireemartinphoto.com\/blog\/wp-json\/wp\/v2\/posts"}],"about":[{"href":"http:\/\/desireemartinphoto.com\/blog\/wp-json\/wp\/v2\/types\/post"}],"author":[{"embeddable":true,"href":"http:\/\/desireemartinphoto.com\/blog\/wp-json\/wp\/v2\/users\/1"}],"replies":[{"embeddable":true,"href":"http:\/\/desireemartinphoto.com\/blog\/wp-json\/wp\/v2\/comments?post=1299"}],"version-history":[{"count":6,"href":"http:\/\/desireemartinphoto.com\/blog\/wp-json\/wp\/v2\/posts\/1299\/revisions"}],"predecessor-version":[{"id":1310,"href":"http:\/\/desireemartinphoto.com\/blog\/wp-json\/wp\/v2\/posts\/1299\/revisions\/1310"}],"wp:attachment":[{"href":"http:\/\/desireemartinphoto.com\/blog\/wp-json\/wp\/v2\/media?parent=1299"}],"wp:term":[{"taxonomy":"category","embeddable":true,"href":"http:\/\/desireemartinphoto.com\/blog\/wp-json\/wp\/v2\/categories?post=1299"},{"taxonomy":"post_tag","embeddable":true,"href":"http:\/\/desireemartinphoto.com\/blog\/wp-json\/wp\/v2\/tags?post=1299"}],"curies":[{"name":"wp","href":"https:\/\/api.w.org\/{rel}","templated":true}]}}