{"id":1266,"date":"2011-10-15T10:16:13","date_gmt":"2011-10-15T10:16:13","guid":{"rendered":"http:\/\/desireemartinphoto.com\/blog\/?p=1266"},"modified":"2011-10-15T14:59:10","modified_gmt":"2011-10-15T14:59:10","slug":"comienza-el-dia-15-o-en-el-hierro","status":"publish","type":"post","link":"http:\/\/desireemartinphoto.com\/blog\/comienza-el-dia-15-o-en-el-hierro\/","title":{"rendered":"Comienza el d\u00eda 15 &#8211; O en El Hierro &#8230;"},"content":{"rendered":"<p><img data-attachment-id=\"1267\" data-permalink=\"http:\/\/desireemartinphoto.com\/blog\/comienza-el-dia-15-o-en-el-hierro\/dm-mancha-blog-151011-01\/\" data-orig-file=\"http:\/\/desireemartinphoto.com\/blog\/wp-content\/uploads\/2011\/10\/DM-Mancha-BLOG-151011-01.jpg\" data-orig-size=\"550,153\" data-comments-opened=\"1\" data-image-meta=\"{&quot;aperture&quot;:&quot;5&quot;,&quot;credit&quot;:&quot;&quot;,&quot;camera&quot;:&quot;Canon EOS 5D Mark II&quot;,&quot;caption&quot;:&quot;15 10 2011\\n\\nVISTA PANORAMICA ( VARIAS FOTOS ) DESDE LA PISTA DE LOS QUEMADOS \\nSE PUEDE VER  LA MANCHA A LA IZQUIERDA Y EL VOLCAN DE LOS QUEMADOS A LA DERECHA\\nMUNICIPIO EL PINAR , LA RESTINGA\\n\\nDESIREE  MARTIN \\\/ PUBLICO&quot;,&quot;created_timestamp&quot;:&quot;1318668940&quot;,&quot;copyright&quot;:&quot;&quot;,&quot;focal_length&quot;:&quot;35&quot;,&quot;iso&quot;:&quot;100&quot;,&quot;shutter_speed&quot;:&quot;0.00125&quot;,&quot;title&quot;:&quot;&quot;}\" data-image-title=\"DM-Mancha-BLOG-151011-01\" data-image-description=\"\" data-medium-file=\"http:\/\/desireemartinphoto.com\/blog\/wp-content\/uploads\/2011\/10\/DM-Mancha-BLOG-151011-01-300x83.jpg\" data-large-file=\"http:\/\/desireemartinphoto.com\/blog\/wp-content\/uploads\/2011\/10\/DM-Mancha-BLOG-151011-01.jpg\" loading=\"lazy\" class=\"alignnone size-full wp-image-1267\" src=\"http:\/\/desireemartinphoto.com\/blog\/wp-content\/uploads\/2011\/10\/DM-Mancha-BLOG-151011-01.jpg\" alt=\"\" width=\"550\" height=\"153\" srcset=\"http:\/\/desireemartinphoto.com\/blog\/wp-content\/uploads\/2011\/10\/DM-Mancha-BLOG-151011-01.jpg 550w, http:\/\/desireemartinphoto.com\/blog\/wp-content\/uploads\/2011\/10\/DM-Mancha-BLOG-151011-01-300x83.jpg 300w\" sizes=\"(max-width: 550px) 100vw, 550px\" \/><\/p>\n<p>&#8230; de pronto &#8230; otra erupci\u00f3n volc\u00e1nica en la que ya hay piroclastos ( pic\u00f3n ) &#8230; es la zona m\u00e1s rojiza-marron de la manch a&#8230;<\/p>\n<p>Han cortado m\u00e1s arriba la carretera de acceso a La Restinga y ..cada vez es m\u00e1s dif\u00edcil trabajar &#8230;<\/p>\n<p><img data-attachment-id=\"1269\" data-permalink=\"http:\/\/desireemartinphoto.com\/blog\/comienza-el-dia-15-o-en-el-hierro\/dm-mancha-blog-151011-02\/\" data-orig-file=\"http:\/\/desireemartinphoto.com\/blog\/wp-content\/uploads\/2011\/10\/DM-Mancha-BLOG-151011-02.jpg\" data-orig-size=\"550,367\" data-comments-opened=\"1\" data-image-meta=\"{&quot;aperture&quot;:&quot;4&quot;,&quot;credit&quot;:&quot;&quot;,&quot;camera&quot;:&quot;Canon EOS 5D Mark II&quot;,&quot;caption&quot;:&quot;15 10 2011\\n\\nVISTA PANORAMICA ( VARIAS FOTOS ) DESDE LA PISTA DE LOS QUEMADOS \\nSE PUEDE VER  LA MANCHA A LA IZQUIERDA Y EL VOLCAN DE LOS QUEMADOS A LA DERECHA\\nMUNICIPIO EL PINAR , LA RESTINGA\\n\\nDESIREE  MARTIN \\\/ PUBLICO&quot;,&quot;created_timestamp&quot;:&quot;1318682511&quot;,&quot;copyright&quot;:&quot;&quot;,&quot;focal_length&quot;:&quot;200&quot;,&quot;iso&quot;:&quot;100&quot;,&quot;shutter_speed&quot;:&quot;0.0003125&quot;,&quot;title&quot;:&quot;&quot;}\" data-image-title=\"DM-Mancha-BLOG-151011-02\" data-image-description=\"\" data-medium-file=\"http:\/\/desireemartinphoto.com\/blog\/wp-content\/uploads\/2011\/10\/DM-Mancha-BLOG-151011-02-300x200.jpg\" data-large-file=\"http:\/\/desireemartinphoto.com\/blog\/wp-content\/uploads\/2011\/10\/DM-Mancha-BLOG-151011-02.jpg\" loading=\"lazy\" class=\"alignnone size-full wp-image-1269\" src=\"http:\/\/desireemartinphoto.com\/blog\/wp-content\/uploads\/2011\/10\/DM-Mancha-BLOG-151011-02.jpg\" alt=\"\" width=\"550\" height=\"367\" srcset=\"http:\/\/desireemartinphoto.com\/blog\/wp-content\/uploads\/2011\/10\/DM-Mancha-BLOG-151011-02.jpg 550w, http:\/\/desireemartinphoto.com\/blog\/wp-content\/uploads\/2011\/10\/DM-Mancha-BLOG-151011-02-300x200.jpg 300w\" sizes=\"(max-width: 550px) 100vw, 550px\" \/><\/p>\n<p>&#8230;estaba enviando las fotos a los medios&#8230; y escucho &#8221; &#8230;blabala.. desalojo de El Pinar &#8230;&#8221; ..<\/p>\n<p><img data-attachment-id=\"1274\" data-permalink=\"http:\/\/desireemartinphoto.com\/blog\/comienza-el-dia-15-o-en-el-hierro\/dm-casi-desalojo-el-pinar-blog-02\/\" data-orig-file=\"http:\/\/desireemartinphoto.com\/blog\/wp-content\/uploads\/2011\/10\/DM-Casi-desalojo-El-Pinar-BLOG-02.jpg\" data-orig-size=\"550,367\" data-comments-opened=\"1\" data-image-meta=\"{&quot;aperture&quot;:&quot;6.3&quot;,&quot;credit&quot;:&quot;&quot;,&quot;camera&quot;:&quot;Canon EOS 5D Mark II&quot;,&quot;caption&quot;:&quot;&quot;,&quot;created_timestamp&quot;:&quot;1318686979&quot;,&quot;copyright&quot;:&quot;&quot;,&quot;focal_length&quot;:&quot;16&quot;,&quot;iso&quot;:&quot;100&quot;,&quot;shutter_speed&quot;:&quot;0.001&quot;,&quot;title&quot;:&quot;&quot;}\" data-image-title=\"DM-Casi-desalojo-El-Pinar-BLOG-02\" data-image-description=\"\" data-medium-file=\"http:\/\/desireemartinphoto.com\/blog\/wp-content\/uploads\/2011\/10\/DM-Casi-desalojo-El-Pinar-BLOG-02-300x200.jpg\" data-large-file=\"http:\/\/desireemartinphoto.com\/blog\/wp-content\/uploads\/2011\/10\/DM-Casi-desalojo-El-Pinar-BLOG-02.jpg\" loading=\"lazy\" class=\"alignnone size-full wp-image-1274\" src=\"http:\/\/desireemartinphoto.com\/blog\/wp-content\/uploads\/2011\/10\/DM-Casi-desalojo-El-Pinar-BLOG-02.jpg\" alt=\"\" width=\"550\" height=\"367\" srcset=\"http:\/\/desireemartinphoto.com\/blog\/wp-content\/uploads\/2011\/10\/DM-Casi-desalojo-El-Pinar-BLOG-02.jpg 550w, http:\/\/desireemartinphoto.com\/blog\/wp-content\/uploads\/2011\/10\/DM-Casi-desalojo-El-Pinar-BLOG-02-300x200.jpg 300w\" sizes=\"(max-width: 550px) 100vw, 550px\" \/><\/p>\n<p>Me encontraba en una peluquer\u00eda del pueblo ..y la due\u00f1a y las clientas desasperaron &#8230;c\u00f3mo no!!!<\/p>\n<p><img data-attachment-id=\"1272\" data-permalink=\"http:\/\/desireemartinphoto.com\/blog\/comienza-el-dia-15-o-en-el-hierro\/dm-casi-desalojo-el-pinar-blog-01\/\" data-orig-file=\"http:\/\/desireemartinphoto.com\/blog\/wp-content\/uploads\/2011\/10\/DM-Casi-desalojo-El-Pinar-BLOG-01.jpg\" data-orig-size=\"550,442\" data-comments-opened=\"1\" data-image-meta=\"{&quot;aperture&quot;:&quot;6.3&quot;,&quot;credit&quot;:&quot;&quot;,&quot;camera&quot;:&quot;Canon EOS 5D Mark II&quot;,&quot;caption&quot;:&quot;&quot;,&quot;created_timestamp&quot;:&quot;1318687027&quot;,&quot;copyright&quot;:&quot;&quot;,&quot;focal_length&quot;:&quot;16&quot;,&quot;iso&quot;:&quot;2000&quot;,&quot;shutter_speed&quot;:&quot;0.003125&quot;,&quot;title&quot;:&quot;&quot;}\" data-image-title=\"DM-Casi-desalojo-El-Pinar-BLOG-01\" data-image-description=\"\" data-medium-file=\"http:\/\/desireemartinphoto.com\/blog\/wp-content\/uploads\/2011\/10\/DM-Casi-desalojo-El-Pinar-BLOG-01-300x241.jpg\" data-large-file=\"http:\/\/desireemartinphoto.com\/blog\/wp-content\/uploads\/2011\/10\/DM-Casi-desalojo-El-Pinar-BLOG-01.jpg\" loading=\"lazy\" class=\"alignnone size-full wp-image-1272\" src=\"http:\/\/desireemartinphoto.com\/blog\/wp-content\/uploads\/2011\/10\/DM-Casi-desalojo-El-Pinar-BLOG-01.jpg\" alt=\"\" width=\"550\" height=\"442\" srcset=\"http:\/\/desireemartinphoto.com\/blog\/wp-content\/uploads\/2011\/10\/DM-Casi-desalojo-El-Pinar-BLOG-01.jpg 550w, http:\/\/desireemartinphoto.com\/blog\/wp-content\/uploads\/2011\/10\/DM-Casi-desalojo-El-Pinar-BLOG-01-300x241.jpg 300w\" sizes=\"(max-width: 550px) 100vw, 550px\" \/><\/p>\n<p>&nbsp;<\/p>\n<p>&#8230; cuando ya se hab\u00edan ido mucho de los coches de los vecinos y dem\u00e1s &#8230; me entero que era una falsa alarma &#8230;\u00a0\u00a0\u00a0\u00a0 O_O<\/p>\n<p>&nbsp;<\/p>\n<div class=\"sharedaddy sd-sharing-enabled\"><div class=\"robots-nocontent sd-block sd-social sd-social-icon-text sd-sharing\"><h3 class=\"sd-title\">COMPARTE ESTO:<\/h3><div class=\"sd-content\"><ul><li class=\"share-facebook\"><a rel=\"nofollow noopener noreferrer\" data-shared=\"sharing-facebook-1266\" class=\"share-facebook sd-button share-icon\" href=\"http:\/\/desireemartinphoto.com\/blog\/comienza-el-dia-15-o-en-el-hierro\/?share=facebook\" target=\"_blank\" title=\"Haz clic para compartir en Facebook\"><span>Facebook<\/span><\/a><\/li><li class=\"share-twitter\"><a rel=\"nofollow noopener noreferrer\" data-shared=\"sharing-twitter-1266\" class=\"share-twitter sd-button share-icon\" href=\"http:\/\/desireemartinphoto.com\/blog\/comienza-el-dia-15-o-en-el-hierro\/?share=twitter\" target=\"_blank\" title=\"Haz clic para compartir en Twitter\"><span>Twitter<\/span><\/a><\/li><li class=\"share-email\"><a rel=\"nofollow noopener noreferrer\" data-shared=\"\" class=\"share-email sd-button share-icon\" href=\"http:\/\/desireemartinphoto.com\/blog\/comienza-el-dia-15-o-en-el-hierro\/?share=email\" target=\"_blank\" title=\"Haz clic para enviar por correo electr\u00f3nico a un amigo\"><span>Correo electr\u00f3nico<\/span><\/a><\/li><li class=\"share-linkedin\"><a rel=\"nofollow noopener noreferrer\" data-shared=\"sharing-linkedin-1266\" class=\"share-linkedin sd-button share-icon\" href=\"http:\/\/desireemartinphoto.com\/blog\/comienza-el-dia-15-o-en-el-hierro\/?share=linkedin\" target=\"_blank\" title=\"Haz clic para compartir en LinkedIn\"><span>LinkedIn<\/span><\/a><\/li><li class=\"share-tumblr\"><a rel=\"nofollow noopener noreferrer\" data-shared=\"\" class=\"share-tumblr sd-button share-icon\" href=\"http:\/\/desireemartinphoto.com\/blog\/comienza-el-dia-15-o-en-el-hierro\/?share=tumblr\" target=\"_blank\" title=\"Haz clic para compartir en Tumblr\"><span>Tumblr<\/span><\/a><\/li><li class=\"share-end\"><\/li><\/ul><\/div><\/div><\/div>","protected":false},"excerpt":{"rendered":"<p>&#8230; de pronto &#8230; otra erupci\u00f3n volc\u00e1nica en la que ya hay piroclastos ( pic\u00f3n ) &#8230; es la zona m\u00e1s rojiza-marron de la manch a&#8230; Han cortado m\u00e1s arriba la carretera de acceso a La Restinga y ..cada vez es m\u00e1s dif\u00edcil trabajar &#8230; &#8230;estaba enviando las fotos a los medios&#8230; y escucho &#8221; [&#038;hellip<\/p>\n<div class=\"sharedaddy sd-sharing-enabled\"><div class=\"robots-nocontent sd-block sd-social sd-social-icon-text sd-sharing\"><h3 class=\"sd-title\">COMPARTE ESTO:<\/h3><div class=\"sd-content\"><ul><li class=\"share-facebook\"><a rel=\"nofollow noopener noreferrer\" data-shared=\"sharing-facebook-1266\" class=\"share-facebook sd-button share-icon\" href=\"http:\/\/desireemartinphoto.com\/blog\/comienza-el-dia-15-o-en-el-hierro\/?share=facebook\" target=\"_blank\" title=\"Haz clic para compartir en Facebook\"><span>Facebook<\/span><\/a><\/li><li class=\"share-twitter\"><a rel=\"nofollow noopener noreferrer\" data-shared=\"sharing-twitter-1266\" class=\"share-twitter sd-button share-icon\" href=\"http:\/\/desireemartinphoto.com\/blog\/comienza-el-dia-15-o-en-el-hierro\/?share=twitter\" target=\"_blank\" title=\"Haz clic para compartir en Twitter\"><span>Twitter<\/span><\/a><\/li><li class=\"share-email\"><a rel=\"nofollow noopener noreferrer\" data-shared=\"\" class=\"share-email sd-button share-icon\" href=\"http:\/\/desireemartinphoto.com\/blog\/comienza-el-dia-15-o-en-el-hierro\/?share=email\" target=\"_blank\" title=\"Haz clic para enviar por correo electr\u00f3nico a un amigo\"><span>Correo electr\u00f3nico<\/span><\/a><\/li><li class=\"share-linkedin\"><a rel=\"nofollow noopener noreferrer\" data-shared=\"sharing-linkedin-1266\" class=\"share-linkedin sd-button share-icon\" href=\"http:\/\/desireemartinphoto.com\/blog\/comienza-el-dia-15-o-en-el-hierro\/?share=linkedin\" target=\"_blank\" title=\"Haz clic para compartir en LinkedIn\"><span>LinkedIn<\/span><\/a><\/li><li class=\"share-tumblr\"><a rel=\"nofollow noopener noreferrer\" data-shared=\"\" class=\"share-tumblr sd-button share-icon\" href=\"http:\/\/desireemartinphoto.com\/blog\/comienza-el-dia-15-o-en-el-hierro\/?share=tumblr\" target=\"_blank\" title=\"Haz clic para compartir en Tumblr\"><span>Tumblr<\/span><\/a><\/li><li class=\"share-end\"><\/li><\/ul><\/div><\/div><\/div>","protected":false},"author":1,"featured_media":0,"comment_status":"open","ping_status":"open","sticky":false,"template":"","format":"standard","meta":{"spay_email":""},"categories":[1],"tags":[239],"jetpack_featured_media_url":"","jetpack_sharing_enabled":true,"_links":{"self":[{"href":"http:\/\/desireemartinphoto.com\/blog\/wp-json\/wp\/v2\/posts\/1266"}],"collection":[{"href":"http:\/\/desireemartinphoto.com\/blog\/wp-json\/wp\/v2\/posts"}],"about":[{"href":"http:\/\/desireemartinphoto.com\/blog\/wp-json\/wp\/v2\/types\/post"}],"author":[{"embeddable":true,"href":"http:\/\/desireemartinphoto.com\/blog\/wp-json\/wp\/v2\/users\/1"}],"replies":[{"embeddable":true,"href":"http:\/\/desireemartinphoto.com\/blog\/wp-json\/wp\/v2\/comments?post=1266"}],"version-history":[{"count":5,"href":"http:\/\/desireemartinphoto.com\/blog\/wp-json\/wp\/v2\/posts\/1266\/revisions"}],"predecessor-version":[{"id":1270,"href":"http:\/\/desireemartinphoto.com\/blog\/wp-json\/wp\/v2\/posts\/1266\/revisions\/1270"}],"wp:attachment":[{"href":"http:\/\/desireemartinphoto.com\/blog\/wp-json\/wp\/v2\/media?parent=1266"}],"wp:term":[{"taxonomy":"category","embeddable":true,"href":"http:\/\/desireemartinphoto.com\/blog\/wp-json\/wp\/v2\/categories?post=1266"},{"taxonomy":"post_tag","embeddable":true,"href":"http:\/\/desireemartinphoto.com\/blog\/wp-json\/wp\/v2\/tags?post=1266"}],"curies":[{"name":"wp","href":"https:\/\/api.w.org\/{rel}","templated":true}]}}