{"id":1253,"date":"2011-10-14T22:49:28","date_gmt":"2011-10-14T22:49:28","guid":{"rendered":"http:\/\/desireemartinphoto.com\/blog\/?p=1253"},"modified":"2011-10-14T22:49:28","modified_gmt":"2011-10-14T22:49:28","slug":"desde-el-puerto-de-la-estaca-al-faro-de-la-orchilla","status":"publish","type":"post","link":"http:\/\/desireemartinphoto.com\/blog\/desde-el-puerto-de-la-estaca-al-faro-de-la-orchilla\/","title":{"rendered":"Desde el Puerto de la Estaca al Faro de La Orchilla"},"content":{"rendered":"<p>&nbsp;<\/p>\n<p>El d\u00eda comenz\u00f3 con la busqueda de la situaci\u00f3n de la mancha en el mar , mancha provocada por el sulfh\u00eddrico que emanan del fondo del Mar de Las Calmas tras la erupci\u00f3n volc\u00e1nica submarina del pasado d\u00eda 10 &#8230; a las 8 am aproximadamente, parec\u00eda m\u00e1s o menos igual que anoche &#8230;<\/p>\n<p><img data-attachment-id=\"1254\" data-permalink=\"http:\/\/desireemartinphoto.com\/blog\/desde-el-puerto-de-la-estaca-al-faro-de-la-orchilla\/spain-quake-volcano\/\" data-orig-file=\"http:\/\/desireemartinphoto.com\/blog\/wp-content\/uploads\/2011\/10\/DM-BLOG-141011-01.jpg\" data-orig-size=\"550,314\" data-comments-opened=\"1\" data-image-meta=\"{&quot;aperture&quot;:&quot;5.6&quot;,&quot;credit&quot;:&quot;DESIREE MARTIN&quot;,&quot;camera&quot;:&quot;Canon EOS 5D Mark II&quot;,&quot;caption&quot;:&quot;This picture taken on October 14, 2011 shows a green stain at sea off the coast of the village of La Restinga on the Spanish Canary Island of El Hierro, a day after two underwater volcanic eruption were recorded. Two new volcanic eruptions were confirmed near Spain&#039;s El Hierro island in the Canaries, where 500 people spent another night outside their homes after being evacuated as a precautionary measure. The head of emergency services in the Canaries, Juan Manuel Santana, said in a statement that the eruptions \\&quot;resulted in two stains on the sea surface where there are dead fish and a strong odour of sulfur.\\&quot; AFP PHOTO \\\/ DESIREE MARTIN&quot;,&quot;created_timestamp&quot;:&quot;1318584531&quot;,&quot;copyright&quot;:&quot;AFP ImageForum&quot;,&quot;focal_length&quot;:&quot;35&quot;,&quot;iso&quot;:&quot;100&quot;,&quot;shutter_speed&quot;:&quot;0.0005&quot;,&quot;title&quot;:&quot;SPAIN-QUAKE-VOLCANO&quot;}\" data-image-title=\"DM-BLOG-141011-01\" data-image-description=\"\" data-medium-file=\"http:\/\/desireemartinphoto.com\/blog\/wp-content\/uploads\/2011\/10\/DM-BLOG-141011-01-300x171.jpg\" data-large-file=\"http:\/\/desireemartinphoto.com\/blog\/wp-content\/uploads\/2011\/10\/DM-BLOG-141011-01.jpg\" loading=\"lazy\" class=\"alignnone size-full wp-image-1254\" src=\"http:\/\/desireemartinphoto.com\/blog\/wp-content\/uploads\/2011\/10\/DM-BLOG-141011-01.jpg\" alt=\"\" width=\"550\" height=\"314\" srcset=\"http:\/\/desireemartinphoto.com\/blog\/wp-content\/uploads\/2011\/10\/DM-BLOG-141011-01.jpg 550w, http:\/\/desireemartinphoto.com\/blog\/wp-content\/uploads\/2011\/10\/DM-BLOG-141011-01-300x171.jpg 300w\" sizes=\"(max-width: 550px) 100vw, 550px\" \/><\/p>\n<p>En la zona de Tacor\u00f3n , bi\u00f3logos marinos de la Univerdidad de La Laguna se apostaban en la carretera, libre de tr\u00e1fico por el corte de la misma .. para avistar a los cet\u00e1ceos que suelen estar en la zona\u00a0 ( unos 50 ejemplares de una especie y otros 100 de otra ) .<\/p>\n<p>Patrica me contaba que era una buena hora para hacerlo pues los identifican por las cicatrices de las aletas y a esta hora la luz era mejor. Me aclar\u00f3 que\u00a0 , por ahora, no detectaban cambios sustanciales en los movimientos de estoa animales en la zona, o sea, se mov\u00edan para comer a las mismas horas, sal\u00edan a la superficia &#8230; que no pod\u00eda decir m\u00e1s.<\/p>\n<p><img data-attachment-id=\"1255\" data-permalink=\"http:\/\/desireemartinphoto.com\/blog\/desde-el-puerto-de-la-estaca-al-faro-de-la-orchilla\/dm-blog-141011-02\/\" data-orig-file=\"http:\/\/desireemartinphoto.com\/blog\/wp-content\/uploads\/2011\/10\/DM-BLOG-141011-02.jpg\" data-orig-size=\"550,367\" data-comments-opened=\"1\" data-image-meta=\"{&quot;aperture&quot;:&quot;8&quot;,&quot;credit&quot;:&quot;&quot;,&quot;camera&quot;:&quot;Canon EOS 5D Mark II&quot;,&quot;caption&quot;:&quot;14 10 2011\\n\\nTACORON\\nZONA DE LA ERUPCION VOLCANICA EN LA ISLA DE EL HIERRO\\nCANARIAS\\nBIOLOGOS MARINOS DE LA UNIVERSIDAD DE LA LAGUNA OBSERVAN EL COMPORTAMIENTO DE LOS CETACEOS DE LA ZONA\\n\\nDESIREEMARTIN \\\/ PUBLICO&quot;,&quot;created_timestamp&quot;:&quot;1318580397&quot;,&quot;copyright&quot;:&quot;&quot;,&quot;focal_length&quot;:&quot;28&quot;,&quot;iso&quot;:&quot;100&quot;,&quot;shutter_speed&quot;:&quot;0.01&quot;,&quot;title&quot;:&quot;&quot;}\" data-image-title=\"DM-BLOG-141011-02\" data-image-description=\"\" data-medium-file=\"http:\/\/desireemartinphoto.com\/blog\/wp-content\/uploads\/2011\/10\/DM-BLOG-141011-02-300x200.jpg\" data-large-file=\"http:\/\/desireemartinphoto.com\/blog\/wp-content\/uploads\/2011\/10\/DM-BLOG-141011-02.jpg\" loading=\"lazy\" class=\"alignnone size-full wp-image-1255\" src=\"http:\/\/desireemartinphoto.com\/blog\/wp-content\/uploads\/2011\/10\/DM-BLOG-141011-02.jpg\" alt=\"\" width=\"550\" height=\"367\" srcset=\"http:\/\/desireemartinphoto.com\/blog\/wp-content\/uploads\/2011\/10\/DM-BLOG-141011-02.jpg 550w, http:\/\/desireemartinphoto.com\/blog\/wp-content\/uploads\/2011\/10\/DM-BLOG-141011-02-300x200.jpg 300w\" sizes=\"(max-width: 550px) 100vw, 550px\" \/><\/p>\n<p>Hab\u00eda que salir corriendo para el Puerto de la EStaca ..llegaba a las 12 en barco con cient\u00edficos de la misma universidad que ir\u00edan a la zona de la erupci\u00f3n para tomar muestras&#8230; pero eso no ocurri\u00f3 ..lleg\u00f3 ,, creo que sobr elas 16 h &#8230;ya me hab\u00eda ido para el Faro de La Orchilla .. me dec\u00edan que por aquella zona hab\u00edan visto muchs peces muertos &#8230;. por el camino &#8230;frenazo en seco con el cocheeeeeeeEE &#8230;\u00a0\u00a0\u00a0 la mancha hab\u00eda crecido muchisimo!!\u00a0 &#8230; y &#8230; varias curvas m\u00e1s all\u00e1 , con otra perspectiva &#8230; joder!!!\u00a0\u00a0 ha tocado la costa de La Restinga!! &#8230;ya ha llegado al pueblo&#8230;<\/p>\n<p><img data-attachment-id=\"1256\" data-permalink=\"http:\/\/desireemartinphoto.com\/blog\/desde-el-puerto-de-la-estaca-al-faro-de-la-orchilla\/spain-quake-volcano-2\/\" data-orig-file=\"http:\/\/desireemartinphoto.com\/blog\/wp-content\/uploads\/2011\/10\/DM-BLOG-141011-03.jpg\" data-orig-size=\"550,367\" data-comments-opened=\"1\" data-image-meta=\"{&quot;aperture&quot;:&quot;7.1&quot;,&quot;credit&quot;:&quot;DESIREE MARTIN&quot;,&quot;camera&quot;:&quot;Canon EOS 5D Mark II&quot;,&quot;caption&quot;:&quot;This picture taken on October 14, 2011 shows a green stain at sea off the coast of the village of La Restinga on the Spanish Canary Island of El Hierro, a day after two underwater volcanic eruption were recorded. Two new volcanic eruptions were confirmed near Spain&#039;s El Hierro island in the Canaries, where 500 people spent another night outside their homes after being evacuated as a precautionary measure. The head of emergency services in the Canaries, Juan Manuel Santana, said in a statement that the eruptions \\&quot;resulted in two stains on the sea surface where there are dead fish and a strong odour of sulfur.\\&quot; AFP PHOTO \\\/ DESIREE MARTIN&quot;,&quot;created_timestamp&quot;:&quot;1318599830&quot;,&quot;copyright&quot;:&quot;AFP ImageForum&quot;,&quot;focal_length&quot;:&quot;34&quot;,&quot;iso&quot;:&quot;100&quot;,&quot;shutter_speed&quot;:&quot;0.002&quot;,&quot;title&quot;:&quot;SPAIN-QUAKE-VOLCANO&quot;}\" data-image-title=\"DM-BLOG-141011-03\" data-image-description=\"\" data-medium-file=\"http:\/\/desireemartinphoto.com\/blog\/wp-content\/uploads\/2011\/10\/DM-BLOG-141011-03-300x200.jpg\" data-large-file=\"http:\/\/desireemartinphoto.com\/blog\/wp-content\/uploads\/2011\/10\/DM-BLOG-141011-03.jpg\" loading=\"lazy\" class=\"alignnone size-full wp-image-1256\" src=\"http:\/\/desireemartinphoto.com\/blog\/wp-content\/uploads\/2011\/10\/DM-BLOG-141011-03.jpg\" alt=\"\" width=\"550\" height=\"367\" srcset=\"http:\/\/desireemartinphoto.com\/blog\/wp-content\/uploads\/2011\/10\/DM-BLOG-141011-03.jpg 550w, http:\/\/desireemartinphoto.com\/blog\/wp-content\/uploads\/2011\/10\/DM-BLOG-141011-03-300x200.jpg 300w\" sizes=\"(max-width: 550px) 100vw, 550px\" \/><\/p>\n<p>Hora y media despues llegu\u00e9 al Faro de la Orchilla .Los franceses<a title=\"Francia\" href=\"http:\/\/es.wikipedia.org\/wiki\/Francia\"><\/a> establecieron el meridiano 0 en dicho punto en 1634. El meridiano de El Hierro fue uno de los m\u00e1s usados hasta el cambio definitivo por el de la ciudad de Greenwich en 1885.<\/p>\n<p>&#8230; nada de peces muertos.. un espect\u00e1culo de\u00a0 belleza volc\u00e1nica brutal.. es precioso ..pero sin peces muertos &#8230;<\/p>\n<p><img data-attachment-id=\"1260\" data-permalink=\"http:\/\/desireemartinphoto.com\/blog\/desde-el-puerto-de-la-estaca-al-faro-de-la-orchilla\/dm-blog-141011-07\/\" data-orig-file=\"http:\/\/desireemartinphoto.com\/blog\/wp-content\/uploads\/2011\/10\/DM-BLOG-141011-07.jpg\" data-orig-size=\"550,549\" data-comments-opened=\"1\" data-image-meta=\"{&quot;aperture&quot;:&quot;3.5&quot;,&quot;credit&quot;:&quot;&quot;,&quot;camera&quot;:&quot;Canon EOS 5D Mark II&quot;,&quot;caption&quot;:&quot;&quot;,&quot;created_timestamp&quot;:&quot;1318603329&quot;,&quot;copyright&quot;:&quot;&quot;,&quot;focal_length&quot;:&quot;16&quot;,&quot;iso&quot;:&quot;100&quot;,&quot;shutter_speed&quot;:&quot;0.005&quot;,&quot;title&quot;:&quot;&quot;}\" data-image-title=\"DM-BLOG-141011-07\" data-image-description=\"\" data-medium-file=\"http:\/\/desireemartinphoto.com\/blog\/wp-content\/uploads\/2011\/10\/DM-BLOG-141011-07-300x300.jpg\" data-large-file=\"http:\/\/desireemartinphoto.com\/blog\/wp-content\/uploads\/2011\/10\/DM-BLOG-141011-07.jpg\" loading=\"lazy\" class=\"alignnone size-full wp-image-1260\" src=\"http:\/\/desireemartinphoto.com\/blog\/wp-content\/uploads\/2011\/10\/DM-BLOG-141011-07.jpg\" alt=\"\" width=\"550\" height=\"549\" srcset=\"http:\/\/desireemartinphoto.com\/blog\/wp-content\/uploads\/2011\/10\/DM-BLOG-141011-07.jpg 550w, http:\/\/desireemartinphoto.com\/blog\/wp-content\/uploads\/2011\/10\/DM-BLOG-141011-07-150x150.jpg 150w, http:\/\/desireemartinphoto.com\/blog\/wp-content\/uploads\/2011\/10\/DM-BLOG-141011-07-300x300.jpg 300w\" sizes=\"(max-width: 550px) 100vw, 550px\" \/><\/p>\n<p><img data-attachment-id=\"1261\" data-permalink=\"http:\/\/desireemartinphoto.com\/blog\/desde-el-puerto-de-la-estaca-al-faro-de-la-orchilla\/dm-blog-141011-08\/\" data-orig-file=\"http:\/\/desireemartinphoto.com\/blog\/wp-content\/uploads\/2011\/10\/DM-BLOG-141011-08.jpg\" data-orig-size=\"367,550\" data-comments-opened=\"1\" data-image-meta=\"{&quot;aperture&quot;:&quot;6.3&quot;,&quot;credit&quot;:&quot;&quot;,&quot;camera&quot;:&quot;Canon EOS 5D Mark II&quot;,&quot;caption&quot;:&quot;&quot;,&quot;created_timestamp&quot;:&quot;1318603081&quot;,&quot;copyright&quot;:&quot;&quot;,&quot;focal_length&quot;:&quot;16&quot;,&quot;iso&quot;:&quot;100&quot;,&quot;shutter_speed&quot;:&quot;0.003125&quot;,&quot;title&quot;:&quot;&quot;}\" data-image-title=\"DM-BLOG-141011-08\" data-image-description=\"\" data-medium-file=\"http:\/\/desireemartinphoto.com\/blog\/wp-content\/uploads\/2011\/10\/DM-BLOG-141011-08-200x300.jpg\" data-large-file=\"http:\/\/desireemartinphoto.com\/blog\/wp-content\/uploads\/2011\/10\/DM-BLOG-141011-08.jpg\" loading=\"lazy\" class=\"alignnone size-full wp-image-1261\" src=\"http:\/\/desireemartinphoto.com\/blog\/wp-content\/uploads\/2011\/10\/DM-BLOG-141011-08.jpg\" alt=\"\" width=\"367\" height=\"550\" srcset=\"http:\/\/desireemartinphoto.com\/blog\/wp-content\/uploads\/2011\/10\/DM-BLOG-141011-08.jpg 367w, http:\/\/desireemartinphoto.com\/blog\/wp-content\/uploads\/2011\/10\/DM-BLOG-141011-08-200x300.jpg 200w\" sizes=\"(max-width: 367px) 100vw, 367px\" \/><\/p>\n<p>Hacia El Pinar &#8230; quer\u00eda ver de cerca c\u00f3mo el Punta Salinas , es buque m\u00e1s grande que tiene\u00a0 Salvamento Mar\u00edtimo en Canarias y creo que en Espa\u00f1a , se acercaba a la zona de erupci\u00f3n &#8230; bajaba cunado me cruce con la oportunidad de que un equipo del INVOLCAN ( Instituto Vulcanol\u00f3gico de Canarias ), con los que he estado muchos d\u00edas, me mostraran como recog\u00edan los datos de una de las estaciones m\u00e1s cercanas a la zona de la erupci\u00f3n volc\u00e1nica. Samara , muchas gracias por la paciencia!<\/p>\n<p><img data-attachment-id=\"1262\" data-permalink=\"http:\/\/desireemartinphoto.com\/blog\/desde-el-puerto-de-la-estaca-al-faro-de-la-orchilla\/dm-blog-141011-04-2\/\" data-orig-file=\"http:\/\/desireemartinphoto.com\/blog\/wp-content\/uploads\/2011\/10\/DM-BLOG-141011-041.jpg\" data-orig-size=\"550,367\" data-comments-opened=\"1\" data-image-meta=\"{&quot;aperture&quot;:&quot;5.6&quot;,&quot;credit&quot;:&quot;&quot;,&quot;camera&quot;:&quot;Canon EOS 5D Mark II&quot;,&quot;caption&quot;:&quot;&quot;,&quot;created_timestamp&quot;:&quot;1318617061&quot;,&quot;copyright&quot;:&quot;&quot;,&quot;focal_length&quot;:&quot;16&quot;,&quot;iso&quot;:&quot;1600&quot;,&quot;shutter_speed&quot;:&quot;0.005&quot;,&quot;title&quot;:&quot;&quot;}\" data-image-title=\"DM-BLOG-141011-041\" data-image-description=\"\" data-medium-file=\"http:\/\/desireemartinphoto.com\/blog\/wp-content\/uploads\/2011\/10\/DM-BLOG-141011-041-300x200.jpg\" data-large-file=\"http:\/\/desireemartinphoto.com\/blog\/wp-content\/uploads\/2011\/10\/DM-BLOG-141011-041.jpg\" loading=\"lazy\" class=\"alignnone size-full wp-image-1262\" src=\"http:\/\/desireemartinphoto.com\/blog\/wp-content\/uploads\/2011\/10\/DM-BLOG-141011-041.jpg\" alt=\"\" width=\"550\" height=\"367\" srcset=\"http:\/\/desireemartinphoto.com\/blog\/wp-content\/uploads\/2011\/10\/DM-BLOG-141011-041.jpg 550w, http:\/\/desireemartinphoto.com\/blog\/wp-content\/uploads\/2011\/10\/DM-BLOG-141011-041-300x200.jpg 300w\" sizes=\"(max-width: 550px) 100vw, 550px\" \/><\/p>\n<p>Al fondo la patrullera de la Guardia Civil segu\u00eda vigilante &#8230;<\/p>\n<p><img data-attachment-id=\"1258\" data-permalink=\"http:\/\/desireemartinphoto.com\/blog\/desde-el-puerto-de-la-estaca-al-faro-de-la-orchilla\/dm-blog-141011-05\/\" data-orig-file=\"http:\/\/desireemartinphoto.com\/blog\/wp-content\/uploads\/2011\/10\/DM-BLOG-141011-05.jpg\" data-orig-size=\"550,367\" data-comments-opened=\"1\" data-image-meta=\"{&quot;aperture&quot;:&quot;5.6&quot;,&quot;credit&quot;:&quot;&quot;,&quot;camera&quot;:&quot;Canon EOS 5D Mark II&quot;,&quot;caption&quot;:&quot;&quot;,&quot;created_timestamp&quot;:&quot;1318617022&quot;,&quot;copyright&quot;:&quot;&quot;,&quot;focal_length&quot;:&quot;105&quot;,&quot;iso&quot;:&quot;1250&quot;,&quot;shutter_speed&quot;:&quot;0.0005&quot;,&quot;title&quot;:&quot;&quot;}\" data-image-title=\"DM-BLOG-141011-05\" data-image-description=\"\" data-medium-file=\"http:\/\/desireemartinphoto.com\/blog\/wp-content\/uploads\/2011\/10\/DM-BLOG-141011-05-300x200.jpg\" data-large-file=\"http:\/\/desireemartinphoto.com\/blog\/wp-content\/uploads\/2011\/10\/DM-BLOG-141011-05.jpg\" loading=\"lazy\" class=\"alignnone size-full wp-image-1258\" src=\"http:\/\/desireemartinphoto.com\/blog\/wp-content\/uploads\/2011\/10\/DM-BLOG-141011-05.jpg\" alt=\"\" width=\"550\" height=\"367\" srcset=\"http:\/\/desireemartinphoto.com\/blog\/wp-content\/uploads\/2011\/10\/DM-BLOG-141011-05.jpg 550w, http:\/\/desireemartinphoto.com\/blog\/wp-content\/uploads\/2011\/10\/DM-BLOG-141011-05-300x200.jpg 300w\" sizes=\"(max-width: 550px) 100vw, 550px\" \/><\/p>\n<p>&#8230; anochece en La Restinga y en El Hierro &#8230; el olor a acido clorh\u00eddrico ya es evidente en el pueblo .. olor suave a lej\u00eda\u00a0 .. pero todo est\u00e1 en calma &#8230;<\/p>\n<p><img data-attachment-id=\"1259\" data-permalink=\"http:\/\/desireemartinphoto.com\/blog\/desde-el-puerto-de-la-estaca-al-faro-de-la-orchilla\/dm-blog-141011-06\/\" data-orig-file=\"http:\/\/desireemartinphoto.com\/blog\/wp-content\/uploads\/2011\/10\/DM-BLOG-141011-06.jpg\" data-orig-size=\"550,281\" data-comments-opened=\"1\" data-image-meta=\"{&quot;aperture&quot;:&quot;6.3&quot;,&quot;credit&quot;:&quot;&quot;,&quot;camera&quot;:&quot;Canon EOS 5D Mark II&quot;,&quot;caption&quot;:&quot;&quot;,&quot;created_timestamp&quot;:&quot;1318618352&quot;,&quot;copyright&quot;:&quot;&quot;,&quot;focal_length&quot;:&quot;16&quot;,&quot;iso&quot;:&quot;2000&quot;,&quot;shutter_speed&quot;:&quot;0.008&quot;,&quot;title&quot;:&quot;&quot;}\" data-image-title=\"DM-BLOG-141011-06\" data-image-description=\"\" data-medium-file=\"http:\/\/desireemartinphoto.com\/blog\/wp-content\/uploads\/2011\/10\/DM-BLOG-141011-06-300x153.jpg\" data-large-file=\"http:\/\/desireemartinphoto.com\/blog\/wp-content\/uploads\/2011\/10\/DM-BLOG-141011-06.jpg\" loading=\"lazy\" class=\"alignnone size-full wp-image-1259\" src=\"http:\/\/desireemartinphoto.com\/blog\/wp-content\/uploads\/2011\/10\/DM-BLOG-141011-06.jpg\" alt=\"\" width=\"550\" height=\"281\" srcset=\"http:\/\/desireemartinphoto.com\/blog\/wp-content\/uploads\/2011\/10\/DM-BLOG-141011-06.jpg 550w, http:\/\/desireemartinphoto.com\/blog\/wp-content\/uploads\/2011\/10\/DM-BLOG-141011-06-300x153.jpg 300w\" sizes=\"(max-width: 550px) 100vw, 550px\" \/><\/p>\n<p>&nbsp;<\/p>\n<p>Hasta ma\u00f1ana\u00a0 &#8230; espero poder postear m\u00e1s temprano\u00a0 ..\u00a0\u00a0\u00a0\u00a0\u00a0\u00a0 _^<\/p>\n<div class=\"sharedaddy sd-sharing-enabled\"><div class=\"robots-nocontent sd-block sd-social sd-social-icon-text sd-sharing\"><h3 class=\"sd-title\">COMPARTE ESTO:<\/h3><div class=\"sd-content\"><ul><li class=\"share-facebook\"><a rel=\"nofollow noopener noreferrer\" data-shared=\"sharing-facebook-1253\" class=\"share-facebook sd-button share-icon\" href=\"http:\/\/desireemartinphoto.com\/blog\/desde-el-puerto-de-la-estaca-al-faro-de-la-orchilla\/?share=facebook\" target=\"_blank\" title=\"Haz clic para compartir en Facebook\"><span>Facebook<\/span><\/a><\/li><li class=\"share-twitter\"><a rel=\"nofollow noopener noreferrer\" data-shared=\"sharing-twitter-1253\" class=\"share-twitter sd-button share-icon\" href=\"http:\/\/desireemartinphoto.com\/blog\/desde-el-puerto-de-la-estaca-al-faro-de-la-orchilla\/?share=twitter\" target=\"_blank\" title=\"Haz clic para compartir en Twitter\"><span>Twitter<\/span><\/a><\/li><li class=\"share-email\"><a rel=\"nofollow noopener noreferrer\" data-shared=\"\" class=\"share-email sd-button share-icon\" href=\"http:\/\/desireemartinphoto.com\/blog\/desde-el-puerto-de-la-estaca-al-faro-de-la-orchilla\/?share=email\" target=\"_blank\" title=\"Haz clic para enviar por correo electr\u00f3nico a un amigo\"><span>Correo electr\u00f3nico<\/span><\/a><\/li><li class=\"share-linkedin\"><a rel=\"nofollow noopener noreferrer\" data-shared=\"sharing-linkedin-1253\" class=\"share-linkedin sd-button share-icon\" href=\"http:\/\/desireemartinphoto.com\/blog\/desde-el-puerto-de-la-estaca-al-faro-de-la-orchilla\/?share=linkedin\" target=\"_blank\" title=\"Haz clic para compartir en LinkedIn\"><span>LinkedIn<\/span><\/a><\/li><li class=\"share-tumblr\"><a rel=\"nofollow noopener noreferrer\" data-shared=\"\" class=\"share-tumblr sd-button share-icon\" href=\"http:\/\/desireemartinphoto.com\/blog\/desde-el-puerto-de-la-estaca-al-faro-de-la-orchilla\/?share=tumblr\" target=\"_blank\" title=\"Haz clic para compartir en Tumblr\"><span>Tumblr<\/span><\/a><\/li><li class=\"share-end\"><\/li><\/ul><\/div><\/div><\/div>","protected":false},"excerpt":{"rendered":"<p>&nbsp; El d\u00eda comenz\u00f3 con la busqueda de la situaci\u00f3n de la mancha en el mar , mancha provocada por el sulfh\u00eddrico que emanan del fondo del Mar de Las Calmas tras la erupci\u00f3n volc\u00e1nica submarina del pasado d\u00eda 10 &#8230; a las 8 am aproximadamente, parec\u00eda m\u00e1s o menos igual que anoche &#8230; En [&#038;hellip<\/p>\n<div class=\"sharedaddy sd-sharing-enabled\"><div class=\"robots-nocontent sd-block sd-social sd-social-icon-text sd-sharing\"><h3 class=\"sd-title\">COMPARTE ESTO:<\/h3><div class=\"sd-content\"><ul><li class=\"share-facebook\"><a rel=\"nofollow noopener noreferrer\" data-shared=\"sharing-facebook-1253\" class=\"share-facebook sd-button share-icon\" href=\"http:\/\/desireemartinphoto.com\/blog\/desde-el-puerto-de-la-estaca-al-faro-de-la-orchilla\/?share=facebook\" target=\"_blank\" title=\"Haz clic para compartir en Facebook\"><span>Facebook<\/span><\/a><\/li><li class=\"share-twitter\"><a rel=\"nofollow noopener noreferrer\" data-shared=\"sharing-twitter-1253\" class=\"share-twitter sd-button share-icon\" href=\"http:\/\/desireemartinphoto.com\/blog\/desde-el-puerto-de-la-estaca-al-faro-de-la-orchilla\/?share=twitter\" target=\"_blank\" title=\"Haz clic para compartir en Twitter\"><span>Twitter<\/span><\/a><\/li><li class=\"share-email\"><a rel=\"nofollow noopener noreferrer\" data-shared=\"\" class=\"share-email sd-button share-icon\" href=\"http:\/\/desireemartinphoto.com\/blog\/desde-el-puerto-de-la-estaca-al-faro-de-la-orchilla\/?share=email\" target=\"_blank\" title=\"Haz clic para enviar por correo electr\u00f3nico a un amigo\"><span>Correo electr\u00f3nico<\/span><\/a><\/li><li class=\"share-linkedin\"><a rel=\"nofollow noopener noreferrer\" data-shared=\"sharing-linkedin-1253\" class=\"share-linkedin sd-button share-icon\" href=\"http:\/\/desireemartinphoto.com\/blog\/desde-el-puerto-de-la-estaca-al-faro-de-la-orchilla\/?share=linkedin\" target=\"_blank\" title=\"Haz clic para compartir en LinkedIn\"><span>LinkedIn<\/span><\/a><\/li><li class=\"share-tumblr\"><a rel=\"nofollow noopener noreferrer\" data-shared=\"\" class=\"share-tumblr sd-button share-icon\" href=\"http:\/\/desireemartinphoto.com\/blog\/desde-el-puerto-de-la-estaca-al-faro-de-la-orchilla\/?share=tumblr\" target=\"_blank\" title=\"Haz clic para compartir en Tumblr\"><span>Tumblr<\/span><\/a><\/li><li class=\"share-end\"><\/li><\/ul><\/div><\/div><\/div>","protected":false},"author":1,"featured_media":0,"comment_status":"open","ping_status":"open","sticky":false,"template":"","format":"standard","meta":{"spay_email":""},"categories":[1],"tags":[236,238,237],"jetpack_featured_media_url":"","jetpack_sharing_enabled":true,"_links":{"self":[{"href":"http:\/\/desireemartinphoto.com\/blog\/wp-json\/wp\/v2\/posts\/1253"}],"collection":[{"href":"http:\/\/desireemartinphoto.com\/blog\/wp-json\/wp\/v2\/posts"}],"about":[{"href":"http:\/\/desireemartinphoto.com\/blog\/wp-json\/wp\/v2\/types\/post"}],"author":[{"embeddable":true,"href":"http:\/\/desireemartinphoto.com\/blog\/wp-json\/wp\/v2\/users\/1"}],"replies":[{"embeddable":true,"href":"http:\/\/desireemartinphoto.com\/blog\/wp-json\/wp\/v2\/comments?post=1253"}],"version-history":[{"count":2,"href":"http:\/\/desireemartinphoto.com\/blog\/wp-json\/wp\/v2\/posts\/1253\/revisions"}],"predecessor-version":[{"id":1264,"href":"http:\/\/desireemartinphoto.com\/blog\/wp-json\/wp\/v2\/posts\/1253\/revisions\/1264"}],"wp:attachment":[{"href":"http:\/\/desireemartinphoto.com\/blog\/wp-json\/wp\/v2\/media?parent=1253"}],"wp:term":[{"taxonomy":"category","embeddable":true,"href":"http:\/\/desireemartinphoto.com\/blog\/wp-json\/wp\/v2\/categories?post=1253"},{"taxonomy":"post_tag","embeddable":true,"href":"http:\/\/desireemartinphoto.com\/blog\/wp-json\/wp\/v2\/tags?post=1253"}],"curies":[{"name":"wp","href":"https:\/\/api.w.org\/{rel}","templated":true}]}}