{"id":1242,"date":"2011-10-13T13:18:58","date_gmt":"2011-10-13T13:18:58","guid":{"rendered":"http:\/\/desireemartinphoto.com\/blog\/?p=1242"},"modified":"2011-10-13T13:18:58","modified_gmt":"2011-10-13T13:18:58","slug":"el-mentidero","status":"publish","type":"post","link":"http:\/\/desireemartinphoto.com\/blog\/el-mentidero\/","title":{"rendered":"El Mentidero"},"content":{"rendered":"<p>AUDIO:\u00a0 &#8230; un experimento ..ya me dir\u00e1n\u00a0\u00a0\u00a0 \ud83d\ude09\u00a0 \u00a0 \u00a0 \u00a0 PIQUEN!<\/p>\n<p><a href=\"http:\/\/desireemartinphoto.com\/blog\/wp-content\/uploads\/2011\/10\/mentidero.mp3\">mentidero<\/a><\/p>\n<p>&nbsp;<\/p>\n<p>La famosa mancha verde .. esta ma\u00f1ana, algo m\u00e1s extensa, aparec\u00eda en el horizonte de La Restinga &#8230;<\/p>\n<p><img data-attachment-id=\"1248\" data-permalink=\"http:\/\/desireemartinphoto.com\/blog\/el-mentidero\/dm-el-mentidero-131011-blog-06\/\" data-orig-file=\"http:\/\/desireemartinphoto.com\/blog\/wp-content\/uploads\/2011\/10\/DM-El-Mentidero-131011-BLOG-06.jpg\" data-orig-size=\"550,367\" data-comments-opened=\"1\" data-image-meta=\"{&quot;aperture&quot;:&quot;5.6&quot;,&quot;credit&quot;:&quot;&quot;,&quot;camera&quot;:&quot;Canon EOS 5D Mark II&quot;,&quot;caption&quot;:&quot;13 10 2011 \\n\\nMANCHA VERDE PROCEDENTE DE LA ERUPCION VOLCANICA SUBMARINA EN LA RESTINGA\\n\\nTOMADA DESDE EL MIRADOR DE TANAJARA\\n\\nPUERTO NAOS\\nISLA E EL HIERRO\\nCANARIAS\\nDESIREE MARTIN \\\/ PUBLICO&quot;,&quot;created_timestamp&quot;:&quot;1318500323&quot;,&quot;copyright&quot;:&quot;&quot;,&quot;focal_length&quot;:&quot;70&quot;,&quot;iso&quot;:&quot;100&quot;,&quot;shutter_speed&quot;:&quot;0.001&quot;,&quot;title&quot;:&quot;&quot;}\" data-image-title=\"DM-El-Mentidero-131011-BLOG-06\" data-image-description=\"\" data-medium-file=\"http:\/\/desireemartinphoto.com\/blog\/wp-content\/uploads\/2011\/10\/DM-El-Mentidero-131011-BLOG-06-300x200.jpg\" data-large-file=\"http:\/\/desireemartinphoto.com\/blog\/wp-content\/uploads\/2011\/10\/DM-El-Mentidero-131011-BLOG-06.jpg\" loading=\"lazy\" class=\"alignnone size-full wp-image-1248\" src=\"http:\/\/desireemartinphoto.com\/blog\/wp-content\/uploads\/2011\/10\/DM-El-Mentidero-131011-BLOG-06.jpg\" alt=\"\" width=\"550\" height=\"367\" srcset=\"http:\/\/desireemartinphoto.com\/blog\/wp-content\/uploads\/2011\/10\/DM-El-Mentidero-131011-BLOG-06.jpg 550w, http:\/\/desireemartinphoto.com\/blog\/wp-content\/uploads\/2011\/10\/DM-El-Mentidero-131011-BLOG-06-300x200.jpg 300w\" sizes=\"(max-width: 550px) 100vw, 550px\" \/><\/p>\n<p>Apenas unos kil\u00f3metros m\u00e1s arriba, en el pueblo de El Pinar\u00a0 &#8230; las personas desalojadas de sus viviendas , de su pueblo &#8230; ellos y sus miradas sobrecogedoras.<\/p>\n<p>&nbsp;<\/p>\n<p><img data-attachment-id=\"1243\" data-permalink=\"http:\/\/desireemartinphoto.com\/blog\/el-mentidero\/dm-el-mentidero-131011-blog-01\/\" data-orig-file=\"http:\/\/desireemartinphoto.com\/blog\/wp-content\/uploads\/2011\/10\/DM-El-Mentidero-131011-BLOG-01.jpg\" data-orig-size=\"550,367\" data-comments-opened=\"1\" data-image-meta=\"{&quot;aperture&quot;:&quot;4.5&quot;,&quot;credit&quot;:&quot;&quot;,&quot;camera&quot;:&quot;Canon EOS 5D Mark II&quot;,&quot;caption&quot;:&quot;&quot;,&quot;created_timestamp&quot;:&quot;1318503411&quot;,&quot;copyright&quot;:&quot;&quot;,&quot;focal_length&quot;:&quot;70&quot;,&quot;iso&quot;:&quot;400&quot;,&quot;shutter_speed&quot;:&quot;0.0025&quot;,&quot;title&quot;:&quot;&quot;}\" data-image-title=\"DM-El-Mentidero-131011-BLOG-01\" data-image-description=\"\" data-medium-file=\"http:\/\/desireemartinphoto.com\/blog\/wp-content\/uploads\/2011\/10\/DM-El-Mentidero-131011-BLOG-01-300x200.jpg\" data-large-file=\"http:\/\/desireemartinphoto.com\/blog\/wp-content\/uploads\/2011\/10\/DM-El-Mentidero-131011-BLOG-01.jpg\" loading=\"lazy\" class=\"alignnone size-full wp-image-1243\" src=\"http:\/\/desireemartinphoto.com\/blog\/wp-content\/uploads\/2011\/10\/DM-El-Mentidero-131011-BLOG-01.jpg\" alt=\"\" width=\"550\" height=\"367\" srcset=\"http:\/\/desireemartinphoto.com\/blog\/wp-content\/uploads\/2011\/10\/DM-El-Mentidero-131011-BLOG-01.jpg 550w, http:\/\/desireemartinphoto.com\/blog\/wp-content\/uploads\/2011\/10\/DM-El-Mentidero-131011-BLOG-01-300x200.jpg 300w\" sizes=\"(max-width: 550px) 100vw, 550px\" \/><\/p>\n<p><img data-attachment-id=\"1244\" data-permalink=\"http:\/\/desireemartinphoto.com\/blog\/el-mentidero\/dm-el-mentidero-131011-blog-03\/\" data-orig-file=\"http:\/\/desireemartinphoto.com\/blog\/wp-content\/uploads\/2011\/10\/DM-El-Mentidero-131011-BLOG-03.jpg\" data-orig-size=\"550,367\" data-comments-opened=\"1\" data-image-meta=\"{&quot;aperture&quot;:&quot;4.5&quot;,&quot;credit&quot;:&quot;&quot;,&quot;camera&quot;:&quot;Canon EOS 5D Mark II&quot;,&quot;caption&quot;:&quot;&quot;,&quot;created_timestamp&quot;:&quot;1318503459&quot;,&quot;copyright&quot;:&quot;&quot;,&quot;focal_length&quot;:&quot;150&quot;,&quot;iso&quot;:&quot;400&quot;,&quot;shutter_speed&quot;:&quot;0.0025&quot;,&quot;title&quot;:&quot;&quot;}\" data-image-title=\"DM-El-Mentidero-131011-BLOG-03\" data-image-description=\"\" data-medium-file=\"http:\/\/desireemartinphoto.com\/blog\/wp-content\/uploads\/2011\/10\/DM-El-Mentidero-131011-BLOG-03-300x200.jpg\" data-large-file=\"http:\/\/desireemartinphoto.com\/blog\/wp-content\/uploads\/2011\/10\/DM-El-Mentidero-131011-BLOG-03.jpg\" loading=\"lazy\" class=\"alignnone size-full wp-image-1244\" src=\"http:\/\/desireemartinphoto.com\/blog\/wp-content\/uploads\/2011\/10\/DM-El-Mentidero-131011-BLOG-03.jpg\" alt=\"\" width=\"550\" height=\"367\" srcset=\"http:\/\/desireemartinphoto.com\/blog\/wp-content\/uploads\/2011\/10\/DM-El-Mentidero-131011-BLOG-03.jpg 550w, http:\/\/desireemartinphoto.com\/blog\/wp-content\/uploads\/2011\/10\/DM-El-Mentidero-131011-BLOG-03-300x200.jpg 300w\" sizes=\"(max-width: 550px) 100vw, 550px\" \/><\/p>\n<p><img data-attachment-id=\"1245\" data-permalink=\"http:\/\/desireemartinphoto.com\/blog\/el-mentidero\/dm-el-mentidero-131011-blog-02\/\" data-orig-file=\"http:\/\/desireemartinphoto.com\/blog\/wp-content\/uploads\/2011\/10\/DM-El-Mentidero-131011-BLOG-02.jpg\" data-orig-size=\"550,367\" data-comments-opened=\"1\" data-image-meta=\"{&quot;aperture&quot;:&quot;5.6&quot;,&quot;credit&quot;:&quot;&quot;,&quot;camera&quot;:&quot;Canon EOS 5D Mark II&quot;,&quot;caption&quot;:&quot;&quot;,&quot;created_timestamp&quot;:&quot;1318503338&quot;,&quot;copyright&quot;:&quot;&quot;,&quot;focal_length&quot;:&quot;70&quot;,&quot;iso&quot;:&quot;100&quot;,&quot;shutter_speed&quot;:&quot;0.0125&quot;,&quot;title&quot;:&quot;&quot;}\" data-image-title=\"DM-El-Mentidero-131011-BLOG-02\" data-image-description=\"\" data-medium-file=\"http:\/\/desireemartinphoto.com\/blog\/wp-content\/uploads\/2011\/10\/DM-El-Mentidero-131011-BLOG-02-300x200.jpg\" data-large-file=\"http:\/\/desireemartinphoto.com\/blog\/wp-content\/uploads\/2011\/10\/DM-El-Mentidero-131011-BLOG-02.jpg\" loading=\"lazy\" class=\"alignnone size-full wp-image-1245\" src=\"http:\/\/desireemartinphoto.com\/blog\/wp-content\/uploads\/2011\/10\/DM-El-Mentidero-131011-BLOG-02.jpg\" alt=\"\" width=\"550\" height=\"367\" srcset=\"http:\/\/desireemartinphoto.com\/blog\/wp-content\/uploads\/2011\/10\/DM-El-Mentidero-131011-BLOG-02.jpg 550w, http:\/\/desireemartinphoto.com\/blog\/wp-content\/uploads\/2011\/10\/DM-El-Mentidero-131011-BLOG-02-300x200.jpg 300w\" sizes=\"(max-width: 550px) 100vw, 550px\" \/><\/p>\n<p>Entre ellos don Aurelio, pescador retirado.<\/p>\n<p>Trabajaba con unas cuerdas &#8230; a\u00fan no sab\u00eda que era .. pero se afanaba &#8230;<\/p>\n<p><img data-attachment-id=\"1247\" data-permalink=\"http:\/\/desireemartinphoto.com\/blog\/el-mentidero\/dm-el-mentidero-131011-blog-05\/\" data-orig-file=\"http:\/\/desireemartinphoto.com\/blog\/wp-content\/uploads\/2011\/10\/DM-El-Mentidero-131011-BLOG-05.jpg\" data-orig-size=\"550,367\" data-comments-opened=\"1\" data-image-meta=\"{&quot;aperture&quot;:&quot;5.6&quot;,&quot;credit&quot;:&quot;&quot;,&quot;camera&quot;:&quot;Canon EOS 5D Mark II&quot;,&quot;caption&quot;:&quot;&quot;,&quot;created_timestamp&quot;:&quot;1318504071&quot;,&quot;copyright&quot;:&quot;&quot;,&quot;focal_length&quot;:&quot;173&quot;,&quot;iso&quot;:&quot;200&quot;,&quot;shutter_speed&quot;:&quot;0.025&quot;,&quot;title&quot;:&quot;&quot;}\" data-image-title=\"DM-El-Mentidero-131011-BLOG-05\" data-image-description=\"\" data-medium-file=\"http:\/\/desireemartinphoto.com\/blog\/wp-content\/uploads\/2011\/10\/DM-El-Mentidero-131011-BLOG-05-300x200.jpg\" data-large-file=\"http:\/\/desireemartinphoto.com\/blog\/wp-content\/uploads\/2011\/10\/DM-El-Mentidero-131011-BLOG-05.jpg\" loading=\"lazy\" class=\"alignnone size-full wp-image-1247\" src=\"http:\/\/desireemartinphoto.com\/blog\/wp-content\/uploads\/2011\/10\/DM-El-Mentidero-131011-BLOG-05.jpg\" alt=\"\" width=\"550\" height=\"367\" srcset=\"http:\/\/desireemartinphoto.com\/blog\/wp-content\/uploads\/2011\/10\/DM-El-Mentidero-131011-BLOG-05.jpg 550w, http:\/\/desireemartinphoto.com\/blog\/wp-content\/uploads\/2011\/10\/DM-El-Mentidero-131011-BLOG-05-300x200.jpg 300w\" sizes=\"(max-width: 550px) 100vw, 550px\" \/><\/p>\n<p>Este pescador y su hijo , de mismo nombre, fue el \u00fanico en sacar su barco del puerto de La Restinga tras el paso a sem\u00e1foro rojo. El barco y su perra, &#8220;Rasta&#8221; &#8230; aparecieron por el Puerto de la Estaca , en la capital de la isla \u00a1c\u00f3mo h\u00e9roes!.<\/p>\n<p><img data-attachment-id=\"1246\" data-permalink=\"http:\/\/desireemartinphoto.com\/blog\/el-mentidero\/dm-el-mentidero-131011-blog-04\/\" data-orig-file=\"http:\/\/desireemartinphoto.com\/blog\/wp-content\/uploads\/2011\/10\/DM-El-Mentidero-131011-BLOG-04.jpg\" data-orig-size=\"550,367\" data-comments-opened=\"1\" data-image-meta=\"{&quot;aperture&quot;:&quot;4.5&quot;,&quot;credit&quot;:&quot;&quot;,&quot;camera&quot;:&quot;Canon EOS 5D Mark II&quot;,&quot;caption&quot;:&quot;&quot;,&quot;created_timestamp&quot;:&quot;1318503417&quot;,&quot;copyright&quot;:&quot;&quot;,&quot;focal_length&quot;:&quot;148&quot;,&quot;iso&quot;:&quot;400&quot;,&quot;shutter_speed&quot;:&quot;0.004&quot;,&quot;title&quot;:&quot;&quot;}\" data-image-title=\"DM-El-Mentidero-131011-BLOG-04\" data-image-description=\"\" data-medium-file=\"http:\/\/desireemartinphoto.com\/blog\/wp-content\/uploads\/2011\/10\/DM-El-Mentidero-131011-BLOG-04-300x200.jpg\" data-large-file=\"http:\/\/desireemartinphoto.com\/blog\/wp-content\/uploads\/2011\/10\/DM-El-Mentidero-131011-BLOG-04.jpg\" loading=\"lazy\" class=\"alignnone size-full wp-image-1246\" src=\"http:\/\/desireemartinphoto.com\/blog\/wp-content\/uploads\/2011\/10\/DM-El-Mentidero-131011-BLOG-04.jpg\" alt=\"\" width=\"550\" height=\"367\" srcset=\"http:\/\/desireemartinphoto.com\/blog\/wp-content\/uploads\/2011\/10\/DM-El-Mentidero-131011-BLOG-04.jpg 550w, http:\/\/desireemartinphoto.com\/blog\/wp-content\/uploads\/2011\/10\/DM-El-Mentidero-131011-BLOG-04-300x200.jpg 300w\" sizes=\"(max-width: 550px) 100vw, 550px\" \/><\/p>\n<p>Lo que hac\u00eda con sus manos era una pulsera de nudos marineros ..que llevo en mi mu\u00f1eca &#8230; GRACIAS !! &#8230;\u00a0\u00a0\u00a0\u00a0 \ud83d\ude42\u00a0\u00a0 Gracias Bea!!<\/p>\n<p>&nbsp;<\/p>\n<div class=\"sharedaddy sd-sharing-enabled\"><div class=\"robots-nocontent sd-block sd-social sd-social-icon-text sd-sharing\"><h3 class=\"sd-title\">COMPARTE ESTO:<\/h3><div class=\"sd-content\"><ul><li class=\"share-facebook\"><a rel=\"nofollow noopener noreferrer\" data-shared=\"sharing-facebook-1242\" class=\"share-facebook sd-button share-icon\" href=\"http:\/\/desireemartinphoto.com\/blog\/el-mentidero\/?share=facebook\" target=\"_blank\" title=\"Haz clic para compartir en Facebook\"><span>Facebook<\/span><\/a><\/li><li class=\"share-twitter\"><a rel=\"nofollow noopener noreferrer\" data-shared=\"sharing-twitter-1242\" class=\"share-twitter sd-button share-icon\" href=\"http:\/\/desireemartinphoto.com\/blog\/el-mentidero\/?share=twitter\" target=\"_blank\" title=\"Haz clic para compartir en Twitter\"><span>Twitter<\/span><\/a><\/li><li class=\"share-email\"><a rel=\"nofollow noopener noreferrer\" data-shared=\"\" class=\"share-email sd-button share-icon\" href=\"http:\/\/desireemartinphoto.com\/blog\/el-mentidero\/?share=email\" target=\"_blank\" title=\"Haz clic para enviar por correo electr\u00f3nico a un amigo\"><span>Correo electr\u00f3nico<\/span><\/a><\/li><li class=\"share-linkedin\"><a rel=\"nofollow noopener noreferrer\" data-shared=\"sharing-linkedin-1242\" class=\"share-linkedin sd-button share-icon\" href=\"http:\/\/desireemartinphoto.com\/blog\/el-mentidero\/?share=linkedin\" target=\"_blank\" title=\"Haz clic para compartir en LinkedIn\"><span>LinkedIn<\/span><\/a><\/li><li class=\"share-tumblr\"><a rel=\"nofollow noopener noreferrer\" data-shared=\"\" class=\"share-tumblr sd-button share-icon\" href=\"http:\/\/desireemartinphoto.com\/blog\/el-mentidero\/?share=tumblr\" target=\"_blank\" title=\"Haz clic para compartir en Tumblr\"><span>Tumblr<\/span><\/a><\/li><li class=\"share-end\"><\/li><\/ul><\/div><\/div><\/div>","protected":false},"excerpt":{"rendered":"<p>AUDIO:\u00a0 &#8230; un experimento ..ya me dir\u00e1n\u00a0\u00a0\u00a0 \ud83d\ude09\u00a0 \u00a0 \u00a0 \u00a0 PIQUEN! mentidero &nbsp; La famosa mancha verde .. esta ma\u00f1ana, algo m\u00e1s extensa, aparec\u00eda en el horizonte de La Restinga &#8230; Apenas unos kil\u00f3metros m\u00e1s arriba, en el pueblo de El Pinar\u00a0 &#8230; las personas desalojadas de sus viviendas , de su pueblo &#8230; [&#038;hellip<\/p>\n<div class=\"sharedaddy sd-sharing-enabled\"><div class=\"robots-nocontent sd-block sd-social sd-social-icon-text sd-sharing\"><h3 class=\"sd-title\">COMPARTE ESTO:<\/h3><div class=\"sd-content\"><ul><li class=\"share-facebook\"><a rel=\"nofollow noopener noreferrer\" data-shared=\"sharing-facebook-1242\" class=\"share-facebook sd-button share-icon\" href=\"http:\/\/desireemartinphoto.com\/blog\/el-mentidero\/?share=facebook\" target=\"_blank\" title=\"Haz clic para compartir en Facebook\"><span>Facebook<\/span><\/a><\/li><li class=\"share-twitter\"><a rel=\"nofollow noopener noreferrer\" data-shared=\"sharing-twitter-1242\" class=\"share-twitter sd-button share-icon\" href=\"http:\/\/desireemartinphoto.com\/blog\/el-mentidero\/?share=twitter\" target=\"_blank\" title=\"Haz clic para compartir en Twitter\"><span>Twitter<\/span><\/a><\/li><li class=\"share-email\"><a rel=\"nofollow noopener noreferrer\" data-shared=\"\" class=\"share-email sd-button share-icon\" href=\"http:\/\/desireemartinphoto.com\/blog\/el-mentidero\/?share=email\" target=\"_blank\" title=\"Haz clic para enviar por correo electr\u00f3nico a un amigo\"><span>Correo electr\u00f3nico<\/span><\/a><\/li><li class=\"share-linkedin\"><a rel=\"nofollow noopener noreferrer\" data-shared=\"sharing-linkedin-1242\" class=\"share-linkedin sd-button share-icon\" href=\"http:\/\/desireemartinphoto.com\/blog\/el-mentidero\/?share=linkedin\" target=\"_blank\" title=\"Haz clic para compartir en LinkedIn\"><span>LinkedIn<\/span><\/a><\/li><li class=\"share-tumblr\"><a rel=\"nofollow noopener noreferrer\" data-shared=\"\" class=\"share-tumblr sd-button share-icon\" href=\"http:\/\/desireemartinphoto.com\/blog\/el-mentidero\/?share=tumblr\" target=\"_blank\" title=\"Haz clic para compartir en Tumblr\"><span>Tumblr<\/span><\/a><\/li><li class=\"share-end\"><\/li><\/ul><\/div><\/div><\/div>","protected":false},"author":1,"featured_media":0,"comment_status":"open","ping_status":"open","sticky":false,"template":"","format":"standard","meta":{"spay_email":""},"categories":[1],"tags":[235,233,234,212],"jetpack_featured_media_url":"","jetpack_sharing_enabled":true,"_links":{"self":[{"href":"http:\/\/desireemartinphoto.com\/blog\/wp-json\/wp\/v2\/posts\/1242"}],"collection":[{"href":"http:\/\/desireemartinphoto.com\/blog\/wp-json\/wp\/v2\/posts"}],"about":[{"href":"http:\/\/desireemartinphoto.com\/blog\/wp-json\/wp\/v2\/types\/post"}],"author":[{"embeddable":true,"href":"http:\/\/desireemartinphoto.com\/blog\/wp-json\/wp\/v2\/users\/1"}],"replies":[{"embeddable":true,"href":"http:\/\/desireemartinphoto.com\/blog\/wp-json\/wp\/v2\/comments?post=1242"}],"version-history":[{"count":2,"href":"http:\/\/desireemartinphoto.com\/blog\/wp-json\/wp\/v2\/posts\/1242\/revisions"}],"predecessor-version":[{"id":1252,"href":"http:\/\/desireemartinphoto.com\/blog\/wp-json\/wp\/v2\/posts\/1242\/revisions\/1252"}],"wp:attachment":[{"href":"http:\/\/desireemartinphoto.com\/blog\/wp-json\/wp\/v2\/media?parent=1242"}],"wp:term":[{"taxonomy":"category","embeddable":true,"href":"http:\/\/desireemartinphoto.com\/blog\/wp-json\/wp\/v2\/categories?post=1242"},{"taxonomy":"post_tag","embeddable":true,"href":"http:\/\/desireemartinphoto.com\/blog\/wp-json\/wp\/v2\/tags?post=1242"}],"curies":[{"name":"wp","href":"https:\/\/api.w.org\/{rel}","templated":true}]}}