{"id":1224,"date":"2011-10-12T17:52:24","date_gmt":"2011-10-12T17:52:24","guid":{"rendered":"http:\/\/desireemartinphoto.com\/blog\/?p=1224"},"modified":"2011-10-12T17:53:37","modified_gmt":"2011-10-12T17:53:37","slug":"1224","status":"publish","type":"post","link":"http:\/\/desireemartinphoto.com\/blog\/1224\/","title":{"rendered":"POSTevacuaci\u00f3n &#8230;"},"content":{"rendered":"<p>El d\u00eda comenz\u00f3 intentando tomar el pulso a la isla &#8230; \u00bf qu\u00e9 ha pasado con la gente ? &#8230; joder!!\u00a0\u00a0 igual hay gente que se va, por miedo &#8230; aeropuerto!!<\/p>\n<p>Do\u00f1a Mar\u00eda de Sabinosa : \u00a1 Qu\u00e9 va, yo \u00e9sto no lo vuelvo a vivir , ya me toc\u00f3 en Venezuela hace muchos a\u00f1os !\u00a0 Se iba para casa de sus hijos en Tenerife.<\/p>\n<p>&nbsp;<\/p>\n<p><img data-attachment-id=\"1225\" data-permalink=\"http:\/\/desireemartinphoto.com\/blog\/1224\/dm-maria-aeropuerto-121011-blog-01\/\" data-orig-file=\"http:\/\/desireemartinphoto.com\/blog\/wp-content\/uploads\/2011\/10\/DM-Maria-aeropuerto-121011-BLOG-01.jpg\" data-orig-size=\"550,363\" data-comments-opened=\"1\" data-image-meta=\"{&quot;aperture&quot;:&quot;5.6&quot;,&quot;credit&quot;:&quot;&quot;,&quot;camera&quot;:&quot;Canon EOS 5D Mark II&quot;,&quot;caption&quot;:&quot;&quot;,&quot;created_timestamp&quot;:&quot;1318409420&quot;,&quot;copyright&quot;:&quot;&quot;,&quot;focal_length&quot;:&quot;26&quot;,&quot;iso&quot;:&quot;1250&quot;,&quot;shutter_speed&quot;:&quot;0.033333333333333&quot;,&quot;title&quot;:&quot;&quot;,&quot;orientation&quot;:&quot;1&quot;}\" data-image-title=\"DM-Maria-aeropuerto-121011-BLOG-01\" data-image-description=\"\" data-medium-file=\"http:\/\/desireemartinphoto.com\/blog\/wp-content\/uploads\/2011\/10\/DM-Maria-aeropuerto-121011-BLOG-01-300x198.jpg\" data-large-file=\"http:\/\/desireemartinphoto.com\/blog\/wp-content\/uploads\/2011\/10\/DM-Maria-aeropuerto-121011-BLOG-01.jpg\" loading=\"lazy\" class=\"alignnone size-full wp-image-1225\" src=\"http:\/\/desireemartinphoto.com\/blog\/wp-content\/uploads\/2011\/10\/DM-Maria-aeropuerto-121011-BLOG-01.jpg\" alt=\"\" width=\"550\" height=\"363\" srcset=\"http:\/\/desireemartinphoto.com\/blog\/wp-content\/uploads\/2011\/10\/DM-Maria-aeropuerto-121011-BLOG-01.jpg 550w, http:\/\/desireemartinphoto.com\/blog\/wp-content\/uploads\/2011\/10\/DM-Maria-aeropuerto-121011-BLOG-01-300x198.jpg 300w\" sizes=\"(max-width: 550px) 100vw, 550px\" \/><\/p>\n<p>Albergue de emergencia en el polideportivo de Valverde.. aqu\u00ed pasaron y pasar\u00e1n la noche una veintena de personas\u00a0 sobre todo turistas que fueron desalojados de La Restinga.<\/p>\n<p><img data-attachment-id=\"1226\" data-permalink=\"http:\/\/desireemartinphoto.com\/blog\/1224\/spain-seism-tourism-8\/\" data-orig-file=\"http:\/\/desireemartinphoto.com\/blog\/wp-content\/uploads\/2011\/10\/DM-Centro-Deportivo-Valverde-121011-BLOG-02.jpg\" data-orig-size=\"550,367\" data-comments-opened=\"1\" data-image-meta=\"{&quot;aperture&quot;:&quot;5.6&quot;,&quot;credit&quot;:&quot;DESIREE MARTIN&quot;,&quot;camera&quot;:&quot;Canon EOS 5D Mark II&quot;,&quot;caption&quot;:&quot;POLIDEPORTIVO DE VALVERDE DONDE HAN SIDO TRASLADADO PARTED E LOS VECINOS EVACUADOS DE LARESTINGA , UNOS 20.\\n\\n\\n in Valverde, on the Spanish Canary Island for El Hierro, on October 12 2011. AFP PHOTO \\\/ DESIREE MARTIN&quot;,&quot;created_timestamp&quot;:&quot;1318407394&quot;,&quot;copyright&quot;:&quot;AFP ImageForum&quot;,&quot;focal_length&quot;:&quot;22&quot;,&quot;iso&quot;:&quot;1600&quot;,&quot;shutter_speed&quot;:&quot;0.0125&quot;,&quot;title&quot;:&quot;SPAIN-SEISM-TOURISM&quot;}\" data-image-title=\"DM-Centro-Deportivo-Valverde-121011-BLOG-02\" data-image-description=\"\" data-medium-file=\"http:\/\/desireemartinphoto.com\/blog\/wp-content\/uploads\/2011\/10\/DM-Centro-Deportivo-Valverde-121011-BLOG-02-300x200.jpg\" data-large-file=\"http:\/\/desireemartinphoto.com\/blog\/wp-content\/uploads\/2011\/10\/DM-Centro-Deportivo-Valverde-121011-BLOG-02.jpg\" loading=\"lazy\" class=\"alignnone size-full wp-image-1226\" src=\"http:\/\/desireemartinphoto.com\/blog\/wp-content\/uploads\/2011\/10\/DM-Centro-Deportivo-Valverde-121011-BLOG-02.jpg\" alt=\"\" width=\"550\" height=\"367\" srcset=\"http:\/\/desireemartinphoto.com\/blog\/wp-content\/uploads\/2011\/10\/DM-Centro-Deportivo-Valverde-121011-BLOG-02.jpg 550w, http:\/\/desireemartinphoto.com\/blog\/wp-content\/uploads\/2011\/10\/DM-Centro-Deportivo-Valverde-121011-BLOG-02-300x200.jpg 300w\" sizes=\"(max-width: 550px) 100vw, 550px\" \/><\/p>\n<p>Don Elio Morales, desalojado ayer del pueblo de La Restinga. &#8221; No tuve tiempo de nada , mu esposa , asustada , ya sabes , mujeres, me dice: \u00bf coree , corre, hay que irse&#8221; &#8230; &#8220;Ten\u00eda preparados los papeles de mi casa y a mi perrita&#8221;.<\/p>\n<p><img data-attachment-id=\"1227\" data-permalink=\"http:\/\/desireemartinphoto.com\/blog\/1224\/spain-seism-tourism-9\/\" data-orig-file=\"http:\/\/desireemartinphoto.com\/blog\/wp-content\/uploads\/2011\/10\/DM-Elio-Morales-121011-BLOG-03.jpg\" data-orig-size=\"550,367\" data-comments-opened=\"1\" data-image-meta=\"{&quot;aperture&quot;:&quot;7.1&quot;,&quot;credit&quot;:&quot;DESIREE MARTIN&quot;,&quot;camera&quot;:&quot;Canon EOS 5D Mark II&quot;,&quot;caption&quot;:&quot;VECINO DE LA RESTINGA QUE FUE EVACUADO AYER , ELIO MORALES (C)\\n\\nVA CON TEXTO\\n\\n\\n in El Pinar, on the Spanish Canary Island for El Hierro, on October 12 2011. AFP PHOTO \\\/ DESIREE MARTIN&quot;,&quot;created_timestamp&quot;:&quot;1318417465&quot;,&quot;copyright&quot;:&quot;AFP ImageForum&quot;,&quot;focal_length&quot;:&quot;20&quot;,&quot;iso&quot;:&quot;100&quot;,&quot;shutter_speed&quot;:&quot;0.005&quot;,&quot;title&quot;:&quot;SPAIN-SEISM-TOURISM&quot;}\" data-image-title=\"DM-Elio-Morales-121011-BLOG-03\" data-image-description=\"\" data-medium-file=\"http:\/\/desireemartinphoto.com\/blog\/wp-content\/uploads\/2011\/10\/DM-Elio-Morales-121011-BLOG-03-300x200.jpg\" data-large-file=\"http:\/\/desireemartinphoto.com\/blog\/wp-content\/uploads\/2011\/10\/DM-Elio-Morales-121011-BLOG-03.jpg\" loading=\"lazy\" class=\"alignnone size-full wp-image-1227\" src=\"http:\/\/desireemartinphoto.com\/blog\/wp-content\/uploads\/2011\/10\/DM-Elio-Morales-121011-BLOG-03.jpg\" alt=\"\" width=\"550\" height=\"367\" srcset=\"http:\/\/desireemartinphoto.com\/blog\/wp-content\/uploads\/2011\/10\/DM-Elio-Morales-121011-BLOG-03.jpg 550w, http:\/\/desireemartinphoto.com\/blog\/wp-content\/uploads\/2011\/10\/DM-Elio-Morales-121011-BLOG-03-300x200.jpg 300w\" sizes=\"(max-width: 550px) 100vw, 550px\" \/><\/p>\n<p>Las hermanas Sanchez, Flora y Anita, fueron de las primeras en llegar al campo de futbol. &#8221; Nadie nos aviso, lo escuchamos en televisi\u00f3n &#8220;.\u00a0 Me contaron que se fueron de casa sin cerrar la casa y sin documentaci\u00f3n , ni enceres &#8230; sin la ropa de sus nietas &#8230; &#8221; No ten\u00edamos que haber bajado a por ellos ( bajaron para recoger algunas cosas ) &#8230; el pueblo da l\u00e1stima , es terrible, las jarras de agua que hab\u00edan sobre la encimera vibran constantemente!!!, el suelo, te lo juro, est\u00e1 caliente!! &#8220;.<\/p>\n<p>Escuchaban la rueda de prensa que daba Paulino Rivero&#8230;<\/p>\n<p><img data-attachment-id=\"1228\" data-permalink=\"http:\/\/desireemartinphoto.com\/blog\/1224\/spain-seism-tourism-10\/\" data-orig-file=\"http:\/\/desireemartinphoto.com\/blog\/wp-content\/uploads\/2011\/10\/DM-Hermanas-Suarez-121011-BLOG-04.jpg\" data-orig-size=\"550,367\" data-comments-opened=\"1\" data-image-meta=\"{&quot;aperture&quot;:&quot;5.6&quot;,&quot;credit&quot;:&quot;DESIREE MARTIN&quot;,&quot;camera&quot;:&quot;Canon EOS 5D Mark II&quot;,&quot;caption&quot;:&quot;VECINA DE LA RESTINGA QUE FUE EVACUADA AYER JUNTO A SU HERMANA, ELLA ES ANITA SUAREZ(C) SU HERMANA FLORA SUAREZ (L).\\n\\nESTAN EN UN BAR  DE EL PINAR ESCUCHANDO LA RUEDA DE PRENSA QUE DABA EL PRESIDENTE DEL GOBIERNO DE CANARIAS , PAULINO RIVERO, EXPLICANDO LA SITUACION DE LA ISLA.\\n\\nVA CON TEXTO\\n\\n\\n in El Pinar, on the Spanish Canary Island for El Hierro, on October 12 2011. AFP PHOTO \\\/ DESIREE MARTIN&quot;,&quot;created_timestamp&quot;:&quot;1318417993&quot;,&quot;copyright&quot;:&quot;AFP ImageForum&quot;,&quot;focal_length&quot;:&quot;16&quot;,&quot;iso&quot;:&quot;1600&quot;,&quot;shutter_speed&quot;:&quot;0.00625&quot;,&quot;title&quot;:&quot;SPAIN-SEISM-TOURISM&quot;}\" data-image-title=\"DM-Hermanas-Suarez-121011-BLOG-04\" data-image-description=\"\" data-medium-file=\"http:\/\/desireemartinphoto.com\/blog\/wp-content\/uploads\/2011\/10\/DM-Hermanas-Suarez-121011-BLOG-04-300x200.jpg\" data-large-file=\"http:\/\/desireemartinphoto.com\/blog\/wp-content\/uploads\/2011\/10\/DM-Hermanas-Suarez-121011-BLOG-04.jpg\" loading=\"lazy\" class=\"alignnone size-full wp-image-1228\" src=\"http:\/\/desireemartinphoto.com\/blog\/wp-content\/uploads\/2011\/10\/DM-Hermanas-Suarez-121011-BLOG-04.jpg\" alt=\"\" width=\"550\" height=\"367\" srcset=\"http:\/\/desireemartinphoto.com\/blog\/wp-content\/uploads\/2011\/10\/DM-Hermanas-Suarez-121011-BLOG-04.jpg 550w, http:\/\/desireemartinphoto.com\/blog\/wp-content\/uploads\/2011\/10\/DM-Hermanas-Suarez-121011-BLOG-04-300x200.jpg 300w\" sizes=\"(max-width: 550px) 100vw, 550px\" \/><\/p>\n<p>&nbsp;<\/p>\n<p>Tocaba ir a por la informaci\u00f3n cient\u00edfica&#8230; a Frontera!! &#8230; ITER<\/p>\n<p>Gladys Melian, Qu\u00edmica del INVOLCAN. Toma gases del Pozo de Los Padrones en La Frontera. Estos datos los env\u00edan a Jap\u00f3n &#8230; los datos comienzan a cantar &#8230; erupci\u00f3n &#8230;<\/p>\n<p><img data-attachment-id=\"1229\" data-permalink=\"http:\/\/desireemartinphoto.com\/blog\/1224\/dm-gladys-melian-121011-blog-06\/\" data-orig-file=\"http:\/\/desireemartinphoto.com\/blog\/wp-content\/uploads\/2011\/10\/DM-Gladys-Melian-121011-BLOG-06.jpg\" data-orig-size=\"550,367\" data-comments-opened=\"1\" data-image-meta=\"{&quot;aperture&quot;:&quot;6.3&quot;,&quot;credit&quot;:&quot;&quot;,&quot;camera&quot;:&quot;Canon EOS 5D Mark II&quot;,&quot;caption&quot;:&quot;12 10 2011\\n\\nQUIMICA DEL INVOLCAN ( INSTITUTO VULCANOLOGICO DE CANARIAS ) TOMA MUESTRAS DE GASES EN LOS POZOS DE LA ISLA DE EL HIERRO \\nPOZO DE LOS PADRONES EN EL MUNICIPIO DE LA FRONTERA\\nCANARIAS\\n\\nGLADYS MELIAN\\nDESIREE MARTIN \\\/ PUBLICO&quot;,&quot;created_timestamp&quot;:&quot;1318422079&quot;,&quot;copyright&quot;:&quot;&quot;,&quot;focal_length&quot;:&quot;16&quot;,&quot;iso&quot;:&quot;100&quot;,&quot;shutter_speed&quot;:&quot;0.005&quot;,&quot;title&quot;:&quot;&quot;}\" data-image-title=\"DM-Gladys-Melian-121011-BLOG-06\" data-image-description=\"\" data-medium-file=\"http:\/\/desireemartinphoto.com\/blog\/wp-content\/uploads\/2011\/10\/DM-Gladys-Melian-121011-BLOG-06-300x200.jpg\" data-large-file=\"http:\/\/desireemartinphoto.com\/blog\/wp-content\/uploads\/2011\/10\/DM-Gladys-Melian-121011-BLOG-06.jpg\" loading=\"lazy\" class=\"alignnone size-full wp-image-1229\" src=\"http:\/\/desireemartinphoto.com\/blog\/wp-content\/uploads\/2011\/10\/DM-Gladys-Melian-121011-BLOG-06.jpg\" alt=\"\" width=\"550\" height=\"367\" srcset=\"http:\/\/desireemartinphoto.com\/blog\/wp-content\/uploads\/2011\/10\/DM-Gladys-Melian-121011-BLOG-06.jpg 550w, http:\/\/desireemartinphoto.com\/blog\/wp-content\/uploads\/2011\/10\/DM-Gladys-Melian-121011-BLOG-06-300x200.jpg 300w\" sizes=\"(max-width: 550px) 100vw, 550px\" \/><\/p>\n<p>&nbsp;<\/p>\n<p>&#8230; Gente ..\u00a0 me voy de Frontera .. hacia Valverde &#8230; m\u00e1s ahora<\/p>\n<p>&nbsp;<\/p>\n<div class=\"sharedaddy sd-sharing-enabled\"><div class=\"robots-nocontent sd-block sd-social sd-social-icon-text sd-sharing\"><h3 class=\"sd-title\">COMPARTE ESTO:<\/h3><div class=\"sd-content\"><ul><li class=\"share-facebook\"><a rel=\"nofollow noopener noreferrer\" data-shared=\"sharing-facebook-1224\" class=\"share-facebook sd-button share-icon\" href=\"http:\/\/desireemartinphoto.com\/blog\/1224\/?share=facebook\" target=\"_blank\" title=\"Haz clic para compartir en Facebook\"><span>Facebook<\/span><\/a><\/li><li class=\"share-twitter\"><a rel=\"nofollow noopener noreferrer\" data-shared=\"sharing-twitter-1224\" class=\"share-twitter sd-button share-icon\" href=\"http:\/\/desireemartinphoto.com\/blog\/1224\/?share=twitter\" target=\"_blank\" title=\"Haz clic para compartir en Twitter\"><span>Twitter<\/span><\/a><\/li><li class=\"share-email\"><a rel=\"nofollow noopener noreferrer\" data-shared=\"\" class=\"share-email sd-button share-icon\" href=\"http:\/\/desireemartinphoto.com\/blog\/1224\/?share=email\" target=\"_blank\" title=\"Haz clic para enviar por correo electr\u00f3nico a un amigo\"><span>Correo electr\u00f3nico<\/span><\/a><\/li><li class=\"share-linkedin\"><a rel=\"nofollow noopener noreferrer\" data-shared=\"sharing-linkedin-1224\" class=\"share-linkedin sd-button share-icon\" href=\"http:\/\/desireemartinphoto.com\/blog\/1224\/?share=linkedin\" target=\"_blank\" title=\"Haz clic para compartir en LinkedIn\"><span>LinkedIn<\/span><\/a><\/li><li class=\"share-tumblr\"><a rel=\"nofollow noopener noreferrer\" data-shared=\"\" class=\"share-tumblr sd-button share-icon\" href=\"http:\/\/desireemartinphoto.com\/blog\/1224\/?share=tumblr\" target=\"_blank\" title=\"Haz clic para compartir en Tumblr\"><span>Tumblr<\/span><\/a><\/li><li class=\"share-end\"><\/li><\/ul><\/div><\/div><\/div>","protected":false},"excerpt":{"rendered":"<p>El d\u00eda comenz\u00f3 intentando tomar el pulso a la isla &#8230; \u00bf qu\u00e9 ha pasado con la gente ? &#8230; joder!!\u00a0\u00a0 igual hay gente que se va, por miedo &#8230; aeropuerto!! Do\u00f1a Mar\u00eda de Sabinosa : \u00a1 Qu\u00e9 va, yo \u00e9sto no lo vuelvo a vivir , ya me toc\u00f3 en Venezuela hace muchos a\u00f1os [&#038;hellip<\/p>\n<div class=\"sharedaddy sd-sharing-enabled\"><div class=\"robots-nocontent sd-block sd-social sd-social-icon-text sd-sharing\"><h3 class=\"sd-title\">COMPARTE ESTO:<\/h3><div class=\"sd-content\"><ul><li class=\"share-facebook\"><a rel=\"nofollow noopener noreferrer\" data-shared=\"sharing-facebook-1224\" class=\"share-facebook sd-button share-icon\" href=\"http:\/\/desireemartinphoto.com\/blog\/1224\/?share=facebook\" target=\"_blank\" title=\"Haz clic para compartir en Facebook\"><span>Facebook<\/span><\/a><\/li><li class=\"share-twitter\"><a rel=\"nofollow noopener noreferrer\" data-shared=\"sharing-twitter-1224\" class=\"share-twitter sd-button share-icon\" href=\"http:\/\/desireemartinphoto.com\/blog\/1224\/?share=twitter\" target=\"_blank\" title=\"Haz clic para compartir en Twitter\"><span>Twitter<\/span><\/a><\/li><li class=\"share-email\"><a rel=\"nofollow noopener noreferrer\" data-shared=\"\" class=\"share-email sd-button share-icon\" href=\"http:\/\/desireemartinphoto.com\/blog\/1224\/?share=email\" target=\"_blank\" title=\"Haz clic para enviar por correo electr\u00f3nico a un amigo\"><span>Correo electr\u00f3nico<\/span><\/a><\/li><li class=\"share-linkedin\"><a rel=\"nofollow noopener noreferrer\" data-shared=\"sharing-linkedin-1224\" class=\"share-linkedin sd-button share-icon\" href=\"http:\/\/desireemartinphoto.com\/blog\/1224\/?share=linkedin\" target=\"_blank\" title=\"Haz clic para compartir en LinkedIn\"><span>LinkedIn<\/span><\/a><\/li><li class=\"share-tumblr\"><a rel=\"nofollow noopener noreferrer\" data-shared=\"\" class=\"share-tumblr sd-button share-icon\" href=\"http:\/\/desireemartinphoto.com\/blog\/1224\/?share=tumblr\" target=\"_blank\" title=\"Haz clic para compartir en Tumblr\"><span>Tumblr<\/span><\/a><\/li><li class=\"share-end\"><\/li><\/ul><\/div><\/div><\/div>","protected":false},"author":1,"featured_media":0,"comment_status":"open","ping_status":"open","sticky":false,"template":"","format":"standard","meta":{"spay_email":""},"categories":[1],"tags":[],"jetpack_featured_media_url":"","jetpack_sharing_enabled":true,"_links":{"self":[{"href":"http:\/\/desireemartinphoto.com\/blog\/wp-json\/wp\/v2\/posts\/1224"}],"collection":[{"href":"http:\/\/desireemartinphoto.com\/blog\/wp-json\/wp\/v2\/posts"}],"about":[{"href":"http:\/\/desireemartinphoto.com\/blog\/wp-json\/wp\/v2\/types\/post"}],"author":[{"embeddable":true,"href":"http:\/\/desireemartinphoto.com\/blog\/wp-json\/wp\/v2\/users\/1"}],"replies":[{"embeddable":true,"href":"http:\/\/desireemartinphoto.com\/blog\/wp-json\/wp\/v2\/comments?post=1224"}],"version-history":[{"count":3,"href":"http:\/\/desireemartinphoto.com\/blog\/wp-json\/wp\/v2\/posts\/1224\/revisions"}],"predecessor-version":[{"id":1231,"href":"http:\/\/desireemartinphoto.com\/blog\/wp-json\/wp\/v2\/posts\/1224\/revisions\/1231"}],"wp:attachment":[{"href":"http:\/\/desireemartinphoto.com\/blog\/wp-json\/wp\/v2\/media?parent=1224"}],"wp:term":[{"taxonomy":"category","embeddable":true,"href":"http:\/\/desireemartinphoto.com\/blog\/wp-json\/wp\/v2\/categories?post=1224"},{"taxonomy":"post_tag","embeddable":true,"href":"http:\/\/desireemartinphoto.com\/blog\/wp-json\/wp\/v2\/tags?post=1224"}],"curies":[{"name":"wp","href":"https:\/\/api.w.org\/{rel}","templated":true}]}}