{"id":1181,"date":"2011-10-11T12:35:45","date_gmt":"2011-10-11T12:35:45","guid":{"rendered":"http:\/\/desireemartinphoto.com\/blog\/?p=1181"},"modified":"2011-10-11T13:21:03","modified_gmt":"2011-10-11T13:21:03","slug":"reunion-a-puertas-cerradas-incertidumbre","status":"publish","type":"post","link":"http:\/\/desireemartinphoto.com\/blog\/reunion-a-puertas-cerradas-incertidumbre\/","title":{"rendered":"Reuni\u00f3n a puertas cerradas &#8230;  incertidumbre &#8230;"},"content":{"rendered":"<p><img data-attachment-id=\"1182\" data-permalink=\"http:\/\/desireemartinphoto.com\/blog\/reunion-a-puertas-cerradas-incertidumbre\/dm-centro-emergencia-restinga-111011-blog-02jpg\/\" data-orig-file=\"http:\/\/desireemartinphoto.com\/blog\/wp-content\/uploads\/2011\/10\/DM-Centro-Emergencia-Restinga-111011-BLOG-02jpg.jpg\" data-orig-size=\"550,345\" data-comments-opened=\"1\" data-image-meta=\"{&quot;aperture&quot;:&quot;5&quot;,&quot;credit&quot;:&quot;&quot;,&quot;camera&quot;:&quot;Canon EOS 5D Mark II&quot;,&quot;caption&quot;:&quot;&quot;,&quot;created_timestamp&quot;:&quot;1318324389&quot;,&quot;copyright&quot;:&quot;&quot;,&quot;focal_length&quot;:&quot;16&quot;,&quot;iso&quot;:&quot;1250&quot;,&quot;shutter_speed&quot;:&quot;0.0125&quot;,&quot;title&quot;:&quot;&quot;}\" data-image-title=\"DM-Centro-Emergencia-Restinga-111011-BLOG-02jpg\" data-image-description=\"\" data-medium-file=\"http:\/\/desireemartinphoto.com\/blog\/wp-content\/uploads\/2011\/10\/DM-Centro-Emergencia-Restinga-111011-BLOG-02jpg-300x188.jpg\" data-large-file=\"http:\/\/desireemartinphoto.com\/blog\/wp-content\/uploads\/2011\/10\/DM-Centro-Emergencia-Restinga-111011-BLOG-02jpg.jpg\" loading=\"lazy\" class=\"alignnone size-full wp-image-1182\" src=\"http:\/\/desireemartinphoto.com\/blog\/wp-content\/uploads\/2011\/10\/DM-Centro-Emergencia-Restinga-111011-BLOG-02jpg.jpg\" alt=\"\" width=\"550\" height=\"345\" srcset=\"http:\/\/desireemartinphoto.com\/blog\/wp-content\/uploads\/2011\/10\/DM-Centro-Emergencia-Restinga-111011-BLOG-02jpg.jpg 550w, http:\/\/desireemartinphoto.com\/blog\/wp-content\/uploads\/2011\/10\/DM-Centro-Emergencia-Restinga-111011-BLOG-02jpg-300x188.jpg 300w\" sizes=\"(max-width: 550px) 100vw, 550px\" \/><\/p>\n<p><img data-attachment-id=\"1184\" data-permalink=\"http:\/\/desireemartinphoto.com\/blog\/reunion-a-puertas-cerradas-incertidumbre\/dm-centro-emergencia-restinga-111011-blog-04\/\" data-orig-file=\"http:\/\/desireemartinphoto.com\/blog\/wp-content\/uploads\/2011\/10\/DM-Centro-Emergencia-Restinga-111011-BLOG-04.jpg\" data-orig-size=\"550,458\" data-comments-opened=\"1\" data-image-meta=\"{&quot;aperture&quot;:&quot;5.6&quot;,&quot;credit&quot;:&quot;&quot;,&quot;camera&quot;:&quot;Canon EOS 5D Mark II&quot;,&quot;caption&quot;:&quot;&quot;,&quot;created_timestamp&quot;:&quot;1318324432&quot;,&quot;copyright&quot;:&quot;&quot;,&quot;focal_length&quot;:&quot;16&quot;,&quot;iso&quot;:&quot;1250&quot;,&quot;shutter_speed&quot;:&quot;0.016666666666667&quot;,&quot;title&quot;:&quot;&quot;}\" data-image-title=\"DM-Centro-Emergencia-Restinga-111011-BLOG-04\" data-image-description=\"\" data-medium-file=\"http:\/\/desireemartinphoto.com\/blog\/wp-content\/uploads\/2011\/10\/DM-Centro-Emergencia-Restinga-111011-BLOG-04-300x249.jpg\" data-large-file=\"http:\/\/desireemartinphoto.com\/blog\/wp-content\/uploads\/2011\/10\/DM-Centro-Emergencia-Restinga-111011-BLOG-04.jpg\" loading=\"lazy\" class=\"alignnone size-full wp-image-1184\" src=\"http:\/\/desireemartinphoto.com\/blog\/wp-content\/uploads\/2011\/10\/DM-Centro-Emergencia-Restinga-111011-BLOG-04.jpg\" alt=\"\" width=\"550\" height=\"458\" srcset=\"http:\/\/desireemartinphoto.com\/blog\/wp-content\/uploads\/2011\/10\/DM-Centro-Emergencia-Restinga-111011-BLOG-04.jpg 550w, http:\/\/desireemartinphoto.com\/blog\/wp-content\/uploads\/2011\/10\/DM-Centro-Emergencia-Restinga-111011-BLOG-04-300x249.jpg 300w\" sizes=\"(max-width: 550px) 100vw, 550px\" \/><\/p>\n<p>En el centro habilitado para la situaci\u00f3n de emergencia s\u00edsmica y vulcanol\u00f3gica , en La Restinga &#8230;los vulcan\u00f3logos parecen nerviosos &#8230;<\/p>\n<p>Hace unas horas, los medios, pod\u00edamos entrar e informarnos sin muchas trabas.. lo l\u00f3gico ..parec\u00eda&#8230; hace unas horas y a tenor del RE REpetido &#8220;tr\u00e9mor&#8221; .. o el aumento de la intensidad del mismo &#8230;todo ha cambiado &#8230;<\/p>\n<p><img data-attachment-id=\"1183\" data-permalink=\"http:\/\/desireemartinphoto.com\/blog\/reunion-a-puertas-cerradas-incertidumbre\/dm-centro-emergencia-restinga-111011-blog-03\/\" data-orig-file=\"http:\/\/desireemartinphoto.com\/blog\/wp-content\/uploads\/2011\/10\/DM-Centro-Emergencia-Restinga-111011-BLOG-03.jpg\" data-orig-size=\"550,408\" data-comments-opened=\"1\" data-image-meta=\"{&quot;aperture&quot;:&quot;6.3&quot;,&quot;credit&quot;:&quot;&quot;,&quot;camera&quot;:&quot;Canon EOS 5D Mark II&quot;,&quot;caption&quot;:&quot;&quot;,&quot;created_timestamp&quot;:&quot;1318319646&quot;,&quot;copyright&quot;:&quot;&quot;,&quot;focal_length&quot;:&quot;16&quot;,&quot;iso&quot;:&quot;1250&quot;,&quot;shutter_speed&quot;:&quot;0.025&quot;,&quot;title&quot;:&quot;&quot;}\" data-image-title=\"DM-Centro-Emergencia-Restinga-111011-BLOG-03\" data-image-description=\"\" data-medium-file=\"http:\/\/desireemartinphoto.com\/blog\/wp-content\/uploads\/2011\/10\/DM-Centro-Emergencia-Restinga-111011-BLOG-03-300x222.jpg\" data-large-file=\"http:\/\/desireemartinphoto.com\/blog\/wp-content\/uploads\/2011\/10\/DM-Centro-Emergencia-Restinga-111011-BLOG-03.jpg\" loading=\"lazy\" class=\"alignnone size-full wp-image-1183\" src=\"http:\/\/desireemartinphoto.com\/blog\/wp-content\/uploads\/2011\/10\/DM-Centro-Emergencia-Restinga-111011-BLOG-03.jpg\" alt=\"\" width=\"550\" height=\"408\" srcset=\"http:\/\/desireemartinphoto.com\/blog\/wp-content\/uploads\/2011\/10\/DM-Centro-Emergencia-Restinga-111011-BLOG-03.jpg 550w, http:\/\/desireemartinphoto.com\/blog\/wp-content\/uploads\/2011\/10\/DM-Centro-Emergencia-Restinga-111011-BLOG-03-300x222.jpg 300w\" sizes=\"(max-width: 550px) 100vw, 550px\" \/><\/p>\n<p>Nos han pedido que abandonaramos la estancia &#8230; y que esperaramos a sus declaraciones &#8230;<\/p>\n<p>Al margen , en el puerto de La Restinga, unos metros m\u00e1s abajo &#8230;<\/p>\n<p><img data-attachment-id=\"1185\" data-permalink=\"http:\/\/desireemartinphoto.com\/blog\/reunion-a-puertas-cerradas-incertidumbre\/dm-la-restinga-111011-blog-01\/\" data-orig-file=\"http:\/\/desireemartinphoto.com\/blog\/wp-content\/uploads\/2011\/10\/DM-La-Restinga-111011-BLOG-01.jpg\" data-orig-size=\"550,367\" data-comments-opened=\"1\" data-image-meta=\"{&quot;aperture&quot;:&quot;5.6&quot;,&quot;credit&quot;:&quot;&quot;,&quot;camera&quot;:&quot;Canon EOS 5D Mark II&quot;,&quot;caption&quot;:&quot;&quot;,&quot;created_timestamp&quot;:&quot;1318325975&quot;,&quot;copyright&quot;:&quot;&quot;,&quot;focal_length&quot;:&quot;16&quot;,&quot;iso&quot;:&quot;400&quot;,&quot;shutter_speed&quot;:&quot;0.000125&quot;,&quot;title&quot;:&quot;&quot;}\" data-image-title=\"DM-La-Restinga-111011-BLOG-01\" data-image-description=\"\" data-medium-file=\"http:\/\/desireemartinphoto.com\/blog\/wp-content\/uploads\/2011\/10\/DM-La-Restinga-111011-BLOG-01-300x200.jpg\" data-large-file=\"http:\/\/desireemartinphoto.com\/blog\/wp-content\/uploads\/2011\/10\/DM-La-Restinga-111011-BLOG-01.jpg\" loading=\"lazy\" class=\"alignnone size-full wp-image-1185\" src=\"http:\/\/desireemartinphoto.com\/blog\/wp-content\/uploads\/2011\/10\/DM-La-Restinga-111011-BLOG-01.jpg\" alt=\"\" width=\"550\" height=\"367\" srcset=\"http:\/\/desireemartinphoto.com\/blog\/wp-content\/uploads\/2011\/10\/DM-La-Restinga-111011-BLOG-01.jpg 550w, http:\/\/desireemartinphoto.com\/blog\/wp-content\/uploads\/2011\/10\/DM-La-Restinga-111011-BLOG-01-300x200.jpg 300w\" sizes=\"(max-width: 550px) 100vw, 550px\" \/><\/p>\n<p>Salvamento Mar\u00edtimo no puede dar ning\u00fan dato &#8230; lo tiene proh\u00edbido &#8230; .. no me sorprende &#8230;me recuerda lo que suced\u00eda hace unos a\u00f1os con el tema de los movimientos migratorios hacia Europa, Canarias, y &#8230;esto si que era una Frontera , un Muro&#8230; &#8230;complicad\u00edsimo lograr que dijeran algo..\u00a0 La pregunta , esta vez, era \u00bf han visto peces muertos como se ha dicho ? &#8230;.\u00a0\u00a0\u00a0 shhhhh!! &#8230;.<\/p>\n<p><img data-attachment-id=\"1186\" data-permalink=\"http:\/\/desireemartinphoto.com\/blog\/reunion-a-puertas-cerradas-incertidumbre\/dm-david-cofradia-restinga-blog-111011-01\/\" data-orig-file=\"http:\/\/desireemartinphoto.com\/blog\/wp-content\/uploads\/2011\/10\/DM-David-Cofradia-Restinga-BLOG-111011-01.jpg\" data-orig-size=\"550,336\" data-comments-opened=\"1\" data-image-meta=\"{&quot;aperture&quot;:&quot;8&quot;,&quot;credit&quot;:&quot;&quot;,&quot;camera&quot;:&quot;Canon EOS 5D Mark II&quot;,&quot;caption&quot;:&quot;&quot;,&quot;created_timestamp&quot;:&quot;1318327947&quot;,&quot;copyright&quot;:&quot;&quot;,&quot;focal_length&quot;:&quot;18&quot;,&quot;iso&quot;:&quot;100&quot;,&quot;shutter_speed&quot;:&quot;0.0025&quot;,&quot;title&quot;:&quot;&quot;}\" data-image-title=\"DM-David-Cofradia-Restinga-BLOG-111011-01\" data-image-description=\"\" data-medium-file=\"http:\/\/desireemartinphoto.com\/blog\/wp-content\/uploads\/2011\/10\/DM-David-Cofradia-Restinga-BLOG-111011-01-300x183.jpg\" data-large-file=\"http:\/\/desireemartinphoto.com\/blog\/wp-content\/uploads\/2011\/10\/DM-David-Cofradia-Restinga-BLOG-111011-01.jpg\" loading=\"lazy\" class=\"alignnone size-full wp-image-1186\" src=\"http:\/\/desireemartinphoto.com\/blog\/wp-content\/uploads\/2011\/10\/DM-David-Cofradia-Restinga-BLOG-111011-01.jpg\" alt=\"\" width=\"550\" height=\"336\" srcset=\"http:\/\/desireemartinphoto.com\/blog\/wp-content\/uploads\/2011\/10\/DM-David-Cofradia-Restinga-BLOG-111011-01.jpg 550w, http:\/\/desireemartinphoto.com\/blog\/wp-content\/uploads\/2011\/10\/DM-David-Cofradia-Restinga-BLOG-111011-01-300x183.jpg 300w\" sizes=\"(max-width: 550px) 100vw, 550px\" \/><\/p>\n<p>David Pav\u00f3n , responsable de la Cofrad\u00eda de Pescadores Nuestra Se\u00f1ora de Los Reyes de La Restinga, me comenta que el patr\u00f3n mayor , s\u00ed que ha visto los peces muertos y que ma\u00f1ana, un equipo de la Universidad de La Laguna, con\u00a0 Alberto Brito al frente, llegar\u00edan a la isla para ver en primera persona la situaci\u00f3n &#8230;\u00a0 Es m\u00e1s de lo que sab\u00edamos hasta ahora &#8230;que era nada .. nadie dec\u00eda &#8221; yo he visto esos peces muertos&#8221; &#8230;<\/p>\n<p>&#8230; pocos m\u00e1s all\u00e1 .. Chispa , una perrita que fue acogida hace 2 a\u00f1os tras ser abandonada &#8230; disfruta del Mar de Las Calmas &#8230;\u00a0 as\u00ed se llama esta zona de la isla Canaria de El Hierro &#8230; ir\u00f3nico , no??<\/p>\n<p><img data-attachment-id=\"1191\" data-permalink=\"http:\/\/desireemartinphoto.com\/blog\/reunion-a-puertas-cerradas-incertidumbre\/dm-chispa-la-restingas-blog-003\/\" data-orig-file=\"http:\/\/desireemartinphoto.com\/blog\/wp-content\/uploads\/2011\/10\/DM-Chispa-La-Restingas-BLOG-003.jpg\" data-orig-size=\"548,255\" data-comments-opened=\"1\" data-image-meta=\"{&quot;aperture&quot;:&quot;0&quot;,&quot;credit&quot;:&quot;&quot;,&quot;camera&quot;:&quot;&quot;,&quot;caption&quot;:&quot;&quot;,&quot;created_timestamp&quot;:&quot;0&quot;,&quot;copyright&quot;:&quot;&quot;,&quot;focal_length&quot;:&quot;0&quot;,&quot;iso&quot;:&quot;0&quot;,&quot;shutter_speed&quot;:&quot;0&quot;,&quot;title&quot;:&quot;&quot;}\" data-image-title=\"DM-Chispa-La-Restingas-BLOG-003\" data-image-description=\"\" data-medium-file=\"http:\/\/desireemartinphoto.com\/blog\/wp-content\/uploads\/2011\/10\/DM-Chispa-La-Restingas-BLOG-003-300x139.jpg\" data-large-file=\"http:\/\/desireemartinphoto.com\/blog\/wp-content\/uploads\/2011\/10\/DM-Chispa-La-Restingas-BLOG-003.jpg\" loading=\"lazy\" class=\"alignnone size-full wp-image-1191\" src=\"http:\/\/desireemartinphoto.com\/blog\/wp-content\/uploads\/2011\/10\/DM-Chispa-La-Restingas-BLOG-003.jpg\" alt=\"\" width=\"548\" height=\"255\" srcset=\"http:\/\/desireemartinphoto.com\/blog\/wp-content\/uploads\/2011\/10\/DM-Chispa-La-Restingas-BLOG-003.jpg 548w, http:\/\/desireemartinphoto.com\/blog\/wp-content\/uploads\/2011\/10\/DM-Chispa-La-Restingas-BLOG-003-300x139.jpg 300w\" sizes=\"(max-width: 548px) 100vw, 548px\" \/><\/p>\n<p>&nbsp;<\/p>\n<p>&nbsp;<\/p>\n<p>&nbsp;<\/p>\n<p>&nbsp;<\/p>\n<div class=\"sharedaddy sd-sharing-enabled\"><div class=\"robots-nocontent sd-block sd-social sd-social-icon-text sd-sharing\"><h3 class=\"sd-title\">COMPARTE ESTO:<\/h3><div class=\"sd-content\"><ul><li class=\"share-facebook\"><a rel=\"nofollow noopener noreferrer\" data-shared=\"sharing-facebook-1181\" class=\"share-facebook sd-button share-icon\" href=\"http:\/\/desireemartinphoto.com\/blog\/reunion-a-puertas-cerradas-incertidumbre\/?share=facebook\" target=\"_blank\" title=\"Haz clic para compartir en Facebook\"><span>Facebook<\/span><\/a><\/li><li class=\"share-twitter\"><a rel=\"nofollow noopener noreferrer\" data-shared=\"sharing-twitter-1181\" class=\"share-twitter sd-button share-icon\" href=\"http:\/\/desireemartinphoto.com\/blog\/reunion-a-puertas-cerradas-incertidumbre\/?share=twitter\" target=\"_blank\" title=\"Haz clic para compartir en Twitter\"><span>Twitter<\/span><\/a><\/li><li class=\"share-email\"><a rel=\"nofollow noopener noreferrer\" data-shared=\"\" class=\"share-email sd-button share-icon\" href=\"http:\/\/desireemartinphoto.com\/blog\/reunion-a-puertas-cerradas-incertidumbre\/?share=email\" target=\"_blank\" title=\"Haz clic para enviar por correo electr\u00f3nico a un amigo\"><span>Correo electr\u00f3nico<\/span><\/a><\/li><li class=\"share-linkedin\"><a rel=\"nofollow noopener noreferrer\" data-shared=\"sharing-linkedin-1181\" class=\"share-linkedin sd-button share-icon\" href=\"http:\/\/desireemartinphoto.com\/blog\/reunion-a-puertas-cerradas-incertidumbre\/?share=linkedin\" target=\"_blank\" title=\"Haz clic para compartir en LinkedIn\"><span>LinkedIn<\/span><\/a><\/li><li class=\"share-tumblr\"><a rel=\"nofollow noopener noreferrer\" data-shared=\"\" class=\"share-tumblr sd-button share-icon\" href=\"http:\/\/desireemartinphoto.com\/blog\/reunion-a-puertas-cerradas-incertidumbre\/?share=tumblr\" target=\"_blank\" title=\"Haz clic para compartir en Tumblr\"><span>Tumblr<\/span><\/a><\/li><li class=\"share-end\"><\/li><\/ul><\/div><\/div><\/div>","protected":false},"excerpt":{"rendered":"<p>En el centro habilitado para la situaci\u00f3n de emergencia s\u00edsmica y vulcanol\u00f3gica , en La Restinga &#8230;los vulcan\u00f3logos parecen nerviosos &#8230; Hace unas horas, los medios, pod\u00edamos entrar e informarnos sin muchas trabas.. lo l\u00f3gico ..parec\u00eda&#8230; hace unas horas y a tenor del RE REpetido &#8220;tr\u00e9mor&#8221; .. o el aumento de la intensidad del mismo [&#038;hellip<\/p>\n<div class=\"sharedaddy sd-sharing-enabled\"><div class=\"robots-nocontent sd-block sd-social sd-social-icon-text sd-sharing\"><h3 class=\"sd-title\">COMPARTE ESTO:<\/h3><div class=\"sd-content\"><ul><li class=\"share-facebook\"><a rel=\"nofollow noopener noreferrer\" data-shared=\"sharing-facebook-1181\" class=\"share-facebook sd-button share-icon\" href=\"http:\/\/desireemartinphoto.com\/blog\/reunion-a-puertas-cerradas-incertidumbre\/?share=facebook\" target=\"_blank\" title=\"Haz clic para compartir en Facebook\"><span>Facebook<\/span><\/a><\/li><li class=\"share-twitter\"><a rel=\"nofollow noopener noreferrer\" data-shared=\"sharing-twitter-1181\" class=\"share-twitter sd-button share-icon\" href=\"http:\/\/desireemartinphoto.com\/blog\/reunion-a-puertas-cerradas-incertidumbre\/?share=twitter\" target=\"_blank\" title=\"Haz clic para compartir en Twitter\"><span>Twitter<\/span><\/a><\/li><li class=\"share-email\"><a rel=\"nofollow noopener noreferrer\" data-shared=\"\" class=\"share-email sd-button share-icon\" href=\"http:\/\/desireemartinphoto.com\/blog\/reunion-a-puertas-cerradas-incertidumbre\/?share=email\" target=\"_blank\" title=\"Haz clic para enviar por correo electr\u00f3nico a un amigo\"><span>Correo electr\u00f3nico<\/span><\/a><\/li><li class=\"share-linkedin\"><a rel=\"nofollow noopener noreferrer\" data-shared=\"sharing-linkedin-1181\" class=\"share-linkedin sd-button share-icon\" href=\"http:\/\/desireemartinphoto.com\/blog\/reunion-a-puertas-cerradas-incertidumbre\/?share=linkedin\" target=\"_blank\" title=\"Haz clic para compartir en LinkedIn\"><span>LinkedIn<\/span><\/a><\/li><li class=\"share-tumblr\"><a rel=\"nofollow noopener noreferrer\" data-shared=\"\" class=\"share-tumblr sd-button share-icon\" href=\"http:\/\/desireemartinphoto.com\/blog\/reunion-a-puertas-cerradas-incertidumbre\/?share=tumblr\" target=\"_blank\" title=\"Haz clic para compartir en Tumblr\"><span>Tumblr<\/span><\/a><\/li><li class=\"share-end\"><\/li><\/ul><\/div><\/div><\/div>","protected":false},"author":1,"featured_media":0,"comment_status":"open","ping_status":"open","sticky":false,"template":"","format":"standard","meta":{"spay_email":""},"categories":[1],"tags":[228,225,227],"jetpack_featured_media_url":"","jetpack_sharing_enabled":true,"_links":{"self":[{"href":"http:\/\/desireemartinphoto.com\/blog\/wp-json\/wp\/v2\/posts\/1181"}],"collection":[{"href":"http:\/\/desireemartinphoto.com\/blog\/wp-json\/wp\/v2\/posts"}],"about":[{"href":"http:\/\/desireemartinphoto.com\/blog\/wp-json\/wp\/v2\/types\/post"}],"author":[{"embeddable":true,"href":"http:\/\/desireemartinphoto.com\/blog\/wp-json\/wp\/v2\/users\/1"}],"replies":[{"embeddable":true,"href":"http:\/\/desireemartinphoto.com\/blog\/wp-json\/wp\/v2\/comments?post=1181"}],"version-history":[{"count":4,"href":"http:\/\/desireemartinphoto.com\/blog\/wp-json\/wp\/v2\/posts\/1181\/revisions"}],"predecessor-version":[{"id":1190,"href":"http:\/\/desireemartinphoto.com\/blog\/wp-json\/wp\/v2\/posts\/1181\/revisions\/1190"}],"wp:attachment":[{"href":"http:\/\/desireemartinphoto.com\/blog\/wp-json\/wp\/v2\/media?parent=1181"}],"wp:term":[{"taxonomy":"category","embeddable":true,"href":"http:\/\/desireemartinphoto.com\/blog\/wp-json\/wp\/v2\/categories?post=1181"},{"taxonomy":"post_tag","embeddable":true,"href":"http:\/\/desireemartinphoto.com\/blog\/wp-json\/wp\/v2\/tags?post=1181"}],"curies":[{"name":"wp","href":"https:\/\/api.w.org\/{rel}","templated":true}]}}