{"id":117,"date":"2010-04-12T21:57:59","date_gmt":"2010-04-12T21:57:59","guid":{"rendered":"http:\/\/desireemartinphoto.com\/blog\/?p=117"},"modified":"2010-04-13T07:03:27","modified_gmt":"2010-04-13T07:03:27","slug":"los-vecinos-de-playa-vargas-cubren-la-noticia-de-la-excavacion-en-la-casa-del-caso-karate","status":"publish","type":"post","link":"http:\/\/desireemartinphoto.com\/blog\/los-vecinos-de-playa-vargas-cubren-la-noticia-de-la-excavacion-en-la-casa-del-caso-karate\/","title":{"rendered":"Los vecinos de Playa Vargas cubren la noticia de la excavaci\u00f3n en la casa del Caso Karate"},"content":{"rendered":"<p>19.30 horas- Puerto de Santa Cruz , salgo hacia Gran Canaria para cubrir &#8230;o eso cre\u00eda, la excavaci\u00f3n en la finca propiedad de Fernando Torres Baena , principal acusado en el Caso de pederastia Karate.<\/p>\n<p><img data-attachment-id=\"118\" data-permalink=\"http:\/\/desireemartinphoto.com\/blog\/los-vecinos-de-playa-vargas-cubren-la-noticia-de-la-excavacion-en-la-casa-del-caso-karate\/dm-excavacion-casa-torres-baena-18-blog\/\" data-orig-file=\"http:\/\/desireemartinphoto.com\/blog\/wp-content\/uploads\/2010\/04\/DM-Excavacion-Casa-Torres-Baena-18-blog.jpg\" data-orig-size=\"367,550\" data-comments-opened=\"1\" data-image-meta=\"{&quot;aperture&quot;:&quot;4.5&quot;,&quot;credit&quot;:&quot;&quot;,&quot;camera&quot;:&quot;Canon EOS 5D Mark II&quot;,&quot;caption&quot;:&quot;100412 isla de Gran Canaria municipio de Aguimes\\n\\nPlaya de Vargas   Urbanizacion Eden \\nVivienda del acusado en un caso de edofilia denominado caso Karate Fernando Torres Baena donde se procede a la excavacion de los terrenos en busqueda de posibles restos de abortos resultado de los abusos \\n\\nEn la excavacion participa la unidad de zapadores del ejercito espa\\u00f1ol y la Polic\\u00eda Nacional\\n\\nPUBLICO Desiree Martin&quot;,&quot;created_timestamp&quot;:&quot;1271056528&quot;,&quot;copyright&quot;:&quot;&quot;,&quot;focal_length&quot;:&quot;16&quot;,&quot;iso&quot;:&quot;400&quot;,&quot;shutter_speed&quot;:&quot;0.004&quot;,&quot;title&quot;:&quot;&quot;}\" data-image-title=\"DM-Excavacion-Casa-Torres-Baena-18-blog\" data-image-description=\"\" data-medium-file=\"http:\/\/desireemartinphoto.com\/blog\/wp-content\/uploads\/2010\/04\/DM-Excavacion-Casa-Torres-Baena-18-blog-200x300.jpg\" data-large-file=\"http:\/\/desireemartinphoto.com\/blog\/wp-content\/uploads\/2010\/04\/DM-Excavacion-Casa-Torres-Baena-18-blog.jpg\" loading=\"lazy\" class=\"alignnone size-full wp-image-118\" src=\"http:\/\/desireemartinphoto.com\/blog\/wp-content\/uploads\/2010\/04\/DM-Excavacion-Casa-Torres-Baena-18-blog.jpg\" alt=\"\" width=\"367\" height=\"550\" srcset=\"http:\/\/desireemartinphoto.com\/blog\/wp-content\/uploads\/2010\/04\/DM-Excavacion-Casa-Torres-Baena-18-blog.jpg 367w, http:\/\/desireemartinphoto.com\/blog\/wp-content\/uploads\/2010\/04\/DM-Excavacion-Casa-Torres-Baena-18-blog-200x300.jpg 200w\" sizes=\"(max-width: 367px) 100vw, 367px\" \/><\/p>\n<p><img data-attachment-id=\"119\" data-permalink=\"http:\/\/desireemartinphoto.com\/blog\/los-vecinos-de-playa-vargas-cubren-la-noticia-de-la-excavacion-en-la-casa-del-caso-karate\/dm-excavacion-casa-torres-baena-33-blog\/\" data-orig-file=\"http:\/\/desireemartinphoto.com\/blog\/wp-content\/uploads\/2010\/04\/DM-Excavacion-Casa-Torres-Baena-33-blog.jpg\" data-orig-size=\"550,367\" data-comments-opened=\"1\" data-image-meta=\"{&quot;aperture&quot;:&quot;9&quot;,&quot;credit&quot;:&quot;&quot;,&quot;camera&quot;:&quot;Canon EOS 5D Mark II&quot;,&quot;caption&quot;:&quot;100412 isla de Gran Canaria municipio de Aguimes\\r\\rPlaya de Vargas   Urbanizacion Eden \\rVivienda del acusado en un caso de edofilia denominado caso Karate Fernando Torres Baena donde se procede a la excavacion de los terrenos en busqueda de posibles restos de abortos resultado de los abusos \\r\\rEn la excavacion participa la unidad de zapadores del ejercito espa\\u0096ol y la Polic\\u0092a Nacional\\r\\rPUBLICO Desiree Martin&quot;,&quot;created_timestamp&quot;:&quot;1271058959&quot;,&quot;copyright&quot;:&quot;&quot;,&quot;focal_length&quot;:&quot;17&quot;,&quot;iso&quot;:&quot;400&quot;,&quot;shutter_speed&quot;:&quot;0.0008&quot;,&quot;title&quot;:&quot;&quot;}\" data-image-title=\"DM-Excavacion-Casa-Torres-Baena-33-blog\" data-image-description=\"\" data-medium-file=\"http:\/\/desireemartinphoto.com\/blog\/wp-content\/uploads\/2010\/04\/DM-Excavacion-Casa-Torres-Baena-33-blog-300x200.jpg\" data-large-file=\"http:\/\/desireemartinphoto.com\/blog\/wp-content\/uploads\/2010\/04\/DM-Excavacion-Casa-Torres-Baena-33-blog.jpg\" loading=\"lazy\" class=\"alignnone size-full wp-image-119\" src=\"http:\/\/desireemartinphoto.com\/blog\/wp-content\/uploads\/2010\/04\/DM-Excavacion-Casa-Torres-Baena-33-blog.jpg\" alt=\"\" width=\"550\" height=\"367\" srcset=\"http:\/\/desireemartinphoto.com\/blog\/wp-content\/uploads\/2010\/04\/DM-Excavacion-Casa-Torres-Baena-33-blog.jpg 550w, http:\/\/desireemartinphoto.com\/blog\/wp-content\/uploads\/2010\/04\/DM-Excavacion-Casa-Torres-Baena-33-blog-300x200.jpg 300w\" sizes=\"(max-width: 550px) 100vw, 550px\" \/><\/p>\n<p>23h00 &#8211; Junto con las compa\u00f1eras de Boquerones Verdes, la productora audiovisual, llegu\u00e9 a Las Palmas .\u00a0Directamente a la Playa de Vargas , a hacer guardia frente\u00a0a la puerta de la casa&#8230;d\u00f3nde ya hab\u00edan dos Policias Nacionales custodiando la vivienda.<\/p>\n<p>Pas\u00f3 la madrugada&#8230;<\/p>\n<p>9h30 aprox.- Lleg\u00f3 la ma\u00f1ana y con ella la Pala de los Zapadores del Ejercito, miembros de la CNP , el Juez, abogados&#8230;.y la pera&#8230;<\/p>\n<p><img data-attachment-id=\"120\" data-permalink=\"http:\/\/desireemartinphoto.com\/blog\/los-vecinos-de-playa-vargas-cubren-la-noticia-de-la-excavacion-en-la-casa-del-caso-karate\/dm-excavacion-casa-torres-baena-27-blog\/\" data-orig-file=\"http:\/\/desireemartinphoto.com\/blog\/wp-content\/uploads\/2010\/04\/DM-Excavacion-Casa-Torres-Baena-27-blog.jpg\" data-orig-size=\"550,367\" data-comments-opened=\"1\" data-image-meta=\"{&quot;aperture&quot;:&quot;5.6&quot;,&quot;credit&quot;:&quot;&quot;,&quot;camera&quot;:&quot;Canon EOS 5D Mark II&quot;,&quot;caption&quot;:&quot;Playa de Vargas, Urbanizaci\\u0097n el Eden,  municipio de Ag\\u009fmes , GRAN CANARIAS.\\r\\rCaso Karate de pedofilia, en el que est\\u0087 acusado Fernando Torres Baena y M\\u00bc Jos\\u008e Gonz\\u0087lez , su pareja.\\r\\rExcavaciones en los terrenos de la vivienda por parte de la unidad de Zapadores del Ejercito espa\\u0096ol y la Polic\\u0092a Nacional.\\r\\rABC&quot;,&quot;created_timestamp&quot;:&quot;1271060552&quot;,&quot;copyright&quot;:&quot;&quot;,&quot;focal_length&quot;:&quot;16&quot;,&quot;iso&quot;:&quot;400&quot;,&quot;shutter_speed&quot;:&quot;0.00025&quot;,&quot;title&quot;:&quot;&quot;}\" data-image-title=\"DM-Excavacion-Casa-Torres-Baena-27-blog\" data-image-description=\"\" data-medium-file=\"http:\/\/desireemartinphoto.com\/blog\/wp-content\/uploads\/2010\/04\/DM-Excavacion-Casa-Torres-Baena-27-blog-300x200.jpg\" data-large-file=\"http:\/\/desireemartinphoto.com\/blog\/wp-content\/uploads\/2010\/04\/DM-Excavacion-Casa-Torres-Baena-27-blog.jpg\" loading=\"lazy\" class=\"alignnone size-full wp-image-120\" src=\"http:\/\/desireemartinphoto.com\/blog\/wp-content\/uploads\/2010\/04\/DM-Excavacion-Casa-Torres-Baena-27-blog.jpg\" alt=\"\" width=\"550\" height=\"367\" srcset=\"http:\/\/desireemartinphoto.com\/blog\/wp-content\/uploads\/2010\/04\/DM-Excavacion-Casa-Torres-Baena-27-blog.jpg 550w, http:\/\/desireemartinphoto.com\/blog\/wp-content\/uploads\/2010\/04\/DM-Excavacion-Casa-Torres-Baena-27-blog-300x200.jpg 300w\" sizes=\"(max-width: 550px) 100vw, 550px\" \/><\/p>\n<p>&#8230;y hasta aqu\u00ed pudimos hacer.. no fue terrible , la verdad, pudimos hacer ,de resquicio ,a los acusados entrando en la casa&#8230;. y &#8230;\u00a0 !!!!! \u00a0Dios!!!\u00a0 &#8230;que les estoy dando las gracias por dejarnos hacer nuestro trabajo&#8230;.uff!!!! . Nos colocaron precintos en torno a las calles aleda\u00f1as a la vivienda .<\/p>\n<p>Bueno&#8230; el show comenz\u00f3 cuando los vecinos comenzaron a sacar todo tipo de artilugio para captar im\u00e1genes , se les pod\u00eda ver como champi\u00f1ones en las azoteas y ventanas .. para despu\u00e9s bajar !!!! a donde nos hab\u00edan limitado e intentar venderlas!! &#8230;.jooooooooooooooooooooooooooooder.. y s\u00ed! &#8230;el problema es que se las compraron&#8230;parece ser , que el Canarias 7 pag\u00f3 500E por una foto ..en la que se ve a los acusados en el interior de la casa, durante la excavaci\u00f3n y registro, en actitud m\u00e1s que cari\u00f1osa.<br \/>\n<img data-attachment-id=\"123\" data-permalink=\"http:\/\/desireemartinphoto.com\/blog\/los-vecinos-de-playa-vargas-cubren-la-noticia-de-la-excavacion-en-la-casa-del-caso-karate\/dm-excavacion-karate-intrusismo-01-blog-2\/\" data-orig-file=\"http:\/\/desireemartinphoto.com\/blog\/wp-content\/uploads\/2010\/04\/DM-Excavacion-Karate-intrusismo-01-blog1.jpg\" data-orig-size=\"550,367\" data-comments-opened=\"1\" data-image-meta=\"{&quot;aperture&quot;:&quot;5.6&quot;,&quot;credit&quot;:&quot;&quot;,&quot;camera&quot;:&quot;Canon EOS 5D Mark II&quot;,&quot;caption&quot;:&quot;&quot;,&quot;created_timestamp&quot;:&quot;1271073776&quot;,&quot;copyright&quot;:&quot;&quot;,&quot;focal_length&quot;:&quot;200&quot;,&quot;iso&quot;:&quot;100&quot;,&quot;shutter_speed&quot;:&quot;0.0015625&quot;,&quot;title&quot;:&quot;&quot;}\" data-image-title=\"DM-Excavacion-Karate-intrusismo-01-blog1\" data-image-description=\"\" data-medium-file=\"http:\/\/desireemartinphoto.com\/blog\/wp-content\/uploads\/2010\/04\/DM-Excavacion-Karate-intrusismo-01-blog1-300x200.jpg\" data-large-file=\"http:\/\/desireemartinphoto.com\/blog\/wp-content\/uploads\/2010\/04\/DM-Excavacion-Karate-intrusismo-01-blog1.jpg\" loading=\"lazy\" class=\"alignnone size-full wp-image-123\" src=\"http:\/\/desireemartinphoto.com\/blog\/wp-content\/uploads\/2010\/04\/DM-Excavacion-Karate-intrusismo-01-blog1.jpg\" alt=\"\" width=\"550\" height=\"367\" srcset=\"http:\/\/desireemartinphoto.com\/blog\/wp-content\/uploads\/2010\/04\/DM-Excavacion-Karate-intrusismo-01-blog1.jpg 550w, http:\/\/desireemartinphoto.com\/blog\/wp-content\/uploads\/2010\/04\/DM-Excavacion-Karate-intrusismo-01-blog1-300x200.jpg 300w\" sizes=\"(max-width: 550px) 100vw, 550px\" \/><br \/>\n<img data-attachment-id=\"125\" data-permalink=\"http:\/\/desireemartinphoto.com\/blog\/los-vecinos-de-playa-vargas-cubren-la-noticia-de-la-excavacion-en-la-casa-del-caso-karate\/dm-excavacion-karate-intrusismo-03-blog\/\" data-orig-file=\"http:\/\/desireemartinphoto.com\/blog\/wp-content\/uploads\/2010\/04\/DM-Excavacion-Karate-intrusismo-03-blog.jpg\" data-orig-size=\"550,367\" data-comments-opened=\"1\" data-image-meta=\"{&quot;aperture&quot;:&quot;4&quot;,&quot;credit&quot;:&quot;&quot;,&quot;camera&quot;:&quot;Canon EOS 5D Mark II&quot;,&quot;caption&quot;:&quot;&quot;,&quot;created_timestamp&quot;:&quot;1271076601&quot;,&quot;copyright&quot;:&quot;&quot;,&quot;focal_length&quot;:&quot;160&quot;,&quot;iso&quot;:&quot;100&quot;,&quot;shutter_speed&quot;:&quot;0.00125&quot;,&quot;title&quot;:&quot;&quot;}\" data-image-title=\"DM-Excavacion-Karate-intrusismo-03-blog\" data-image-description=\"\" data-medium-file=\"http:\/\/desireemartinphoto.com\/blog\/wp-content\/uploads\/2010\/04\/DM-Excavacion-Karate-intrusismo-03-blog-300x200.jpg\" data-large-file=\"http:\/\/desireemartinphoto.com\/blog\/wp-content\/uploads\/2010\/04\/DM-Excavacion-Karate-intrusismo-03-blog.jpg\" loading=\"lazy\" class=\"alignnone size-full wp-image-125\" src=\"http:\/\/desireemartinphoto.com\/blog\/wp-content\/uploads\/2010\/04\/DM-Excavacion-Karate-intrusismo-03-blog.jpg\" alt=\"\" width=\"550\" height=\"367\" srcset=\"http:\/\/desireemartinphoto.com\/blog\/wp-content\/uploads\/2010\/04\/DM-Excavacion-Karate-intrusismo-03-blog.jpg 550w, http:\/\/desireemartinphoto.com\/blog\/wp-content\/uploads\/2010\/04\/DM-Excavacion-Karate-intrusismo-03-blog-300x200.jpg 300w\" sizes=\"(max-width: 550px) 100vw, 550px\" \/><br \/>\n<img data-attachment-id=\"126\" data-permalink=\"http:\/\/desireemartinphoto.com\/blog\/los-vecinos-de-playa-vargas-cubren-la-noticia-de-la-excavacion-en-la-casa-del-caso-karate\/dm-excavacion-karate-intrusismo-02-blog\/\" data-orig-file=\"http:\/\/desireemartinphoto.com\/blog\/wp-content\/uploads\/2010\/04\/DM-Excavacion-Karate-intrusismo-02-blog.jpg\" data-orig-size=\"550,367\" data-comments-opened=\"1\" data-image-meta=\"{&quot;aperture&quot;:&quot;5.6&quot;,&quot;credit&quot;:&quot;&quot;,&quot;camera&quot;:&quot;Canon EOS 5D Mark II&quot;,&quot;caption&quot;:&quot;&quot;,&quot;created_timestamp&quot;:&quot;1271074642&quot;,&quot;copyright&quot;:&quot;&quot;,&quot;focal_length&quot;:&quot;130&quot;,&quot;iso&quot;:&quot;100&quot;,&quot;shutter_speed&quot;:&quot;0.0025&quot;,&quot;title&quot;:&quot;&quot;}\" data-image-title=\"DM-Excavacion-Karate-intrusismo-02-blog\" data-image-description=\"\" data-medium-file=\"http:\/\/desireemartinphoto.com\/blog\/wp-content\/uploads\/2010\/04\/DM-Excavacion-Karate-intrusismo-02-blog-300x200.jpg\" data-large-file=\"http:\/\/desireemartinphoto.com\/blog\/wp-content\/uploads\/2010\/04\/DM-Excavacion-Karate-intrusismo-02-blog.jpg\" loading=\"lazy\" class=\"alignnone size-full wp-image-126\" src=\"http:\/\/desireemartinphoto.com\/blog\/wp-content\/uploads\/2010\/04\/DM-Excavacion-Karate-intrusismo-02-blog.jpg\" alt=\"\" width=\"550\" height=\"367\" srcset=\"http:\/\/desireemartinphoto.com\/blog\/wp-content\/uploads\/2010\/04\/DM-Excavacion-Karate-intrusismo-02-blog.jpg 550w, http:\/\/desireemartinphoto.com\/blog\/wp-content\/uploads\/2010\/04\/DM-Excavacion-Karate-intrusismo-02-blog-300x200.jpg 300w\" sizes=\"(max-width: 550px) 100vw, 550px\" \/><\/p>\n<p>Decid\u00ed preguntar vecino por vecino qui\u00e9n me dejaba subir a una azotea para poder hacer alguna imagen de lo que suced\u00eda durante los trabajos en la casa, y logr\u00e9 que unos chicos que me permitieron acceder a la casa de su t\u00eda , y ..poco pude obtener , la imagen era demasiado ca\u00f3tica ..pero como documento de lo que all\u00ed acontec\u00eda&#8230;val\u00eda.<\/p>\n<p>La vecina que hab\u00eda vendido las imagenes &#8230;vi\u00f3 tambalear su negocio y le coment\u00f3 a la Polic\u00eda Nacional que aquella vivienda no era del chico, que era de su t\u00eda y que por lo tanto , no ten\u00eda permiso para estar alli.<br \/>\nMe tomaron la filiaci\u00f3n para una posible DENUNCIA POR ALLANAMIENTO DE MORADA.<br \/>\n<img data-attachment-id=\"128\" data-permalink=\"http:\/\/desireemartinphoto.com\/blog\/los-vecinos-de-playa-vargas-cubren-la-noticia-de-la-excavacion-en-la-casa-del-caso-karate\/dm-excavacion-casa-torres-baena-40-blog-2\/\" data-orig-file=\"http:\/\/desireemartinphoto.com\/blog\/wp-content\/uploads\/2010\/04\/DM-Excavacion-Casa-Torres-Baena-40-blog1.jpg\" data-orig-size=\"550,346\" data-comments-opened=\"1\" data-image-meta=\"{&quot;aperture&quot;:&quot;10&quot;,&quot;credit&quot;:&quot;&quot;,&quot;camera&quot;:&quot;Canon EOS-1D Mark II&quot;,&quot;caption&quot;:&quot;&quot;,&quot;created_timestamp&quot;:&quot;1271080004&quot;,&quot;copyright&quot;:&quot;&quot;,&quot;focal_length&quot;:&quot;27&quot;,&quot;iso&quot;:&quot;400&quot;,&quot;shutter_speed&quot;:&quot;0.0015625&quot;,&quot;title&quot;:&quot;&quot;}\" data-image-title=\"DM-Excavacion-Casa-Torres-Baena-40-blog1\" data-image-description=\"\" data-medium-file=\"http:\/\/desireemartinphoto.com\/blog\/wp-content\/uploads\/2010\/04\/DM-Excavacion-Casa-Torres-Baena-40-blog1-300x188.jpg\" data-large-file=\"http:\/\/desireemartinphoto.com\/blog\/wp-content\/uploads\/2010\/04\/DM-Excavacion-Casa-Torres-Baena-40-blog1.jpg\" loading=\"lazy\" class=\"alignnone size-full wp-image-128\" src=\"http:\/\/desireemartinphoto.com\/blog\/wp-content\/uploads\/2010\/04\/DM-Excavacion-Casa-Torres-Baena-40-blog1.jpg\" alt=\"\" width=\"550\" height=\"346\" srcset=\"http:\/\/desireemartinphoto.com\/blog\/wp-content\/uploads\/2010\/04\/DM-Excavacion-Casa-Torres-Baena-40-blog1.jpg 550w, http:\/\/desireemartinphoto.com\/blog\/wp-content\/uploads\/2010\/04\/DM-Excavacion-Casa-Torres-Baena-40-blog1-300x188.jpg 300w\" sizes=\"(max-width: 550px) 100vw, 550px\" \/><\/p>\n<p><img data-attachment-id=\"130\" data-permalink=\"http:\/\/desireemartinphoto.com\/blog\/los-vecinos-de-playa-vargas-cubren-la-noticia-de-la-excavacion-en-la-casa-del-caso-karate\/dm-excavacion-karate-intrusismo-05-blog\/\" data-orig-file=\"http:\/\/desireemartinphoto.com\/blog\/wp-content\/uploads\/2010\/04\/DM-Excavacion-Karate-intrusismo-05-blog.jpg\" data-orig-size=\"550,367\" data-comments-opened=\"1\" data-image-meta=\"{&quot;aperture&quot;:&quot;4&quot;,&quot;credit&quot;:&quot;&quot;,&quot;camera&quot;:&quot;Canon EOS 5D Mark II&quot;,&quot;caption&quot;:&quot;&quot;,&quot;created_timestamp&quot;:&quot;1271076276&quot;,&quot;copyright&quot;:&quot;&quot;,&quot;focal_length&quot;:&quot;230&quot;,&quot;iso&quot;:&quot;100&quot;,&quot;shutter_speed&quot;:&quot;0.001&quot;,&quot;title&quot;:&quot;&quot;}\" data-image-title=\"DM-Excavacion-Karate-intrusismo-05-blog\" data-image-description=\"\" data-medium-file=\"http:\/\/desireemartinphoto.com\/blog\/wp-content\/uploads\/2010\/04\/DM-Excavacion-Karate-intrusismo-05-blog-300x200.jpg\" data-large-file=\"http:\/\/desireemartinphoto.com\/blog\/wp-content\/uploads\/2010\/04\/DM-Excavacion-Karate-intrusismo-05-blog.jpg\" loading=\"lazy\" class=\"alignnone size-full wp-image-130\" src=\"http:\/\/desireemartinphoto.com\/blog\/wp-content\/uploads\/2010\/04\/DM-Excavacion-Karate-intrusismo-05-blog.jpg\" alt=\"\" width=\"550\" height=\"367\" srcset=\"http:\/\/desireemartinphoto.com\/blog\/wp-content\/uploads\/2010\/04\/DM-Excavacion-Karate-intrusismo-05-blog.jpg 550w, http:\/\/desireemartinphoto.com\/blog\/wp-content\/uploads\/2010\/04\/DM-Excavacion-Karate-intrusismo-05-blog-300x200.jpg 300w\" sizes=\"(max-width: 550px) 100vw, 550px\" \/><\/p>\n<p>Llevaba toda la ma\u00f1ana intentando hablar con prensa de la Delegaci\u00f3n del Gobierno para solicitarle m\u00e1s &#8220;hilo&#8221; para hacer nuestra labor y que se percataran que quiz\u00e1s la \u00e9tica de las personas que estaban obteniendo las imagenes &#8230;la \u00e9tica del trabajo period\u00edstico, la que puede o debe regir la manipulaci\u00f3n de unas im\u00e1genes, tal vez no estaba en buenas manos y que los profesionales estabamos en torno al per\u00edmetro&#8230; y no pudo ser, no me descolgaron el telefono.<br \/>\nTambi\u00e9n intent\u00e9 hablar con el director del Canarias 7 , me atendi\u00f3 su amable secretaria. Me hubiera gustado decirle que con esa actutud no ayudaba mucho a nuestra profesi\u00f3n ,que si nos hubieramos apoyado para que nos\u00a0permitieran captar\u00a0a nosotros las mejores imagenes de ese momento, no las m\u00e1s morbosas, no un beso de pareja , ..no! &#8230;las importantes &#8230; quizas hubieramos DADO UN PEQUE\u00d1O PASO PARA AGARRARNOS A NUESTRO SUE\u00d1O.<\/p>\n<p>Disculpen las faltas o carencias en \u00e9ste post, estoy algo cansada&#8230;y no en las mejores condiciones para redactar con sosiego.<\/p>\n<p>Ma\u00f1ana es otro d\u00eda de Guerra&#8230; \u00e9ste una mera batalla.<\/p>\n<div class=\"sharedaddy sd-sharing-enabled\"><div class=\"robots-nocontent sd-block sd-social sd-social-icon-text sd-sharing\"><h3 class=\"sd-title\">COMPARTE ESTO:<\/h3><div class=\"sd-content\"><ul><li class=\"share-facebook\"><a rel=\"nofollow noopener noreferrer\" data-shared=\"sharing-facebook-117\" class=\"share-facebook sd-button share-icon\" href=\"http:\/\/desireemartinphoto.com\/blog\/los-vecinos-de-playa-vargas-cubren-la-noticia-de-la-excavacion-en-la-casa-del-caso-karate\/?share=facebook\" target=\"_blank\" title=\"Haz clic para compartir en Facebook\"><span>Facebook<\/span><\/a><\/li><li class=\"share-twitter\"><a rel=\"nofollow noopener noreferrer\" data-shared=\"sharing-twitter-117\" class=\"share-twitter sd-button share-icon\" href=\"http:\/\/desireemartinphoto.com\/blog\/los-vecinos-de-playa-vargas-cubren-la-noticia-de-la-excavacion-en-la-casa-del-caso-karate\/?share=twitter\" target=\"_blank\" title=\"Haz clic para compartir en Twitter\"><span>Twitter<\/span><\/a><\/li><li class=\"share-email\"><a rel=\"nofollow noopener noreferrer\" data-shared=\"\" class=\"share-email sd-button share-icon\" href=\"http:\/\/desireemartinphoto.com\/blog\/los-vecinos-de-playa-vargas-cubren-la-noticia-de-la-excavacion-en-la-casa-del-caso-karate\/?share=email\" target=\"_blank\" title=\"Haz clic para enviar por correo electr\u00f3nico a un amigo\"><span>Correo electr\u00f3nico<\/span><\/a><\/li><li class=\"share-linkedin\"><a rel=\"nofollow noopener noreferrer\" data-shared=\"sharing-linkedin-117\" class=\"share-linkedin sd-button share-icon\" href=\"http:\/\/desireemartinphoto.com\/blog\/los-vecinos-de-playa-vargas-cubren-la-noticia-de-la-excavacion-en-la-casa-del-caso-karate\/?share=linkedin\" target=\"_blank\" title=\"Haz clic para compartir en LinkedIn\"><span>LinkedIn<\/span><\/a><\/li><li class=\"share-tumblr\"><a rel=\"nofollow noopener noreferrer\" data-shared=\"\" class=\"share-tumblr sd-button share-icon\" href=\"http:\/\/desireemartinphoto.com\/blog\/los-vecinos-de-playa-vargas-cubren-la-noticia-de-la-excavacion-en-la-casa-del-caso-karate\/?share=tumblr\" target=\"_blank\" title=\"Haz clic para compartir en Tumblr\"><span>Tumblr<\/span><\/a><\/li><li class=\"share-end\"><\/li><\/ul><\/div><\/div><\/div>","protected":false},"excerpt":{"rendered":"<p>19.30 horas- Puerto de Santa Cruz , salgo hacia Gran Canaria para cubrir &#8230;o eso cre\u00eda, la excavaci\u00f3n en la finca propiedad de Fernando Torres Baena , principal acusado en el Caso de pederastia Karate. 23h00 &#8211; Junto con las compa\u00f1eras de Boquerones Verdes, la productora audiovisual, llegu\u00e9 a Las Palmas .\u00a0Directamente a la Playa [&#038;hellip<\/p>\n<div class=\"sharedaddy sd-sharing-enabled\"><div class=\"robots-nocontent sd-block sd-social sd-social-icon-text sd-sharing\"><h3 class=\"sd-title\">COMPARTE ESTO:<\/h3><div class=\"sd-content\"><ul><li class=\"share-facebook\"><a rel=\"nofollow noopener noreferrer\" data-shared=\"sharing-facebook-117\" class=\"share-facebook sd-button share-icon\" href=\"http:\/\/desireemartinphoto.com\/blog\/los-vecinos-de-playa-vargas-cubren-la-noticia-de-la-excavacion-en-la-casa-del-caso-karate\/?share=facebook\" target=\"_blank\" title=\"Haz clic para compartir en Facebook\"><span>Facebook<\/span><\/a><\/li><li class=\"share-twitter\"><a rel=\"nofollow noopener noreferrer\" data-shared=\"sharing-twitter-117\" class=\"share-twitter sd-button share-icon\" href=\"http:\/\/desireemartinphoto.com\/blog\/los-vecinos-de-playa-vargas-cubren-la-noticia-de-la-excavacion-en-la-casa-del-caso-karate\/?share=twitter\" target=\"_blank\" title=\"Haz clic para compartir en Twitter\"><span>Twitter<\/span><\/a><\/li><li class=\"share-email\"><a rel=\"nofollow noopener noreferrer\" data-shared=\"\" class=\"share-email sd-button share-icon\" href=\"http:\/\/desireemartinphoto.com\/blog\/los-vecinos-de-playa-vargas-cubren-la-noticia-de-la-excavacion-en-la-casa-del-caso-karate\/?share=email\" target=\"_blank\" title=\"Haz clic para enviar por correo electr\u00f3nico a un amigo\"><span>Correo electr\u00f3nico<\/span><\/a><\/li><li class=\"share-linkedin\"><a rel=\"nofollow noopener noreferrer\" data-shared=\"sharing-linkedin-117\" class=\"share-linkedin sd-button share-icon\" href=\"http:\/\/desireemartinphoto.com\/blog\/los-vecinos-de-playa-vargas-cubren-la-noticia-de-la-excavacion-en-la-casa-del-caso-karate\/?share=linkedin\" target=\"_blank\" title=\"Haz clic para compartir en LinkedIn\"><span>LinkedIn<\/span><\/a><\/li><li class=\"share-tumblr\"><a rel=\"nofollow noopener noreferrer\" data-shared=\"\" class=\"share-tumblr sd-button share-icon\" href=\"http:\/\/desireemartinphoto.com\/blog\/los-vecinos-de-playa-vargas-cubren-la-noticia-de-la-excavacion-en-la-casa-del-caso-karate\/?share=tumblr\" target=\"_blank\" title=\"Haz clic para compartir en Tumblr\"><span>Tumblr<\/span><\/a><\/li><li class=\"share-end\"><\/li><\/ul><\/div><\/div><\/div>","protected":false},"author":1,"featured_media":0,"comment_status":"open","ping_status":"open","sticky":false,"template":"","format":"standard","meta":{"spay_email":""},"categories":[1],"tags":[18],"jetpack_featured_media_url":"","jetpack_sharing_enabled":true,"_links":{"self":[{"href":"http:\/\/desireemartinphoto.com\/blog\/wp-json\/wp\/v2\/posts\/117"}],"collection":[{"href":"http:\/\/desireemartinphoto.com\/blog\/wp-json\/wp\/v2\/posts"}],"about":[{"href":"http:\/\/desireemartinphoto.com\/blog\/wp-json\/wp\/v2\/types\/post"}],"author":[{"embeddable":true,"href":"http:\/\/desireemartinphoto.com\/blog\/wp-json\/wp\/v2\/users\/1"}],"replies":[{"embeddable":true,"href":"http:\/\/desireemartinphoto.com\/blog\/wp-json\/wp\/v2\/comments?post=117"}],"version-history":[{"count":10,"href":"http:\/\/desireemartinphoto.com\/blog\/wp-json\/wp\/v2\/posts\/117\/revisions"}],"predecessor-version":[{"id":137,"href":"http:\/\/desireemartinphoto.com\/blog\/wp-json\/wp\/v2\/posts\/117\/revisions\/137"}],"wp:attachment":[{"href":"http:\/\/desireemartinphoto.com\/blog\/wp-json\/wp\/v2\/media?parent=117"}],"wp:term":[{"taxonomy":"category","embeddable":true,"href":"http:\/\/desireemartinphoto.com\/blog\/wp-json\/wp\/v2\/categories?post=117"},{"taxonomy":"post_tag","embeddable":true,"href":"http:\/\/desireemartinphoto.com\/blog\/wp-json\/wp\/v2\/tags?post=117"}],"curies":[{"name":"wp","href":"https:\/\/api.w.org\/{rel}","templated":true}]}}