{"id":1064,"date":"2011-09-01T15:20:32","date_gmt":"2011-09-01T15:20:32","guid":{"rendered":"http:\/\/desireemartinphoto.com\/blog\/?p=1064"},"modified":"2011-09-01T15:53:02","modified_gmt":"2011-09-01T15:53:02","slug":"vendimia-de-la-geria-del-2011-la-peor-de-las-ultimos-70-anos","status":"publish","type":"post","link":"http:\/\/desireemartinphoto.com\/blog\/vendimia-de-la-geria-del-2011-la-peor-de-las-ultimos-70-anos\/","title":{"rendered":"Las uvas de  la crisis"},"content":{"rendered":"<p>&nbsp;<\/p>\n<p>La primera vendimia de Europa, la de la malvas\u00eda de Lanzarote, en las islas Canarias, recoge estos d\u00edas una cosecha que ha ca\u00eddo en dos tercios por la inestabilidad del clima y las enfermedades sufridas por un cultivo \u00fanico que crece en un paisaje modelado por los volcanes.<\/p>\n<p>&nbsp;<\/p>\n<p><img data-attachment-id=\"1065\" data-permalink=\"http:\/\/desireemartinphoto.com\/blog\/vendimia-de-la-geria-del-2011-la-peor-de-las-ultimos-70-anos\/spain-wine-harvest\/\" data-orig-file=\"http:\/\/desireemartinphoto.com\/blog\/wp-content\/uploads\/2011\/09\/DM-Vendimia-Geria-2011-01b-SEP-BLOG-01.jpg\" data-orig-size=\"550,201\" data-comments-opened=\"1\" data-image-meta=\"{&quot;aperture&quot;:&quot;5.6&quot;,&quot;credit&quot;:&quot;DESIREE MARTIN&quot;,&quot;camera&quot;:&quot;Canon EOS 5D Mark II&quot;,&quot;caption&quot;:&quot;Picture of Uga town panoramic when \\&quot;La Geria\\&quot; warehouse collect grapes on August 25, 2011 in a vineyard in Uga, near the village of La Geria, on the Spanish Canary Island of Lanzarote, launching the grape harvest in Spain. AFP PHOTO \\\/ DESIREE MARTIN\\n\\nCAUTION: It&#039;s a picture created with several pictures, it&#039;s a panoramic.&quot;,&quot;created_timestamp&quot;:&quot;1314262554&quot;,&quot;copyright&quot;:&quot;AFP ImageForum&quot;,&quot;focal_length&quot;:&quot;21&quot;,&quot;iso&quot;:&quot;200&quot;,&quot;shutter_speed&quot;:&quot;0.000625&quot;,&quot;title&quot;:&quot;SPAIN-WINE-HARVEST&quot;}\" data-image-title=\"DM-Vendimia-Geria-2011-01b-SEP-BLOG-01\" data-image-description=\"\" data-medium-file=\"http:\/\/desireemartinphoto.com\/blog\/wp-content\/uploads\/2011\/09\/DM-Vendimia-Geria-2011-01b-SEP-BLOG-01-300x109.jpg\" data-large-file=\"http:\/\/desireemartinphoto.com\/blog\/wp-content\/uploads\/2011\/09\/DM-Vendimia-Geria-2011-01b-SEP-BLOG-01.jpg\" loading=\"lazy\" class=\"alignnone size-full wp-image-1065\" src=\"http:\/\/desireemartinphoto.com\/blog\/wp-content\/uploads\/2011\/09\/DM-Vendimia-Geria-2011-01b-SEP-BLOG-01.jpg\" alt=\"\" width=\"550\" height=\"201\" srcset=\"http:\/\/desireemartinphoto.com\/blog\/wp-content\/uploads\/2011\/09\/DM-Vendimia-Geria-2011-01b-SEP-BLOG-01.jpg 550w, http:\/\/desireemartinphoto.com\/blog\/wp-content\/uploads\/2011\/09\/DM-Vendimia-Geria-2011-01b-SEP-BLOG-01-300x109.jpg 300w\" sizes=\"(max-width: 550px) 100vw, 550px\" \/><\/p>\n<p>Los viticultores de Lanzarote, situada en el oc\u00e9ano Atl\u00e1ntico, frente a Marruecos, cosechan este mes de agosto la menor cantidad de uva de los \u00faltimos 70 a\u00f1os en la isla, cuya caracter\u00edstica superficie volc\u00e1nica de color granate oscuro est\u00e1 salpicada por vi\u00f1edos que forman unas curiosas medias lunas.<\/p>\n<p>Este a\u00f1o se espera una producci\u00f3n que no supere los 450.000 kilos frente al 1,5 millones de kilos de la campa\u00f1a del pasado a\u00f1o o los 2-3 kilos de otras cosechas, seg\u00fan cifras del Consejo Regulador vin\u00edcola de Lanzarote.<\/p>\n<p>&#8220;Las altas temperaturas del pasado invierno&#8221;, &#8220;los ataques de enfermedades a las parras&#8221; y &#8220;la ola de calor&#8221; del pasado mes de junio son las causas del descenso de la producci\u00f3n, seg\u00fan el presidente del Consejo Regulador, Javier Betancort.<\/p>\n<p>&nbsp;<\/p>\n<p><img data-attachment-id=\"1066\" data-permalink=\"http:\/\/desireemartinphoto.com\/blog\/vendimia-de-la-geria-del-2011-la-peor-de-las-ultimos-70-anos\/dm-vendimia-geria-2011-01b-sep-blog-02\/\" data-orig-file=\"http:\/\/desireemartinphoto.com\/blog\/wp-content\/uploads\/2011\/09\/DM-Vendimia-Geria-2011-01b-SEP-BLOG-02.jpg\" data-orig-size=\"550,367\" data-comments-opened=\"1\" data-image-meta=\"{&quot;aperture&quot;:&quot;5.6&quot;,&quot;credit&quot;:&quot;&quot;,&quot;camera&quot;:&quot;Canon EOS 5D Mark II&quot;,&quot;caption&quot;:&quot;&quot;,&quot;created_timestamp&quot;:&quot;1314277797&quot;,&quot;copyright&quot;:&quot;&quot;,&quot;focal_length&quot;:&quot;200&quot;,&quot;iso&quot;:&quot;400&quot;,&quot;shutter_speed&quot;:&quot;0.001&quot;,&quot;title&quot;:&quot;&quot;}\" data-image-title=\"DM-Vendimia-Geria-2011-01b-SEP-BLOG-02\" data-image-description=\"\" data-medium-file=\"http:\/\/desireemartinphoto.com\/blog\/wp-content\/uploads\/2011\/09\/DM-Vendimia-Geria-2011-01b-SEP-BLOG-02-300x200.jpg\" data-large-file=\"http:\/\/desireemartinphoto.com\/blog\/wp-content\/uploads\/2011\/09\/DM-Vendimia-Geria-2011-01b-SEP-BLOG-02.jpg\" loading=\"lazy\" class=\"alignnone size-full wp-image-1066\" src=\"http:\/\/desireemartinphoto.com\/blog\/wp-content\/uploads\/2011\/09\/DM-Vendimia-Geria-2011-01b-SEP-BLOG-02.jpg\" alt=\"\" width=\"550\" height=\"367\" srcset=\"http:\/\/desireemartinphoto.com\/blog\/wp-content\/uploads\/2011\/09\/DM-Vendimia-Geria-2011-01b-SEP-BLOG-02.jpg 550w, http:\/\/desireemartinphoto.com\/blog\/wp-content\/uploads\/2011\/09\/DM-Vendimia-Geria-2011-01b-SEP-BLOG-02-300x200.jpg 300w\" sizes=\"(max-width: 550px) 100vw, 550px\" \/><\/p>\n<p>&nbsp;<\/p>\n<p><img data-attachment-id=\"1068\" data-permalink=\"http:\/\/desireemartinphoto.com\/blog\/vendimia-de-la-geria-del-2011-la-peor-de-las-ultimos-70-anos\/spain-wine-harvest-3\/\" data-orig-file=\"http:\/\/desireemartinphoto.com\/blog\/wp-content\/uploads\/2011\/09\/DM-Vendimia-Geria-2011-01b-SEP-BLOG-031.jpg\" data-orig-size=\"550,343\" data-comments-opened=\"1\" data-image-meta=\"{&quot;aperture&quot;:&quot;5&quot;,&quot;credit&quot;:&quot;DESIREE MARTIN&quot;,&quot;camera&quot;:&quot;Canon EOS 5D Mark II&quot;,&quot;caption&quot;:&quot;Men collect grapes on August 25, 2011 in a vineyard in Uga, near the village of La Geria, on the Spanish Canary Island of Lanzarote, launching the grape harvest in Spain. AFP PHOTO \\\/ DESIREE MARTIN\\n\\nTO THIS REPORTAGE IT ENCLOSE TEXT&quot;,&quot;created_timestamp&quot;:&quot;1314256907&quot;,&quot;copyright&quot;:&quot;AFP ImageForum&quot;,&quot;focal_length&quot;:&quot;16&quot;,&quot;iso&quot;:&quot;500&quot;,&quot;shutter_speed&quot;:&quot;0.008&quot;,&quot;title&quot;:&quot;SPAIN-WINE-HARVEST&quot;}\" data-image-title=\"DM-Vendimia-Geria-2011-01b-SEP-BLOG-031\" data-image-description=\"\" data-medium-file=\"http:\/\/desireemartinphoto.com\/blog\/wp-content\/uploads\/2011\/09\/DM-Vendimia-Geria-2011-01b-SEP-BLOG-031-300x187.jpg\" data-large-file=\"http:\/\/desireemartinphoto.com\/blog\/wp-content\/uploads\/2011\/09\/DM-Vendimia-Geria-2011-01b-SEP-BLOG-031.jpg\" loading=\"lazy\" class=\"alignnone size-full wp-image-1068\" src=\"http:\/\/desireemartinphoto.com\/blog\/wp-content\/uploads\/2011\/09\/DM-Vendimia-Geria-2011-01b-SEP-BLOG-031.jpg\" alt=\"\" width=\"550\" height=\"343\" srcset=\"http:\/\/desireemartinphoto.com\/blog\/wp-content\/uploads\/2011\/09\/DM-Vendimia-Geria-2011-01b-SEP-BLOG-031.jpg 550w, http:\/\/desireemartinphoto.com\/blog\/wp-content\/uploads\/2011\/09\/DM-Vendimia-Geria-2011-01b-SEP-BLOG-031-300x187.jpg 300w\" sizes=\"(max-width: 550px) 100vw, 550px\" \/><\/p>\n<p>&#8220;En febrero hubo una peque\u00f1a ola de fr\u00edo que paraliz\u00f3 la parra&#8221; y en marzo, el mildium, un hongo, &#8220;castig\u00f3 bastante&#8221; la planta, a lo que sigui\u00f3 &#8220;una ola de calor a finales de marzo&#8221; y un verano fresco, enumera a la AFP Alejandro Besay Felipe, en\u00f3logo de la Bodega La Geria, situada en la regi\u00f3n del mismo nombre, declarada Parque Natural en 1987.<\/p>\n<p><img data-attachment-id=\"1069\" data-permalink=\"http:\/\/desireemartinphoto.com\/blog\/vendimia-de-la-geria-del-2011-la-peor-de-las-ultimos-70-anos\/spain-wine-harvest-4\/\" data-orig-file=\"http:\/\/desireemartinphoto.com\/blog\/wp-content\/uploads\/2011\/09\/DM-Vendimia-Geria-2011-01b-SEP-BLOG-04.jpg\" data-orig-size=\"550,331\" data-comments-opened=\"1\" data-image-meta=\"{&quot;aperture&quot;:&quot;2.8&quot;,&quot;credit&quot;:&quot;DESIREE MARTIN&quot;,&quot;camera&quot;:&quot;Canon EOS 5D Mark II&quot;,&quot;caption&quot;:&quot;Men collect grapes on August 25, 2011 in a vineyard in Uga, near the village of La Geria, on the Spanish Canary Island of Lanzarote, launching the grape harvest in Spain. AFP PHOTO \\\/ DESIREE MARTIN\\n\\nTO THIS REPORTAGE IT ENCLOSE TEXT&quot;,&quot;created_timestamp&quot;:&quot;1314273737&quot;,&quot;copyright&quot;:&quot;AFP ImageForum&quot;,&quot;focal_length&quot;:&quot;200&quot;,&quot;iso&quot;:&quot;200&quot;,&quot;shutter_speed&quot;:&quot;0.0004&quot;,&quot;title&quot;:&quot;SPAIN-WINE-HARVEST&quot;}\" data-image-title=\"DM-Vendimia-Geria-2011-01b-SEP-BLOG-04\" data-image-description=\"\" data-medium-file=\"http:\/\/desireemartinphoto.com\/blog\/wp-content\/uploads\/2011\/09\/DM-Vendimia-Geria-2011-01b-SEP-BLOG-04-300x180.jpg\" data-large-file=\"http:\/\/desireemartinphoto.com\/blog\/wp-content\/uploads\/2011\/09\/DM-Vendimia-Geria-2011-01b-SEP-BLOG-04.jpg\" loading=\"lazy\" class=\"alignnone size-full wp-image-1069\" src=\"http:\/\/desireemartinphoto.com\/blog\/wp-content\/uploads\/2011\/09\/DM-Vendimia-Geria-2011-01b-SEP-BLOG-04.jpg\" alt=\"\" width=\"550\" height=\"331\" srcset=\"http:\/\/desireemartinphoto.com\/blog\/wp-content\/uploads\/2011\/09\/DM-Vendimia-Geria-2011-01b-SEP-BLOG-04.jpg 550w, http:\/\/desireemartinphoto.com\/blog\/wp-content\/uploads\/2011\/09\/DM-Vendimia-Geria-2011-01b-SEP-BLOG-04-300x180.jpg 300w\" sizes=\"(max-width: 550px) 100vw, 550px\" \/><\/p>\n<p><img data-attachment-id=\"1070\" data-permalink=\"http:\/\/desireemartinphoto.com\/blog\/vendimia-de-la-geria-del-2011-la-peor-de-las-ultimos-70-anos\/spain-wine-harvest-5\/\" data-orig-file=\"http:\/\/desireemartinphoto.com\/blog\/wp-content\/uploads\/2011\/09\/DM-Vendimia-Geria-2011-01b-SEP-BLOG-05.jpg\" data-orig-size=\"550,367\" data-comments-opened=\"1\" data-image-meta=\"{&quot;aperture&quot;:&quot;5.6&quot;,&quot;credit&quot;:&quot;DESIREE MARTIN&quot;,&quot;camera&quot;:&quot;Canon EOS 5D Mark II&quot;,&quot;caption&quot;:&quot;Men collect grapes on August 25, 2011 in a vineyard in Uga, near the village of La Geria, on the Spanish Canary Island of Lanzarote, launching the grape harvest in Spain. AFP PHOTO \\\/ DESIREE MARTIN\\n\\nTO THIS REPORTAGE IT ENCLOSE TEXT&quot;,&quot;created_timestamp&quot;:&quot;1314255242&quot;,&quot;copyright&quot;:&quot;AFP ImageForum&quot;,&quot;focal_length&quot;:&quot;16&quot;,&quot;iso&quot;:&quot;1000&quot;,&quot;shutter_speed&quot;:&quot;0.008&quot;,&quot;title&quot;:&quot;SPAIN-WINE-HARVEST&quot;}\" data-image-title=\"DM-Vendimia-Geria-2011-01b-SEP-BLOG-05\" data-image-description=\"\" data-medium-file=\"http:\/\/desireemartinphoto.com\/blog\/wp-content\/uploads\/2011\/09\/DM-Vendimia-Geria-2011-01b-SEP-BLOG-05-300x200.jpg\" data-large-file=\"http:\/\/desireemartinphoto.com\/blog\/wp-content\/uploads\/2011\/09\/DM-Vendimia-Geria-2011-01b-SEP-BLOG-05.jpg\" loading=\"lazy\" class=\"alignnone size-full wp-image-1070\" src=\"http:\/\/desireemartinphoto.com\/blog\/wp-content\/uploads\/2011\/09\/DM-Vendimia-Geria-2011-01b-SEP-BLOG-05.jpg\" alt=\"\" width=\"550\" height=\"367\" srcset=\"http:\/\/desireemartinphoto.com\/blog\/wp-content\/uploads\/2011\/09\/DM-Vendimia-Geria-2011-01b-SEP-BLOG-05.jpg 550w, http:\/\/desireemartinphoto.com\/blog\/wp-content\/uploads\/2011\/09\/DM-Vendimia-Geria-2011-01b-SEP-BLOG-05-300x200.jpg 300w\" sizes=\"(max-width: 550px) 100vw, 550px\" \/><\/p>\n<p>La Geria, zona vitivin\u00edcola de Lanzarote por excelencia, es una \u00e1rea de terrenos muy f\u00e9rtiles que en el siglo XVIII fueron cubiertos por las cenizas procedentes de las erupciones que dieron lugar al conjunto volc\u00e1nico de Timanfaya.<\/p>\n<p>Tras esa \u00faltima gran erupci\u00f3n, los campesinos observaron que las plantas que sobrevivieron, generalmente frutales y vides, crec\u00edan sin dificultad, por lo que la viticultura se instaur\u00f3 en esta zona inh\u00f3spita, de suelo volc\u00e1nico y azotada por fuertes vientos.<\/p>\n<p>La t\u00e9cnica de cultivo de la vid consiste desde entonces en excavar un hoyo de unos 6 metros de di\u00e1metro y entre 2 metros y 2,5 metros de profundidad hasta llegar al sustrato que se encuentra bajo la capa volc\u00e1nica. La roca extra\u00edda sirve para levantar un murete que protege a la vid del viento.<\/p>\n<p><img data-attachment-id=\"1071\" data-permalink=\"http:\/\/desireemartinphoto.com\/blog\/vendimia-de-la-geria-del-2011-la-peor-de-las-ultimos-70-anos\/spain-wine-harvest-6\/\" data-orig-file=\"http:\/\/desireemartinphoto.com\/blog\/wp-content\/uploads\/2011\/09\/DM-Vendimia-Geria-2011-01b-SEP-BLOG-06.jpg\" data-orig-size=\"550,368\" data-comments-opened=\"1\" data-image-meta=\"{&quot;aperture&quot;:&quot;5.6&quot;,&quot;credit&quot;:&quot;DESIREE MARTIN&quot;,&quot;camera&quot;:&quot;Canon EOS 5D Mark II&quot;,&quot;caption&quot;:&quot;Men collect grapes on August 25, 2011 in a vineyard in Uga, near the village of La Geria, on the Spanish Canary Island of Lanzarote, launching the grape harvest in Spain. AFP PHOTO \\\/ DESIREE MARTIN\\n\\nTO THIS REPORTAGE IT ENCLOSE TEXT&quot;,&quot;created_timestamp&quot;:&quot;1314258931&quot;,&quot;copyright&quot;:&quot;AFP ImageForum&quot;,&quot;focal_length&quot;:&quot;16&quot;,&quot;iso&quot;:&quot;200&quot;,&quot;shutter_speed&quot;:&quot;0.0008&quot;,&quot;title&quot;:&quot;SPAIN-WINE-HARVEST&quot;}\" data-image-title=\"DM-Vendimia-Geria-2011-01b-SEP-BLOG-06\" data-image-description=\"\" data-medium-file=\"http:\/\/desireemartinphoto.com\/blog\/wp-content\/uploads\/2011\/09\/DM-Vendimia-Geria-2011-01b-SEP-BLOG-06-300x200.jpg\" data-large-file=\"http:\/\/desireemartinphoto.com\/blog\/wp-content\/uploads\/2011\/09\/DM-Vendimia-Geria-2011-01b-SEP-BLOG-06.jpg\" loading=\"lazy\" class=\"alignnone size-full wp-image-1071\" src=\"http:\/\/desireemartinphoto.com\/blog\/wp-content\/uploads\/2011\/09\/DM-Vendimia-Geria-2011-01b-SEP-BLOG-06.jpg\" alt=\"\" width=\"550\" height=\"368\" srcset=\"http:\/\/desireemartinphoto.com\/blog\/wp-content\/uploads\/2011\/09\/DM-Vendimia-Geria-2011-01b-SEP-BLOG-06.jpg 550w, http:\/\/desireemartinphoto.com\/blog\/wp-content\/uploads\/2011\/09\/DM-Vendimia-Geria-2011-01b-SEP-BLOG-06-300x200.jpg 300w\" sizes=\"(max-width: 550px) 100vw, 550px\" \/><\/p>\n<p>El descenso de la cosecha ha provocado la subida del precio: el kilo de uva se pagar\u00e1 en torno a los 2 euros frente da los 1,30 euros el kilo del a\u00f1o pasado, seg\u00fan Betancort.<\/p>\n<p>&#8220;La ca\u00edda de la producci\u00f3n va a afectar de forma notable a la venta&#8221;, reconoce Ram\u00f3n Meli\u00e1n, gerente de la Bodega La Geria, que se\u00f1ala que &#8220;en los \u00faltimos cuatro a\u00f1os se ha mejorado much\u00edsimo el esfuerzo comercial para dar a conocer el vino de Lanzarote fuera de Canarias&#8221;.<\/p>\n<p>Y recuerda que la filoxera, un par\u00e1sito que afecta a las vides en el resto de Europa, no llega ni a Lanzarote ni a las otras dos islas donde se cultiva la malvas\u00eda volc\u00e1nica, La Palma y Tenerife, aunque en mucha menor medida.<\/p>\n<p><img data-attachment-id=\"1072\" data-permalink=\"http:\/\/desireemartinphoto.com\/blog\/vendimia-de-la-geria-del-2011-la-peor-de-las-ultimos-70-anos\/spain-wine-harvest-7\/\" data-orig-file=\"http:\/\/desireemartinphoto.com\/blog\/wp-content\/uploads\/2011\/09\/DM-Vendimia-Geria-2011-01b-SEP-BLOG-07.jpg\" data-orig-size=\"550,367\" data-comments-opened=\"1\" data-image-meta=\"{&quot;aperture&quot;:&quot;3.5&quot;,&quot;credit&quot;:&quot;DESIREE MARTIN&quot;,&quot;camera&quot;:&quot;Canon EOS 5D Mark II&quot;,&quot;caption&quot;:&quot;Men collect grapes on August 25, 2011 in a vineyard in Uga, near the village of La Geria, on the Spanish Canary Island of Lanzarote, launching the grape harvest in Spain. AFP PHOTO \\\/ DESIREE MARTIN\\n\\nTO THIS REPORTAGE IT ENCLOSE TEXT&quot;,&quot;created_timestamp&quot;:&quot;1314276875&quot;,&quot;copyright&quot;:&quot;AFP ImageForum&quot;,&quot;focal_length&quot;:&quot;16&quot;,&quot;iso&quot;:&quot;400&quot;,&quot;shutter_speed&quot;:&quot;0.000125&quot;,&quot;title&quot;:&quot;SPAIN-WINE-HARVEST&quot;}\" data-image-title=\"DM-Vendimia-Geria-2011-01b-SEP-BLOG-07\" data-image-description=\"\" data-medium-file=\"http:\/\/desireemartinphoto.com\/blog\/wp-content\/uploads\/2011\/09\/DM-Vendimia-Geria-2011-01b-SEP-BLOG-07-300x200.jpg\" data-large-file=\"http:\/\/desireemartinphoto.com\/blog\/wp-content\/uploads\/2011\/09\/DM-Vendimia-Geria-2011-01b-SEP-BLOG-07.jpg\" loading=\"lazy\" class=\"alignnone size-full wp-image-1072\" src=\"http:\/\/desireemartinphoto.com\/blog\/wp-content\/uploads\/2011\/09\/DM-Vendimia-Geria-2011-01b-SEP-BLOG-07.jpg\" alt=\"\" width=\"550\" height=\"367\" srcset=\"http:\/\/desireemartinphoto.com\/blog\/wp-content\/uploads\/2011\/09\/DM-Vendimia-Geria-2011-01b-SEP-BLOG-07.jpg 550w, http:\/\/desireemartinphoto.com\/blog\/wp-content\/uploads\/2011\/09\/DM-Vendimia-Geria-2011-01b-SEP-BLOG-07-300x200.jpg 300w\" sizes=\"(max-width: 550px) 100vw, 550px\" \/><\/p>\n<p><img data-attachment-id=\"1073\" data-permalink=\"http:\/\/desireemartinphoto.com\/blog\/vendimia-de-la-geria-del-2011-la-peor-de-las-ultimos-70-anos\/spain-wine-harvest-8\/\" data-orig-file=\"http:\/\/desireemartinphoto.com\/blog\/wp-content\/uploads\/2011\/09\/DM-Vendimia-Geria-2011-01b-SEP-BLOG-08.jpg\" data-orig-size=\"550,367\" data-comments-opened=\"1\" data-image-meta=\"{&quot;aperture&quot;:&quot;7.1&quot;,&quot;credit&quot;:&quot;DESIREE MARTIN&quot;,&quot;camera&quot;:&quot;Canon EOS 5D Mark II&quot;,&quot;caption&quot;:&quot;Men collect grapes on August 25, 2011 in a vineyard in Uga, near the village of La Geria, on the Spanish Canary Island of Lanzarote, launching the grape harvest in Spain. AFP PHOTO \\\/ DESIREE MARTIN\\n\\nTO THIS REPORTAGE IT ENCLOSE TEXT&quot;,&quot;created_timestamp&quot;:&quot;1314257468&quot;,&quot;copyright&quot;:&quot;AFP ImageForum&quot;,&quot;focal_length&quot;:&quot;16&quot;,&quot;iso&quot;:&quot;250&quot;,&quot;shutter_speed&quot;:&quot;0.005&quot;,&quot;title&quot;:&quot;SPAIN-WINE-HARVEST&quot;}\" data-image-title=\"DM-Vendimia-Geria-2011-01b-SEP-BLOG-08\" data-image-description=\"\" data-medium-file=\"http:\/\/desireemartinphoto.com\/blog\/wp-content\/uploads\/2011\/09\/DM-Vendimia-Geria-2011-01b-SEP-BLOG-08-300x200.jpg\" data-large-file=\"http:\/\/desireemartinphoto.com\/blog\/wp-content\/uploads\/2011\/09\/DM-Vendimia-Geria-2011-01b-SEP-BLOG-08.jpg\" loading=\"lazy\" class=\"alignnone size-full wp-image-1073\" src=\"http:\/\/desireemartinphoto.com\/blog\/wp-content\/uploads\/2011\/09\/DM-Vendimia-Geria-2011-01b-SEP-BLOG-08.jpg\" alt=\"\" width=\"550\" height=\"367\" srcset=\"http:\/\/desireemartinphoto.com\/blog\/wp-content\/uploads\/2011\/09\/DM-Vendimia-Geria-2011-01b-SEP-BLOG-08.jpg 550w, http:\/\/desireemartinphoto.com\/blog\/wp-content\/uploads\/2011\/09\/DM-Vendimia-Geria-2011-01b-SEP-BLOG-08-300x200.jpg 300w\" sizes=\"(max-width: 550px) 100vw, 550px\" \/><\/p>\n<p><img data-attachment-id=\"1074\" data-permalink=\"http:\/\/desireemartinphoto.com\/blog\/vendimia-de-la-geria-del-2011-la-peor-de-las-ultimos-70-anos\/spain-wine-harvest-9\/\" data-orig-file=\"http:\/\/desireemartinphoto.com\/blog\/wp-content\/uploads\/2011\/09\/DM-Vendimia-Geria-2011-01b-SEP-BLOG-09.jpg\" data-orig-size=\"550,367\" data-comments-opened=\"1\" data-image-meta=\"{&quot;aperture&quot;:&quot;5.6&quot;,&quot;credit&quot;:&quot;DESIREE MARTIN&quot;,&quot;camera&quot;:&quot;Canon EOS 5D Mark II&quot;,&quot;caption&quot;:&quot;Men collect grapes on August 25, 2011 in a vineyard in Uga, near the village of La Geria, on the Spanish Canary Island of Lanzarote, launching the grape harvest in Spain. AFP PHOTO \\\/ DESIREE MARTIN\\n\\nTO THIS REPORTAGE IT ENCLOSE TEXT&quot;,&quot;created_timestamp&quot;:&quot;1314259176&quot;,&quot;copyright&quot;:&quot;AFP ImageForum&quot;,&quot;focal_length&quot;:&quot;16&quot;,&quot;iso&quot;:&quot;200&quot;,&quot;shutter_speed&quot;:&quot;0.001&quot;,&quot;title&quot;:&quot;SPAIN-WINE-HARVEST&quot;}\" data-image-title=\"DM-Vendimia-Geria-2011-01b-SEP-BLOG-09\" data-image-description=\"\" data-medium-file=\"http:\/\/desireemartinphoto.com\/blog\/wp-content\/uploads\/2011\/09\/DM-Vendimia-Geria-2011-01b-SEP-BLOG-09-300x200.jpg\" data-large-file=\"http:\/\/desireemartinphoto.com\/blog\/wp-content\/uploads\/2011\/09\/DM-Vendimia-Geria-2011-01b-SEP-BLOG-09.jpg\" loading=\"lazy\" class=\"alignnone size-full wp-image-1074\" src=\"http:\/\/desireemartinphoto.com\/blog\/wp-content\/uploads\/2011\/09\/DM-Vendimia-Geria-2011-01b-SEP-BLOG-09.jpg\" alt=\"\" width=\"550\" height=\"367\" srcset=\"http:\/\/desireemartinphoto.com\/blog\/wp-content\/uploads\/2011\/09\/DM-Vendimia-Geria-2011-01b-SEP-BLOG-09.jpg 550w, http:\/\/desireemartinphoto.com\/blog\/wp-content\/uploads\/2011\/09\/DM-Vendimia-Geria-2011-01b-SEP-BLOG-09-300x200.jpg 300w\" sizes=\"(max-width: 550px) 100vw, 550px\" \/><\/p>\n<p><img data-attachment-id=\"1075\" data-permalink=\"http:\/\/desireemartinphoto.com\/blog\/vendimia-de-la-geria-del-2011-la-peor-de-las-ultimos-70-anos\/dm-vendimia-geria-2011-01b-sep-blog-10\/\" data-orig-file=\"http:\/\/desireemartinphoto.com\/blog\/wp-content\/uploads\/2011\/09\/DM-Vendimia-Geria-2011-01b-SEP-BLOG-10.jpg\" data-orig-size=\"550,316\" data-comments-opened=\"1\" data-image-meta=\"{&quot;aperture&quot;:&quot;5.6&quot;,&quot;credit&quot;:&quot;&quot;,&quot;camera&quot;:&quot;Canon EOS 5D Mark II&quot;,&quot;caption&quot;:&quot;&quot;,&quot;created_timestamp&quot;:&quot;1314273622&quot;,&quot;copyright&quot;:&quot;&quot;,&quot;focal_length&quot;:&quot;135&quot;,&quot;iso&quot;:&quot;200&quot;,&quot;shutter_speed&quot;:&quot;0.002&quot;,&quot;title&quot;:&quot;&quot;}\" data-image-title=\"DM-Vendimia-Geria-2011-01b-SEP-BLOG-10\" data-image-description=\"\" data-medium-file=\"http:\/\/desireemartinphoto.com\/blog\/wp-content\/uploads\/2011\/09\/DM-Vendimia-Geria-2011-01b-SEP-BLOG-10-300x172.jpg\" data-large-file=\"http:\/\/desireemartinphoto.com\/blog\/wp-content\/uploads\/2011\/09\/DM-Vendimia-Geria-2011-01b-SEP-BLOG-10.jpg\" loading=\"lazy\" class=\"alignnone size-full wp-image-1075\" src=\"http:\/\/desireemartinphoto.com\/blog\/wp-content\/uploads\/2011\/09\/DM-Vendimia-Geria-2011-01b-SEP-BLOG-10.jpg\" alt=\"\" width=\"550\" height=\"316\" srcset=\"http:\/\/desireemartinphoto.com\/blog\/wp-content\/uploads\/2011\/09\/DM-Vendimia-Geria-2011-01b-SEP-BLOG-10.jpg 550w, http:\/\/desireemartinphoto.com\/blog\/wp-content\/uploads\/2011\/09\/DM-Vendimia-Geria-2011-01b-SEP-BLOG-10-300x172.jpg 300w\" sizes=\"(max-width: 550px) 100vw, 550px\" \/><\/p>\n<p><img data-attachment-id=\"1076\" data-permalink=\"http:\/\/desireemartinphoto.com\/blog\/vendimia-de-la-geria-del-2011-la-peor-de-las-ultimos-70-anos\/dm-vendimia-geria-2011-01b-sep-blog-11\/\" data-orig-file=\"http:\/\/desireemartinphoto.com\/blog\/wp-content\/uploads\/2011\/09\/DM-Vendimia-Geria-2011-01b-SEP-BLOG-11.jpg\" data-orig-size=\"550,345\" data-comments-opened=\"1\" data-image-meta=\"{&quot;aperture&quot;:&quot;4.5&quot;,&quot;credit&quot;:&quot;&quot;,&quot;camera&quot;:&quot;Canon EOS 5D Mark II&quot;,&quot;caption&quot;:&quot;&quot;,&quot;created_timestamp&quot;:&quot;1314254521&quot;,&quot;copyright&quot;:&quot;&quot;,&quot;focal_length&quot;:&quot;16&quot;,&quot;iso&quot;:&quot;1000&quot;,&quot;shutter_speed&quot;:&quot;0.00625&quot;,&quot;title&quot;:&quot;&quot;}\" data-image-title=\"DM-Vendimia-Geria-2011-01b-SEP-BLOG-11\" data-image-description=\"\" data-medium-file=\"http:\/\/desireemartinphoto.com\/blog\/wp-content\/uploads\/2011\/09\/DM-Vendimia-Geria-2011-01b-SEP-BLOG-11-300x188.jpg\" data-large-file=\"http:\/\/desireemartinphoto.com\/blog\/wp-content\/uploads\/2011\/09\/DM-Vendimia-Geria-2011-01b-SEP-BLOG-11.jpg\" loading=\"lazy\" class=\"alignnone size-full wp-image-1076\" src=\"http:\/\/desireemartinphoto.com\/blog\/wp-content\/uploads\/2011\/09\/DM-Vendimia-Geria-2011-01b-SEP-BLOG-11.jpg\" alt=\"\" width=\"550\" height=\"345\" srcset=\"http:\/\/desireemartinphoto.com\/blog\/wp-content\/uploads\/2011\/09\/DM-Vendimia-Geria-2011-01b-SEP-BLOG-11.jpg 550w, http:\/\/desireemartinphoto.com\/blog\/wp-content\/uploads\/2011\/09\/DM-Vendimia-Geria-2011-01b-SEP-BLOG-11-300x188.jpg 300w\" sizes=\"(max-width: 550px) 100vw, 550px\" \/><\/p>\n<p><img data-attachment-id=\"1077\" data-permalink=\"http:\/\/desireemartinphoto.com\/blog\/vendimia-de-la-geria-del-2011-la-peor-de-las-ultimos-70-anos\/dm-vendimia-geria-2011-01b-sep-blog-12\/\" data-orig-file=\"http:\/\/desireemartinphoto.com\/blog\/wp-content\/uploads\/2011\/09\/DM-Vendimia-Geria-2011-01b-SEP-BLOG-12.jpg\" data-orig-size=\"550,367\" data-comments-opened=\"1\" data-image-meta=\"{&quot;aperture&quot;:&quot;4&quot;,&quot;credit&quot;:&quot;&quot;,&quot;camera&quot;:&quot;Canon EOS 5D Mark II&quot;,&quot;caption&quot;:&quot;&quot;,&quot;created_timestamp&quot;:&quot;1314274608&quot;,&quot;copyright&quot;:&quot;&quot;,&quot;focal_length&quot;:&quot;153&quot;,&quot;iso&quot;:&quot;400&quot;,&quot;shutter_speed&quot;:&quot;0.000125&quot;,&quot;title&quot;:&quot;&quot;}\" data-image-title=\"DM-Vendimia-Geria-2011-01b-SEP-BLOG-12\" data-image-description=\"\" data-medium-file=\"http:\/\/desireemartinphoto.com\/blog\/wp-content\/uploads\/2011\/09\/DM-Vendimia-Geria-2011-01b-SEP-BLOG-12-300x200.jpg\" data-large-file=\"http:\/\/desireemartinphoto.com\/blog\/wp-content\/uploads\/2011\/09\/DM-Vendimia-Geria-2011-01b-SEP-BLOG-12.jpg\" loading=\"lazy\" class=\"alignnone size-full wp-image-1077\" src=\"http:\/\/desireemartinphoto.com\/blog\/wp-content\/uploads\/2011\/09\/DM-Vendimia-Geria-2011-01b-SEP-BLOG-12.jpg\" alt=\"\" width=\"550\" height=\"367\" srcset=\"http:\/\/desireemartinphoto.com\/blog\/wp-content\/uploads\/2011\/09\/DM-Vendimia-Geria-2011-01b-SEP-BLOG-12.jpg 550w, http:\/\/desireemartinphoto.com\/blog\/wp-content\/uploads\/2011\/09\/DM-Vendimia-Geria-2011-01b-SEP-BLOG-12-300x200.jpg 300w\" sizes=\"(max-width: 550px) 100vw, 550px\" \/><\/p>\n<p><img data-attachment-id=\"1078\" data-permalink=\"http:\/\/desireemartinphoto.com\/blog\/vendimia-de-la-geria-del-2011-la-peor-de-las-ultimos-70-anos\/dm-vendimia-geria-2011-01b-sep-blog-13\/\" data-orig-file=\"http:\/\/desireemartinphoto.com\/blog\/wp-content\/uploads\/2011\/09\/DM-Vendimia-Geria-2011-01b-SEP-BLOG-13.jpg\" data-orig-size=\"550,367\" data-comments-opened=\"1\" data-image-meta=\"{&quot;aperture&quot;:&quot;5.6&quot;,&quot;credit&quot;:&quot;&quot;,&quot;camera&quot;:&quot;Canon EOS 5D Mark II&quot;,&quot;caption&quot;:&quot;&quot;,&quot;created_timestamp&quot;:&quot;1314258770&quot;,&quot;copyright&quot;:&quot;&quot;,&quot;focal_length&quot;:&quot;140&quot;,&quot;iso&quot;:&quot;200&quot;,&quot;shutter_speed&quot;:&quot;0.002&quot;,&quot;title&quot;:&quot;&quot;}\" data-image-title=\"DM-Vendimia-Geria-2011-01b-SEP-BLOG-13\" data-image-description=\"\" data-medium-file=\"http:\/\/desireemartinphoto.com\/blog\/wp-content\/uploads\/2011\/09\/DM-Vendimia-Geria-2011-01b-SEP-BLOG-13-300x200.jpg\" data-large-file=\"http:\/\/desireemartinphoto.com\/blog\/wp-content\/uploads\/2011\/09\/DM-Vendimia-Geria-2011-01b-SEP-BLOG-13.jpg\" loading=\"lazy\" class=\"alignnone size-full wp-image-1078\" src=\"http:\/\/desireemartinphoto.com\/blog\/wp-content\/uploads\/2011\/09\/DM-Vendimia-Geria-2011-01b-SEP-BLOG-13.jpg\" alt=\"\" width=\"550\" height=\"367\" srcset=\"http:\/\/desireemartinphoto.com\/blog\/wp-content\/uploads\/2011\/09\/DM-Vendimia-Geria-2011-01b-SEP-BLOG-13.jpg 550w, http:\/\/desireemartinphoto.com\/blog\/wp-content\/uploads\/2011\/09\/DM-Vendimia-Geria-2011-01b-SEP-BLOG-13-300x200.jpg 300w\" sizes=\"(max-width: 550px) 100vw, 550px\" \/><\/p>\n<p><img data-attachment-id=\"1082\" data-permalink=\"http:\/\/desireemartinphoto.com\/blog\/vendimia-de-la-geria-del-2011-la-peor-de-las-ultimos-70-anos\/dm-vendimia-geria-2011-01b-sep-blog-14\/\" data-orig-file=\"http:\/\/desireemartinphoto.com\/blog\/wp-content\/uploads\/2011\/09\/DM-Vendimia-Geria-2011-01b-SEP-BLOG-14.jpg\" data-orig-size=\"550,367\" data-comments-opened=\"1\" data-image-meta=\"{&quot;aperture&quot;:&quot;5&quot;,&quot;credit&quot;:&quot;&quot;,&quot;camera&quot;:&quot;Canon EOS 5D Mark II&quot;,&quot;caption&quot;:&quot;&quot;,&quot;created_timestamp&quot;:&quot;1314256520&quot;,&quot;copyright&quot;:&quot;&quot;,&quot;focal_length&quot;:&quot;16&quot;,&quot;iso&quot;:&quot;500&quot;,&quot;shutter_speed&quot;:&quot;0.004&quot;,&quot;title&quot;:&quot;&quot;}\" data-image-title=\"DM-Vendimia-Geria-2011-01b-SEP-BLOG-14\" data-image-description=\"\" data-medium-file=\"http:\/\/desireemartinphoto.com\/blog\/wp-content\/uploads\/2011\/09\/DM-Vendimia-Geria-2011-01b-SEP-BLOG-14-300x200.jpg\" data-large-file=\"http:\/\/desireemartinphoto.com\/blog\/wp-content\/uploads\/2011\/09\/DM-Vendimia-Geria-2011-01b-SEP-BLOG-14.jpg\" loading=\"lazy\" class=\"alignnone size-full wp-image-1082\" src=\"http:\/\/desireemartinphoto.com\/blog\/wp-content\/uploads\/2011\/09\/DM-Vendimia-Geria-2011-01b-SEP-BLOG-14.jpg\" alt=\"\" width=\"550\" height=\"367\" srcset=\"http:\/\/desireemartinphoto.com\/blog\/wp-content\/uploads\/2011\/09\/DM-Vendimia-Geria-2011-01b-SEP-BLOG-14.jpg 550w, http:\/\/desireemartinphoto.com\/blog\/wp-content\/uploads\/2011\/09\/DM-Vendimia-Geria-2011-01b-SEP-BLOG-14-300x200.jpg 300w\" sizes=\"(max-width: 550px) 100vw, 550px\" \/><\/p>\n<p><img data-attachment-id=\"1083\" data-permalink=\"http:\/\/desireemartinphoto.com\/blog\/vendimia-de-la-geria-del-2011-la-peor-de-las-ultimos-70-anos\/spain-wine-harvest-10\/\" data-orig-file=\"http:\/\/desireemartinphoto.com\/blog\/wp-content\/uploads\/2011\/09\/DM-Vendimia-Geria-2011-01b-SEP-BLOG-15.jpg\" data-orig-size=\"550,342\" data-comments-opened=\"1\" data-image-meta=\"{&quot;aperture&quot;:&quot;2.8&quot;,&quot;credit&quot;:&quot;DESIREE MARTIN&quot;,&quot;camera&quot;:&quot;Canon EOS 5D Mark II&quot;,&quot;caption&quot;:&quot;Men collect grapes on August 25, 2011 in a vineyard in Uga, near the village of La Geria, on the Spanish Canary Island of Lanzarote, launching the grape harvest in Spain. AFP PHOTO \\\/ DESIREE MARTIN\\n\\nTO THIS REPORTAGE IT ENCLOSE TEXT&quot;,&quot;created_timestamp&quot;:&quot;1314275789&quot;,&quot;copyright&quot;:&quot;AFP ImageForum&quot;,&quot;focal_length&quot;:&quot;115&quot;,&quot;iso&quot;:&quot;400&quot;,&quot;shutter_speed&quot;:&quot;0.00015625&quot;,&quot;title&quot;:&quot;SPAIN-WINE-HARVEST&quot;}\" data-image-title=\"DM-Vendimia-Geria-2011-01b-SEP-BLOG-15\" data-image-description=\"\" data-medium-file=\"http:\/\/desireemartinphoto.com\/blog\/wp-content\/uploads\/2011\/09\/DM-Vendimia-Geria-2011-01b-SEP-BLOG-15-300x186.jpg\" data-large-file=\"http:\/\/desireemartinphoto.com\/blog\/wp-content\/uploads\/2011\/09\/DM-Vendimia-Geria-2011-01b-SEP-BLOG-15.jpg\" loading=\"lazy\" class=\"alignnone size-full wp-image-1083\" src=\"http:\/\/desireemartinphoto.com\/blog\/wp-content\/uploads\/2011\/09\/DM-Vendimia-Geria-2011-01b-SEP-BLOG-15.jpg\" alt=\"\" width=\"550\" height=\"342\" srcset=\"http:\/\/desireemartinphoto.com\/blog\/wp-content\/uploads\/2011\/09\/DM-Vendimia-Geria-2011-01b-SEP-BLOG-15.jpg 550w, http:\/\/desireemartinphoto.com\/blog\/wp-content\/uploads\/2011\/09\/DM-Vendimia-Geria-2011-01b-SEP-BLOG-15-300x186.jpg 300w\" sizes=\"(max-width: 550px) 100vw, 550px\" \/><\/p>\n<p><img data-attachment-id=\"1084\" data-permalink=\"http:\/\/desireemartinphoto.com\/blog\/vendimia-de-la-geria-del-2011-la-peor-de-las-ultimos-70-anos\/spain-wine-harvest-11\/\" data-orig-file=\"http:\/\/desireemartinphoto.com\/blog\/wp-content\/uploads\/2011\/09\/DM-Vendimia-Geria-2011-01b-SEP-BLOG-16.jpg\" data-orig-size=\"550,825\" data-comments-opened=\"1\" data-image-meta=\"{&quot;aperture&quot;:&quot;7.1&quot;,&quot;credit&quot;:&quot;DESIREE MARTIN&quot;,&quot;camera&quot;:&quot;Canon EOS 5D Mark II&quot;,&quot;caption&quot;:&quot;Men process grapes on August 25, 2011 in a vineyard in Uga, near the village of La Geria, on the Spanish Canary Island of Lanzarote, launching the grape harvest in Spain. AFP PHOTO \\\/ DESIREE MARTIN\\n\\nTO THIS REPORTAGE IT ENCLOSE TEXT&quot;,&quot;created_timestamp&quot;:&quot;1314266626&quot;,&quot;copyright&quot;:&quot;AFP ImageForum&quot;,&quot;focal_length&quot;:&quot;16&quot;,&quot;iso&quot;:&quot;100&quot;,&quot;shutter_speed&quot;:&quot;0.005&quot;,&quot;title&quot;:&quot;SPAIN-WINE-HARVEST&quot;}\" data-image-title=\"DM-Vendimia-Geria-2011-01b-SEP-BLOG-16\" data-image-description=\"\" data-medium-file=\"http:\/\/desireemartinphoto.com\/blog\/wp-content\/uploads\/2011\/09\/DM-Vendimia-Geria-2011-01b-SEP-BLOG-16-200x300.jpg\" data-large-file=\"http:\/\/desireemartinphoto.com\/blog\/wp-content\/uploads\/2011\/09\/DM-Vendimia-Geria-2011-01b-SEP-BLOG-16.jpg\" loading=\"lazy\" class=\"alignnone size-full wp-image-1084\" src=\"http:\/\/desireemartinphoto.com\/blog\/wp-content\/uploads\/2011\/09\/DM-Vendimia-Geria-2011-01b-SEP-BLOG-16.jpg\" alt=\"\" width=\"550\" height=\"825\" srcset=\"http:\/\/desireemartinphoto.com\/blog\/wp-content\/uploads\/2011\/09\/DM-Vendimia-Geria-2011-01b-SEP-BLOG-16.jpg 550w, http:\/\/desireemartinphoto.com\/blog\/wp-content\/uploads\/2011\/09\/DM-Vendimia-Geria-2011-01b-SEP-BLOG-16-200x300.jpg 200w\" sizes=\"(max-width: 550px) 100vw, 550px\" \/><\/p>\n<p><img data-attachment-id=\"1085\" data-permalink=\"http:\/\/desireemartinphoto.com\/blog\/vendimia-de-la-geria-del-2011-la-peor-de-las-ultimos-70-anos\/dm-vendimia-geria-2011-01b-sep-blog-17\/\" data-orig-file=\"http:\/\/desireemartinphoto.com\/blog\/wp-content\/uploads\/2011\/09\/DM-Vendimia-Geria-2011-01b-SEP-BLOG-17.jpg\" data-orig-size=\"550,110\" data-comments-opened=\"1\" data-image-meta=\"{&quot;aperture&quot;:&quot;0&quot;,&quot;credit&quot;:&quot;&quot;,&quot;camera&quot;:&quot;&quot;,&quot;caption&quot;:&quot;&quot;,&quot;created_timestamp&quot;:&quot;1314883976&quot;,&quot;copyright&quot;:&quot;&quot;,&quot;focal_length&quot;:&quot;0&quot;,&quot;iso&quot;:&quot;0&quot;,&quot;shutter_speed&quot;:&quot;0&quot;,&quot;title&quot;:&quot;&quot;}\" data-image-title=\"DM-Vendimia-Geria-2011-01b-SEP-BLOG-17\" data-image-description=\"\" data-medium-file=\"http:\/\/desireemartinphoto.com\/blog\/wp-content\/uploads\/2011\/09\/DM-Vendimia-Geria-2011-01b-SEP-BLOG-17-300x59.jpg\" data-large-file=\"http:\/\/desireemartinphoto.com\/blog\/wp-content\/uploads\/2011\/09\/DM-Vendimia-Geria-2011-01b-SEP-BLOG-17.jpg\" loading=\"lazy\" class=\"alignnone size-full wp-image-1085\" src=\"http:\/\/desireemartinphoto.com\/blog\/wp-content\/uploads\/2011\/09\/DM-Vendimia-Geria-2011-01b-SEP-BLOG-17.jpg\" alt=\"\" width=\"550\" height=\"110\" srcset=\"http:\/\/desireemartinphoto.com\/blog\/wp-content\/uploads\/2011\/09\/DM-Vendimia-Geria-2011-01b-SEP-BLOG-17.jpg 550w, http:\/\/desireemartinphoto.com\/blog\/wp-content\/uploads\/2011\/09\/DM-Vendimia-Geria-2011-01b-SEP-BLOG-17-300x59.jpg 300w\" sizes=\"(max-width: 550px) 100vw, 550px\" \/><\/p>\n<p>&nbsp;<\/p>\n<p>Much\u00edsimas gracias a Fabiola y Alejandro de la BODEGA LA GERIA , por su trato profesional y buen que hacer. Un gran abrazo y hasta la pr\u00f3xima!!<\/p>\n<div class=\"sharedaddy sd-sharing-enabled\"><div class=\"robots-nocontent sd-block sd-social sd-social-icon-text sd-sharing\"><h3 class=\"sd-title\">COMPARTE ESTO:<\/h3><div class=\"sd-content\"><ul><li class=\"share-facebook\"><a rel=\"nofollow noopener noreferrer\" data-shared=\"sharing-facebook-1064\" class=\"share-facebook sd-button share-icon\" href=\"http:\/\/desireemartinphoto.com\/blog\/vendimia-de-la-geria-del-2011-la-peor-de-las-ultimos-70-anos\/?share=facebook\" target=\"_blank\" title=\"Haz clic para compartir en Facebook\"><span>Facebook<\/span><\/a><\/li><li class=\"share-twitter\"><a rel=\"nofollow noopener noreferrer\" data-shared=\"sharing-twitter-1064\" class=\"share-twitter sd-button share-icon\" href=\"http:\/\/desireemartinphoto.com\/blog\/vendimia-de-la-geria-del-2011-la-peor-de-las-ultimos-70-anos\/?share=twitter\" target=\"_blank\" title=\"Haz clic para compartir en Twitter\"><span>Twitter<\/span><\/a><\/li><li class=\"share-email\"><a rel=\"nofollow noopener noreferrer\" data-shared=\"\" class=\"share-email sd-button share-icon\" href=\"http:\/\/desireemartinphoto.com\/blog\/vendimia-de-la-geria-del-2011-la-peor-de-las-ultimos-70-anos\/?share=email\" target=\"_blank\" title=\"Haz clic para enviar por correo electr\u00f3nico a un amigo\"><span>Correo electr\u00f3nico<\/span><\/a><\/li><li class=\"share-linkedin\"><a rel=\"nofollow noopener noreferrer\" data-shared=\"sharing-linkedin-1064\" class=\"share-linkedin sd-button share-icon\" href=\"http:\/\/desireemartinphoto.com\/blog\/vendimia-de-la-geria-del-2011-la-peor-de-las-ultimos-70-anos\/?share=linkedin\" target=\"_blank\" title=\"Haz clic para compartir en LinkedIn\"><span>LinkedIn<\/span><\/a><\/li><li class=\"share-tumblr\"><a rel=\"nofollow noopener noreferrer\" data-shared=\"\" class=\"share-tumblr sd-button share-icon\" href=\"http:\/\/desireemartinphoto.com\/blog\/vendimia-de-la-geria-del-2011-la-peor-de-las-ultimos-70-anos\/?share=tumblr\" target=\"_blank\" title=\"Haz clic para compartir en Tumblr\"><span>Tumblr<\/span><\/a><\/li><li class=\"share-end\"><\/li><\/ul><\/div><\/div><\/div>","protected":false},"excerpt":{"rendered":"<p>&nbsp; La primera vendimia de Europa, la de la malvas\u00eda de Lanzarote, en las islas Canarias, recoge estos d\u00edas una cosecha que ha ca\u00eddo en dos tercios por la inestabilidad del clima y las enfermedades sufridas por un cultivo \u00fanico que crece en un paisaje modelado por los volcanes. &nbsp; Los viticultores de Lanzarote, situada [&#038;hellip<\/p>\n<div class=\"sharedaddy sd-sharing-enabled\"><div class=\"robots-nocontent sd-block sd-social sd-social-icon-text sd-sharing\"><h3 class=\"sd-title\">COMPARTE ESTO:<\/h3><div class=\"sd-content\"><ul><li class=\"share-facebook\"><a rel=\"nofollow noopener noreferrer\" data-shared=\"sharing-facebook-1064\" class=\"share-facebook sd-button share-icon\" href=\"http:\/\/desireemartinphoto.com\/blog\/vendimia-de-la-geria-del-2011-la-peor-de-las-ultimos-70-anos\/?share=facebook\" target=\"_blank\" title=\"Haz clic para compartir en Facebook\"><span>Facebook<\/span><\/a><\/li><li class=\"share-twitter\"><a rel=\"nofollow noopener noreferrer\" data-shared=\"sharing-twitter-1064\" class=\"share-twitter sd-button share-icon\" href=\"http:\/\/desireemartinphoto.com\/blog\/vendimia-de-la-geria-del-2011-la-peor-de-las-ultimos-70-anos\/?share=twitter\" target=\"_blank\" title=\"Haz clic para compartir en Twitter\"><span>Twitter<\/span><\/a><\/li><li class=\"share-email\"><a rel=\"nofollow noopener noreferrer\" data-shared=\"\" class=\"share-email sd-button share-icon\" href=\"http:\/\/desireemartinphoto.com\/blog\/vendimia-de-la-geria-del-2011-la-peor-de-las-ultimos-70-anos\/?share=email\" target=\"_blank\" title=\"Haz clic para enviar por correo electr\u00f3nico a un amigo\"><span>Correo electr\u00f3nico<\/span><\/a><\/li><li class=\"share-linkedin\"><a rel=\"nofollow noopener noreferrer\" data-shared=\"sharing-linkedin-1064\" class=\"share-linkedin sd-button share-icon\" href=\"http:\/\/desireemartinphoto.com\/blog\/vendimia-de-la-geria-del-2011-la-peor-de-las-ultimos-70-anos\/?share=linkedin\" target=\"_blank\" title=\"Haz clic para compartir en LinkedIn\"><span>LinkedIn<\/span><\/a><\/li><li class=\"share-tumblr\"><a rel=\"nofollow noopener noreferrer\" data-shared=\"\" class=\"share-tumblr sd-button share-icon\" href=\"http:\/\/desireemartinphoto.com\/blog\/vendimia-de-la-geria-del-2011-la-peor-de-las-ultimos-70-anos\/?share=tumblr\" target=\"_blank\" title=\"Haz clic para compartir en Tumblr\"><span>Tumblr<\/span><\/a><\/li><li class=\"share-end\"><\/li><\/ul><\/div><\/div><\/div>","protected":false},"author":1,"featured_media":0,"comment_status":"open","ping_status":"open","sticky":false,"template":"","format":"standard","meta":{"spay_email":""},"categories":[1],"tags":[178,192,32,194,190,34,116,193,35,33,133,191],"jetpack_featured_media_url":"","jetpack_sharing_enabled":true,"_links":{"self":[{"href":"http:\/\/desireemartinphoto.com\/blog\/wp-json\/wp\/v2\/posts\/1064"}],"collection":[{"href":"http:\/\/desireemartinphoto.com\/blog\/wp-json\/wp\/v2\/posts"}],"about":[{"href":"http:\/\/desireemartinphoto.com\/blog\/wp-json\/wp\/v2\/types\/post"}],"author":[{"embeddable":true,"href":"http:\/\/desireemartinphoto.com\/blog\/wp-json\/wp\/v2\/users\/1"}],"replies":[{"embeddable":true,"href":"http:\/\/desireemartinphoto.com\/blog\/wp-json\/wp\/v2\/comments?post=1064"}],"version-history":[{"count":8,"href":"http:\/\/desireemartinphoto.com\/blog\/wp-json\/wp\/v2\/posts\/1064\/revisions"}],"predecessor-version":[{"id":1090,"href":"http:\/\/desireemartinphoto.com\/blog\/wp-json\/wp\/v2\/posts\/1064\/revisions\/1090"}],"wp:attachment":[{"href":"http:\/\/desireemartinphoto.com\/blog\/wp-json\/wp\/v2\/media?parent=1064"}],"wp:term":[{"taxonomy":"category","embeddable":true,"href":"http:\/\/desireemartinphoto.com\/blog\/wp-json\/wp\/v2\/categories?post=1064"},{"taxonomy":"post_tag","embeddable":true,"href":"http:\/\/desireemartinphoto.com\/blog\/wp-json\/wp\/v2\/tags?post=1064"}],"curies":[{"name":"wp","href":"https:\/\/api.w.org\/{rel}","templated":true}]}}