{"id":1039,"date":"2011-08-09T01:03:28","date_gmt":"2011-08-09T01:03:28","guid":{"rendered":"http:\/\/desireemartinphoto.com\/blog\/?p=1039"},"modified":"2011-08-09T10:07:33","modified_gmt":"2011-08-09T10:07:33","slug":"dias-de-moras","status":"publish","type":"post","link":"http:\/\/desireemartinphoto.com\/blog\/dias-de-moras\/","title":{"rendered":"D\u00edas de moras&#8230;"},"content":{"rendered":"<p>Reposo para el alma y el cuerpo en la isla de la Palma,una de las islas occidentales de mis islas Canarias.<\/p>\n<p>All\u00ed, en Las Tricias , en Buracas&#8230; los d\u00edas amanec\u00edan todos iguales .. perfectos &#8230;<\/p>\n<p>\u00c9ste no fue diferente &#8230; solo que esta vez decid\u00ed soltar el ordenador y la edici\u00f3n del reportaje que hab\u00eda ido a concluir y me dej\u00e9 llevar&#8230;<\/p>\n<p>&nbsp;<\/p>\n<p><img data-attachment-id=\"1040\" data-permalink=\"http:\/\/desireemartinphoto.com\/blog\/dias-de-moras\/dias-de-moras-fb-01\/\" data-orig-file=\"http:\/\/desireemartinphoto.com\/blog\/wp-content\/uploads\/2011\/08\/Dias-de-Moras-FB-01.jpg\" data-orig-size=\"550,174\" data-comments-opened=\"1\" data-image-meta=\"{&quot;aperture&quot;:&quot;5.6&quot;,&quot;credit&quot;:&quot;&quot;,&quot;camera&quot;:&quot;Canon EOS 5D Mark II&quot;,&quot;caption&quot;:&quot;&quot;,&quot;created_timestamp&quot;:&quot;1311706642&quot;,&quot;copyright&quot;:&quot;&quot;,&quot;focal_length&quot;:&quot;25&quot;,&quot;iso&quot;:&quot;100&quot;,&quot;shutter_speed&quot;:&quot;0.0025&quot;,&quot;title&quot;:&quot;&quot;}\" data-image-title=\"Dias-de-Moras-FB-01\" data-image-description=\"\" data-medium-file=\"http:\/\/desireemartinphoto.com\/blog\/wp-content\/uploads\/2011\/08\/Dias-de-Moras-FB-01-300x94.jpg\" data-large-file=\"http:\/\/desireemartinphoto.com\/blog\/wp-content\/uploads\/2011\/08\/Dias-de-Moras-FB-01.jpg\" loading=\"lazy\" class=\"alignnone size-full wp-image-1040\" src=\"http:\/\/desireemartinphoto.com\/blog\/wp-content\/uploads\/2011\/08\/Dias-de-Moras-FB-01.jpg\" alt=\"\" width=\"550\" height=\"174\" srcset=\"http:\/\/desireemartinphoto.com\/blog\/wp-content\/uploads\/2011\/08\/Dias-de-Moras-FB-01.jpg 550w, http:\/\/desireemartinphoto.com\/blog\/wp-content\/uploads\/2011\/08\/Dias-de-Moras-FB-01-300x94.jpg 300w\" sizes=\"(max-width: 550px) 100vw, 550px\" \/><\/p>\n<p>&nbsp;<\/p>\n<p>Briestas , la cumbre &#8230;en un paseo por ella , Kelly me ense\u00f1\u00f3 esto:\u00a0\u00a0 O_O<\/p>\n<p>Un petroglifo de los abor\u00edgenes de la islas, los\u00a0 &#8220;benauritas&#8221;.<\/p>\n<p><img data-attachment-id=\"1041\" data-permalink=\"http:\/\/desireemartinphoto.com\/blog\/dias-de-moras\/dias-de-moras-fb-02jpg\/\" data-orig-file=\"http:\/\/desireemartinphoto.com\/blog\/wp-content\/uploads\/2011\/08\/Dias-de-Moras-FB-02jpg.jpg\" data-orig-size=\"519,550\" data-comments-opened=\"1\" data-image-meta=\"{&quot;aperture&quot;:&quot;5.6&quot;,&quot;credit&quot;:&quot;&quot;,&quot;camera&quot;:&quot;Canon EOS 5D Mark II&quot;,&quot;caption&quot;:&quot;&quot;,&quot;created_timestamp&quot;:&quot;1311706828&quot;,&quot;copyright&quot;:&quot;&quot;,&quot;focal_length&quot;:&quot;35&quot;,&quot;iso&quot;:&quot;100&quot;,&quot;shutter_speed&quot;:&quot;0.033333333333333&quot;,&quot;title&quot;:&quot;&quot;}\" data-image-title=\"Dias-de-Moras-FB-02jpg\" data-image-description=\"\" data-medium-file=\"http:\/\/desireemartinphoto.com\/blog\/wp-content\/uploads\/2011\/08\/Dias-de-Moras-FB-02jpg-283x300.jpg\" data-large-file=\"http:\/\/desireemartinphoto.com\/blog\/wp-content\/uploads\/2011\/08\/Dias-de-Moras-FB-02jpg.jpg\" loading=\"lazy\" class=\"alignnone size-full wp-image-1041\" src=\"http:\/\/desireemartinphoto.com\/blog\/wp-content\/uploads\/2011\/08\/Dias-de-Moras-FB-02jpg.jpg\" alt=\"\" width=\"519\" height=\"550\" srcset=\"http:\/\/desireemartinphoto.com\/blog\/wp-content\/uploads\/2011\/08\/Dias-de-Moras-FB-02jpg.jpg 519w, http:\/\/desireemartinphoto.com\/blog\/wp-content\/uploads\/2011\/08\/Dias-de-Moras-FB-02jpg-283x300.jpg 283w\" sizes=\"(max-width: 519px) 100vw, 519px\" \/><\/p>\n<p>Pero el d\u00eda acababa de comenzar&#8230; y con este d\u00eda al otro lado de la vetana ..qui\u00e9n aguanta en la casa&#8230; editando &#8230;ese d\u00eda, yo , no!!<\/p>\n<p><img data-attachment-id=\"1042\" data-permalink=\"http:\/\/desireemartinphoto.com\/blog\/dias-de-moras\/dias-de-moras-fb-03\/\" data-orig-file=\"http:\/\/desireemartinphoto.com\/blog\/wp-content\/uploads\/2011\/08\/Dias-de-Moras-FB-03.jpg\" data-orig-size=\"550,367\" data-comments-opened=\"1\" data-image-meta=\"{&quot;aperture&quot;:&quot;5.6&quot;,&quot;credit&quot;:&quot;&quot;,&quot;camera&quot;:&quot;Canon EOS 5D Mark II&quot;,&quot;caption&quot;:&quot;&quot;,&quot;created_timestamp&quot;:&quot;1311333991&quot;,&quot;copyright&quot;:&quot;&quot;,&quot;focal_length&quot;:&quot;16&quot;,&quot;iso&quot;:&quot;100&quot;,&quot;shutter_speed&quot;:&quot;0.0015625&quot;,&quot;title&quot;:&quot;&quot;}\" data-image-title=\"Dias-de-Moras-FB-03\" data-image-description=\"\" data-medium-file=\"http:\/\/desireemartinphoto.com\/blog\/wp-content\/uploads\/2011\/08\/Dias-de-Moras-FB-03-300x200.jpg\" data-large-file=\"http:\/\/desireemartinphoto.com\/blog\/wp-content\/uploads\/2011\/08\/Dias-de-Moras-FB-03.jpg\" loading=\"lazy\" class=\"alignnone size-full wp-image-1042\" src=\"http:\/\/desireemartinphoto.com\/blog\/wp-content\/uploads\/2011\/08\/Dias-de-Moras-FB-03.jpg\" alt=\"\" width=\"550\" height=\"367\" srcset=\"http:\/\/desireemartinphoto.com\/blog\/wp-content\/uploads\/2011\/08\/Dias-de-Moras-FB-03.jpg 550w, http:\/\/desireemartinphoto.com\/blog\/wp-content\/uploads\/2011\/08\/Dias-de-Moras-FB-03-300x200.jpg 300w\" sizes=\"(max-width: 550px) 100vw, 550px\" \/><\/p>\n<p><img data-attachment-id=\"1043\" data-permalink=\"http:\/\/desireemartinphoto.com\/blog\/dias-de-moras\/dias-de-moras-fb-04\/\" data-orig-file=\"http:\/\/desireemartinphoto.com\/blog\/wp-content\/uploads\/2011\/08\/Dias-de-Moras-FB-04.jpg\" data-orig-size=\"550,367\" data-comments-opened=\"1\" data-image-meta=\"{&quot;aperture&quot;:&quot;5.6&quot;,&quot;credit&quot;:&quot;&quot;,&quot;camera&quot;:&quot;Canon EOS 5D Mark II&quot;,&quot;caption&quot;:&quot;&quot;,&quot;created_timestamp&quot;:&quot;1311264102&quot;,&quot;copyright&quot;:&quot;&quot;,&quot;focal_length&quot;:&quot;16&quot;,&quot;iso&quot;:&quot;1250&quot;,&quot;shutter_speed&quot;:&quot;0.0003125&quot;,&quot;title&quot;:&quot;&quot;}\" data-image-title=\"Dias-de-Moras-FB-04\" data-image-description=\"\" data-medium-file=\"http:\/\/desireemartinphoto.com\/blog\/wp-content\/uploads\/2011\/08\/Dias-de-Moras-FB-04-300x200.jpg\" data-large-file=\"http:\/\/desireemartinphoto.com\/blog\/wp-content\/uploads\/2011\/08\/Dias-de-Moras-FB-04.jpg\" loading=\"lazy\" class=\"alignnone size-full wp-image-1043\" src=\"http:\/\/desireemartinphoto.com\/blog\/wp-content\/uploads\/2011\/08\/Dias-de-Moras-FB-04.jpg\" alt=\"\" width=\"550\" height=\"367\" srcset=\"http:\/\/desireemartinphoto.com\/blog\/wp-content\/uploads\/2011\/08\/Dias-de-Moras-FB-04.jpg 550w, http:\/\/desireemartinphoto.com\/blog\/wp-content\/uploads\/2011\/08\/Dias-de-Moras-FB-04-300x200.jpg 300w\" sizes=\"(max-width: 550px) 100vw, 550px\" \/><\/p>\n<p>..en la cocina ..desayuno ..\u00a0 \u00a1 en esos platos no\u00a0 !! ..y salgo a por moras..\u00a0\u00a0 .. \u00bfhabr\u00e1n?..<\/p>\n<p><img data-attachment-id=\"1045\" data-permalink=\"http:\/\/desireemartinphoto.com\/blog\/dias-de-moras\/dias-de-moras-fb-05-2\/\" data-orig-file=\"http:\/\/desireemartinphoto.com\/blog\/wp-content\/uploads\/2011\/08\/Dias-de-Moras-FB-051.jpg\" data-orig-size=\"550,489\" data-comments-opened=\"1\" data-image-meta=\"{&quot;aperture&quot;:&quot;5.6&quot;,&quot;credit&quot;:&quot;&quot;,&quot;camera&quot;:&quot;Canon EOS 5D Mark II&quot;,&quot;caption&quot;:&quot;&quot;,&quot;created_timestamp&quot;:&quot;1311257852&quot;,&quot;copyright&quot;:&quot;&quot;,&quot;focal_length&quot;:&quot;35&quot;,&quot;iso&quot;:&quot;100&quot;,&quot;shutter_speed&quot;:&quot;0.05&quot;,&quot;title&quot;:&quot;&quot;}\" data-image-title=\"Dias-de-Moras-FB-051\" data-image-description=\"\" data-medium-file=\"http:\/\/desireemartinphoto.com\/blog\/wp-content\/uploads\/2011\/08\/Dias-de-Moras-FB-051-300x266.jpg\" data-large-file=\"http:\/\/desireemartinphoto.com\/blog\/wp-content\/uploads\/2011\/08\/Dias-de-Moras-FB-051.jpg\" loading=\"lazy\" class=\"alignnone size-full wp-image-1045\" src=\"http:\/\/desireemartinphoto.com\/blog\/wp-content\/uploads\/2011\/08\/Dias-de-Moras-FB-051.jpg\" alt=\"\" width=\"550\" height=\"489\" srcset=\"http:\/\/desireemartinphoto.com\/blog\/wp-content\/uploads\/2011\/08\/Dias-de-Moras-FB-051.jpg 550w, http:\/\/desireemartinphoto.com\/blog\/wp-content\/uploads\/2011\/08\/Dias-de-Moras-FB-051-300x266.jpg 300w\" sizes=\"(max-width: 550px) 100vw, 550px\" \/><\/p>\n<p><img data-attachment-id=\"1046\" data-permalink=\"http:\/\/desireemartinphoto.com\/blog\/dias-de-moras\/dias-de-moras-fb-06\/\" data-orig-file=\"http:\/\/desireemartinphoto.com\/blog\/wp-content\/uploads\/2011\/08\/Dias-de-Moras-FB-06.jpg\" data-orig-size=\"550,367\" data-comments-opened=\"1\" data-image-meta=\"{&quot;aperture&quot;:&quot;6.3&quot;,&quot;credit&quot;:&quot;&quot;,&quot;camera&quot;:&quot;Canon EOS 5D Mark II&quot;,&quot;caption&quot;:&quot;&quot;,&quot;created_timestamp&quot;:&quot;1311340634&quot;,&quot;copyright&quot;:&quot;&quot;,&quot;focal_length&quot;:&quot;16&quot;,&quot;iso&quot;:&quot;1250&quot;,&quot;shutter_speed&quot;:&quot;0.016666666666667&quot;,&quot;title&quot;:&quot;&quot;}\" data-image-title=\"Dias-de-Moras-FB-06\" data-image-description=\"\" data-medium-file=\"http:\/\/desireemartinphoto.com\/blog\/wp-content\/uploads\/2011\/08\/Dias-de-Moras-FB-06-300x200.jpg\" data-large-file=\"http:\/\/desireemartinphoto.com\/blog\/wp-content\/uploads\/2011\/08\/Dias-de-Moras-FB-06.jpg\" loading=\"lazy\" class=\"alignnone size-full wp-image-1046\" src=\"http:\/\/desireemartinphoto.com\/blog\/wp-content\/uploads\/2011\/08\/Dias-de-Moras-FB-06.jpg\" alt=\"\" width=\"550\" height=\"367\" srcset=\"http:\/\/desireemartinphoto.com\/blog\/wp-content\/uploads\/2011\/08\/Dias-de-Moras-FB-06.jpg 550w, http:\/\/desireemartinphoto.com\/blog\/wp-content\/uploads\/2011\/08\/Dias-de-Moras-FB-06-300x200.jpg 300w\" sizes=\"(max-width: 550px) 100vw, 550px\" \/><\/p>\n<p>Siiiiiiiiii!!\u00a0 .. mmmmmmmmmMMM\u00a0\u00a0\u00a0 &#8230; mermerada de moras!!<\/p>\n<p><img data-attachment-id=\"1047\" data-permalink=\"http:\/\/desireemartinphoto.com\/blog\/dias-de-moras\/dias-de-moras-fb-07\/\" data-orig-file=\"http:\/\/desireemartinphoto.com\/blog\/wp-content\/uploads\/2011\/08\/Dias-de-Moras-FB-07.jpg\" data-orig-size=\"500,333\" data-comments-opened=\"1\" data-image-meta=\"{&quot;aperture&quot;:&quot;5.6&quot;,&quot;credit&quot;:&quot;&quot;,&quot;camera&quot;:&quot;Canon EOS 5D Mark II&quot;,&quot;caption&quot;:&quot;&quot;,&quot;created_timestamp&quot;:&quot;1311342452&quot;,&quot;copyright&quot;:&quot;&quot;,&quot;focal_length&quot;:&quot;16&quot;,&quot;iso&quot;:&quot;2000&quot;,&quot;shutter_speed&quot;:&quot;0.04&quot;,&quot;title&quot;:&quot;&quot;}\" data-image-title=\"Dias-de-Moras-FB-07\" data-image-description=\"\" data-medium-file=\"http:\/\/desireemartinphoto.com\/blog\/wp-content\/uploads\/2011\/08\/Dias-de-Moras-FB-07-300x199.jpg\" data-large-file=\"http:\/\/desireemartinphoto.com\/blog\/wp-content\/uploads\/2011\/08\/Dias-de-Moras-FB-07.jpg\" loading=\"lazy\" class=\"alignnone size-full wp-image-1047\" src=\"http:\/\/desireemartinphoto.com\/blog\/wp-content\/uploads\/2011\/08\/Dias-de-Moras-FB-07.jpg\" alt=\"\" width=\"500\" height=\"333\" srcset=\"http:\/\/desireemartinphoto.com\/blog\/wp-content\/uploads\/2011\/08\/Dias-de-Moras-FB-07.jpg 500w, http:\/\/desireemartinphoto.com\/blog\/wp-content\/uploads\/2011\/08\/Dias-de-Moras-FB-07-300x199.jpg 300w\" sizes=\"(max-width: 500px) 100vw, 500px\" \/><\/p>\n<p><img data-attachment-id=\"1048\" data-permalink=\"http:\/\/desireemartinphoto.com\/blog\/dias-de-moras\/dias-de-moras-fb-07-b\/\" data-orig-file=\"http:\/\/desireemartinphoto.com\/blog\/wp-content\/uploads\/2011\/08\/Dias-de-Moras-FB-07-B.jpg\" data-orig-size=\"545,550\" data-comments-opened=\"1\" data-image-meta=\"{&quot;aperture&quot;:&quot;5.6&quot;,&quot;credit&quot;:&quot;&quot;,&quot;camera&quot;:&quot;Canon EOS 5D Mark II&quot;,&quot;caption&quot;:&quot;&quot;,&quot;created_timestamp&quot;:&quot;1311341933&quot;,&quot;copyright&quot;:&quot;&quot;,&quot;focal_length&quot;:&quot;35&quot;,&quot;iso&quot;:&quot;1250&quot;,&quot;shutter_speed&quot;:&quot;0.016666666666667&quot;,&quot;title&quot;:&quot;&quot;}\" data-image-title=\"Dias-de-Moras-FB-07-B\" data-image-description=\"\" data-medium-file=\"http:\/\/desireemartinphoto.com\/blog\/wp-content\/uploads\/2011\/08\/Dias-de-Moras-FB-07-B-297x300.jpg\" data-large-file=\"http:\/\/desireemartinphoto.com\/blog\/wp-content\/uploads\/2011\/08\/Dias-de-Moras-FB-07-B.jpg\" loading=\"lazy\" class=\"alignnone size-full wp-image-1048\" src=\"http:\/\/desireemartinphoto.com\/blog\/wp-content\/uploads\/2011\/08\/Dias-de-Moras-FB-07-B.jpg\" alt=\"\" width=\"545\" height=\"550\" srcset=\"http:\/\/desireemartinphoto.com\/blog\/wp-content\/uploads\/2011\/08\/Dias-de-Moras-FB-07-B.jpg 545w, http:\/\/desireemartinphoto.com\/blog\/wp-content\/uploads\/2011\/08\/Dias-de-Moras-FB-07-B-150x150.jpg 150w, http:\/\/desireemartinphoto.com\/blog\/wp-content\/uploads\/2011\/08\/Dias-de-Moras-FB-07-B-297x300.jpg 297w\" sizes=\"(max-width: 545px) 100vw, 545px\" \/><\/p>\n<p>\u00a1\u00a1 Barrilito !!!\u00a0\u00a0 &#8211; \u00a1\u00a1 C\u00f3mo salpique , te quemas , arranca de aqu\u00ed !!<\/p>\n<p><img data-attachment-id=\"1049\" data-permalink=\"http:\/\/desireemartinphoto.com\/blog\/dias-de-moras\/dias-de-moras-fb-08\/\" data-orig-file=\"http:\/\/desireemartinphoto.com\/blog\/wp-content\/uploads\/2011\/08\/Dias-de-Moras-FB-08.jpg\" data-orig-size=\"550,379\" data-comments-opened=\"1\" data-image-meta=\"{&quot;aperture&quot;:&quot;5.6&quot;,&quot;credit&quot;:&quot;&quot;,&quot;camera&quot;:&quot;Canon EOS 5D Mark II&quot;,&quot;caption&quot;:&quot;&quot;,&quot;created_timestamp&quot;:&quot;1311416146&quot;,&quot;copyright&quot;:&quot;&quot;,&quot;focal_length&quot;:&quot;29&quot;,&quot;iso&quot;:&quot;1250&quot;,&quot;shutter_speed&quot;:&quot;0.066666666666667&quot;,&quot;title&quot;:&quot;&quot;}\" data-image-title=\"Dias-de-Moras-FB-08\" data-image-description=\"\" data-medium-file=\"http:\/\/desireemartinphoto.com\/blog\/wp-content\/uploads\/2011\/08\/Dias-de-Moras-FB-08-300x206.jpg\" data-large-file=\"http:\/\/desireemartinphoto.com\/blog\/wp-content\/uploads\/2011\/08\/Dias-de-Moras-FB-08.jpg\" loading=\"lazy\" class=\"alignnone size-full wp-image-1049\" src=\"http:\/\/desireemartinphoto.com\/blog\/wp-content\/uploads\/2011\/08\/Dias-de-Moras-FB-08.jpg\" alt=\"\" width=\"550\" height=\"379\" srcset=\"http:\/\/desireemartinphoto.com\/blog\/wp-content\/uploads\/2011\/08\/Dias-de-Moras-FB-08.jpg 550w, http:\/\/desireemartinphoto.com\/blog\/wp-content\/uploads\/2011\/08\/Dias-de-Moras-FB-08-300x206.jpg 300w\" sizes=\"(max-width: 550px) 100vw, 550px\" \/><\/p>\n<p>Mientras, fuera, .. el d\u00eda tambi\u00e9n ol\u00eda bien , tambi\u00e9n, por segundos, se volv\u00eda p\u00farpura &#8230;<\/p>\n<p><img data-attachment-id=\"1050\" data-permalink=\"http:\/\/desireemartinphoto.com\/blog\/dias-de-moras\/dias-de-moras-fb-09\/\" data-orig-file=\"http:\/\/desireemartinphoto.com\/blog\/wp-content\/uploads\/2011\/08\/Dias-de-Moras-FB-09.jpg\" data-orig-size=\"367,550\" data-comments-opened=\"1\" data-image-meta=\"{&quot;aperture&quot;:&quot;7.1&quot;,&quot;credit&quot;:&quot;&quot;,&quot;camera&quot;:&quot;Canon EOS 5D Mark II&quot;,&quot;caption&quot;:&quot;&quot;,&quot;created_timestamp&quot;:&quot;1311277052&quot;,&quot;copyright&quot;:&quot;&quot;,&quot;focal_length&quot;:&quot;32&quot;,&quot;iso&quot;:&quot;200&quot;,&quot;shutter_speed&quot;:&quot;0.0008&quot;,&quot;title&quot;:&quot;&quot;}\" data-image-title=\"Dias-de-Moras-FB-09\" data-image-description=\"\" data-medium-file=\"http:\/\/desireemartinphoto.com\/blog\/wp-content\/uploads\/2011\/08\/Dias-de-Moras-FB-09-200x300.jpg\" data-large-file=\"http:\/\/desireemartinphoto.com\/blog\/wp-content\/uploads\/2011\/08\/Dias-de-Moras-FB-09.jpg\" loading=\"lazy\" class=\"alignnone size-full wp-image-1050\" src=\"http:\/\/desireemartinphoto.com\/blog\/wp-content\/uploads\/2011\/08\/Dias-de-Moras-FB-09.jpg\" alt=\"\" width=\"367\" height=\"550\" srcset=\"http:\/\/desireemartinphoto.com\/blog\/wp-content\/uploads\/2011\/08\/Dias-de-Moras-FB-09.jpg 367w, http:\/\/desireemartinphoto.com\/blog\/wp-content\/uploads\/2011\/08\/Dias-de-Moras-FB-09-200x300.jpg 200w\" sizes=\"(max-width: 367px) 100vw, 367px\" \/><\/p>\n<p><img data-attachment-id=\"1051\" data-permalink=\"http:\/\/desireemartinphoto.com\/blog\/dias-de-moras\/dias-de-moras-fb-10\/\" data-orig-file=\"http:\/\/desireemartinphoto.com\/blog\/wp-content\/uploads\/2011\/08\/Dias-de-Moras-FB-10.jpg\" data-orig-size=\"550,367\" data-comments-opened=\"1\" data-image-meta=\"{&quot;aperture&quot;:&quot;5.6&quot;,&quot;credit&quot;:&quot;&quot;,&quot;camera&quot;:&quot;Canon EOS 5D Mark II&quot;,&quot;caption&quot;:&quot;&quot;,&quot;created_timestamp&quot;:&quot;1311703009&quot;,&quot;copyright&quot;:&quot;&quot;,&quot;focal_length&quot;:&quot;16&quot;,&quot;iso&quot;:&quot;125&quot;,&quot;shutter_speed&quot;:&quot;0.0008&quot;,&quot;title&quot;:&quot;&quot;}\" data-image-title=\"Dias-de-Moras-FB-10\" data-image-description=\"\" data-medium-file=\"http:\/\/desireemartinphoto.com\/blog\/wp-content\/uploads\/2011\/08\/Dias-de-Moras-FB-10-300x200.jpg\" data-large-file=\"http:\/\/desireemartinphoto.com\/blog\/wp-content\/uploads\/2011\/08\/Dias-de-Moras-FB-10.jpg\" loading=\"lazy\" class=\"alignnone size-full wp-image-1051\" src=\"http:\/\/desireemartinphoto.com\/blog\/wp-content\/uploads\/2011\/08\/Dias-de-Moras-FB-10.jpg\" alt=\"\" width=\"550\" height=\"367\" srcset=\"http:\/\/desireemartinphoto.com\/blog\/wp-content\/uploads\/2011\/08\/Dias-de-Moras-FB-10.jpg 550w, http:\/\/desireemartinphoto.com\/blog\/wp-content\/uploads\/2011\/08\/Dias-de-Moras-FB-10-300x200.jpg 300w\" sizes=\"(max-width: 550px) 100vw, 550px\" \/><\/p>\n<p><img data-attachment-id=\"1053\" data-permalink=\"http:\/\/desireemartinphoto.com\/blog\/dias-de-moras\/dias-de-moras-fb-11-2\/\" data-orig-file=\"http:\/\/desireemartinphoto.com\/blog\/wp-content\/uploads\/2011\/08\/Dias-de-Moras-FB-111.jpg\" data-orig-size=\"550,306\" data-comments-opened=\"1\" data-image-meta=\"{&quot;aperture&quot;:&quot;5.6&quot;,&quot;credit&quot;:&quot;&quot;,&quot;camera&quot;:&quot;Canon EOS 5D Mark II&quot;,&quot;caption&quot;:&quot;&quot;,&quot;created_timestamp&quot;:&quot;1311277028&quot;,&quot;copyright&quot;:&quot;&quot;,&quot;focal_length&quot;:&quot;35&quot;,&quot;iso&quot;:&quot;500&quot;,&quot;shutter_speed&quot;:&quot;0.000125&quot;,&quot;title&quot;:&quot;&quot;}\" data-image-title=\"Dias-de-Moras-FB-111\" data-image-description=\"\" data-medium-file=\"http:\/\/desireemartinphoto.com\/blog\/wp-content\/uploads\/2011\/08\/Dias-de-Moras-FB-111-300x166.jpg\" data-large-file=\"http:\/\/desireemartinphoto.com\/blog\/wp-content\/uploads\/2011\/08\/Dias-de-Moras-FB-111.jpg\" loading=\"lazy\" class=\"alignnone size-full wp-image-1053\" src=\"http:\/\/desireemartinphoto.com\/blog\/wp-content\/uploads\/2011\/08\/Dias-de-Moras-FB-111.jpg\" alt=\"\" width=\"550\" height=\"306\" srcset=\"http:\/\/desireemartinphoto.com\/blog\/wp-content\/uploads\/2011\/08\/Dias-de-Moras-FB-111.jpg 550w, http:\/\/desireemartinphoto.com\/blog\/wp-content\/uploads\/2011\/08\/Dias-de-Moras-FB-111-300x166.jpg 300w\" sizes=\"(max-width: 550px) 100vw, 550px\" \/><\/p>\n<p>&#8230; d\u00edas de moras &#8230;<\/p>\n<p>&nbsp;<\/p>\n<p>&nbsp;<\/p>\n<div class=\"sharedaddy sd-sharing-enabled\"><div class=\"robots-nocontent sd-block sd-social sd-social-icon-text sd-sharing\"><h3 class=\"sd-title\">COMPARTE ESTO:<\/h3><div class=\"sd-content\"><ul><li class=\"share-facebook\"><a rel=\"nofollow noopener noreferrer\" data-shared=\"sharing-facebook-1039\" class=\"share-facebook sd-button share-icon\" href=\"http:\/\/desireemartinphoto.com\/blog\/dias-de-moras\/?share=facebook\" target=\"_blank\" title=\"Haz clic para compartir en Facebook\"><span>Facebook<\/span><\/a><\/li><li class=\"share-twitter\"><a rel=\"nofollow noopener noreferrer\" data-shared=\"sharing-twitter-1039\" class=\"share-twitter sd-button share-icon\" href=\"http:\/\/desireemartinphoto.com\/blog\/dias-de-moras\/?share=twitter\" target=\"_blank\" title=\"Haz clic para compartir en Twitter\"><span>Twitter<\/span><\/a><\/li><li class=\"share-email\"><a rel=\"nofollow noopener noreferrer\" data-shared=\"\" class=\"share-email sd-button share-icon\" href=\"http:\/\/desireemartinphoto.com\/blog\/dias-de-moras\/?share=email\" target=\"_blank\" title=\"Haz clic para enviar por correo electr\u00f3nico a un amigo\"><span>Correo electr\u00f3nico<\/span><\/a><\/li><li class=\"share-linkedin\"><a rel=\"nofollow noopener noreferrer\" data-shared=\"sharing-linkedin-1039\" class=\"share-linkedin sd-button share-icon\" href=\"http:\/\/desireemartinphoto.com\/blog\/dias-de-moras\/?share=linkedin\" target=\"_blank\" title=\"Haz clic para compartir en LinkedIn\"><span>LinkedIn<\/span><\/a><\/li><li class=\"share-tumblr\"><a rel=\"nofollow noopener noreferrer\" data-shared=\"\" class=\"share-tumblr sd-button share-icon\" href=\"http:\/\/desireemartinphoto.com\/blog\/dias-de-moras\/?share=tumblr\" target=\"_blank\" title=\"Haz clic para compartir en Tumblr\"><span>Tumblr<\/span><\/a><\/li><li class=\"share-end\"><\/li><\/ul><\/div><\/div><\/div>","protected":false},"excerpt":{"rendered":"<p>Reposo para el alma y el cuerpo en la isla de la Palma,una de las islas occidentales de mis islas Canarias. All\u00ed, en Las Tricias , en Buracas&#8230; los d\u00edas amanec\u00edan todos iguales .. perfectos &#8230; \u00c9ste no fue diferente &#8230; solo que esta vez decid\u00ed soltar el ordenador y la edici\u00f3n del reportaje que [&#038;hellip<\/p>\n<div class=\"sharedaddy sd-sharing-enabled\"><div class=\"robots-nocontent sd-block sd-social sd-social-icon-text sd-sharing\"><h3 class=\"sd-title\">COMPARTE ESTO:<\/h3><div class=\"sd-content\"><ul><li class=\"share-facebook\"><a rel=\"nofollow noopener noreferrer\" data-shared=\"sharing-facebook-1039\" class=\"share-facebook sd-button share-icon\" href=\"http:\/\/desireemartinphoto.com\/blog\/dias-de-moras\/?share=facebook\" target=\"_blank\" title=\"Haz clic para compartir en Facebook\"><span>Facebook<\/span><\/a><\/li><li class=\"share-twitter\"><a rel=\"nofollow noopener noreferrer\" data-shared=\"sharing-twitter-1039\" class=\"share-twitter sd-button share-icon\" href=\"http:\/\/desireemartinphoto.com\/blog\/dias-de-moras\/?share=twitter\" target=\"_blank\" title=\"Haz clic para compartir en Twitter\"><span>Twitter<\/span><\/a><\/li><li class=\"share-email\"><a rel=\"nofollow noopener noreferrer\" data-shared=\"\" class=\"share-email sd-button share-icon\" href=\"http:\/\/desireemartinphoto.com\/blog\/dias-de-moras\/?share=email\" target=\"_blank\" title=\"Haz clic para enviar por correo electr\u00f3nico a un amigo\"><span>Correo electr\u00f3nico<\/span><\/a><\/li><li class=\"share-linkedin\"><a rel=\"nofollow noopener noreferrer\" data-shared=\"sharing-linkedin-1039\" class=\"share-linkedin sd-button share-icon\" href=\"http:\/\/desireemartinphoto.com\/blog\/dias-de-moras\/?share=linkedin\" target=\"_blank\" title=\"Haz clic para compartir en LinkedIn\"><span>LinkedIn<\/span><\/a><\/li><li class=\"share-tumblr\"><a rel=\"nofollow noopener noreferrer\" data-shared=\"\" class=\"share-tumblr sd-button share-icon\" href=\"http:\/\/desireemartinphoto.com\/blog\/dias-de-moras\/?share=tumblr\" target=\"_blank\" title=\"Haz clic para compartir en Tumblr\"><span>Tumblr<\/span><\/a><\/li><li class=\"share-end\"><\/li><\/ul><\/div><\/div><\/div>","protected":false},"author":1,"featured_media":0,"comment_status":"open","ping_status":"open","sticky":false,"template":"","format":"standard","meta":{"spay_email":""},"categories":[1],"tags":[187,188,30,189,186],"jetpack_featured_media_url":"","jetpack_sharing_enabled":true,"_links":{"self":[{"href":"http:\/\/desireemartinphoto.com\/blog\/wp-json\/wp\/v2\/posts\/1039"}],"collection":[{"href":"http:\/\/desireemartinphoto.com\/blog\/wp-json\/wp\/v2\/posts"}],"about":[{"href":"http:\/\/desireemartinphoto.com\/blog\/wp-json\/wp\/v2\/types\/post"}],"author":[{"embeddable":true,"href":"http:\/\/desireemartinphoto.com\/blog\/wp-json\/wp\/v2\/users\/1"}],"replies":[{"embeddable":true,"href":"http:\/\/desireemartinphoto.com\/blog\/wp-json\/wp\/v2\/comments?post=1039"}],"version-history":[{"count":5,"href":"http:\/\/desireemartinphoto.com\/blog\/wp-json\/wp\/v2\/posts\/1039\/revisions"}],"predecessor-version":[{"id":1058,"href":"http:\/\/desireemartinphoto.com\/blog\/wp-json\/wp\/v2\/posts\/1039\/revisions\/1058"}],"wp:attachment":[{"href":"http:\/\/desireemartinphoto.com\/blog\/wp-json\/wp\/v2\/media?parent=1039"}],"wp:term":[{"taxonomy":"category","embeddable":true,"href":"http:\/\/desireemartinphoto.com\/blog\/wp-json\/wp\/v2\/categories?post=1039"},{"taxonomy":"post_tag","embeddable":true,"href":"http:\/\/desireemartinphoto.com\/blog\/wp-json\/wp\/v2\/tags?post=1039"}],"curies":[{"name":"wp","href":"https:\/\/api.w.org\/{rel}","templated":true}]}}